{"id":7606,"date":"2026-04-08T06:56:28","date_gmt":"2026-04-08T06:56:28","guid":{"rendered":"https:\/\/www.tercanbolgehaber.com\/?p=7606"},"modified":"2026-04-08T06:57:01","modified_gmt":"2026-04-08T06:57:01","slug":"refahiyede-korkutan-kaza-2ki-agir-6-yarali","status":"publish","type":"post","link":"https:\/\/www.tercanbolgehaber.com\/index.php\/2026\/04\/08\/refahiyede-korkutan-kaza-2ki-agir-6-yarali\/","title":{"rendered":"REFAH\u0130YE\u2019DE KORKUTAN KAZA\u00a0\u00a0 2\u2019K\u0130 A\u011eIR 6\u00a0 YARALI"},"content":{"rendered":"\n<p class=\"has-blush-bordeaux-gradient-background has-background\">ERZ\u0130NCAN-REFAH\u0130YE KARA YOLUNDA OTOMOB\u0130L \u015eARAMPOLE DEVR\u0130LD\u0130. KAZADA 2\u2019S\u0130 A\u011eIR 6 K\u0130\u015e\u0130 YARALANDI. YARALILAR HASTANEYE KALDIRILDI, \u0130NCELEME BA\u015eLATILDI.<\/p>\n\n\n\n<p>Erzincan-Refahiye kara yolunda meydana gelen trafik kazas\u0131nda 2\u2019si a\u011f\u0131r olmak \u00fczere toplam 6 ki\u015fi yaraland\u0131. K\u00f6ro\u011flu Deresi mevkiinde ya\u015fanan kazan\u0131n ard\u0131ndan b\u00f6lgeye sa\u011fl\u0131k ve g\u00fcvenlik ekipleri sevk edilirken, yaral\u0131lar hastaneye kald\u0131r\u0131larak tedavi alt\u0131na al\u0131nd\u0131.<\/p>\n\n\n\n<p>Kaza, Erzincan-Refahiye kara yolu K\u00f6ro\u011flu Deresi mevkiinde meydana geldi. Edinilen bilgilere g\u00f6re, seyir halindeki 06 EE 898 plakal\u0131 otomobil s\u00fcr\u00fcc\u00fcs\u00fcn\u00fcn direksiyon hakimiyetini kaybetmesi sonucu kontrolden \u00e7\u0131karak \u015farampole devrildi.<\/p>\n\n\n\n<p>Kazan\u0131n etkisiyle ara\u00e7ta bulunan yolcular yaralan\u0131rken olay yerine k\u0131sa s\u00fcrede \u00e7ok say\u0131da ekip sevk edildi.<\/p>\n\n\n\n<p>Meydana gelen kazada ara\u00e7ta bulunan Y.Z., \u00d6.B., M.Z. ve B.Z. hafif yaralan\u0131rken, S.B. ile D.B.\u2019nin a\u011f\u0131r yaraland\u0131\u011f\u0131 \u00f6\u011frenildi. Yaral\u0131lar\u0131n sa\u011fl\u0131k durumlar\u0131n\u0131n yak\u0131ndan takip edildi\u011fi bildirildi.<\/p>\n\n\n\n<p>Kazan\u0131n ard\u0131ndan \u00e7evrede bulunan vatanda\u015flar\u0131n ihbar\u0131 \u00fczerine olay yerine sa\u011fl\u0131k ekipleri, jandarma ve polis ekipleri sevk edildi.<\/p>\n\n\n\n<p>Yaral\u0131lar Erzincan Meng\u00fccek Gazi E\u011fitim ve Ara\u015ft\u0131rma Hastanesi\u2019ne kald\u0131r\u0131ld\u0131<\/p>\n\n\n\n<p>Olay yerinde sa\u011fl\u0131k ekipleri taraf\u0131ndan yap\u0131lan ilk m\u00fcdahalenin ard\u0131ndan yaral\u0131lar ambulanslarla Erzincan Meng\u00fccek Gazi E\u011fitim ve Ara\u015ft\u0131rma Hastanesi\u2019ne kald\u0131r\u0131larak tedavi alt\u0131na al\u0131nd\u0131.<\/p>\n\n\n\n<p>Erzincan trafik kazas\u0131 sonras\u0131 inceleme ba\u015flat\u0131ld\u0131<\/p>\n","protected":false},"excerpt":{"rendered":"<p>ERZ\u0130NCAN-REFAH\u0130YE KARA YOLUNDA OTOMOB\u0130L \u015eARAMPOLE DEVR\u0130LD\u0130. KAZADA 2\u2019S\u0130 A\u011eIR 6 K\u0130\u015e\u0130 YARALANDI. YARALILAR HASTANEYE KALDIRILDI, \u0130NCELEME BA\u015eLATILDI. Erzincan-Refahiye kara yolunda meydana gelen trafik kazas\u0131nda 2\u2019si a\u011f\u0131r olmak \u00fczere toplam 6 ki\u015fi yaraland\u0131. K\u00f6ro\u011flu Deresi mevkiinde ya\u015fanan kazan\u0131n ard\u0131ndan b\u00f6lgeye sa\u011fl\u0131k ve g\u00fcvenlik ekipleri sevk edilirken, yaral\u0131lar hastaneye kald\u0131r\u0131larak tedavi alt\u0131na al\u0131nd\u0131. Kaza, Erzincan-Refahiye kara yolu [&hellip;]<\/p>\n","protected":false},"author":2,"featured_media":7607,"comment_status":"closed","ping_status":"open","sticky":false,"template":"","format":"standard","meta":{"footnotes":""},"categories":[35],"tags":[],"class_list":{"0":"post-7606","1":"post","2":"type-post","3":"status-publish","4":"format-standard","5":"has-post-thumbnail","7":"category-manset"},"yoast_head":"<!-- This site is optimized with the Yoast SEO plugin v27.2 - https:\/\/yoast.com\/product\/yoast-seo-wordpress\/ -->\n<title>REFAH\u0130YE\u2019DE KORKUTAN KAZA\u00a0\u00a0 2\u2019K\u0130 A\u011eIR 6\u00a0 YARALI - TERCAN B&Ouml;LGE HABER<\/title>\n<meta name=\"robots\" content=\"index, follow, max-snippet:-1, max-image-preview:large, max-video-preview:-1\" \/>\n<link rel=\"canonical\" href=\"https:\/\/www.tercanbolgehaber.com\/index.php\/2026\/04\/08\/refahiyede-korkutan-kaza-2ki-agir-6-yarali\/\" \/>\n<meta property=\"og:locale\" content=\"tr_TR\" \/>\n<meta property=\"og:type\" content=\"article\" \/>\n<meta property=\"og:title\" content=\"REFAH\u0130YE\u2019DE KORKUTAN KAZA\u00a0\u00a0 2\u2019K\u0130 A\u011eIR 6\u00a0 YARALI - TERCAN B&Ouml;LGE HABER\" \/>\n<meta property=\"og:description\" content=\"ERZ\u0130NCAN-REFAH\u0130YE KARA YOLUNDA OTOMOB\u0130L \u015eARAMPOLE DEVR\u0130LD\u0130. KAZADA 2\u2019S\u0130 A\u011eIR 6 K\u0130\u015e\u0130 YARALANDI. YARALILAR HASTANEYE KALDIRILDI, \u0130NCELEME BA\u015eLATILDI. Erzincan-Refahiye kara yolunda meydana gelen trafik kazas\u0131nda 2\u2019si a\u011f\u0131r olmak \u00fczere toplam 6 ki\u015fi yaraland\u0131. K\u00f6ro\u011flu Deresi mevkiinde ya\u015fanan kazan\u0131n ard\u0131ndan b\u00f6lgeye sa\u011fl\u0131k ve g\u00fcvenlik ekipleri sevk edilirken, yaral\u0131lar hastaneye kald\u0131r\u0131larak tedavi alt\u0131na al\u0131nd\u0131. Kaza, Erzincan-Refahiye kara yolu [&hellip;]\" \/>\n<meta property=\"og:url\" content=\"https:\/\/www.tercanbolgehaber.com\/index.php\/2026\/04\/08\/refahiyede-korkutan-kaza-2ki-agir-6-yarali\/\" \/>\n<meta property=\"og:site_name\" content=\"TERCAN B&Ouml;LGE HABER\" \/>\n<meta property=\"article:published_time\" content=\"2026-04-08T06:56:28+00:00\" \/>\n<meta property=\"article:modified_time\" content=\"2026-04-08T06:57:01+00:00\" \/>\n<meta property=\"og:image\" content=\"http:\/\/www.tercanbolgehaber.com\/wp-content\/uploads\/2026\/04\/images-3.jpg\" \/>\n\t<meta property=\"og:image:width\" content=\"304\" \/>\n\t<meta property=\"og:image:height\" content=\"166\" \/>\n\t<meta property=\"og:image:type\" content=\"image\/jpeg\" \/>\n<meta name=\"author\" content=\"Haydar Co\u015fkunf\u0131rat\" \/>\n<meta name=\"twitter:card\" content=\"summary_large_image\" \/>\n<meta name=\"twitter:label1\" content=\"Yazan:\" \/>\n\t<meta name=\"twitter:data1\" content=\"Haydar Co\u015fkunf\u0131rat\" \/>\n\t<meta name=\"twitter:label2\" content=\"Tahmini okuma s\u00fcresi\" \/>\n\t<meta name=\"twitter:data2\" content=\"1 dakika\" \/>\n<script type=\"application\/ld+json\" class=\"yoast-schema-graph\">{\"@context\":\"https:\/\/schema.org\",\"@graph\":[{\"@type\":\"Article\",\"@id\":\"https:\/\/www.tercanbolgehaber.com\/index.php\/2026\/04\/08\/refahiyede-korkutan-kaza-2ki-agir-6-yarali\/#article\",\"isPartOf\":{\"@id\":\"https:\/\/www.tercanbolgehaber.com\/index.php\/2026\/04\/08\/refahiyede-korkutan-kaza-2ki-agir-6-yarali\/\"},\"author\":{\"name\":\"Haydar Co\u015fkunf\u0131rat\",\"@id\":\"https:\/\/www.tercanbolgehaber.com\/#\/schema\/person\/588559f88c7997eaeefe12a53785fb5e\"},\"headline\":\"REFAH\u0130YE\u2019DE KORKUTAN KAZA\u00a0\u00a0 2\u2019K\u0130 A\u011eIR 6\u00a0 YARALI\",\"datePublished\":\"2026-04-08T06:56:28+00:00\",\"dateModified\":\"2026-04-08T06:57:01+00:00\",\"mainEntityOfPage\":{\"@id\":\"https:\/\/www.tercanbolgehaber.com\/index.php\/2026\/04\/08\/refahiyede-korkutan-kaza-2ki-agir-6-yarali\/\"},\"wordCount\":264,\"publisher\":{\"@id\":\"https:\/\/www.tercanbolgehaber.com\/#organization\"},\"image\":{\"@id\":\"https:\/\/www.tercanbolgehaber.com\/index.php\/2026\/04\/08\/refahiyede-korkutan-kaza-2ki-agir-6-yarali\/#primaryimage\"},\"thumbnailUrl\":\"https:\/\/www.tercanbolgehaber.com\/wp-content\/uploads\/2026\/04\/images-3.jpg\",\"articleSection\":[\"Man\u015fet\"],\"inLanguage\":\"tr\"},{\"@type\":\"WebPage\",\"@id\":\"https:\/\/www.tercanbolgehaber.com\/index.php\/2026\/04\/08\/refahiyede-korkutan-kaza-2ki-agir-6-yarali\/\",\"url\":\"https:\/\/www.tercanbolgehaber.com\/index.php\/2026\/04\/08\/refahiyede-korkutan-kaza-2ki-agir-6-yarali\/\",\"name\":\"REFAH\u0130YE\u2019DE KORKUTAN KAZA\u00a0\u00a0 2\u2019K\u0130 A\u011eIR 6\u00a0 YARALI - TERCAN B&Ouml;LGE HABER\",\"isPartOf\":{\"@id\":\"https:\/\/www.tercanbolgehaber.com\/#website\"},\"primaryImageOfPage\":{\"@id\":\"https:\/\/www.tercanbolgehaber.com\/index.php\/2026\/04\/08\/refahiyede-korkutan-kaza-2ki-agir-6-yarali\/#primaryimage\"},\"image\":{\"@id\":\"https:\/\/www.tercanbolgehaber.com\/index.php\/2026\/04\/08\/refahiyede-korkutan-kaza-2ki-agir-6-yarali\/#primaryimage\"},\"thumbnailUrl\":\"https:\/\/www.tercanbolgehaber.com\/wp-content\/uploads\/2026\/04\/images-3.jpg\",\"datePublished\":\"2026-04-08T06:56:28+00:00\",\"dateModified\":\"2026-04-08T06:57:01+00:00\",\"breadcrumb\":{\"@id\":\"https:\/\/www.tercanbolgehaber.com\/index.php\/2026\/04\/08\/refahiyede-korkutan-kaza-2ki-agir-6-yarali\/#breadcrumb\"},\"inLanguage\":\"tr\",\"potentialAction\":[{\"@type\":\"ReadAction\",\"target\":[\"https:\/\/www.tercanbolgehaber.com\/index.php\/2026\/04\/08\/refahiyede-korkutan-kaza-2ki-agir-6-yarali\/\"]}]},{\"@type\":\"ImageObject\",\"inLanguage\":\"tr\",\"@id\":\"https:\/\/www.tercanbolgehaber.com\/index.php\/2026\/04\/08\/refahiyede-korkutan-kaza-2ki-agir-6-yarali\/#primaryimage\",\"url\":\"https:\/\/www.tercanbolgehaber.com\/wp-content\/uploads\/2026\/04\/images-3.jpg\",\"contentUrl\":\"https:\/\/www.tercanbolgehaber.com\/wp-content\/uploads\/2026\/04\/images-3.jpg\",\"width\":304,\"height\":166},{\"@type\":\"BreadcrumbList\",\"@id\":\"https:\/\/www.tercanbolgehaber.com\/index.php\/2026\/04\/08\/refahiyede-korkutan-kaza-2ki-agir-6-yarali\/#breadcrumb\",\"itemListElement\":[{\"@type\":\"ListItem\",\"position\":1,\"name\":\"Anasayfa\",\"item\":\"https:\/\/www.tercanbolgehaber.com\/\"},{\"@type\":\"ListItem\",\"position\":2,\"name\":\"REFAH\u0130YE\u2019DE KORKUTAN KAZA\u00a0\u00a0 2\u2019K\u0130 A\u011eIR 6\u00a0 YARALI\"}]},{\"@type\":\"WebSite\",\"@id\":\"https:\/\/www.tercanbolgehaber.com\/#website\",\"url\":\"https:\/\/www.tercanbolgehaber.com\/\",\"name\":\"TERCAN B&Ouml;LGE HABER\",\"description\":\"HALK'IN HABER PORTALI\",\"publisher\":{\"@id\":\"https:\/\/www.tercanbolgehaber.com\/#organization\"},\"potentialAction\":[{\"@type\":\"SearchAction\",\"target\":{\"@type\":\"EntryPoint\",\"urlTemplate\":\"https:\/\/www.tercanbolgehaber.com\/?s={search_term_string}\"},\"query-input\":{\"@type\":\"PropertyValueSpecification\",\"valueRequired\":true,\"valueName\":\"search_term_string\"}}],\"inLanguage\":\"tr\"},{\"@type\":\"Organization\",\"@id\":\"https:\/\/www.tercanbolgehaber.com\/#organization\",\"name\":\"Tercan B\u00f6lge Haber\",\"url\":\"https:\/\/www.tercanbolgehaber.com\/\",\"logo\":{\"@type\":\"ImageObject\",\"inLanguage\":\"tr\",\"@id\":\"https:\/\/www.tercanbolgehaber.com\/#\/schema\/logo\/image\/\",\"url\":\"http:\/\/www.tercanbolgehaber.com\/wp-content\/uploads\/2022\/04\/logo_yeni.png\",\"contentUrl\":\"http:\/\/www.tercanbolgehaber.com\/wp-content\/uploads\/2022\/04\/logo_yeni.png\",\"width\":250,\"height\":123,\"caption\":\"Tercan B\u00f6lge Haber\"},\"image\":{\"@id\":\"https:\/\/www.tercanbolgehaber.com\/#\/schema\/logo\/image\/\"}},{\"@type\":\"Person\",\"@id\":\"https:\/\/www.tercanbolgehaber.com\/#\/schema\/person\/588559f88c7997eaeefe12a53785fb5e\",\"name\":\"Haydar Co\u015fkunf\u0131rat\",\"image\":{\"@type\":\"ImageObject\",\"inLanguage\":\"tr\",\"@id\":\"https:\/\/secure.gravatar.com\/avatar\/1992688ffa73c31cf68142c3401bd1f8b600612718310d5da53a0f7a4a562ace?s=96&d=mm&r=g\",\"url\":\"https:\/\/secure.gravatar.com\/avatar\/1992688ffa73c31cf68142c3401bd1f8b600612718310d5da53a0f7a4a562ace?s=96&d=mm&r=g\",\"contentUrl\":\"https:\/\/secure.gravatar.com\/avatar\/1992688ffa73c31cf68142c3401bd1f8b600612718310d5da53a0f7a4a562ace?s=96&d=mm&r=g\",\"caption\":\"Haydar Co\u015fkunf\u0131rat\"},\"url\":\"https:\/\/www.tercanbolgehaber.com\/index.php\/author\/haydar\/\"}]}<\/script>\n<!-- \/ Yoast SEO plugin. -->","yoast_head_json":{"title":"REFAH\u0130YE\u2019DE KORKUTAN KAZA\u00a0\u00a0 2\u2019K\u0130 A\u011eIR 6\u00a0 YARALI - TERCAN B&Ouml;LGE HABER","robots":{"index":"index","follow":"follow","max-snippet":"max-snippet:-1","max-image-preview":"max-image-preview:large","max-video-preview":"max-video-preview:-1"},"canonical":"https:\/\/www.tercanbolgehaber.com\/index.php\/2026\/04\/08\/refahiyede-korkutan-kaza-2ki-agir-6-yarali\/","og_locale":"tr_TR","og_type":"article","og_title":"REFAH\u0130YE\u2019DE KORKUTAN KAZA\u00a0\u00a0 2\u2019K\u0130 A\u011eIR 6\u00a0 YARALI - TERCAN B&Ouml;LGE HABER","og_description":"ERZ\u0130NCAN-REFAH\u0130YE KARA YOLUNDA OTOMOB\u0130L \u015eARAMPOLE DEVR\u0130LD\u0130. KAZADA 2\u2019S\u0130 A\u011eIR 6 K\u0130\u015e\u0130 YARALANDI. YARALILAR HASTANEYE KALDIRILDI, \u0130NCELEME BA\u015eLATILDI. Erzincan-Refahiye kara yolunda meydana gelen trafik kazas\u0131nda 2\u2019si a\u011f\u0131r olmak \u00fczere toplam 6 ki\u015fi yaraland\u0131. K\u00f6ro\u011flu Deresi mevkiinde ya\u015fanan kazan\u0131n ard\u0131ndan b\u00f6lgeye sa\u011fl\u0131k ve g\u00fcvenlik ekipleri sevk edilirken, yaral\u0131lar hastaneye kald\u0131r\u0131larak tedavi alt\u0131na al\u0131nd\u0131. Kaza, Erzincan-Refahiye kara yolu [&hellip;]","og_url":"https:\/\/www.tercanbolgehaber.com\/index.php\/2026\/04\/08\/refahiyede-korkutan-kaza-2ki-agir-6-yarali\/","og_site_name":"TERCAN B&Ouml;LGE HABER","article_published_time":"2026-04-08T06:56:28+00:00","article_modified_time":"2026-04-08T06:57:01+00:00","og_image":[{"width":304,"height":166,"url":"http:\/\/www.tercanbolgehaber.com\/wp-content\/uploads\/2026\/04\/images-3.jpg","type":"image\/jpeg"}],"author":"Haydar Co\u015fkunf\u0131rat","twitter_card":"summary_large_image","twitter_misc":{"Yazan:":"Haydar Co\u015fkunf\u0131rat","Tahmini okuma s\u00fcresi":"1 dakika"},"schema":{"@context":"https:\/\/schema.org","@graph":[{"@type":"Article","@id":"https:\/\/www.tercanbolgehaber.com\/index.php\/2026\/04\/08\/refahiyede-korkutan-kaza-2ki-agir-6-yarali\/#article","isPartOf":{"@id":"https:\/\/www.tercanbolgehaber.com\/index.php\/2026\/04\/08\/refahiyede-korkutan-kaza-2ki-agir-6-yarali\/"},"author":{"name":"Haydar Co\u015fkunf\u0131rat","@id":"https:\/\/www.tercanbolgehaber.com\/#\/schema\/person\/588559f88c7997eaeefe12a53785fb5e"},"headline":"REFAH\u0130YE\u2019DE KORKUTAN KAZA\u00a0\u00a0 2\u2019K\u0130 A\u011eIR 6\u00a0 YARALI","datePublished":"2026-04-08T06:56:28+00:00","dateModified":"2026-04-08T06:57:01+00:00","mainEntityOfPage":{"@id":"https:\/\/www.tercanbolgehaber.com\/index.php\/2026\/04\/08\/refahiyede-korkutan-kaza-2ki-agir-6-yarali\/"},"wordCount":264,"publisher":{"@id":"https:\/\/www.tercanbolgehaber.com\/#organization"},"image":{"@id":"https:\/\/www.tercanbolgehaber.com\/index.php\/2026\/04\/08\/refahiyede-korkutan-kaza-2ki-agir-6-yarali\/#primaryimage"},"thumbnailUrl":"https:\/\/www.tercanbolgehaber.com\/wp-content\/uploads\/2026\/04\/images-3.jpg","articleSection":["Man\u015fet"],"inLanguage":"tr"},{"@type":"WebPage","@id":"https:\/\/www.tercanbolgehaber.com\/index.php\/2026\/04\/08\/refahiyede-korkutan-kaza-2ki-agir-6-yarali\/","url":"https:\/\/www.tercanbolgehaber.com\/index.php\/2026\/04\/08\/refahiyede-korkutan-kaza-2ki-agir-6-yarali\/","name":"REFAH\u0130YE\u2019DE KORKUTAN KAZA\u00a0\u00a0 2\u2019K\u0130 A\u011eIR 6\u00a0 YARALI - TERCAN B&Ouml;LGE HABER","isPartOf":{"@id":"https:\/\/www.tercanbolgehaber.com\/#website"},"primaryImageOfPage":{"@id":"https:\/\/www.tercanbolgehaber.com\/index.php\/2026\/04\/08\/refahiyede-korkutan-kaza-2ki-agir-6-yarali\/#primaryimage"},"image":{"@id":"https:\/\/www.tercanbolgehaber.com\/index.php\/2026\/04\/08\/refahiyede-korkutan-kaza-2ki-agir-6-yarali\/#primaryimage"},"thumbnailUrl":"https:\/\/www.tercanbolgehaber.com\/wp-content\/uploads\/2026\/04\/images-3.jpg","datePublished":"2026-04-08T06:56:28+00:00","dateModified":"2026-04-08T06:57:01+00:00","breadcrumb":{"@id":"https:\/\/www.tercanbolgehaber.com\/index.php\/2026\/04\/08\/refahiyede-korkutan-kaza-2ki-agir-6-yarali\/#breadcrumb"},"inLanguage":"tr","potentialAction":[{"@type":"ReadAction","target":["https:\/\/www.tercanbolgehaber.com\/index.php\/2026\/04\/08\/refahiyede-korkutan-kaza-2ki-agir-6-yarali\/"]}]},{"@type":"ImageObject","inLanguage":"tr","@id":"https:\/\/www.tercanbolgehaber.com\/index.php\/2026\/04\/08\/refahiyede-korkutan-kaza-2ki-agir-6-yarali\/#primaryimage","url":"https:\/\/www.tercanbolgehaber.com\/wp-content\/uploads\/2026\/04\/images-3.jpg","contentUrl":"https:\/\/www.tercanbolgehaber.com\/wp-content\/uploads\/2026\/04\/images-3.jpg","width":304,"height":166},{"@type":"BreadcrumbList","@id":"https:\/\/www.tercanbolgehaber.com\/index.php\/2026\/04\/08\/refahiyede-korkutan-kaza-2ki-agir-6-yarali\/#breadcrumb","itemListElement":[{"@type":"ListItem","position":1,"name":"Anasayfa","item":"https:\/\/www.tercanbolgehaber.com\/"},{"@type":"ListItem","position":2,"name":"REFAH\u0130YE\u2019DE KORKUTAN KAZA\u00a0\u00a0 2\u2019K\u0130 A\u011eIR 6\u00a0 YARALI"}]},{"@type":"WebSite","@id":"https:\/\/www.tercanbolgehaber.com\/#website","url":"https:\/\/www.tercanbolgehaber.com\/","name":"TERCAN B&Ouml;LGE HABER","description":"HALK'IN HABER PORTALI","publisher":{"@id":"https:\/\/www.tercanbolgehaber.com\/#organization"},"potentialAction":[{"@type":"SearchAction","target":{"@type":"EntryPoint","urlTemplate":"https:\/\/www.tercanbolgehaber.com\/?s={search_term_string}"},"query-input":{"@type":"PropertyValueSpecification","valueRequired":true,"valueName":"search_term_string"}}],"inLanguage":"tr"},{"@type":"Organization","@id":"https:\/\/www.tercanbolgehaber.com\/#organization","name":"Tercan B\u00f6lge Haber","url":"https:\/\/www.tercanbolgehaber.com\/","logo":{"@type":"ImageObject","inLanguage":"tr","@id":"https:\/\/www.tercanbolgehaber.com\/#\/schema\/logo\/image\/","url":"http:\/\/www.tercanbolgehaber.com\/wp-content\/uploads\/2022\/04\/logo_yeni.png","contentUrl":"http:\/\/www.tercanbolgehaber.com\/wp-content\/uploads\/2022\/04\/logo_yeni.png","width":250,"height":123,"caption":"Tercan B\u00f6lge Haber"},"image":{"@id":"https:\/\/www.tercanbolgehaber.com\/#\/schema\/logo\/image\/"}},{"@type":"Person","@id":"https:\/\/www.tercanbolgehaber.com\/#\/schema\/person\/588559f88c7997eaeefe12a53785fb5e","name":"Haydar Co\u015fkunf\u0131rat","image":{"@type":"ImageObject","inLanguage":"tr","@id":"https:\/\/secure.gravatar.com\/avatar\/1992688ffa73c31cf68142c3401bd1f8b600612718310d5da53a0f7a4a562ace?s=96&d=mm&r=g","url":"https:\/\/secure.gravatar.com\/avatar\/1992688ffa73c31cf68142c3401bd1f8b600612718310d5da53a0f7a4a562ace?s=96&d=mm&r=g","contentUrl":"https:\/\/secure.gravatar.com\/avatar\/1992688ffa73c31cf68142c3401bd1f8b600612718310d5da53a0f7a4a562ace?s=96&d=mm&r=g","caption":"Haydar Co\u015fkunf\u0131rat"},"url":"https:\/\/www.tercanbolgehaber.com\/index.php\/author\/haydar\/"}]}},"_links":{"self":[{"href":"https:\/\/www.tercanbolgehaber.com\/index.php\/wp-json\/wp\/v2\/posts\/7606","targetHints":{"allow":["GET"]}}],"collection":[{"href":"https:\/\/www.tercanbolgehaber.com\/index.php\/wp-json\/wp\/v2\/posts"}],"about":[{"href":"https:\/\/www.tercanbolgehaber.com\/index.php\/wp-json\/wp\/v2\/types\/post"}],"author":[{"embeddable":true,"href":"https:\/\/www.tercanbolgehaber.com\/index.php\/wp-json\/wp\/v2\/users\/2"}],"replies":[{"embeddable":true,"href":"https:\/\/www.tercanbolgehaber.com\/index.php\/wp-json\/wp\/v2\/comments?post=7606"}],"version-history":[{"count":1,"href":"https:\/\/www.tercanbolgehaber.com\/index.php\/wp-json\/wp\/v2\/posts\/7606\/revisions"}],"predecessor-version":[{"id":7608,"href":"https:\/\/www.tercanbolgehaber.com\/index.php\/wp-json\/wp\/v2\/posts\/7606\/revisions\/7608"}],"wp:featuredmedia":[{"embeddable":true,"href":"https:\/\/www.tercanbolgehaber.com\/index.php\/wp-json\/wp\/v2\/media\/7607"}],"wp:attachment":[{"href":"https:\/\/www.tercanbolgehaber.com\/index.php\/wp-json\/wp\/v2\/media?parent=7606"}],"wp:term":[{"taxonomy":"category","embeddable":true,"href":"https:\/\/www.tercanbolgehaber.com\/index.php\/wp-json\/wp\/v2\/categories?post=7606"},{"taxonomy":"post_tag","embeddable":true,"href":"https:\/\/www.tercanbolgehaber.com\/index.php\/wp-json\/wp\/v2\/tags?post=7606"}],"curies":[{"name":"wp","href":"https:\/\/api.w.org\/{rel}","templated":true}]}}