{"id":7539,"date":"2026-03-30T17:07:50","date_gmt":"2026-03-30T17:07:50","guid":{"rendered":"https:\/\/www.tercanbolgehaber.com\/?p=7539"},"modified":"2026-03-30T17:08:26","modified_gmt":"2026-03-30T17:08:26","slug":"tercanda-bal-sezonu-umutla-basliyor","status":"publish","type":"post","link":"https:\/\/www.tercanbolgehaber.com\/index.php\/2026\/03\/30\/tercanda-bal-sezonu-umutla-basliyor\/","title":{"rendered":"TERCAN\u2019DA BAL SEZONU UMUTLA BA\u015eLIYOR"},"content":{"rendered":"\n<p class=\"has-cool-to-warm-spectrum-gradient-background has-background\"> TERCAN\u2019DA \u00c7ET\u0130N GE\u00c7EN KI\u015e MEVS\u0130M\u0130N\u0130N ARDINDAN BAL ARILARI, HAVALARIN ISINMASIYLA B\u0130RL\u0130KTE YEN\u0130DEN DO\u011eAYLA BULU\u015eUYOR. B\u00d6LGEDE ARICILIKLA U\u011eRA\u015eAN \u00dcRET\u0130C\u0130LER DE YEN\u0130 SEZON HAZIRLIKLARINA HIZ VERD\u0130.<\/p>\n\n\n\n<p class=\"has-luminous-vivid-amber-to-luminous-vivid-orange-gradient-background has-background\">(TERCAN B\u00d6LGE HABER)HAYDAR CO\u015eKUNFIRAT<\/p>\n\n\n\n<figure class=\"wp-block-image size-full\"><img loading=\"lazy\" decoding=\"async\" width=\"770\" height=\"510\" src=\"https:\/\/www.tercanbolgehaber.com\/wp-content\/uploads\/2026\/03\/Ari-kovani-ve-aricilik-malzemeleri-1200x630-1-1.jpg\" alt=\"\" class=\"wp-image-7544\" srcset=\"https:\/\/www.tercanbolgehaber.com\/wp-content\/uploads\/2026\/03\/Ari-kovani-ve-aricilik-malzemeleri-1200x630-1-1.jpg 770w, https:\/\/www.tercanbolgehaber.com\/wp-content\/uploads\/2026\/03\/Ari-kovani-ve-aricilik-malzemeleri-1200x630-1-1-300x199.jpg 300w, https:\/\/www.tercanbolgehaber.com\/wp-content\/uploads\/2026\/03\/Ari-kovani-ve-aricilik-malzemeleri-1200x630-1-1-768x509.jpg 768w, https:\/\/www.tercanbolgehaber.com\/wp-content\/uploads\/2026\/03\/Ari-kovani-ve-aricilik-malzemeleri-1200x630-1-1-696x461.jpg 696w\" sizes=\"auto, (max-width: 770px) 100vw, 770px\" \/><\/figure>\n\n\n\n<p>ZORLU KI\u015eIN ARDINDAN TERCAN\u2019DA ARILAR YEN\u0130DEN \u0130\u015e BA\u015eINDA<\/p>\n\n\n\n<p>Erzincan Ar\u0131 Yeti\u015ftiricileri Birli\u011fi \u00dcst Kurul Delegesi Celal Abbas \u00dcLKER , Tercan B\u00f6lge Haber Gazetesi\u2019nden Haydar Co\u015fkunf\u0131rat\u2019a yapt\u0131\u011f\u0131 a\u00e7\u0131klamada, ge\u00e7en sezon ya\u015fanan olumsuz k\u0131\u015f \u015fartlar\u0131n\u0131n ar\u0131c\u0131l\u0131\u011f\u0131 etkiledi\u011fini belirterek, yeni sezon i\u00e7in umutlu olduklar\u0131n\u0131 ifade etti.<\/p>\n\n\n\n<figure class=\"wp-block-image size-large\"><img loading=\"lazy\" decoding=\"async\" width=\"1024\" height=\"768\" src=\"https:\/\/www.tercanbolgehaber.com\/wp-content\/uploads\/2026\/03\/276e9c5a-58b0-4783-8b80-2dfa959e49a1-1-1024x768.jpg\" alt=\"\" class=\"wp-image-7545\" srcset=\"https:\/\/www.tercanbolgehaber.com\/wp-content\/uploads\/2026\/03\/276e9c5a-58b0-4783-8b80-2dfa959e49a1-1-1024x768.jpg 1024w, https:\/\/www.tercanbolgehaber.com\/wp-content\/uploads\/2026\/03\/276e9c5a-58b0-4783-8b80-2dfa959e49a1-1-300x225.jpg 300w, https:\/\/www.tercanbolgehaber.com\/wp-content\/uploads\/2026\/03\/276e9c5a-58b0-4783-8b80-2dfa959e49a1-1-768x576.jpg 768w, https:\/\/www.tercanbolgehaber.com\/wp-content\/uploads\/2026\/03\/276e9c5a-58b0-4783-8b80-2dfa959e49a1-1-1536x1152.jpg 1536w, https:\/\/www.tercanbolgehaber.com\/wp-content\/uploads\/2026\/03\/276e9c5a-58b0-4783-8b80-2dfa959e49a1-1-696x522.jpg 696w, https:\/\/www.tercanbolgehaber.com\/wp-content\/uploads\/2026\/03\/276e9c5a-58b0-4783-8b80-2dfa959e49a1-1-1068x801.jpg 1068w, https:\/\/www.tercanbolgehaber.com\/wp-content\/uploads\/2026\/03\/276e9c5a-58b0-4783-8b80-2dfa959e49a1-1-1920x1440.jpg 1920w, https:\/\/www.tercanbolgehaber.com\/wp-content\/uploads\/2026\/03\/276e9c5a-58b0-4783-8b80-2dfa959e49a1-1.jpg 2048w\" sizes=\"auto, (max-width: 1024px) 100vw, 1024px\" \/><\/figure>\n\n\n\n<p>TERCAN\u2019DA ARICILAR SEZON \u0130\u00c7\u0130N KOVAN BA\u015eINDA<\/p>\n\n\n\n<p>\u00dclker a\u00e7\u0131klamas\u0131nda, \u201cK\u0131\u015f mevsiminde ya\u015fanan olumsuz hava ko\u015fullar\u0131 ar\u0131c\u0131l\u0131k faaliyetlerini do\u011frudan etkiledi. \u00d6zellikle erken d\u00f6nemde g\u00f6r\u00fclen don olaylar\u0131 ve uzun s\u00fcren so\u011fuk hava, ar\u0131lar\u0131n besin kaynaklar\u0131na ula\u015fmas\u0131n\u0131 zorla\u015ft\u0131rd\u0131. Bu nedenle \u00fcreticiler, ar\u0131 kolonilerinin g\u00fc\u00e7lenmesi i\u00e7in takviye besleme \u00e7al\u0131\u015fmalar\u0131na a\u011f\u0131rl\u0131k verdi,\u201d dedi.<\/p>\n\n\n\n<p>Ar\u0131c\u0131l\u0131kla u\u011fra\u015fan \u00fcreticiler ise sezon ba\u015f\u0131nda yap\u0131lan bak\u0131m \u00e7al\u0131\u015fmalar\u0131n\u0131n bal verimi a\u00e7\u0131s\u0131ndan b\u00fcy\u00fck \u00f6nem ta\u015f\u0131d\u0131\u011f\u0131n\u0131 vurgularken,Celal  Abbas \u00dclker yeni bal sezonu i\u00e7in umutlu olduklar\u0131n\u0131 dile getirdi.<\/p>\n\n\n\n<figure class=\"wp-block-image size-full is-resized\"><img loading=\"lazy\" decoding=\"async\" width=\"532\" height=\"262\" src=\"https:\/\/www.tercanbolgehaber.com\/wp-content\/uploads\/2026\/03\/473334300_1325259201962243_2263918033763817885_n.jpg\" alt=\"\" class=\"wp-image-7546\" style=\"width:160px;height:auto\" srcset=\"https:\/\/www.tercanbolgehaber.com\/wp-content\/uploads\/2026\/03\/473334300_1325259201962243_2263918033763817885_n.jpg 532w, https:\/\/www.tercanbolgehaber.com\/wp-content\/uploads\/2026\/03\/473334300_1325259201962243_2263918033763817885_n-300x148.jpg 300w\" sizes=\"auto, (max-width: 532px) 100vw, 532px\" \/><\/figure>\n\n\n\n<p><\/p>\n","protected":false},"excerpt":{"rendered":"<p>TERCAN\u2019DA \u00c7ET\u0130N GE\u00c7EN KI\u015e MEVS\u0130M\u0130N\u0130N ARDINDAN BAL ARILARI, HAVALARIN ISINMASIYLA B\u0130RL\u0130KTE YEN\u0130DEN DO\u011eAYLA BULU\u015eUYOR. B\u00d6LGEDE ARICILIKLA U\u011eRA\u015eAN \u00dcRET\u0130C\u0130LER DE YEN\u0130 SEZON HAZIRLIKLARINA HIZ VERD\u0130. (TERCAN B\u00d6LGE HABER)HAYDAR CO\u015eKUNFIRAT ZORLU KI\u015eIN ARDINDAN TERCAN\u2019DA ARILAR YEN\u0130DEN \u0130\u015e BA\u015eINDA Erzincan Ar\u0131 Yeti\u015ftiricileri Birli\u011fi \u00dcst Kurul Delegesi Celal Abbas \u00dcLKER , Tercan B\u00f6lge Haber Gazetesi\u2019nden Haydar Co\u015fkunf\u0131rat\u2019a yapt\u0131\u011f\u0131 a\u00e7\u0131klamada, [&hellip;]<\/p>\n","protected":false},"author":2,"featured_media":7543,"comment_status":"closed","ping_status":"open","sticky":false,"template":"","format":"standard","meta":{"footnotes":""},"categories":[34,35],"tags":[],"class_list":{"0":"post-7539","1":"post","2":"type-post","3":"status-publish","4":"format-standard","5":"has-post-thumbnail","7":"category-ekonomi","8":"category-manset"},"yoast_head":"<!-- This site is optimized with the Yoast SEO plugin v27.2 - https:\/\/yoast.com\/product\/yoast-seo-wordpress\/ -->\n<title>TERCAN\u2019DA BAL SEZONU UMUTLA BA\u015eLIYOR - TERCAN B&Ouml;LGE HABER<\/title>\n<meta name=\"robots\" content=\"index, follow, max-snippet:-1, max-image-preview:large, max-video-preview:-1\" \/>\n<link rel=\"canonical\" href=\"https:\/\/www.tercanbolgehaber.com\/index.php\/2026\/03\/30\/tercanda-bal-sezonu-umutla-basliyor\/\" \/>\n<meta property=\"og:locale\" content=\"tr_TR\" \/>\n<meta property=\"og:type\" content=\"article\" \/>\n<meta property=\"og:title\" content=\"TERCAN\u2019DA BAL SEZONU UMUTLA BA\u015eLIYOR - TERCAN B&Ouml;LGE HABER\" \/>\n<meta property=\"og:description\" content=\"TERCAN\u2019DA \u00c7ET\u0130N GE\u00c7EN KI\u015e MEVS\u0130M\u0130N\u0130N ARDINDAN BAL ARILARI, HAVALARIN ISINMASIYLA B\u0130RL\u0130KTE YEN\u0130DEN DO\u011eAYLA BULU\u015eUYOR. B\u00d6LGEDE ARICILIKLA U\u011eRA\u015eAN \u00dcRET\u0130C\u0130LER DE YEN\u0130 SEZON HAZIRLIKLARINA HIZ VERD\u0130. (TERCAN B\u00d6LGE HABER)HAYDAR CO\u015eKUNFIRAT ZORLU KI\u015eIN ARDINDAN TERCAN\u2019DA ARILAR YEN\u0130DEN \u0130\u015e BA\u015eINDA Erzincan Ar\u0131 Yeti\u015ftiricileri Birli\u011fi \u00dcst Kurul Delegesi Celal Abbas \u00dcLKER , Tercan B\u00f6lge Haber Gazetesi\u2019nden Haydar Co\u015fkunf\u0131rat\u2019a yapt\u0131\u011f\u0131 a\u00e7\u0131klamada, [&hellip;]\" \/>\n<meta property=\"og:url\" content=\"https:\/\/www.tercanbolgehaber.com\/index.php\/2026\/03\/30\/tercanda-bal-sezonu-umutla-basliyor\/\" \/>\n<meta property=\"og:site_name\" content=\"TERCAN B&Ouml;LGE HABER\" \/>\n<meta property=\"article:published_time\" content=\"2026-03-30T17:07:50+00:00\" \/>\n<meta property=\"article:modified_time\" content=\"2026-03-30T17:08:26+00:00\" \/>\n<meta property=\"og:image\" content=\"http:\/\/www.tercanbolgehaber.com\/wp-content\/uploads\/2026\/03\/b48b946b-9e40-4413-9aba-bb317623cbd0.jpg\" \/>\n\t<meta property=\"og:image:width\" content=\"2048\" \/>\n\t<meta property=\"og:image:height\" content=\"1536\" \/>\n\t<meta property=\"og:image:type\" content=\"image\/jpeg\" \/>\n<meta name=\"author\" content=\"Haydar Co\u015fkunf\u0131rat\" \/>\n<meta name=\"twitter:card\" content=\"summary_large_image\" \/>\n<meta name=\"twitter:label1\" content=\"Yazan:\" \/>\n\t<meta name=\"twitter:data1\" content=\"Haydar Co\u015fkunf\u0131rat\" \/>\n\t<meta name=\"twitter:label2\" content=\"Tahmini okuma s\u00fcresi\" \/>\n\t<meta name=\"twitter:data2\" content=\"1 dakika\" \/>\n<script type=\"application\/ld+json\" class=\"yoast-schema-graph\">{\"@context\":\"https:\/\/schema.org\",\"@graph\":[{\"@type\":\"Article\",\"@id\":\"https:\/\/www.tercanbolgehaber.com\/index.php\/2026\/03\/30\/tercanda-bal-sezonu-umutla-basliyor\/#article\",\"isPartOf\":{\"@id\":\"https:\/\/www.tercanbolgehaber.com\/index.php\/2026\/03\/30\/tercanda-bal-sezonu-umutla-basliyor\/\"},\"author\":{\"name\":\"Haydar Co\u015fkunf\u0131rat\",\"@id\":\"https:\/\/www.tercanbolgehaber.com\/#\/schema\/person\/588559f88c7997eaeefe12a53785fb5e\"},\"headline\":\"TERCAN\u2019DA BAL SEZONU UMUTLA BA\u015eLIYOR\",\"datePublished\":\"2026-03-30T17:07:50+00:00\",\"dateModified\":\"2026-03-30T17:08:26+00:00\",\"mainEntityOfPage\":{\"@id\":\"https:\/\/www.tercanbolgehaber.com\/index.php\/2026\/03\/30\/tercanda-bal-sezonu-umutla-basliyor\/\"},\"wordCount\":237,\"publisher\":{\"@id\":\"https:\/\/www.tercanbolgehaber.com\/#organization\"},\"image\":{\"@id\":\"https:\/\/www.tercanbolgehaber.com\/index.php\/2026\/03\/30\/tercanda-bal-sezonu-umutla-basliyor\/#primaryimage\"},\"thumbnailUrl\":\"https:\/\/www.tercanbolgehaber.com\/wp-content\/uploads\/2026\/03\/b48b946b-9e40-4413-9aba-bb317623cbd0.jpg\",\"articleSection\":[\"Ekonomi\",\"Man\u015fet\"],\"inLanguage\":\"tr\"},{\"@type\":\"WebPage\",\"@id\":\"https:\/\/www.tercanbolgehaber.com\/index.php\/2026\/03\/30\/tercanda-bal-sezonu-umutla-basliyor\/\",\"url\":\"https:\/\/www.tercanbolgehaber.com\/index.php\/2026\/03\/30\/tercanda-bal-sezonu-umutla-basliyor\/\",\"name\":\"TERCAN\u2019DA BAL SEZONU UMUTLA BA\u015eLIYOR - TERCAN B&Ouml;LGE HABER\",\"isPartOf\":{\"@id\":\"https:\/\/www.tercanbolgehaber.com\/#website\"},\"primaryImageOfPage\":{\"@id\":\"https:\/\/www.tercanbolgehaber.com\/index.php\/2026\/03\/30\/tercanda-bal-sezonu-umutla-basliyor\/#primaryimage\"},\"image\":{\"@id\":\"https:\/\/www.tercanbolgehaber.com\/index.php\/2026\/03\/30\/tercanda-bal-sezonu-umutla-basliyor\/#primaryimage\"},\"thumbnailUrl\":\"https:\/\/www.tercanbolgehaber.com\/wp-content\/uploads\/2026\/03\/b48b946b-9e40-4413-9aba-bb317623cbd0.jpg\",\"datePublished\":\"2026-03-30T17:07:50+00:00\",\"dateModified\":\"2026-03-30T17:08:26+00:00\",\"breadcrumb\":{\"@id\":\"https:\/\/www.tercanbolgehaber.com\/index.php\/2026\/03\/30\/tercanda-bal-sezonu-umutla-basliyor\/#breadcrumb\"},\"inLanguage\":\"tr\",\"potentialAction\":[{\"@type\":\"ReadAction\",\"target\":[\"https:\/\/www.tercanbolgehaber.com\/index.php\/2026\/03\/30\/tercanda-bal-sezonu-umutla-basliyor\/\"]}]},{\"@type\":\"ImageObject\",\"inLanguage\":\"tr\",\"@id\":\"https:\/\/www.tercanbolgehaber.com\/index.php\/2026\/03\/30\/tercanda-bal-sezonu-umutla-basliyor\/#primaryimage\",\"url\":\"https:\/\/www.tercanbolgehaber.com\/wp-content\/uploads\/2026\/03\/b48b946b-9e40-4413-9aba-bb317623cbd0.jpg\",\"contentUrl\":\"https:\/\/www.tercanbolgehaber.com\/wp-content\/uploads\/2026\/03\/b48b946b-9e40-4413-9aba-bb317623cbd0.jpg\",\"width\":2048,\"height\":1536},{\"@type\":\"BreadcrumbList\",\"@id\":\"https:\/\/www.tercanbolgehaber.com\/index.php\/2026\/03\/30\/tercanda-bal-sezonu-umutla-basliyor\/#breadcrumb\",\"itemListElement\":[{\"@type\":\"ListItem\",\"position\":1,\"name\":\"Anasayfa\",\"item\":\"https:\/\/www.tercanbolgehaber.com\/\"},{\"@type\":\"ListItem\",\"position\":2,\"name\":\"TERCAN\u2019DA BAL SEZONU UMUTLA BA\u015eLIYOR\"}]},{\"@type\":\"WebSite\",\"@id\":\"https:\/\/www.tercanbolgehaber.com\/#website\",\"url\":\"https:\/\/www.tercanbolgehaber.com\/\",\"name\":\"TERCAN B&Ouml;LGE HABER\",\"description\":\"HALK'IN HABER PORTALI\",\"publisher\":{\"@id\":\"https:\/\/www.tercanbolgehaber.com\/#organization\"},\"potentialAction\":[{\"@type\":\"SearchAction\",\"target\":{\"@type\":\"EntryPoint\",\"urlTemplate\":\"https:\/\/www.tercanbolgehaber.com\/?s={search_term_string}\"},\"query-input\":{\"@type\":\"PropertyValueSpecification\",\"valueRequired\":true,\"valueName\":\"search_term_string\"}}],\"inLanguage\":\"tr\"},{\"@type\":\"Organization\",\"@id\":\"https:\/\/www.tercanbolgehaber.com\/#organization\",\"name\":\"Tercan B\u00f6lge Haber\",\"url\":\"https:\/\/www.tercanbolgehaber.com\/\",\"logo\":{\"@type\":\"ImageObject\",\"inLanguage\":\"tr\",\"@id\":\"https:\/\/www.tercanbolgehaber.com\/#\/schema\/logo\/image\/\",\"url\":\"http:\/\/www.tercanbolgehaber.com\/wp-content\/uploads\/2022\/04\/logo_yeni.png\",\"contentUrl\":\"http:\/\/www.tercanbolgehaber.com\/wp-content\/uploads\/2022\/04\/logo_yeni.png\",\"width\":250,\"height\":123,\"caption\":\"Tercan B\u00f6lge Haber\"},\"image\":{\"@id\":\"https:\/\/www.tercanbolgehaber.com\/#\/schema\/logo\/image\/\"}},{\"@type\":\"Person\",\"@id\":\"https:\/\/www.tercanbolgehaber.com\/#\/schema\/person\/588559f88c7997eaeefe12a53785fb5e\",\"name\":\"Haydar Co\u015fkunf\u0131rat\",\"image\":{\"@type\":\"ImageObject\",\"inLanguage\":\"tr\",\"@id\":\"https:\/\/secure.gravatar.com\/avatar\/1992688ffa73c31cf68142c3401bd1f8b600612718310d5da53a0f7a4a562ace?s=96&d=mm&r=g\",\"url\":\"https:\/\/secure.gravatar.com\/avatar\/1992688ffa73c31cf68142c3401bd1f8b600612718310d5da53a0f7a4a562ace?s=96&d=mm&r=g\",\"contentUrl\":\"https:\/\/secure.gravatar.com\/avatar\/1992688ffa73c31cf68142c3401bd1f8b600612718310d5da53a0f7a4a562ace?s=96&d=mm&r=g\",\"caption\":\"Haydar Co\u015fkunf\u0131rat\"},\"url\":\"https:\/\/www.tercanbolgehaber.com\/index.php\/author\/haydar\/\"}]}<\/script>\n<!-- \/ Yoast SEO plugin. -->","yoast_head_json":{"title":"TERCAN\u2019DA BAL SEZONU UMUTLA BA\u015eLIYOR - TERCAN B&Ouml;LGE HABER","robots":{"index":"index","follow":"follow","max-snippet":"max-snippet:-1","max-image-preview":"max-image-preview:large","max-video-preview":"max-video-preview:-1"},"canonical":"https:\/\/www.tercanbolgehaber.com\/index.php\/2026\/03\/30\/tercanda-bal-sezonu-umutla-basliyor\/","og_locale":"tr_TR","og_type":"article","og_title":"TERCAN\u2019DA BAL SEZONU UMUTLA BA\u015eLIYOR - TERCAN B&Ouml;LGE HABER","og_description":"TERCAN\u2019DA \u00c7ET\u0130N GE\u00c7EN KI\u015e MEVS\u0130M\u0130N\u0130N ARDINDAN BAL ARILARI, HAVALARIN ISINMASIYLA B\u0130RL\u0130KTE YEN\u0130DEN DO\u011eAYLA BULU\u015eUYOR. B\u00d6LGEDE ARICILIKLA U\u011eRA\u015eAN \u00dcRET\u0130C\u0130LER DE YEN\u0130 SEZON HAZIRLIKLARINA HIZ VERD\u0130. (TERCAN B\u00d6LGE HABER)HAYDAR CO\u015eKUNFIRAT ZORLU KI\u015eIN ARDINDAN TERCAN\u2019DA ARILAR YEN\u0130DEN \u0130\u015e BA\u015eINDA Erzincan Ar\u0131 Yeti\u015ftiricileri Birli\u011fi \u00dcst Kurul Delegesi Celal Abbas \u00dcLKER , Tercan B\u00f6lge Haber Gazetesi\u2019nden Haydar Co\u015fkunf\u0131rat\u2019a yapt\u0131\u011f\u0131 a\u00e7\u0131klamada, [&hellip;]","og_url":"https:\/\/www.tercanbolgehaber.com\/index.php\/2026\/03\/30\/tercanda-bal-sezonu-umutla-basliyor\/","og_site_name":"TERCAN B&Ouml;LGE HABER","article_published_time":"2026-03-30T17:07:50+00:00","article_modified_time":"2026-03-30T17:08:26+00:00","og_image":[{"width":2048,"height":1536,"url":"http:\/\/www.tercanbolgehaber.com\/wp-content\/uploads\/2026\/03\/b48b946b-9e40-4413-9aba-bb317623cbd0.jpg","type":"image\/jpeg"}],"author":"Haydar Co\u015fkunf\u0131rat","twitter_card":"summary_large_image","twitter_misc":{"Yazan:":"Haydar Co\u015fkunf\u0131rat","Tahmini okuma s\u00fcresi":"1 dakika"},"schema":{"@context":"https:\/\/schema.org","@graph":[{"@type":"Article","@id":"https:\/\/www.tercanbolgehaber.com\/index.php\/2026\/03\/30\/tercanda-bal-sezonu-umutla-basliyor\/#article","isPartOf":{"@id":"https:\/\/www.tercanbolgehaber.com\/index.php\/2026\/03\/30\/tercanda-bal-sezonu-umutla-basliyor\/"},"author":{"name":"Haydar Co\u015fkunf\u0131rat","@id":"https:\/\/www.tercanbolgehaber.com\/#\/schema\/person\/588559f88c7997eaeefe12a53785fb5e"},"headline":"TERCAN\u2019DA BAL SEZONU UMUTLA BA\u015eLIYOR","datePublished":"2026-03-30T17:07:50+00:00","dateModified":"2026-03-30T17:08:26+00:00","mainEntityOfPage":{"@id":"https:\/\/www.tercanbolgehaber.com\/index.php\/2026\/03\/30\/tercanda-bal-sezonu-umutla-basliyor\/"},"wordCount":237,"publisher":{"@id":"https:\/\/www.tercanbolgehaber.com\/#organization"},"image":{"@id":"https:\/\/www.tercanbolgehaber.com\/index.php\/2026\/03\/30\/tercanda-bal-sezonu-umutla-basliyor\/#primaryimage"},"thumbnailUrl":"https:\/\/www.tercanbolgehaber.com\/wp-content\/uploads\/2026\/03\/b48b946b-9e40-4413-9aba-bb317623cbd0.jpg","articleSection":["Ekonomi","Man\u015fet"],"inLanguage":"tr"},{"@type":"WebPage","@id":"https:\/\/www.tercanbolgehaber.com\/index.php\/2026\/03\/30\/tercanda-bal-sezonu-umutla-basliyor\/","url":"https:\/\/www.tercanbolgehaber.com\/index.php\/2026\/03\/30\/tercanda-bal-sezonu-umutla-basliyor\/","name":"TERCAN\u2019DA BAL SEZONU UMUTLA BA\u015eLIYOR - TERCAN B&Ouml;LGE HABER","isPartOf":{"@id":"https:\/\/www.tercanbolgehaber.com\/#website"},"primaryImageOfPage":{"@id":"https:\/\/www.tercanbolgehaber.com\/index.php\/2026\/03\/30\/tercanda-bal-sezonu-umutla-basliyor\/#primaryimage"},"image":{"@id":"https:\/\/www.tercanbolgehaber.com\/index.php\/2026\/03\/30\/tercanda-bal-sezonu-umutla-basliyor\/#primaryimage"},"thumbnailUrl":"https:\/\/www.tercanbolgehaber.com\/wp-content\/uploads\/2026\/03\/b48b946b-9e40-4413-9aba-bb317623cbd0.jpg","datePublished":"2026-03-30T17:07:50+00:00","dateModified":"2026-03-30T17:08:26+00:00","breadcrumb":{"@id":"https:\/\/www.tercanbolgehaber.com\/index.php\/2026\/03\/30\/tercanda-bal-sezonu-umutla-basliyor\/#breadcrumb"},"inLanguage":"tr","potentialAction":[{"@type":"ReadAction","target":["https:\/\/www.tercanbolgehaber.com\/index.php\/2026\/03\/30\/tercanda-bal-sezonu-umutla-basliyor\/"]}]},{"@type":"ImageObject","inLanguage":"tr","@id":"https:\/\/www.tercanbolgehaber.com\/index.php\/2026\/03\/30\/tercanda-bal-sezonu-umutla-basliyor\/#primaryimage","url":"https:\/\/www.tercanbolgehaber.com\/wp-content\/uploads\/2026\/03\/b48b946b-9e40-4413-9aba-bb317623cbd0.jpg","contentUrl":"https:\/\/www.tercanbolgehaber.com\/wp-content\/uploads\/2026\/03\/b48b946b-9e40-4413-9aba-bb317623cbd0.jpg","width":2048,"height":1536},{"@type":"BreadcrumbList","@id":"https:\/\/www.tercanbolgehaber.com\/index.php\/2026\/03\/30\/tercanda-bal-sezonu-umutla-basliyor\/#breadcrumb","itemListElement":[{"@type":"ListItem","position":1,"name":"Anasayfa","item":"https:\/\/www.tercanbolgehaber.com\/"},{"@type":"ListItem","position":2,"name":"TERCAN\u2019DA BAL SEZONU UMUTLA BA\u015eLIYOR"}]},{"@type":"WebSite","@id":"https:\/\/www.tercanbolgehaber.com\/#website","url":"https:\/\/www.tercanbolgehaber.com\/","name":"TERCAN B&Ouml;LGE HABER","description":"HALK'IN HABER PORTALI","publisher":{"@id":"https:\/\/www.tercanbolgehaber.com\/#organization"},"potentialAction":[{"@type":"SearchAction","target":{"@type":"EntryPoint","urlTemplate":"https:\/\/www.tercanbolgehaber.com\/?s={search_term_string}"},"query-input":{"@type":"PropertyValueSpecification","valueRequired":true,"valueName":"search_term_string"}}],"inLanguage":"tr"},{"@type":"Organization","@id":"https:\/\/www.tercanbolgehaber.com\/#organization","name":"Tercan B\u00f6lge Haber","url":"https:\/\/www.tercanbolgehaber.com\/","logo":{"@type":"ImageObject","inLanguage":"tr","@id":"https:\/\/www.tercanbolgehaber.com\/#\/schema\/logo\/image\/","url":"http:\/\/www.tercanbolgehaber.com\/wp-content\/uploads\/2022\/04\/logo_yeni.png","contentUrl":"http:\/\/www.tercanbolgehaber.com\/wp-content\/uploads\/2022\/04\/logo_yeni.png","width":250,"height":123,"caption":"Tercan B\u00f6lge Haber"},"image":{"@id":"https:\/\/www.tercanbolgehaber.com\/#\/schema\/logo\/image\/"}},{"@type":"Person","@id":"https:\/\/www.tercanbolgehaber.com\/#\/schema\/person\/588559f88c7997eaeefe12a53785fb5e","name":"Haydar Co\u015fkunf\u0131rat","image":{"@type":"ImageObject","inLanguage":"tr","@id":"https:\/\/secure.gravatar.com\/avatar\/1992688ffa73c31cf68142c3401bd1f8b600612718310d5da53a0f7a4a562ace?s=96&d=mm&r=g","url":"https:\/\/secure.gravatar.com\/avatar\/1992688ffa73c31cf68142c3401bd1f8b600612718310d5da53a0f7a4a562ace?s=96&d=mm&r=g","contentUrl":"https:\/\/secure.gravatar.com\/avatar\/1992688ffa73c31cf68142c3401bd1f8b600612718310d5da53a0f7a4a562ace?s=96&d=mm&r=g","caption":"Haydar Co\u015fkunf\u0131rat"},"url":"https:\/\/www.tercanbolgehaber.com\/index.php\/author\/haydar\/"}]}},"_links":{"self":[{"href":"https:\/\/www.tercanbolgehaber.com\/index.php\/wp-json\/wp\/v2\/posts\/7539","targetHints":{"allow":["GET"]}}],"collection":[{"href":"https:\/\/www.tercanbolgehaber.com\/index.php\/wp-json\/wp\/v2\/posts"}],"about":[{"href":"https:\/\/www.tercanbolgehaber.com\/index.php\/wp-json\/wp\/v2\/types\/post"}],"author":[{"embeddable":true,"href":"https:\/\/www.tercanbolgehaber.com\/index.php\/wp-json\/wp\/v2\/users\/2"}],"replies":[{"embeddable":true,"href":"https:\/\/www.tercanbolgehaber.com\/index.php\/wp-json\/wp\/v2\/comments?post=7539"}],"version-history":[{"count":2,"href":"https:\/\/www.tercanbolgehaber.com\/index.php\/wp-json\/wp\/v2\/posts\/7539\/revisions"}],"predecessor-version":[{"id":7549,"href":"https:\/\/www.tercanbolgehaber.com\/index.php\/wp-json\/wp\/v2\/posts\/7539\/revisions\/7549"}],"wp:featuredmedia":[{"embeddable":true,"href":"https:\/\/www.tercanbolgehaber.com\/index.php\/wp-json\/wp\/v2\/media\/7543"}],"wp:attachment":[{"href":"https:\/\/www.tercanbolgehaber.com\/index.php\/wp-json\/wp\/v2\/media?parent=7539"}],"wp:term":[{"taxonomy":"category","embeddable":true,"href":"https:\/\/www.tercanbolgehaber.com\/index.php\/wp-json\/wp\/v2\/categories?post=7539"},{"taxonomy":"post_tag","embeddable":true,"href":"https:\/\/www.tercanbolgehaber.com\/index.php\/wp-json\/wp\/v2\/tags?post=7539"}],"curies":[{"name":"wp","href":"https:\/\/api.w.org\/{rel}","templated":true}]}}