{"id":7536,"date":"2026-03-30T06:49:21","date_gmt":"2026-03-30T06:49:21","guid":{"rendered":"https:\/\/www.tercanbolgehaber.com\/?p=7536"},"modified":"2026-03-30T06:49:24","modified_gmt":"2026-03-30T06:49:24","slug":"kemaliyede-cifte-cografi-isaret-tescili-kapi-tokmagi","status":"publish","type":"post","link":"https:\/\/www.tercanbolgehaber.com\/index.php\/2026\/03\/30\/kemaliyede-cifte-cografi-isaret-tescili-kapi-tokmagi\/","title":{"rendered":"KEMAL\u0130YE\u2019DE \u00c7\u0130FTE CO\u011eRAF\u0130 \u0130\u015eARET TESC\u0130L\u0130 KAPI TOKMA\u011eI"},"content":{"rendered":"\n<p class=\"has-blush-bordeaux-gradient-background has-background\">ERZ\u0130NCAN KEMAL\u0130YE KAPI TOKMA\u011eI VE KEMAL\u0130YE KURU KAYMA\u011eI CO\u011eRAF\u0130 \u0130\u015eARET TESC\u0130L\u0130 ALDI. \u0130L\u00c7EN\u0130N K\u00dcLT\u00dcREL M\u0130RASI RESMEN KORUMA ALTINA ALINDI.<\/p>\n\n\n\n<p class=\"has-vivid-cyan-blue-to-vivid-purple-gradient-background has-background\">(TERCAN B\u00d6LGE HABER)HAYDAR CO\u015eKUNFIRAT<\/p>\n\n\n\n<p>Erzincan\u2019\u0131n tarihi ve k\u00fclt\u00fcrel miras\u0131yla \u00f6ne \u00e7\u0131kan il\u00e7esi Kemaliye\u2019ye ait iki \u00f6nemli de\u011fer daha co\u011frafi i\u015faret tescili alarak resmen koruma alt\u0131na al\u0131nd\u0131. T\u00fcrk Patent ve Marka Kurumu taraf\u0131ndan Kemaliye Kap\u0131 Tokma\u011f\u0131 (E\u011fin Kap\u0131 Tokma\u011f\u0131) ile Kemaliye Kuru Kayma\u011f\u0131 (E\u011fin Kuru Kayma\u011f\u0131) \u00fcr\u00fcnleri co\u011frafi i\u015faretle tescillenerek il\u00e7enin k\u00fclt\u00fcrel zenginli\u011fine \u00f6nemli bir katk\u0131 sa\u011fland\u0131.<\/p>\n\n\n\n<p>Bu geli\u015fmeyle birlikte Kemaliye\u2019nin hem zanaat gelene\u011fini hem de y\u00f6resel mutfak k\u00fclt\u00fcr\u00fcn\u00fc temsil eden iki \u00f6nemli \u00fcr\u00fcn\u00fcn \u00f6zg\u00fcnl\u00fc\u011f\u00fc resmiyet kazanm\u0131\u015f oldu.<\/p>\n\n\n\n<p>Kemaliye\u2019nin geleneksel mimarisinin simgelerinden biri olan E\u011fin Kap\u0131 Tokma\u011f\u0131, estetik yap\u0131s\u0131 ve ustal\u0131k gerektiren el i\u015f\u00e7iligiyle il\u00e7enin k\u00fclt\u00fcrel kimli\u011fini yans\u0131tan \u00f6nemli unsurlar aras\u0131nda yer al\u0131yor.<\/p>\n\n\n\n<p>T\u00fcrk Patent ve Marka Kurumu taraf\u0131ndan verilen co\u011frafi i\u015faret tescili sayesinde Kemaliye Kap\u0131 Tokma\u011f\u0131 art\u0131k resmi olarak korunacak, taklit \u00fcretimlerin \u00f6n\u00fcne ge\u00e7ilecek ve bu \u00f6zg\u00fcn zanaat gelene\u011finin gelecek nesillere aktar\u0131lmas\u0131 sa\u011flanacak.<\/p>\n\n\n\n<p>Kemaliye mutfak k\u00fclt\u00fcr\u00fcn\u00fcn \u00f6ne \u00e7\u0131kan lezzetlerinden biri olan E\u011fin Kuru Kayma\u011f\u0131 da co\u011frafi i\u015faret tescili alan \u00fcr\u00fcnler aras\u0131nda yer ald\u0131. Kendine \u00f6zg\u00fc \u00fcretim y\u00f6ntemi ve do\u011fal yap\u0131s\u0131yla bilinen kuru kaymak, b\u00f6lgenin gastronomi miras\u0131n\u0131n \u00f6nemli par\u00e7alar\u0131ndan biri olarak dikkat \u00e7ekiyor.<\/p>\n\n\n\n<p>Al\u0131nan tescil karar\u0131yla birlikte Kemaliye Kuru Kayma\u011f\u0131\u2019n\u0131n \u00fcretim standartlar\u0131 korunacak ve \u00fcr\u00fcn\u00fcn y\u00f6resel kimli\u011fi resmi olarak g\u00fcvence alt\u0131na al\u0131nm\u0131\u015f olacak.<\/p>\n\n\n\n<p>Kemaliye\u2019nin K\u00fclt\u00fcrel Miras\u0131 Gelecek Nesillere Aktar\u0131l\u0131yor<\/p>\n\n\n\n<p>Yetkililer, ger\u00e7ekle\u015ftirilen co\u011frafi i\u015faret tescillerinin Kemaliye\u2019nin tarihi ve k\u00fclt\u00fcrel de\u011ferlerinin korunmas\u0131 a\u00e7\u0131s\u0131ndan b\u00fcy\u00fck \u00f6nem ta\u015f\u0131d\u0131\u011f\u0131n\u0131 belirtti. \u0130l\u00e7eye \u00f6zg\u00fc geleneksel el sanatlar\u0131 ve y\u00f6resel \u00fcr\u00fcnlerin markala\u015ft\u0131r\u0131lmas\u0131 s\u00fcrecinin devam edece\u011fi ifade edilirken, bu t\u00fcr \u00e7al\u0131\u015fmalar\u0131n hem turizme hem de yerel ekonomiye katk\u0131 sa\u011flamas\u0131n\u0131n hedeflendi\u011fi vurguland\u0131.<\/p>\n","protected":false},"excerpt":{"rendered":"<p>ERZ\u0130NCAN KEMAL\u0130YE KAPI TOKMA\u011eI VE KEMAL\u0130YE KURU KAYMA\u011eI CO\u011eRAF\u0130 \u0130\u015eARET TESC\u0130L\u0130 ALDI. \u0130L\u00c7EN\u0130N K\u00dcLT\u00dcREL M\u0130RASI RESMEN KORUMA ALTINA ALINDI. (TERCAN B\u00d6LGE HABER)HAYDAR CO\u015eKUNFIRAT Erzincan\u2019\u0131n tarihi ve k\u00fclt\u00fcrel miras\u0131yla \u00f6ne \u00e7\u0131kan il\u00e7esi Kemaliye\u2019ye ait iki \u00f6nemli de\u011fer daha co\u011frafi i\u015faret tescili alarak resmen koruma alt\u0131na al\u0131nd\u0131. T\u00fcrk Patent ve Marka Kurumu taraf\u0131ndan Kemaliye Kap\u0131 Tokma\u011f\u0131 (E\u011fin [&hellip;]<\/p>\n","protected":false},"author":2,"featured_media":7537,"comment_status":"closed","ping_status":"open","sticky":false,"template":"","format":"standard","meta":{"footnotes":""},"categories":[35],"tags":[],"class_list":{"0":"post-7536","1":"post","2":"type-post","3":"status-publish","4":"format-standard","5":"has-post-thumbnail","7":"category-manset"},"yoast_head":"<!-- This site is optimized with the Yoast SEO plugin v27.2 - https:\/\/yoast.com\/product\/yoast-seo-wordpress\/ -->\n<title>KEMAL\u0130YE\u2019DE \u00c7\u0130FTE CO\u011eRAF\u0130 \u0130\u015eARET TESC\u0130L\u0130 KAPI TOKMA\u011eI - TERCAN B&Ouml;LGE HABER<\/title>\n<meta name=\"robots\" content=\"index, follow, max-snippet:-1, max-image-preview:large, max-video-preview:-1\" \/>\n<link rel=\"canonical\" href=\"https:\/\/www.tercanbolgehaber.com\/index.php\/2026\/03\/30\/kemaliyede-cifte-cografi-isaret-tescili-kapi-tokmagi\/\" \/>\n<meta property=\"og:locale\" content=\"tr_TR\" \/>\n<meta property=\"og:type\" content=\"article\" \/>\n<meta property=\"og:title\" content=\"KEMAL\u0130YE\u2019DE \u00c7\u0130FTE CO\u011eRAF\u0130 \u0130\u015eARET TESC\u0130L\u0130 KAPI TOKMA\u011eI - TERCAN B&Ouml;LGE HABER\" \/>\n<meta property=\"og:description\" content=\"ERZ\u0130NCAN KEMAL\u0130YE KAPI TOKMA\u011eI VE KEMAL\u0130YE KURU KAYMA\u011eI CO\u011eRAF\u0130 \u0130\u015eARET TESC\u0130L\u0130 ALDI. \u0130L\u00c7EN\u0130N K\u00dcLT\u00dcREL M\u0130RASI RESMEN KORUMA ALTINA ALINDI. (TERCAN B\u00d6LGE HABER)HAYDAR CO\u015eKUNFIRAT Erzincan\u2019\u0131n tarihi ve k\u00fclt\u00fcrel miras\u0131yla \u00f6ne \u00e7\u0131kan il\u00e7esi Kemaliye\u2019ye ait iki \u00f6nemli de\u011fer daha co\u011frafi i\u015faret tescili alarak resmen koruma alt\u0131na al\u0131nd\u0131. T\u00fcrk Patent ve Marka Kurumu taraf\u0131ndan Kemaliye Kap\u0131 Tokma\u011f\u0131 (E\u011fin [&hellip;]\" \/>\n<meta property=\"og:url\" content=\"https:\/\/www.tercanbolgehaber.com\/index.php\/2026\/03\/30\/kemaliyede-cifte-cografi-isaret-tescili-kapi-tokmagi\/\" \/>\n<meta property=\"og:site_name\" content=\"TERCAN B&Ouml;LGE HABER\" \/>\n<meta property=\"article:published_time\" content=\"2026-03-30T06:49:21+00:00\" \/>\n<meta property=\"article:modified_time\" content=\"2026-03-30T06:49:24+00:00\" \/>\n<meta property=\"og:image\" content=\"http:\/\/www.tercanbolgehaber.com\/wp-content\/uploads\/2026\/03\/images-16.jpg\" \/>\n\t<meta property=\"og:image:width\" content=\"300\" \/>\n\t<meta property=\"og:image:height\" content=\"168\" \/>\n\t<meta property=\"og:image:type\" content=\"image\/jpeg\" \/>\n<meta name=\"author\" content=\"Haydar Co\u015fkunf\u0131rat\" \/>\n<meta name=\"twitter:card\" content=\"summary_large_image\" \/>\n<meta name=\"twitter:label1\" content=\"Yazan:\" \/>\n\t<meta name=\"twitter:data1\" content=\"Haydar Co\u015fkunf\u0131rat\" \/>\n\t<meta name=\"twitter:label2\" content=\"Tahmini okuma s\u00fcresi\" \/>\n\t<meta name=\"twitter:data2\" content=\"2 dakika\" \/>\n<script type=\"application\/ld+json\" class=\"yoast-schema-graph\">{\"@context\":\"https:\/\/schema.org\",\"@graph\":[{\"@type\":\"Article\",\"@id\":\"https:\/\/www.tercanbolgehaber.com\/index.php\/2026\/03\/30\/kemaliyede-cifte-cografi-isaret-tescili-kapi-tokmagi\/#article\",\"isPartOf\":{\"@id\":\"https:\/\/www.tercanbolgehaber.com\/index.php\/2026\/03\/30\/kemaliyede-cifte-cografi-isaret-tescili-kapi-tokmagi\/\"},\"author\":{\"name\":\"Haydar Co\u015fkunf\u0131rat\",\"@id\":\"https:\/\/www.tercanbolgehaber.com\/#\/schema\/person\/588559f88c7997eaeefe12a53785fb5e\"},\"headline\":\"KEMAL\u0130YE\u2019DE \u00c7\u0130FTE CO\u011eRAF\u0130 \u0130\u015eARET TESC\u0130L\u0130 KAPI TOKMA\u011eI\",\"datePublished\":\"2026-03-30T06:49:21+00:00\",\"dateModified\":\"2026-03-30T06:49:24+00:00\",\"mainEntityOfPage\":{\"@id\":\"https:\/\/www.tercanbolgehaber.com\/index.php\/2026\/03\/30\/kemaliyede-cifte-cografi-isaret-tescili-kapi-tokmagi\/\"},\"wordCount\":406,\"publisher\":{\"@id\":\"https:\/\/www.tercanbolgehaber.com\/#organization\"},\"image\":{\"@id\":\"https:\/\/www.tercanbolgehaber.com\/index.php\/2026\/03\/30\/kemaliyede-cifte-cografi-isaret-tescili-kapi-tokmagi\/#primaryimage\"},\"thumbnailUrl\":\"https:\/\/www.tercanbolgehaber.com\/wp-content\/uploads\/2026\/03\/images-16.jpg\",\"articleSection\":[\"Man\u015fet\"],\"inLanguage\":\"tr\"},{\"@type\":\"WebPage\",\"@id\":\"https:\/\/www.tercanbolgehaber.com\/index.php\/2026\/03\/30\/kemaliyede-cifte-cografi-isaret-tescili-kapi-tokmagi\/\",\"url\":\"https:\/\/www.tercanbolgehaber.com\/index.php\/2026\/03\/30\/kemaliyede-cifte-cografi-isaret-tescili-kapi-tokmagi\/\",\"name\":\"KEMAL\u0130YE\u2019DE \u00c7\u0130FTE CO\u011eRAF\u0130 \u0130\u015eARET TESC\u0130L\u0130 KAPI TOKMA\u011eI - TERCAN B&Ouml;LGE HABER\",\"isPartOf\":{\"@id\":\"https:\/\/www.tercanbolgehaber.com\/#website\"},\"primaryImageOfPage\":{\"@id\":\"https:\/\/www.tercanbolgehaber.com\/index.php\/2026\/03\/30\/kemaliyede-cifte-cografi-isaret-tescili-kapi-tokmagi\/#primaryimage\"},\"image\":{\"@id\":\"https:\/\/www.tercanbolgehaber.com\/index.php\/2026\/03\/30\/kemaliyede-cifte-cografi-isaret-tescili-kapi-tokmagi\/#primaryimage\"},\"thumbnailUrl\":\"https:\/\/www.tercanbolgehaber.com\/wp-content\/uploads\/2026\/03\/images-16.jpg\",\"datePublished\":\"2026-03-30T06:49:21+00:00\",\"dateModified\":\"2026-03-30T06:49:24+00:00\",\"breadcrumb\":{\"@id\":\"https:\/\/www.tercanbolgehaber.com\/index.php\/2026\/03\/30\/kemaliyede-cifte-cografi-isaret-tescili-kapi-tokmagi\/#breadcrumb\"},\"inLanguage\":\"tr\",\"potentialAction\":[{\"@type\":\"ReadAction\",\"target\":[\"https:\/\/www.tercanbolgehaber.com\/index.php\/2026\/03\/30\/kemaliyede-cifte-cografi-isaret-tescili-kapi-tokmagi\/\"]}]},{\"@type\":\"ImageObject\",\"inLanguage\":\"tr\",\"@id\":\"https:\/\/www.tercanbolgehaber.com\/index.php\/2026\/03\/30\/kemaliyede-cifte-cografi-isaret-tescili-kapi-tokmagi\/#primaryimage\",\"url\":\"https:\/\/www.tercanbolgehaber.com\/wp-content\/uploads\/2026\/03\/images-16.jpg\",\"contentUrl\":\"https:\/\/www.tercanbolgehaber.com\/wp-content\/uploads\/2026\/03\/images-16.jpg\",\"width\":300,\"height\":168},{\"@type\":\"BreadcrumbList\",\"@id\":\"https:\/\/www.tercanbolgehaber.com\/index.php\/2026\/03\/30\/kemaliyede-cifte-cografi-isaret-tescili-kapi-tokmagi\/#breadcrumb\",\"itemListElement\":[{\"@type\":\"ListItem\",\"position\":1,\"name\":\"Anasayfa\",\"item\":\"https:\/\/www.tercanbolgehaber.com\/\"},{\"@type\":\"ListItem\",\"position\":2,\"name\":\"KEMAL\u0130YE\u2019DE \u00c7\u0130FTE CO\u011eRAF\u0130 \u0130\u015eARET TESC\u0130L\u0130 KAPI TOKMA\u011eI\"}]},{\"@type\":\"WebSite\",\"@id\":\"https:\/\/www.tercanbolgehaber.com\/#website\",\"url\":\"https:\/\/www.tercanbolgehaber.com\/\",\"name\":\"TERCAN B&Ouml;LGE HABER\",\"description\":\"HALK'IN HABER PORTALI\",\"publisher\":{\"@id\":\"https:\/\/www.tercanbolgehaber.com\/#organization\"},\"potentialAction\":[{\"@type\":\"SearchAction\",\"target\":{\"@type\":\"EntryPoint\",\"urlTemplate\":\"https:\/\/www.tercanbolgehaber.com\/?s={search_term_string}\"},\"query-input\":{\"@type\":\"PropertyValueSpecification\",\"valueRequired\":true,\"valueName\":\"search_term_string\"}}],\"inLanguage\":\"tr\"},{\"@type\":\"Organization\",\"@id\":\"https:\/\/www.tercanbolgehaber.com\/#organization\",\"name\":\"Tercan B\u00f6lge Haber\",\"url\":\"https:\/\/www.tercanbolgehaber.com\/\",\"logo\":{\"@type\":\"ImageObject\",\"inLanguage\":\"tr\",\"@id\":\"https:\/\/www.tercanbolgehaber.com\/#\/schema\/logo\/image\/\",\"url\":\"http:\/\/www.tercanbolgehaber.com\/wp-content\/uploads\/2022\/04\/logo_yeni.png\",\"contentUrl\":\"http:\/\/www.tercanbolgehaber.com\/wp-content\/uploads\/2022\/04\/logo_yeni.png\",\"width\":250,\"height\":123,\"caption\":\"Tercan B\u00f6lge Haber\"},\"image\":{\"@id\":\"https:\/\/www.tercanbolgehaber.com\/#\/schema\/logo\/image\/\"}},{\"@type\":\"Person\",\"@id\":\"https:\/\/www.tercanbolgehaber.com\/#\/schema\/person\/588559f88c7997eaeefe12a53785fb5e\",\"name\":\"Haydar Co\u015fkunf\u0131rat\",\"image\":{\"@type\":\"ImageObject\",\"inLanguage\":\"tr\",\"@id\":\"https:\/\/secure.gravatar.com\/avatar\/1992688ffa73c31cf68142c3401bd1f8b600612718310d5da53a0f7a4a562ace?s=96&d=mm&r=g\",\"url\":\"https:\/\/secure.gravatar.com\/avatar\/1992688ffa73c31cf68142c3401bd1f8b600612718310d5da53a0f7a4a562ace?s=96&d=mm&r=g\",\"contentUrl\":\"https:\/\/secure.gravatar.com\/avatar\/1992688ffa73c31cf68142c3401bd1f8b600612718310d5da53a0f7a4a562ace?s=96&d=mm&r=g\",\"caption\":\"Haydar Co\u015fkunf\u0131rat\"},\"url\":\"https:\/\/www.tercanbolgehaber.com\/index.php\/author\/haydar\/\"}]}<\/script>\n<!-- \/ Yoast SEO plugin. -->","yoast_head_json":{"title":"KEMAL\u0130YE\u2019DE \u00c7\u0130FTE CO\u011eRAF\u0130 \u0130\u015eARET TESC\u0130L\u0130 KAPI TOKMA\u011eI - TERCAN B&Ouml;LGE HABER","robots":{"index":"index","follow":"follow","max-snippet":"max-snippet:-1","max-image-preview":"max-image-preview:large","max-video-preview":"max-video-preview:-1"},"canonical":"https:\/\/www.tercanbolgehaber.com\/index.php\/2026\/03\/30\/kemaliyede-cifte-cografi-isaret-tescili-kapi-tokmagi\/","og_locale":"tr_TR","og_type":"article","og_title":"KEMAL\u0130YE\u2019DE \u00c7\u0130FTE CO\u011eRAF\u0130 \u0130\u015eARET TESC\u0130L\u0130 KAPI TOKMA\u011eI - TERCAN B&Ouml;LGE HABER","og_description":"ERZ\u0130NCAN KEMAL\u0130YE KAPI TOKMA\u011eI VE KEMAL\u0130YE KURU KAYMA\u011eI CO\u011eRAF\u0130 \u0130\u015eARET TESC\u0130L\u0130 ALDI. \u0130L\u00c7EN\u0130N K\u00dcLT\u00dcREL M\u0130RASI RESMEN KORUMA ALTINA ALINDI. (TERCAN B\u00d6LGE HABER)HAYDAR CO\u015eKUNFIRAT Erzincan\u2019\u0131n tarihi ve k\u00fclt\u00fcrel miras\u0131yla \u00f6ne \u00e7\u0131kan il\u00e7esi Kemaliye\u2019ye ait iki \u00f6nemli de\u011fer daha co\u011frafi i\u015faret tescili alarak resmen koruma alt\u0131na al\u0131nd\u0131. T\u00fcrk Patent ve Marka Kurumu taraf\u0131ndan Kemaliye Kap\u0131 Tokma\u011f\u0131 (E\u011fin [&hellip;]","og_url":"https:\/\/www.tercanbolgehaber.com\/index.php\/2026\/03\/30\/kemaliyede-cifte-cografi-isaret-tescili-kapi-tokmagi\/","og_site_name":"TERCAN B&Ouml;LGE HABER","article_published_time":"2026-03-30T06:49:21+00:00","article_modified_time":"2026-03-30T06:49:24+00:00","og_image":[{"width":300,"height":168,"url":"http:\/\/www.tercanbolgehaber.com\/wp-content\/uploads\/2026\/03\/images-16.jpg","type":"image\/jpeg"}],"author":"Haydar Co\u015fkunf\u0131rat","twitter_card":"summary_large_image","twitter_misc":{"Yazan:":"Haydar Co\u015fkunf\u0131rat","Tahmini okuma s\u00fcresi":"2 dakika"},"schema":{"@context":"https:\/\/schema.org","@graph":[{"@type":"Article","@id":"https:\/\/www.tercanbolgehaber.com\/index.php\/2026\/03\/30\/kemaliyede-cifte-cografi-isaret-tescili-kapi-tokmagi\/#article","isPartOf":{"@id":"https:\/\/www.tercanbolgehaber.com\/index.php\/2026\/03\/30\/kemaliyede-cifte-cografi-isaret-tescili-kapi-tokmagi\/"},"author":{"name":"Haydar Co\u015fkunf\u0131rat","@id":"https:\/\/www.tercanbolgehaber.com\/#\/schema\/person\/588559f88c7997eaeefe12a53785fb5e"},"headline":"KEMAL\u0130YE\u2019DE \u00c7\u0130FTE CO\u011eRAF\u0130 \u0130\u015eARET TESC\u0130L\u0130 KAPI TOKMA\u011eI","datePublished":"2026-03-30T06:49:21+00:00","dateModified":"2026-03-30T06:49:24+00:00","mainEntityOfPage":{"@id":"https:\/\/www.tercanbolgehaber.com\/index.php\/2026\/03\/30\/kemaliyede-cifte-cografi-isaret-tescili-kapi-tokmagi\/"},"wordCount":406,"publisher":{"@id":"https:\/\/www.tercanbolgehaber.com\/#organization"},"image":{"@id":"https:\/\/www.tercanbolgehaber.com\/index.php\/2026\/03\/30\/kemaliyede-cifte-cografi-isaret-tescili-kapi-tokmagi\/#primaryimage"},"thumbnailUrl":"https:\/\/www.tercanbolgehaber.com\/wp-content\/uploads\/2026\/03\/images-16.jpg","articleSection":["Man\u015fet"],"inLanguage":"tr"},{"@type":"WebPage","@id":"https:\/\/www.tercanbolgehaber.com\/index.php\/2026\/03\/30\/kemaliyede-cifte-cografi-isaret-tescili-kapi-tokmagi\/","url":"https:\/\/www.tercanbolgehaber.com\/index.php\/2026\/03\/30\/kemaliyede-cifte-cografi-isaret-tescili-kapi-tokmagi\/","name":"KEMAL\u0130YE\u2019DE \u00c7\u0130FTE CO\u011eRAF\u0130 \u0130\u015eARET TESC\u0130L\u0130 KAPI TOKMA\u011eI - TERCAN B&Ouml;LGE HABER","isPartOf":{"@id":"https:\/\/www.tercanbolgehaber.com\/#website"},"primaryImageOfPage":{"@id":"https:\/\/www.tercanbolgehaber.com\/index.php\/2026\/03\/30\/kemaliyede-cifte-cografi-isaret-tescili-kapi-tokmagi\/#primaryimage"},"image":{"@id":"https:\/\/www.tercanbolgehaber.com\/index.php\/2026\/03\/30\/kemaliyede-cifte-cografi-isaret-tescili-kapi-tokmagi\/#primaryimage"},"thumbnailUrl":"https:\/\/www.tercanbolgehaber.com\/wp-content\/uploads\/2026\/03\/images-16.jpg","datePublished":"2026-03-30T06:49:21+00:00","dateModified":"2026-03-30T06:49:24+00:00","breadcrumb":{"@id":"https:\/\/www.tercanbolgehaber.com\/index.php\/2026\/03\/30\/kemaliyede-cifte-cografi-isaret-tescili-kapi-tokmagi\/#breadcrumb"},"inLanguage":"tr","potentialAction":[{"@type":"ReadAction","target":["https:\/\/www.tercanbolgehaber.com\/index.php\/2026\/03\/30\/kemaliyede-cifte-cografi-isaret-tescili-kapi-tokmagi\/"]}]},{"@type":"ImageObject","inLanguage":"tr","@id":"https:\/\/www.tercanbolgehaber.com\/index.php\/2026\/03\/30\/kemaliyede-cifte-cografi-isaret-tescili-kapi-tokmagi\/#primaryimage","url":"https:\/\/www.tercanbolgehaber.com\/wp-content\/uploads\/2026\/03\/images-16.jpg","contentUrl":"https:\/\/www.tercanbolgehaber.com\/wp-content\/uploads\/2026\/03\/images-16.jpg","width":300,"height":168},{"@type":"BreadcrumbList","@id":"https:\/\/www.tercanbolgehaber.com\/index.php\/2026\/03\/30\/kemaliyede-cifte-cografi-isaret-tescili-kapi-tokmagi\/#breadcrumb","itemListElement":[{"@type":"ListItem","position":1,"name":"Anasayfa","item":"https:\/\/www.tercanbolgehaber.com\/"},{"@type":"ListItem","position":2,"name":"KEMAL\u0130YE\u2019DE \u00c7\u0130FTE CO\u011eRAF\u0130 \u0130\u015eARET TESC\u0130L\u0130 KAPI TOKMA\u011eI"}]},{"@type":"WebSite","@id":"https:\/\/www.tercanbolgehaber.com\/#website","url":"https:\/\/www.tercanbolgehaber.com\/","name":"TERCAN B&Ouml;LGE HABER","description":"HALK'IN HABER PORTALI","publisher":{"@id":"https:\/\/www.tercanbolgehaber.com\/#organization"},"potentialAction":[{"@type":"SearchAction","target":{"@type":"EntryPoint","urlTemplate":"https:\/\/www.tercanbolgehaber.com\/?s={search_term_string}"},"query-input":{"@type":"PropertyValueSpecification","valueRequired":true,"valueName":"search_term_string"}}],"inLanguage":"tr"},{"@type":"Organization","@id":"https:\/\/www.tercanbolgehaber.com\/#organization","name":"Tercan B\u00f6lge Haber","url":"https:\/\/www.tercanbolgehaber.com\/","logo":{"@type":"ImageObject","inLanguage":"tr","@id":"https:\/\/www.tercanbolgehaber.com\/#\/schema\/logo\/image\/","url":"http:\/\/www.tercanbolgehaber.com\/wp-content\/uploads\/2022\/04\/logo_yeni.png","contentUrl":"http:\/\/www.tercanbolgehaber.com\/wp-content\/uploads\/2022\/04\/logo_yeni.png","width":250,"height":123,"caption":"Tercan B\u00f6lge Haber"},"image":{"@id":"https:\/\/www.tercanbolgehaber.com\/#\/schema\/logo\/image\/"}},{"@type":"Person","@id":"https:\/\/www.tercanbolgehaber.com\/#\/schema\/person\/588559f88c7997eaeefe12a53785fb5e","name":"Haydar Co\u015fkunf\u0131rat","image":{"@type":"ImageObject","inLanguage":"tr","@id":"https:\/\/secure.gravatar.com\/avatar\/1992688ffa73c31cf68142c3401bd1f8b600612718310d5da53a0f7a4a562ace?s=96&d=mm&r=g","url":"https:\/\/secure.gravatar.com\/avatar\/1992688ffa73c31cf68142c3401bd1f8b600612718310d5da53a0f7a4a562ace?s=96&d=mm&r=g","contentUrl":"https:\/\/secure.gravatar.com\/avatar\/1992688ffa73c31cf68142c3401bd1f8b600612718310d5da53a0f7a4a562ace?s=96&d=mm&r=g","caption":"Haydar Co\u015fkunf\u0131rat"},"url":"https:\/\/www.tercanbolgehaber.com\/index.php\/author\/haydar\/"}]}},"_links":{"self":[{"href":"https:\/\/www.tercanbolgehaber.com\/index.php\/wp-json\/wp\/v2\/posts\/7536","targetHints":{"allow":["GET"]}}],"collection":[{"href":"https:\/\/www.tercanbolgehaber.com\/index.php\/wp-json\/wp\/v2\/posts"}],"about":[{"href":"https:\/\/www.tercanbolgehaber.com\/index.php\/wp-json\/wp\/v2\/types\/post"}],"author":[{"embeddable":true,"href":"https:\/\/www.tercanbolgehaber.com\/index.php\/wp-json\/wp\/v2\/users\/2"}],"replies":[{"embeddable":true,"href":"https:\/\/www.tercanbolgehaber.com\/index.php\/wp-json\/wp\/v2\/comments?post=7536"}],"version-history":[{"count":1,"href":"https:\/\/www.tercanbolgehaber.com\/index.php\/wp-json\/wp\/v2\/posts\/7536\/revisions"}],"predecessor-version":[{"id":7538,"href":"https:\/\/www.tercanbolgehaber.com\/index.php\/wp-json\/wp\/v2\/posts\/7536\/revisions\/7538"}],"wp:featuredmedia":[{"embeddable":true,"href":"https:\/\/www.tercanbolgehaber.com\/index.php\/wp-json\/wp\/v2\/media\/7537"}],"wp:attachment":[{"href":"https:\/\/www.tercanbolgehaber.com\/index.php\/wp-json\/wp\/v2\/media?parent=7536"}],"wp:term":[{"taxonomy":"category","embeddable":true,"href":"https:\/\/www.tercanbolgehaber.com\/index.php\/wp-json\/wp\/v2\/categories?post=7536"},{"taxonomy":"post_tag","embeddable":true,"href":"https:\/\/www.tercanbolgehaber.com\/index.php\/wp-json\/wp\/v2\/tags?post=7536"}],"curies":[{"name":"wp","href":"https:\/\/api.w.org\/{rel}","templated":true}]}}