{"id":7528,"date":"2026-03-29T07:41:21","date_gmt":"2026-03-29T07:41:21","guid":{"rendered":"https:\/\/www.tercanbolgehaber.com\/?p=7528"},"modified":"2026-03-29T07:41:23","modified_gmt":"2026-03-29T07:41:23","slug":"erzincan-valisi-aydogdudan-ornek-vefa","status":"publish","type":"post","link":"https:\/\/www.tercanbolgehaber.com\/index.php\/2026\/03\/29\/erzincan-valisi-aydogdudan-ornek-vefa\/","title":{"rendered":"ERZ\u0130NCAN VAL\u0130S\u0130 AYDO\u011eDU\u2019DAN \u00d6RNEK VEFA"},"content":{"rendered":"\n<p class=\"has-luminous-vivid-amber-to-luminous-vivid-orange-gradient-background has-background\">ERZ\u0130NCAN VAL\u0130S\u0130 HAMZA AYDO\u011eDU, BERABER\u0130NDEK\u0130 B\u0130R\u0130M AM\u0130RLER\u0130YLE B\u0130RL\u0130KTE ERZ\u0130NCAN MERKEZDE \u0130KAMET EDEN VAL\u0130 HAMZA AYDO\u011eDU\u2019DAN \u00c7ALIK A\u0130LES\u0130NE ANLAMLI Z\u0130YARET<\/p>\n\n\n\n<p class=\"has-cool-to-warm-spectrum-gradient-background has-background\">(TERCAN B\u00d6LGE HABER)HAYDAR CO\u015eKUNFIRAT<\/p>\n\n\n\n<figure class=\"wp-block-image size-large\"><img loading=\"lazy\" decoding=\"async\" width=\"1024\" height=\"768\" src=\"https:\/\/www.tercanbolgehaber.com\/wp-content\/uploads\/2026\/03\/656981052_1245128707737284_1916326448071535092_n-1024x768.jpg\" alt=\"\" class=\"wp-image-7530\" srcset=\"https:\/\/www.tercanbolgehaber.com\/wp-content\/uploads\/2026\/03\/656981052_1245128707737284_1916326448071535092_n-1024x768.jpg 1024w, https:\/\/www.tercanbolgehaber.com\/wp-content\/uploads\/2026\/03\/656981052_1245128707737284_1916326448071535092_n-300x225.jpg 300w, https:\/\/www.tercanbolgehaber.com\/wp-content\/uploads\/2026\/03\/656981052_1245128707737284_1916326448071535092_n-768x576.jpg 768w, https:\/\/www.tercanbolgehaber.com\/wp-content\/uploads\/2026\/03\/656981052_1245128707737284_1916326448071535092_n-1536x1152.jpg 1536w, https:\/\/www.tercanbolgehaber.com\/wp-content\/uploads\/2026\/03\/656981052_1245128707737284_1916326448071535092_n-696x522.jpg 696w, https:\/\/www.tercanbolgehaber.com\/wp-content\/uploads\/2026\/03\/656981052_1245128707737284_1916326448071535092_n-1068x801.jpg 1068w, https:\/\/www.tercanbolgehaber.com\/wp-content\/uploads\/2026\/03\/656981052_1245128707737284_1916326448071535092_n.jpg 1600w\" sizes=\"auto, (max-width: 1024px) 100vw, 1024px\" \/><\/figure>\n\n\n\n<p>Rafet amca ve aile bireyleriyle bir s\u00fcre sohbet ederek h\u00e2l ve hat\u0131rlar\u0131n\u0131 soran Vali Aydo\u011fdu, sergiledi\u011fi vefa ve merhametle \u00f6rnek olan, anne ve babas\u0131na kar\u015f\u0131 evlatl\u0131k g\u00f6revini b\u00fcy\u00fck bir \u00f6zveriyle yerine getiren k\u0131ymetli evlatlar\u0131 S\u00fcleyman \u00c7al\u0131k ve e\u015fine de te\u015fekk\u00fcrlerini iletti.<\/p>\n","protected":false},"excerpt":{"rendered":"<p>ERZ\u0130NCAN VAL\u0130S\u0130 HAMZA AYDO\u011eDU, BERABER\u0130NDEK\u0130 B\u0130R\u0130M AM\u0130RLER\u0130YLE B\u0130RL\u0130KTE ERZ\u0130NCAN MERKEZDE \u0130KAMET EDEN VAL\u0130 HAMZA AYDO\u011eDU\u2019DAN \u00c7ALIK A\u0130LES\u0130NE ANLAMLI Z\u0130YARET (TERCAN B\u00d6LGE HABER)HAYDAR CO\u015eKUNFIRAT Rafet amca ve aile bireyleriyle bir s\u00fcre sohbet ederek h\u00e2l ve hat\u0131rlar\u0131n\u0131 soran Vali Aydo\u011fdu, sergiledi\u011fi vefa ve merhametle \u00f6rnek olan, anne ve babas\u0131na kar\u015f\u0131 evlatl\u0131k g\u00f6revini b\u00fcy\u00fck bir \u00f6zveriyle yerine getiren [&hellip;]<\/p>\n","protected":false},"author":2,"featured_media":7529,"comment_status":"closed","ping_status":"open","sticky":false,"template":"","format":"standard","meta":{"footnotes":""},"categories":[35],"tags":[],"class_list":{"0":"post-7528","1":"post","2":"type-post","3":"status-publish","4":"format-standard","5":"has-post-thumbnail","7":"category-manset"},"yoast_head":"<!-- This site is optimized with the Yoast SEO plugin v27.2 - https:\/\/yoast.com\/product\/yoast-seo-wordpress\/ -->\n<title>ERZ\u0130NCAN VAL\u0130S\u0130 AYDO\u011eDU\u2019DAN \u00d6RNEK VEFA - TERCAN B&Ouml;LGE HABER<\/title>\n<meta name=\"robots\" content=\"index, follow, max-snippet:-1, max-image-preview:large, max-video-preview:-1\" \/>\n<link rel=\"canonical\" href=\"https:\/\/www.tercanbolgehaber.com\/index.php\/2026\/03\/29\/erzincan-valisi-aydogdudan-ornek-vefa\/\" \/>\n<meta property=\"og:locale\" content=\"tr_TR\" \/>\n<meta property=\"og:type\" content=\"article\" \/>\n<meta property=\"og:title\" content=\"ERZ\u0130NCAN VAL\u0130S\u0130 AYDO\u011eDU\u2019DAN \u00d6RNEK VEFA - TERCAN B&Ouml;LGE HABER\" \/>\n<meta property=\"og:description\" content=\"ERZ\u0130NCAN VAL\u0130S\u0130 HAMZA AYDO\u011eDU, BERABER\u0130NDEK\u0130 B\u0130R\u0130M AM\u0130RLER\u0130YLE B\u0130RL\u0130KTE ERZ\u0130NCAN MERKEZDE \u0130KAMET EDEN VAL\u0130 HAMZA AYDO\u011eDU\u2019DAN \u00c7ALIK A\u0130LES\u0130NE ANLAMLI Z\u0130YARET (TERCAN B\u00d6LGE HABER)HAYDAR CO\u015eKUNFIRAT Rafet amca ve aile bireyleriyle bir s\u00fcre sohbet ederek h\u00e2l ve hat\u0131rlar\u0131n\u0131 soran Vali Aydo\u011fdu, sergiledi\u011fi vefa ve merhametle \u00f6rnek olan, anne ve babas\u0131na kar\u015f\u0131 evlatl\u0131k g\u00f6revini b\u00fcy\u00fck bir \u00f6zveriyle yerine getiren [&hellip;]\" \/>\n<meta property=\"og:url\" content=\"https:\/\/www.tercanbolgehaber.com\/index.php\/2026\/03\/29\/erzincan-valisi-aydogdudan-ornek-vefa\/\" \/>\n<meta property=\"og:site_name\" content=\"TERCAN B&Ouml;LGE HABER\" \/>\n<meta property=\"article:published_time\" content=\"2026-03-29T07:41:21+00:00\" \/>\n<meta property=\"article:modified_time\" content=\"2026-03-29T07:41:23+00:00\" \/>\n<meta property=\"og:image\" content=\"http:\/\/www.tercanbolgehaber.com\/wp-content\/uploads\/2026\/03\/657337126_1245128667737288_3526489073655445675_n.jpg\" \/>\n\t<meta property=\"og:image:width\" content=\"590\" \/>\n\t<meta property=\"og:image:height\" content=\"443\" \/>\n\t<meta property=\"og:image:type\" content=\"image\/jpeg\" \/>\n<meta name=\"author\" content=\"Haydar Co\u015fkunf\u0131rat\" \/>\n<meta name=\"twitter:card\" content=\"summary_large_image\" \/>\n<meta name=\"twitter:label1\" content=\"Yazan:\" \/>\n\t<meta name=\"twitter:data1\" content=\"Haydar Co\u015fkunf\u0131rat\" \/>\n\t<meta name=\"twitter:label2\" content=\"Tahmini okuma s\u00fcresi\" \/>\n\t<meta name=\"twitter:data2\" content=\"1 dakika\" \/>\n<script type=\"application\/ld+json\" class=\"yoast-schema-graph\">{\"@context\":\"https:\/\/schema.org\",\"@graph\":[{\"@type\":\"Article\",\"@id\":\"https:\/\/www.tercanbolgehaber.com\/index.php\/2026\/03\/29\/erzincan-valisi-aydogdudan-ornek-vefa\/#article\",\"isPartOf\":{\"@id\":\"https:\/\/www.tercanbolgehaber.com\/index.php\/2026\/03\/29\/erzincan-valisi-aydogdudan-ornek-vefa\/\"},\"author\":{\"name\":\"Haydar Co\u015fkunf\u0131rat\",\"@id\":\"https:\/\/www.tercanbolgehaber.com\/#\/schema\/person\/588559f88c7997eaeefe12a53785fb5e\"},\"headline\":\"ERZ\u0130NCAN VAL\u0130S\u0130 AYDO\u011eDU\u2019DAN \u00d6RNEK VEFA\",\"datePublished\":\"2026-03-29T07:41:21+00:00\",\"dateModified\":\"2026-03-29T07:41:23+00:00\",\"mainEntityOfPage\":{\"@id\":\"https:\/\/www.tercanbolgehaber.com\/index.php\/2026\/03\/29\/erzincan-valisi-aydogdudan-ornek-vefa\/\"},\"wordCount\":109,\"publisher\":{\"@id\":\"https:\/\/www.tercanbolgehaber.com\/#organization\"},\"image\":{\"@id\":\"https:\/\/www.tercanbolgehaber.com\/index.php\/2026\/03\/29\/erzincan-valisi-aydogdudan-ornek-vefa\/#primaryimage\"},\"thumbnailUrl\":\"https:\/\/www.tercanbolgehaber.com\/wp-content\/uploads\/2026\/03\/657337126_1245128667737288_3526489073655445675_n.jpg\",\"articleSection\":[\"Man\u015fet\"],\"inLanguage\":\"tr\"},{\"@type\":\"WebPage\",\"@id\":\"https:\/\/www.tercanbolgehaber.com\/index.php\/2026\/03\/29\/erzincan-valisi-aydogdudan-ornek-vefa\/\",\"url\":\"https:\/\/www.tercanbolgehaber.com\/index.php\/2026\/03\/29\/erzincan-valisi-aydogdudan-ornek-vefa\/\",\"name\":\"ERZ\u0130NCAN VAL\u0130S\u0130 AYDO\u011eDU\u2019DAN \u00d6RNEK VEFA - TERCAN B&Ouml;LGE HABER\",\"isPartOf\":{\"@id\":\"https:\/\/www.tercanbolgehaber.com\/#website\"},\"primaryImageOfPage\":{\"@id\":\"https:\/\/www.tercanbolgehaber.com\/index.php\/2026\/03\/29\/erzincan-valisi-aydogdudan-ornek-vefa\/#primaryimage\"},\"image\":{\"@id\":\"https:\/\/www.tercanbolgehaber.com\/index.php\/2026\/03\/29\/erzincan-valisi-aydogdudan-ornek-vefa\/#primaryimage\"},\"thumbnailUrl\":\"https:\/\/www.tercanbolgehaber.com\/wp-content\/uploads\/2026\/03\/657337126_1245128667737288_3526489073655445675_n.jpg\",\"datePublished\":\"2026-03-29T07:41:21+00:00\",\"dateModified\":\"2026-03-29T07:41:23+00:00\",\"breadcrumb\":{\"@id\":\"https:\/\/www.tercanbolgehaber.com\/index.php\/2026\/03\/29\/erzincan-valisi-aydogdudan-ornek-vefa\/#breadcrumb\"},\"inLanguage\":\"tr\",\"potentialAction\":[{\"@type\":\"ReadAction\",\"target\":[\"https:\/\/www.tercanbolgehaber.com\/index.php\/2026\/03\/29\/erzincan-valisi-aydogdudan-ornek-vefa\/\"]}]},{\"@type\":\"ImageObject\",\"inLanguage\":\"tr\",\"@id\":\"https:\/\/www.tercanbolgehaber.com\/index.php\/2026\/03\/29\/erzincan-valisi-aydogdudan-ornek-vefa\/#primaryimage\",\"url\":\"https:\/\/www.tercanbolgehaber.com\/wp-content\/uploads\/2026\/03\/657337126_1245128667737288_3526489073655445675_n.jpg\",\"contentUrl\":\"https:\/\/www.tercanbolgehaber.com\/wp-content\/uploads\/2026\/03\/657337126_1245128667737288_3526489073655445675_n.jpg\",\"width\":590,\"height\":443},{\"@type\":\"BreadcrumbList\",\"@id\":\"https:\/\/www.tercanbolgehaber.com\/index.php\/2026\/03\/29\/erzincan-valisi-aydogdudan-ornek-vefa\/#breadcrumb\",\"itemListElement\":[{\"@type\":\"ListItem\",\"position\":1,\"name\":\"Anasayfa\",\"item\":\"https:\/\/www.tercanbolgehaber.com\/\"},{\"@type\":\"ListItem\",\"position\":2,\"name\":\"ERZ\u0130NCAN VAL\u0130S\u0130 AYDO\u011eDU\u2019DAN \u00d6RNEK VEFA\"}]},{\"@type\":\"WebSite\",\"@id\":\"https:\/\/www.tercanbolgehaber.com\/#website\",\"url\":\"https:\/\/www.tercanbolgehaber.com\/\",\"name\":\"TERCAN B&Ouml;LGE HABER\",\"description\":\"HALK'IN HABER PORTALI\",\"publisher\":{\"@id\":\"https:\/\/www.tercanbolgehaber.com\/#organization\"},\"potentialAction\":[{\"@type\":\"SearchAction\",\"target\":{\"@type\":\"EntryPoint\",\"urlTemplate\":\"https:\/\/www.tercanbolgehaber.com\/?s={search_term_string}\"},\"query-input\":{\"@type\":\"PropertyValueSpecification\",\"valueRequired\":true,\"valueName\":\"search_term_string\"}}],\"inLanguage\":\"tr\"},{\"@type\":\"Organization\",\"@id\":\"https:\/\/www.tercanbolgehaber.com\/#organization\",\"name\":\"Tercan B\u00f6lge Haber\",\"url\":\"https:\/\/www.tercanbolgehaber.com\/\",\"logo\":{\"@type\":\"ImageObject\",\"inLanguage\":\"tr\",\"@id\":\"https:\/\/www.tercanbolgehaber.com\/#\/schema\/logo\/image\/\",\"url\":\"http:\/\/www.tercanbolgehaber.com\/wp-content\/uploads\/2022\/04\/logo_yeni.png\",\"contentUrl\":\"http:\/\/www.tercanbolgehaber.com\/wp-content\/uploads\/2022\/04\/logo_yeni.png\",\"width\":250,\"height\":123,\"caption\":\"Tercan B\u00f6lge Haber\"},\"image\":{\"@id\":\"https:\/\/www.tercanbolgehaber.com\/#\/schema\/logo\/image\/\"}},{\"@type\":\"Person\",\"@id\":\"https:\/\/www.tercanbolgehaber.com\/#\/schema\/person\/588559f88c7997eaeefe12a53785fb5e\",\"name\":\"Haydar Co\u015fkunf\u0131rat\",\"image\":{\"@type\":\"ImageObject\",\"inLanguage\":\"tr\",\"@id\":\"https:\/\/secure.gravatar.com\/avatar\/1992688ffa73c31cf68142c3401bd1f8b600612718310d5da53a0f7a4a562ace?s=96&d=mm&r=g\",\"url\":\"https:\/\/secure.gravatar.com\/avatar\/1992688ffa73c31cf68142c3401bd1f8b600612718310d5da53a0f7a4a562ace?s=96&d=mm&r=g\",\"contentUrl\":\"https:\/\/secure.gravatar.com\/avatar\/1992688ffa73c31cf68142c3401bd1f8b600612718310d5da53a0f7a4a562ace?s=96&d=mm&r=g\",\"caption\":\"Haydar Co\u015fkunf\u0131rat\"},\"url\":\"https:\/\/www.tercanbolgehaber.com\/index.php\/author\/haydar\/\"}]}<\/script>\n<!-- \/ Yoast SEO plugin. -->","yoast_head_json":{"title":"ERZ\u0130NCAN VAL\u0130S\u0130 AYDO\u011eDU\u2019DAN \u00d6RNEK VEFA - TERCAN B&Ouml;LGE HABER","robots":{"index":"index","follow":"follow","max-snippet":"max-snippet:-1","max-image-preview":"max-image-preview:large","max-video-preview":"max-video-preview:-1"},"canonical":"https:\/\/www.tercanbolgehaber.com\/index.php\/2026\/03\/29\/erzincan-valisi-aydogdudan-ornek-vefa\/","og_locale":"tr_TR","og_type":"article","og_title":"ERZ\u0130NCAN VAL\u0130S\u0130 AYDO\u011eDU\u2019DAN \u00d6RNEK VEFA - TERCAN B&Ouml;LGE HABER","og_description":"ERZ\u0130NCAN VAL\u0130S\u0130 HAMZA AYDO\u011eDU, BERABER\u0130NDEK\u0130 B\u0130R\u0130M AM\u0130RLER\u0130YLE B\u0130RL\u0130KTE ERZ\u0130NCAN MERKEZDE \u0130KAMET EDEN VAL\u0130 HAMZA AYDO\u011eDU\u2019DAN \u00c7ALIK A\u0130LES\u0130NE ANLAMLI Z\u0130YARET (TERCAN B\u00d6LGE HABER)HAYDAR CO\u015eKUNFIRAT Rafet amca ve aile bireyleriyle bir s\u00fcre sohbet ederek h\u00e2l ve hat\u0131rlar\u0131n\u0131 soran Vali Aydo\u011fdu, sergiledi\u011fi vefa ve merhametle \u00f6rnek olan, anne ve babas\u0131na kar\u015f\u0131 evlatl\u0131k g\u00f6revini b\u00fcy\u00fck bir \u00f6zveriyle yerine getiren [&hellip;]","og_url":"https:\/\/www.tercanbolgehaber.com\/index.php\/2026\/03\/29\/erzincan-valisi-aydogdudan-ornek-vefa\/","og_site_name":"TERCAN B&Ouml;LGE HABER","article_published_time":"2026-03-29T07:41:21+00:00","article_modified_time":"2026-03-29T07:41:23+00:00","og_image":[{"width":590,"height":443,"url":"http:\/\/www.tercanbolgehaber.com\/wp-content\/uploads\/2026\/03\/657337126_1245128667737288_3526489073655445675_n.jpg","type":"image\/jpeg"}],"author":"Haydar Co\u015fkunf\u0131rat","twitter_card":"summary_large_image","twitter_misc":{"Yazan:":"Haydar Co\u015fkunf\u0131rat","Tahmini okuma s\u00fcresi":"1 dakika"},"schema":{"@context":"https:\/\/schema.org","@graph":[{"@type":"Article","@id":"https:\/\/www.tercanbolgehaber.com\/index.php\/2026\/03\/29\/erzincan-valisi-aydogdudan-ornek-vefa\/#article","isPartOf":{"@id":"https:\/\/www.tercanbolgehaber.com\/index.php\/2026\/03\/29\/erzincan-valisi-aydogdudan-ornek-vefa\/"},"author":{"name":"Haydar Co\u015fkunf\u0131rat","@id":"https:\/\/www.tercanbolgehaber.com\/#\/schema\/person\/588559f88c7997eaeefe12a53785fb5e"},"headline":"ERZ\u0130NCAN VAL\u0130S\u0130 AYDO\u011eDU\u2019DAN \u00d6RNEK VEFA","datePublished":"2026-03-29T07:41:21+00:00","dateModified":"2026-03-29T07:41:23+00:00","mainEntityOfPage":{"@id":"https:\/\/www.tercanbolgehaber.com\/index.php\/2026\/03\/29\/erzincan-valisi-aydogdudan-ornek-vefa\/"},"wordCount":109,"publisher":{"@id":"https:\/\/www.tercanbolgehaber.com\/#organization"},"image":{"@id":"https:\/\/www.tercanbolgehaber.com\/index.php\/2026\/03\/29\/erzincan-valisi-aydogdudan-ornek-vefa\/#primaryimage"},"thumbnailUrl":"https:\/\/www.tercanbolgehaber.com\/wp-content\/uploads\/2026\/03\/657337126_1245128667737288_3526489073655445675_n.jpg","articleSection":["Man\u015fet"],"inLanguage":"tr"},{"@type":"WebPage","@id":"https:\/\/www.tercanbolgehaber.com\/index.php\/2026\/03\/29\/erzincan-valisi-aydogdudan-ornek-vefa\/","url":"https:\/\/www.tercanbolgehaber.com\/index.php\/2026\/03\/29\/erzincan-valisi-aydogdudan-ornek-vefa\/","name":"ERZ\u0130NCAN VAL\u0130S\u0130 AYDO\u011eDU\u2019DAN \u00d6RNEK VEFA - TERCAN B&Ouml;LGE HABER","isPartOf":{"@id":"https:\/\/www.tercanbolgehaber.com\/#website"},"primaryImageOfPage":{"@id":"https:\/\/www.tercanbolgehaber.com\/index.php\/2026\/03\/29\/erzincan-valisi-aydogdudan-ornek-vefa\/#primaryimage"},"image":{"@id":"https:\/\/www.tercanbolgehaber.com\/index.php\/2026\/03\/29\/erzincan-valisi-aydogdudan-ornek-vefa\/#primaryimage"},"thumbnailUrl":"https:\/\/www.tercanbolgehaber.com\/wp-content\/uploads\/2026\/03\/657337126_1245128667737288_3526489073655445675_n.jpg","datePublished":"2026-03-29T07:41:21+00:00","dateModified":"2026-03-29T07:41:23+00:00","breadcrumb":{"@id":"https:\/\/www.tercanbolgehaber.com\/index.php\/2026\/03\/29\/erzincan-valisi-aydogdudan-ornek-vefa\/#breadcrumb"},"inLanguage":"tr","potentialAction":[{"@type":"ReadAction","target":["https:\/\/www.tercanbolgehaber.com\/index.php\/2026\/03\/29\/erzincan-valisi-aydogdudan-ornek-vefa\/"]}]},{"@type":"ImageObject","inLanguage":"tr","@id":"https:\/\/www.tercanbolgehaber.com\/index.php\/2026\/03\/29\/erzincan-valisi-aydogdudan-ornek-vefa\/#primaryimage","url":"https:\/\/www.tercanbolgehaber.com\/wp-content\/uploads\/2026\/03\/657337126_1245128667737288_3526489073655445675_n.jpg","contentUrl":"https:\/\/www.tercanbolgehaber.com\/wp-content\/uploads\/2026\/03\/657337126_1245128667737288_3526489073655445675_n.jpg","width":590,"height":443},{"@type":"BreadcrumbList","@id":"https:\/\/www.tercanbolgehaber.com\/index.php\/2026\/03\/29\/erzincan-valisi-aydogdudan-ornek-vefa\/#breadcrumb","itemListElement":[{"@type":"ListItem","position":1,"name":"Anasayfa","item":"https:\/\/www.tercanbolgehaber.com\/"},{"@type":"ListItem","position":2,"name":"ERZ\u0130NCAN VAL\u0130S\u0130 AYDO\u011eDU\u2019DAN \u00d6RNEK VEFA"}]},{"@type":"WebSite","@id":"https:\/\/www.tercanbolgehaber.com\/#website","url":"https:\/\/www.tercanbolgehaber.com\/","name":"TERCAN B&Ouml;LGE HABER","description":"HALK'IN HABER PORTALI","publisher":{"@id":"https:\/\/www.tercanbolgehaber.com\/#organization"},"potentialAction":[{"@type":"SearchAction","target":{"@type":"EntryPoint","urlTemplate":"https:\/\/www.tercanbolgehaber.com\/?s={search_term_string}"},"query-input":{"@type":"PropertyValueSpecification","valueRequired":true,"valueName":"search_term_string"}}],"inLanguage":"tr"},{"@type":"Organization","@id":"https:\/\/www.tercanbolgehaber.com\/#organization","name":"Tercan B\u00f6lge Haber","url":"https:\/\/www.tercanbolgehaber.com\/","logo":{"@type":"ImageObject","inLanguage":"tr","@id":"https:\/\/www.tercanbolgehaber.com\/#\/schema\/logo\/image\/","url":"http:\/\/www.tercanbolgehaber.com\/wp-content\/uploads\/2022\/04\/logo_yeni.png","contentUrl":"http:\/\/www.tercanbolgehaber.com\/wp-content\/uploads\/2022\/04\/logo_yeni.png","width":250,"height":123,"caption":"Tercan B\u00f6lge Haber"},"image":{"@id":"https:\/\/www.tercanbolgehaber.com\/#\/schema\/logo\/image\/"}},{"@type":"Person","@id":"https:\/\/www.tercanbolgehaber.com\/#\/schema\/person\/588559f88c7997eaeefe12a53785fb5e","name":"Haydar Co\u015fkunf\u0131rat","image":{"@type":"ImageObject","inLanguage":"tr","@id":"https:\/\/secure.gravatar.com\/avatar\/1992688ffa73c31cf68142c3401bd1f8b600612718310d5da53a0f7a4a562ace?s=96&d=mm&r=g","url":"https:\/\/secure.gravatar.com\/avatar\/1992688ffa73c31cf68142c3401bd1f8b600612718310d5da53a0f7a4a562ace?s=96&d=mm&r=g","contentUrl":"https:\/\/secure.gravatar.com\/avatar\/1992688ffa73c31cf68142c3401bd1f8b600612718310d5da53a0f7a4a562ace?s=96&d=mm&r=g","caption":"Haydar Co\u015fkunf\u0131rat"},"url":"https:\/\/www.tercanbolgehaber.com\/index.php\/author\/haydar\/"}]}},"_links":{"self":[{"href":"https:\/\/www.tercanbolgehaber.com\/index.php\/wp-json\/wp\/v2\/posts\/7528","targetHints":{"allow":["GET"]}}],"collection":[{"href":"https:\/\/www.tercanbolgehaber.com\/index.php\/wp-json\/wp\/v2\/posts"}],"about":[{"href":"https:\/\/www.tercanbolgehaber.com\/index.php\/wp-json\/wp\/v2\/types\/post"}],"author":[{"embeddable":true,"href":"https:\/\/www.tercanbolgehaber.com\/index.php\/wp-json\/wp\/v2\/users\/2"}],"replies":[{"embeddable":true,"href":"https:\/\/www.tercanbolgehaber.com\/index.php\/wp-json\/wp\/v2\/comments?post=7528"}],"version-history":[{"count":1,"href":"https:\/\/www.tercanbolgehaber.com\/index.php\/wp-json\/wp\/v2\/posts\/7528\/revisions"}],"predecessor-version":[{"id":7531,"href":"https:\/\/www.tercanbolgehaber.com\/index.php\/wp-json\/wp\/v2\/posts\/7528\/revisions\/7531"}],"wp:featuredmedia":[{"embeddable":true,"href":"https:\/\/www.tercanbolgehaber.com\/index.php\/wp-json\/wp\/v2\/media\/7529"}],"wp:attachment":[{"href":"https:\/\/www.tercanbolgehaber.com\/index.php\/wp-json\/wp\/v2\/media?parent=7528"}],"wp:term":[{"taxonomy":"category","embeddable":true,"href":"https:\/\/www.tercanbolgehaber.com\/index.php\/wp-json\/wp\/v2\/categories?post=7528"},{"taxonomy":"post_tag","embeddable":true,"href":"https:\/\/www.tercanbolgehaber.com\/index.php\/wp-json\/wp\/v2\/tags?post=7528"}],"curies":[{"name":"wp","href":"https:\/\/api.w.org\/{rel}","templated":true}]}}