{"id":7483,"date":"2026-03-24T06:31:07","date_gmt":"2026-03-24T06:31:07","guid":{"rendered":"https:\/\/www.tercanbolgehaber.com\/?p=7483"},"modified":"2026-03-24T06:31:10","modified_gmt":"2026-03-24T06:31:10","slug":"bayram-tatilinde-erzincan-tercan-ve-ilcelerinde-ust-duzeyde-trafik-denetimi","status":"publish","type":"post","link":"https:\/\/www.tercanbolgehaber.com\/index.php\/2026\/03\/24\/bayram-tatilinde-erzincan-tercan-ve-ilcelerinde-ust-duzeyde-trafik-denetimi\/","title":{"rendered":"BAYRAM TAT\u0130L\u0130NDE ERZ\u0130NCAN TERCAN\u00a0 VE \u0130L\u00c7ELER\u0130NDE \u2019 \u00dcST D\u00dcZEYDE TRAF\u0130K DENET\u0130M\u0130"},"content":{"rendered":"\n<p class=\"has-vivid-cyan-blue-background-color has-background\">ERZ\u0130NCAN\u2019DA RAMAZAN BAYRAMI BOYUNCA GER\u00c7EKLE\u015eT\u0130R\u0130LEN TRAF\u0130K UYGULAMALARINDA 11 B\u0130N 611 ARA\u00c7 DENETLEND\u0130. DENET\u0130MLER KAPSAMINDA B\u00d6LGE TRAF\u0130K DENETLEME \u015eUBE M\u00dcD\u00dcRL\u00dc\u011e\u00dc, TRAF\u0130K DENETLEME \u015eUBE M\u00dcD\u00dcRL\u00dc\u011e\u00dc, REFAH\u0130YE B\u00d6LGE TRAF\u0130K DENETLEME \u0130STASYON AM\u0130RL\u0130\u011e\u0130 \u0130LE TERCAN B\u00d6LGE TRAF\u0130K DENETLEME \u0130STASYON AM\u0130RL\u0130\u011e\u0130 EK\u0130PLER\u0130 KOORD\u0130NEL\u0130 \u015eEK\u0130LDE G\u00d6REV ALDI.<\/p>\n\n\n\n<p class=\"has-luminous-vivid-amber-background-color has-background\">(TERCAN B\u00d6LGE HABER)HAYDAR CO\u015eKUNFIRAT<\/p>\n\n\n\n<figure class=\"wp-block-image size-full is-resized\"><img loading=\"lazy\" decoding=\"async\" width=\"276\" height=\"183\" src=\"https:\/\/www.tercanbolgehaber.com\/wp-content\/uploads\/2026\/03\/images-12.jpg\" alt=\"\" class=\"wp-image-7485\" style=\"width:493px;height:auto\"\/><\/figure>\n\n\n\n<p>Erzincan\u2019da Ramazan Bayram\u0131 tatili boyunca vatanda\u015flar\u0131n g\u00fcvenli bir \u015fekilde seyahat etmelerini sa\u011flamak ve trafik kazalar\u0131n\u0131n \u00f6n\u00fcne ge\u00e7mek amac\u0131yla \u0130l Emniyet M\u00fcd\u00fcrl\u00fc\u011f\u00fc ekipleri taraf\u0131ndan geni\u015f kapsaml\u0131 trafik denetimleri ger\u00e7ekle\u015ftirildi. Kent genelinde y\u00fcr\u00fct\u00fclen uygulamalarda toplam 11 bin 611 ara\u00e7 kontrol edilerek s\u00fcr\u00fcc\u00fcler trafik kurallar\u0131 konusunda denetlendi.<\/p>\n\n\n\n<p>Bayram s\u00fcrecinde ya\u015fanabilecek olas\u0131 kazalar\u0131n \u00f6n\u00fcne ge\u00e7ilmesi amac\u0131yla yap\u0131lan denetimlerde s\u00fcr\u00fcc\u00fclerin h\u0131z kurallar\u0131, emniyet kemeri kullan\u0131m\u0131, yolcu g\u00fcvenli\u011fi ve genel trafik kurallar\u0131na uyumu titizlikle incelendi.<\/p>\n\n\n\n<p>Erzincan Trafik Uygulamalar\u0131na 220 Personel Kat\u0131ld\u0131<\/p>\n\n\n\n<p>Denetimler kapsam\u0131nda B\u00f6lge Trafik Denetleme \u015eube M\u00fcd\u00fcrl\u00fc\u011f\u00fc, Trafik Denetleme \u015eube M\u00fcd\u00fcrl\u00fc\u011f\u00fc, Refahiye B\u00f6lge Trafik Denetleme \u0130stasyon Amirli\u011fi ile Tercan B\u00f6lge Trafik Denetleme \u0130stasyon Amirli\u011fi ekipleri koordineli \u015fekilde g\u00f6rev ald\u0131.<\/p>\n\n\n\n<p>Toplam 53 ara\u00e7 ve 220 personelin kat\u0131l\u0131m\u0131yla ger\u00e7ekle\u015ftirilen uygulamalar, \u015fehir merkezi ba\u015fta olmak \u00fczere ana arterler, \u015fehirleraras\u0131 ba\u011flant\u0131 yollar\u0131 ve yo\u011fun trafik noktalar\u0131nda e\u015f zamanl\u0131 olarak y\u00fcr\u00fct\u00fcld\u00fc.<\/p>\n\n\n\n<p>Yetkililer, bayram tatili s\u00fcresince trafik g\u00fcvenli\u011finin sa\u011flanmas\u0131na y\u00f6nelik denetimlerin planl\u0131 \u015fekilde s\u00fcrd\u00fcr\u00fcld\u00fc\u011f\u00fcn\u00fc ve s\u00fcr\u00fcc\u00fclerin kurallara uyumunun art\u0131r\u0131lmas\u0131n\u0131n hedeflendi\u011fini belirtti.<\/p>\n","protected":false},"excerpt":{"rendered":"<p>ERZ\u0130NCAN\u2019DA RAMAZAN BAYRAMI BOYUNCA GER\u00c7EKLE\u015eT\u0130R\u0130LEN TRAF\u0130K UYGULAMALARINDA 11 B\u0130N 611 ARA\u00c7 DENETLEND\u0130. DENET\u0130MLER KAPSAMINDA B\u00d6LGE TRAF\u0130K DENETLEME \u015eUBE M\u00dcD\u00dcRL\u00dc\u011e\u00dc, TRAF\u0130K DENETLEME \u015eUBE M\u00dcD\u00dcRL\u00dc\u011e\u00dc, REFAH\u0130YE B\u00d6LGE TRAF\u0130K DENETLEME \u0130STASYON AM\u0130RL\u0130\u011e\u0130 \u0130LE TERCAN B\u00d6LGE TRAF\u0130K DENETLEME \u0130STASYON AM\u0130RL\u0130\u011e\u0130 EK\u0130PLER\u0130 KOORD\u0130NEL\u0130 \u015eEK\u0130LDE G\u00d6REV ALDI. (TERCAN B\u00d6LGE HABER)HAYDAR CO\u015eKUNFIRAT Erzincan\u2019da Ramazan Bayram\u0131 tatili boyunca vatanda\u015flar\u0131n g\u00fcvenli bir \u015fekilde seyahat [&hellip;]<\/p>\n","protected":false},"author":2,"featured_media":7484,"comment_status":"closed","ping_status":"open","sticky":false,"template":"","format":"standard","meta":{"footnotes":""},"categories":[35],"tags":[],"class_list":{"0":"post-7483","1":"post","2":"type-post","3":"status-publish","4":"format-standard","5":"has-post-thumbnail","7":"category-manset"},"yoast_head":"<!-- This site is optimized with the Yoast SEO plugin v27.2 - https:\/\/yoast.com\/product\/yoast-seo-wordpress\/ -->\n<title>BAYRAM TAT\u0130L\u0130NDE ERZ\u0130NCAN TERCAN\u00a0 VE \u0130L\u00c7ELER\u0130NDE \u2019 \u00dcST D\u00dcZEYDE TRAF\u0130K DENET\u0130M\u0130 - TERCAN B&Ouml;LGE HABER<\/title>\n<meta name=\"robots\" content=\"index, follow, max-snippet:-1, max-image-preview:large, max-video-preview:-1\" \/>\n<link rel=\"canonical\" href=\"https:\/\/www.tercanbolgehaber.com\/index.php\/2026\/03\/24\/bayram-tatilinde-erzincan-tercan-ve-ilcelerinde-ust-duzeyde-trafik-denetimi\/\" \/>\n<meta property=\"og:locale\" content=\"tr_TR\" \/>\n<meta property=\"og:type\" content=\"article\" \/>\n<meta property=\"og:title\" content=\"BAYRAM TAT\u0130L\u0130NDE ERZ\u0130NCAN TERCAN\u00a0 VE \u0130L\u00c7ELER\u0130NDE \u2019 \u00dcST D\u00dcZEYDE TRAF\u0130K DENET\u0130M\u0130 - TERCAN B&Ouml;LGE HABER\" \/>\n<meta property=\"og:description\" content=\"ERZ\u0130NCAN\u2019DA RAMAZAN BAYRAMI BOYUNCA GER\u00c7EKLE\u015eT\u0130R\u0130LEN TRAF\u0130K UYGULAMALARINDA 11 B\u0130N 611 ARA\u00c7 DENETLEND\u0130. DENET\u0130MLER KAPSAMINDA B\u00d6LGE TRAF\u0130K DENETLEME \u015eUBE M\u00dcD\u00dcRL\u00dc\u011e\u00dc, TRAF\u0130K DENETLEME \u015eUBE M\u00dcD\u00dcRL\u00dc\u011e\u00dc, REFAH\u0130YE B\u00d6LGE TRAF\u0130K DENETLEME \u0130STASYON AM\u0130RL\u0130\u011e\u0130 \u0130LE TERCAN B\u00d6LGE TRAF\u0130K DENETLEME \u0130STASYON AM\u0130RL\u0130\u011e\u0130 EK\u0130PLER\u0130 KOORD\u0130NEL\u0130 \u015eEK\u0130LDE G\u00d6REV ALDI. (TERCAN B\u00d6LGE HABER)HAYDAR CO\u015eKUNFIRAT Erzincan\u2019da Ramazan Bayram\u0131 tatili boyunca vatanda\u015flar\u0131n g\u00fcvenli bir \u015fekilde seyahat [&hellip;]\" \/>\n<meta property=\"og:url\" content=\"https:\/\/www.tercanbolgehaber.com\/index.php\/2026\/03\/24\/bayram-tatilinde-erzincan-tercan-ve-ilcelerinde-ust-duzeyde-trafik-denetimi\/\" \/>\n<meta property=\"og:site_name\" content=\"TERCAN B&Ouml;LGE HABER\" \/>\n<meta property=\"article:published_time\" content=\"2026-03-24T06:31:07+00:00\" \/>\n<meta property=\"article:modified_time\" content=\"2026-03-24T06:31:10+00:00\" \/>\n<meta property=\"og:image\" content=\"http:\/\/www.tercanbolgehaber.com\/wp-content\/uploads\/2026\/03\/images-1-8.jpg\" \/>\n\t<meta property=\"og:image:width\" content=\"300\" \/>\n\t<meta property=\"og:image:height\" content=\"168\" \/>\n\t<meta property=\"og:image:type\" content=\"image\/jpeg\" \/>\n<meta name=\"author\" content=\"Haydar Co\u015fkunf\u0131rat\" \/>\n<meta name=\"twitter:card\" content=\"summary_large_image\" \/>\n<meta name=\"twitter:label1\" content=\"Yazan:\" \/>\n\t<meta name=\"twitter:data1\" content=\"Haydar Co\u015fkunf\u0131rat\" \/>\n\t<meta name=\"twitter:label2\" content=\"Tahmini okuma s\u00fcresi\" \/>\n\t<meta name=\"twitter:data2\" content=\"1 dakika\" \/>\n<script type=\"application\/ld+json\" class=\"yoast-schema-graph\">{\"@context\":\"https:\/\/schema.org\",\"@graph\":[{\"@type\":\"Article\",\"@id\":\"https:\/\/www.tercanbolgehaber.com\/index.php\/2026\/03\/24\/bayram-tatilinde-erzincan-tercan-ve-ilcelerinde-ust-duzeyde-trafik-denetimi\/#article\",\"isPartOf\":{\"@id\":\"https:\/\/www.tercanbolgehaber.com\/index.php\/2026\/03\/24\/bayram-tatilinde-erzincan-tercan-ve-ilcelerinde-ust-duzeyde-trafik-denetimi\/\"},\"author\":{\"name\":\"Haydar Co\u015fkunf\u0131rat\",\"@id\":\"https:\/\/www.tercanbolgehaber.com\/#\/schema\/person\/588559f88c7997eaeefe12a53785fb5e\"},\"headline\":\"BAYRAM TAT\u0130L\u0130NDE ERZ\u0130NCAN TERCAN\u00a0 VE \u0130L\u00c7ELER\u0130NDE \u2019 \u00dcST D\u00dcZEYDE TRAF\u0130K DENET\u0130M\u0130\",\"datePublished\":\"2026-03-24T06:31:07+00:00\",\"dateModified\":\"2026-03-24T06:31:10+00:00\",\"mainEntityOfPage\":{\"@id\":\"https:\/\/www.tercanbolgehaber.com\/index.php\/2026\/03\/24\/bayram-tatilinde-erzincan-tercan-ve-ilcelerinde-ust-duzeyde-trafik-denetimi\/\"},\"wordCount\":315,\"publisher\":{\"@id\":\"https:\/\/www.tercanbolgehaber.com\/#organization\"},\"image\":{\"@id\":\"https:\/\/www.tercanbolgehaber.com\/index.php\/2026\/03\/24\/bayram-tatilinde-erzincan-tercan-ve-ilcelerinde-ust-duzeyde-trafik-denetimi\/#primaryimage\"},\"thumbnailUrl\":\"https:\/\/www.tercanbolgehaber.com\/wp-content\/uploads\/2026\/03\/images-1-8.jpg\",\"articleSection\":[\"Man\u015fet\"],\"inLanguage\":\"tr\"},{\"@type\":\"WebPage\",\"@id\":\"https:\/\/www.tercanbolgehaber.com\/index.php\/2026\/03\/24\/bayram-tatilinde-erzincan-tercan-ve-ilcelerinde-ust-duzeyde-trafik-denetimi\/\",\"url\":\"https:\/\/www.tercanbolgehaber.com\/index.php\/2026\/03\/24\/bayram-tatilinde-erzincan-tercan-ve-ilcelerinde-ust-duzeyde-trafik-denetimi\/\",\"name\":\"BAYRAM TAT\u0130L\u0130NDE ERZ\u0130NCAN TERCAN\u00a0 VE \u0130L\u00c7ELER\u0130NDE \u2019 \u00dcST D\u00dcZEYDE TRAF\u0130K DENET\u0130M\u0130 - TERCAN B&Ouml;LGE HABER\",\"isPartOf\":{\"@id\":\"https:\/\/www.tercanbolgehaber.com\/#website\"},\"primaryImageOfPage\":{\"@id\":\"https:\/\/www.tercanbolgehaber.com\/index.php\/2026\/03\/24\/bayram-tatilinde-erzincan-tercan-ve-ilcelerinde-ust-duzeyde-trafik-denetimi\/#primaryimage\"},\"image\":{\"@id\":\"https:\/\/www.tercanbolgehaber.com\/index.php\/2026\/03\/24\/bayram-tatilinde-erzincan-tercan-ve-ilcelerinde-ust-duzeyde-trafik-denetimi\/#primaryimage\"},\"thumbnailUrl\":\"https:\/\/www.tercanbolgehaber.com\/wp-content\/uploads\/2026\/03\/images-1-8.jpg\",\"datePublished\":\"2026-03-24T06:31:07+00:00\",\"dateModified\":\"2026-03-24T06:31:10+00:00\",\"breadcrumb\":{\"@id\":\"https:\/\/www.tercanbolgehaber.com\/index.php\/2026\/03\/24\/bayram-tatilinde-erzincan-tercan-ve-ilcelerinde-ust-duzeyde-trafik-denetimi\/#breadcrumb\"},\"inLanguage\":\"tr\",\"potentialAction\":[{\"@type\":\"ReadAction\",\"target\":[\"https:\/\/www.tercanbolgehaber.com\/index.php\/2026\/03\/24\/bayram-tatilinde-erzincan-tercan-ve-ilcelerinde-ust-duzeyde-trafik-denetimi\/\"]}]},{\"@type\":\"ImageObject\",\"inLanguage\":\"tr\",\"@id\":\"https:\/\/www.tercanbolgehaber.com\/index.php\/2026\/03\/24\/bayram-tatilinde-erzincan-tercan-ve-ilcelerinde-ust-duzeyde-trafik-denetimi\/#primaryimage\",\"url\":\"https:\/\/www.tercanbolgehaber.com\/wp-content\/uploads\/2026\/03\/images-1-8.jpg\",\"contentUrl\":\"https:\/\/www.tercanbolgehaber.com\/wp-content\/uploads\/2026\/03\/images-1-8.jpg\",\"width\":300,\"height\":168},{\"@type\":\"BreadcrumbList\",\"@id\":\"https:\/\/www.tercanbolgehaber.com\/index.php\/2026\/03\/24\/bayram-tatilinde-erzincan-tercan-ve-ilcelerinde-ust-duzeyde-trafik-denetimi\/#breadcrumb\",\"itemListElement\":[{\"@type\":\"ListItem\",\"position\":1,\"name\":\"Anasayfa\",\"item\":\"https:\/\/www.tercanbolgehaber.com\/\"},{\"@type\":\"ListItem\",\"position\":2,\"name\":\"BAYRAM TAT\u0130L\u0130NDE ERZ\u0130NCAN TERCAN\u00a0 VE \u0130L\u00c7ELER\u0130NDE \u2019 \u00dcST D\u00dcZEYDE TRAF\u0130K DENET\u0130M\u0130\"}]},{\"@type\":\"WebSite\",\"@id\":\"https:\/\/www.tercanbolgehaber.com\/#website\",\"url\":\"https:\/\/www.tercanbolgehaber.com\/\",\"name\":\"TERCAN B&Ouml;LGE HABER\",\"description\":\"HALK'IN HABER PORTALI\",\"publisher\":{\"@id\":\"https:\/\/www.tercanbolgehaber.com\/#organization\"},\"potentialAction\":[{\"@type\":\"SearchAction\",\"target\":{\"@type\":\"EntryPoint\",\"urlTemplate\":\"https:\/\/www.tercanbolgehaber.com\/?s={search_term_string}\"},\"query-input\":{\"@type\":\"PropertyValueSpecification\",\"valueRequired\":true,\"valueName\":\"search_term_string\"}}],\"inLanguage\":\"tr\"},{\"@type\":\"Organization\",\"@id\":\"https:\/\/www.tercanbolgehaber.com\/#organization\",\"name\":\"Tercan B\u00f6lge Haber\",\"url\":\"https:\/\/www.tercanbolgehaber.com\/\",\"logo\":{\"@type\":\"ImageObject\",\"inLanguage\":\"tr\",\"@id\":\"https:\/\/www.tercanbolgehaber.com\/#\/schema\/logo\/image\/\",\"url\":\"http:\/\/www.tercanbolgehaber.com\/wp-content\/uploads\/2022\/04\/logo_yeni.png\",\"contentUrl\":\"http:\/\/www.tercanbolgehaber.com\/wp-content\/uploads\/2022\/04\/logo_yeni.png\",\"width\":250,\"height\":123,\"caption\":\"Tercan B\u00f6lge Haber\"},\"image\":{\"@id\":\"https:\/\/www.tercanbolgehaber.com\/#\/schema\/logo\/image\/\"}},{\"@type\":\"Person\",\"@id\":\"https:\/\/www.tercanbolgehaber.com\/#\/schema\/person\/588559f88c7997eaeefe12a53785fb5e\",\"name\":\"Haydar Co\u015fkunf\u0131rat\",\"image\":{\"@type\":\"ImageObject\",\"inLanguage\":\"tr\",\"@id\":\"https:\/\/secure.gravatar.com\/avatar\/1992688ffa73c31cf68142c3401bd1f8b600612718310d5da53a0f7a4a562ace?s=96&d=mm&r=g\",\"url\":\"https:\/\/secure.gravatar.com\/avatar\/1992688ffa73c31cf68142c3401bd1f8b600612718310d5da53a0f7a4a562ace?s=96&d=mm&r=g\",\"contentUrl\":\"https:\/\/secure.gravatar.com\/avatar\/1992688ffa73c31cf68142c3401bd1f8b600612718310d5da53a0f7a4a562ace?s=96&d=mm&r=g\",\"caption\":\"Haydar Co\u015fkunf\u0131rat\"},\"url\":\"https:\/\/www.tercanbolgehaber.com\/index.php\/author\/haydar\/\"}]}<\/script>\n<!-- \/ Yoast SEO plugin. -->","yoast_head_json":{"title":"BAYRAM TAT\u0130L\u0130NDE ERZ\u0130NCAN TERCAN\u00a0 VE \u0130L\u00c7ELER\u0130NDE \u2019 \u00dcST D\u00dcZEYDE TRAF\u0130K DENET\u0130M\u0130 - TERCAN B&Ouml;LGE HABER","robots":{"index":"index","follow":"follow","max-snippet":"max-snippet:-1","max-image-preview":"max-image-preview:large","max-video-preview":"max-video-preview:-1"},"canonical":"https:\/\/www.tercanbolgehaber.com\/index.php\/2026\/03\/24\/bayram-tatilinde-erzincan-tercan-ve-ilcelerinde-ust-duzeyde-trafik-denetimi\/","og_locale":"tr_TR","og_type":"article","og_title":"BAYRAM TAT\u0130L\u0130NDE ERZ\u0130NCAN TERCAN\u00a0 VE \u0130L\u00c7ELER\u0130NDE \u2019 \u00dcST D\u00dcZEYDE TRAF\u0130K DENET\u0130M\u0130 - TERCAN B&Ouml;LGE HABER","og_description":"ERZ\u0130NCAN\u2019DA RAMAZAN BAYRAMI BOYUNCA GER\u00c7EKLE\u015eT\u0130R\u0130LEN TRAF\u0130K UYGULAMALARINDA 11 B\u0130N 611 ARA\u00c7 DENETLEND\u0130. DENET\u0130MLER KAPSAMINDA B\u00d6LGE TRAF\u0130K DENETLEME \u015eUBE M\u00dcD\u00dcRL\u00dc\u011e\u00dc, TRAF\u0130K DENETLEME \u015eUBE M\u00dcD\u00dcRL\u00dc\u011e\u00dc, REFAH\u0130YE B\u00d6LGE TRAF\u0130K DENETLEME \u0130STASYON AM\u0130RL\u0130\u011e\u0130 \u0130LE TERCAN B\u00d6LGE TRAF\u0130K DENETLEME \u0130STASYON AM\u0130RL\u0130\u011e\u0130 EK\u0130PLER\u0130 KOORD\u0130NEL\u0130 \u015eEK\u0130LDE G\u00d6REV ALDI. (TERCAN B\u00d6LGE HABER)HAYDAR CO\u015eKUNFIRAT Erzincan\u2019da Ramazan Bayram\u0131 tatili boyunca vatanda\u015flar\u0131n g\u00fcvenli bir \u015fekilde seyahat [&hellip;]","og_url":"https:\/\/www.tercanbolgehaber.com\/index.php\/2026\/03\/24\/bayram-tatilinde-erzincan-tercan-ve-ilcelerinde-ust-duzeyde-trafik-denetimi\/","og_site_name":"TERCAN B&Ouml;LGE HABER","article_published_time":"2026-03-24T06:31:07+00:00","article_modified_time":"2026-03-24T06:31:10+00:00","og_image":[{"width":300,"height":168,"url":"http:\/\/www.tercanbolgehaber.com\/wp-content\/uploads\/2026\/03\/images-1-8.jpg","type":"image\/jpeg"}],"author":"Haydar Co\u015fkunf\u0131rat","twitter_card":"summary_large_image","twitter_misc":{"Yazan:":"Haydar Co\u015fkunf\u0131rat","Tahmini okuma s\u00fcresi":"1 dakika"},"schema":{"@context":"https:\/\/schema.org","@graph":[{"@type":"Article","@id":"https:\/\/www.tercanbolgehaber.com\/index.php\/2026\/03\/24\/bayram-tatilinde-erzincan-tercan-ve-ilcelerinde-ust-duzeyde-trafik-denetimi\/#article","isPartOf":{"@id":"https:\/\/www.tercanbolgehaber.com\/index.php\/2026\/03\/24\/bayram-tatilinde-erzincan-tercan-ve-ilcelerinde-ust-duzeyde-trafik-denetimi\/"},"author":{"name":"Haydar Co\u015fkunf\u0131rat","@id":"https:\/\/www.tercanbolgehaber.com\/#\/schema\/person\/588559f88c7997eaeefe12a53785fb5e"},"headline":"BAYRAM TAT\u0130L\u0130NDE ERZ\u0130NCAN TERCAN\u00a0 VE \u0130L\u00c7ELER\u0130NDE \u2019 \u00dcST D\u00dcZEYDE TRAF\u0130K DENET\u0130M\u0130","datePublished":"2026-03-24T06:31:07+00:00","dateModified":"2026-03-24T06:31:10+00:00","mainEntityOfPage":{"@id":"https:\/\/www.tercanbolgehaber.com\/index.php\/2026\/03\/24\/bayram-tatilinde-erzincan-tercan-ve-ilcelerinde-ust-duzeyde-trafik-denetimi\/"},"wordCount":315,"publisher":{"@id":"https:\/\/www.tercanbolgehaber.com\/#organization"},"image":{"@id":"https:\/\/www.tercanbolgehaber.com\/index.php\/2026\/03\/24\/bayram-tatilinde-erzincan-tercan-ve-ilcelerinde-ust-duzeyde-trafik-denetimi\/#primaryimage"},"thumbnailUrl":"https:\/\/www.tercanbolgehaber.com\/wp-content\/uploads\/2026\/03\/images-1-8.jpg","articleSection":["Man\u015fet"],"inLanguage":"tr"},{"@type":"WebPage","@id":"https:\/\/www.tercanbolgehaber.com\/index.php\/2026\/03\/24\/bayram-tatilinde-erzincan-tercan-ve-ilcelerinde-ust-duzeyde-trafik-denetimi\/","url":"https:\/\/www.tercanbolgehaber.com\/index.php\/2026\/03\/24\/bayram-tatilinde-erzincan-tercan-ve-ilcelerinde-ust-duzeyde-trafik-denetimi\/","name":"BAYRAM TAT\u0130L\u0130NDE ERZ\u0130NCAN TERCAN\u00a0 VE \u0130L\u00c7ELER\u0130NDE \u2019 \u00dcST D\u00dcZEYDE TRAF\u0130K DENET\u0130M\u0130 - TERCAN B&Ouml;LGE HABER","isPartOf":{"@id":"https:\/\/www.tercanbolgehaber.com\/#website"},"primaryImageOfPage":{"@id":"https:\/\/www.tercanbolgehaber.com\/index.php\/2026\/03\/24\/bayram-tatilinde-erzincan-tercan-ve-ilcelerinde-ust-duzeyde-trafik-denetimi\/#primaryimage"},"image":{"@id":"https:\/\/www.tercanbolgehaber.com\/index.php\/2026\/03\/24\/bayram-tatilinde-erzincan-tercan-ve-ilcelerinde-ust-duzeyde-trafik-denetimi\/#primaryimage"},"thumbnailUrl":"https:\/\/www.tercanbolgehaber.com\/wp-content\/uploads\/2026\/03\/images-1-8.jpg","datePublished":"2026-03-24T06:31:07+00:00","dateModified":"2026-03-24T06:31:10+00:00","breadcrumb":{"@id":"https:\/\/www.tercanbolgehaber.com\/index.php\/2026\/03\/24\/bayram-tatilinde-erzincan-tercan-ve-ilcelerinde-ust-duzeyde-trafik-denetimi\/#breadcrumb"},"inLanguage":"tr","potentialAction":[{"@type":"ReadAction","target":["https:\/\/www.tercanbolgehaber.com\/index.php\/2026\/03\/24\/bayram-tatilinde-erzincan-tercan-ve-ilcelerinde-ust-duzeyde-trafik-denetimi\/"]}]},{"@type":"ImageObject","inLanguage":"tr","@id":"https:\/\/www.tercanbolgehaber.com\/index.php\/2026\/03\/24\/bayram-tatilinde-erzincan-tercan-ve-ilcelerinde-ust-duzeyde-trafik-denetimi\/#primaryimage","url":"https:\/\/www.tercanbolgehaber.com\/wp-content\/uploads\/2026\/03\/images-1-8.jpg","contentUrl":"https:\/\/www.tercanbolgehaber.com\/wp-content\/uploads\/2026\/03\/images-1-8.jpg","width":300,"height":168},{"@type":"BreadcrumbList","@id":"https:\/\/www.tercanbolgehaber.com\/index.php\/2026\/03\/24\/bayram-tatilinde-erzincan-tercan-ve-ilcelerinde-ust-duzeyde-trafik-denetimi\/#breadcrumb","itemListElement":[{"@type":"ListItem","position":1,"name":"Anasayfa","item":"https:\/\/www.tercanbolgehaber.com\/"},{"@type":"ListItem","position":2,"name":"BAYRAM TAT\u0130L\u0130NDE ERZ\u0130NCAN TERCAN\u00a0 VE \u0130L\u00c7ELER\u0130NDE \u2019 \u00dcST D\u00dcZEYDE TRAF\u0130K DENET\u0130M\u0130"}]},{"@type":"WebSite","@id":"https:\/\/www.tercanbolgehaber.com\/#website","url":"https:\/\/www.tercanbolgehaber.com\/","name":"TERCAN B&Ouml;LGE HABER","description":"HALK'IN HABER PORTALI","publisher":{"@id":"https:\/\/www.tercanbolgehaber.com\/#organization"},"potentialAction":[{"@type":"SearchAction","target":{"@type":"EntryPoint","urlTemplate":"https:\/\/www.tercanbolgehaber.com\/?s={search_term_string}"},"query-input":{"@type":"PropertyValueSpecification","valueRequired":true,"valueName":"search_term_string"}}],"inLanguage":"tr"},{"@type":"Organization","@id":"https:\/\/www.tercanbolgehaber.com\/#organization","name":"Tercan B\u00f6lge Haber","url":"https:\/\/www.tercanbolgehaber.com\/","logo":{"@type":"ImageObject","inLanguage":"tr","@id":"https:\/\/www.tercanbolgehaber.com\/#\/schema\/logo\/image\/","url":"http:\/\/www.tercanbolgehaber.com\/wp-content\/uploads\/2022\/04\/logo_yeni.png","contentUrl":"http:\/\/www.tercanbolgehaber.com\/wp-content\/uploads\/2022\/04\/logo_yeni.png","width":250,"height":123,"caption":"Tercan B\u00f6lge Haber"},"image":{"@id":"https:\/\/www.tercanbolgehaber.com\/#\/schema\/logo\/image\/"}},{"@type":"Person","@id":"https:\/\/www.tercanbolgehaber.com\/#\/schema\/person\/588559f88c7997eaeefe12a53785fb5e","name":"Haydar Co\u015fkunf\u0131rat","image":{"@type":"ImageObject","inLanguage":"tr","@id":"https:\/\/secure.gravatar.com\/avatar\/1992688ffa73c31cf68142c3401bd1f8b600612718310d5da53a0f7a4a562ace?s=96&d=mm&r=g","url":"https:\/\/secure.gravatar.com\/avatar\/1992688ffa73c31cf68142c3401bd1f8b600612718310d5da53a0f7a4a562ace?s=96&d=mm&r=g","contentUrl":"https:\/\/secure.gravatar.com\/avatar\/1992688ffa73c31cf68142c3401bd1f8b600612718310d5da53a0f7a4a562ace?s=96&d=mm&r=g","caption":"Haydar Co\u015fkunf\u0131rat"},"url":"https:\/\/www.tercanbolgehaber.com\/index.php\/author\/haydar\/"}]}},"_links":{"self":[{"href":"https:\/\/www.tercanbolgehaber.com\/index.php\/wp-json\/wp\/v2\/posts\/7483","targetHints":{"allow":["GET"]}}],"collection":[{"href":"https:\/\/www.tercanbolgehaber.com\/index.php\/wp-json\/wp\/v2\/posts"}],"about":[{"href":"https:\/\/www.tercanbolgehaber.com\/index.php\/wp-json\/wp\/v2\/types\/post"}],"author":[{"embeddable":true,"href":"https:\/\/www.tercanbolgehaber.com\/index.php\/wp-json\/wp\/v2\/users\/2"}],"replies":[{"embeddable":true,"href":"https:\/\/www.tercanbolgehaber.com\/index.php\/wp-json\/wp\/v2\/comments?post=7483"}],"version-history":[{"count":1,"href":"https:\/\/www.tercanbolgehaber.com\/index.php\/wp-json\/wp\/v2\/posts\/7483\/revisions"}],"predecessor-version":[{"id":7486,"href":"https:\/\/www.tercanbolgehaber.com\/index.php\/wp-json\/wp\/v2\/posts\/7483\/revisions\/7486"}],"wp:featuredmedia":[{"embeddable":true,"href":"https:\/\/www.tercanbolgehaber.com\/index.php\/wp-json\/wp\/v2\/media\/7484"}],"wp:attachment":[{"href":"https:\/\/www.tercanbolgehaber.com\/index.php\/wp-json\/wp\/v2\/media?parent=7483"}],"wp:term":[{"taxonomy":"category","embeddable":true,"href":"https:\/\/www.tercanbolgehaber.com\/index.php\/wp-json\/wp\/v2\/categories?post=7483"},{"taxonomy":"post_tag","embeddable":true,"href":"https:\/\/www.tercanbolgehaber.com\/index.php\/wp-json\/wp\/v2\/tags?post=7483"}],"curies":[{"name":"wp","href":"https:\/\/api.w.org\/{rel}","templated":true}]}}