{"id":7169,"date":"2026-02-14T17:22:07","date_gmt":"2026-02-14T17:22:07","guid":{"rendered":"https:\/\/www.tercanbolgehaber.com\/?p=7169"},"modified":"2026-02-14T17:22:27","modified_gmt":"2026-02-14T17:22:27","slug":"erzincanda-ogretmenevi-acildi","status":"publish","type":"post","link":"https:\/\/www.tercanbolgehaber.com\/index.php\/2026\/02\/14\/erzincanda-ogretmenevi-acildi\/","title":{"rendered":"ERZ\u0130NCAN\u2019DA \u00d6\u011eRETMENEV\u0130 A\u00c7ILDI"},"content":{"rendered":"\n<p class=\"has-vivid-cyan-blue-background-color has-background\">ERZ\u0130NCAN MERKEZ \u00d6\u011eRETMENEV\u0130 A\u00c7ILDI YO\u011eUN B\u0130R KATILIM GER\u00c7EKLE\u015eT\u0130<\/p>\n\n\n\n<p class=\"has-luminous-vivid-amber-background-color has-background\">(YET\u0130\u015e HALK HABER)HAYDAR CO\u015eKUNFIRAT<\/p>\n\n\n\n<p>Erzincan\u2019da e\u011fitim camias\u0131 i\u00e7in \u00f6nemli bir yat\u0131r\u0131m daha hayata ge\u00e7irildi. Erzincan Merkez \u00d6\u011fretmenevi, d\u00fczenlenen t\u00f6renle resmen hizmete a\u00e7\u0131ld\u0131. A\u00e7\u0131l\u0131\u015fa Son Ba\u015fbakan Say\u0131n Binali Y\u0131ld\u0131r\u0131m, k\u0131ymetli e\u015fleri Semiha Y\u0131ld\u0131r\u0131m ve il protokol\u00fc kat\u0131ld\u0131. Modern donan\u0131m\u0131 ve sosyal alanlar\u0131yla dikkat \u00e7eken tesis, \u00f6\u011fretmenler ba\u015fta olmak \u00fczere t\u00fcm Erzincan halk\u0131na hizmet verecek.<\/p>\n\n\n\n<p>Erzincan Merkez \u00d6\u011fretmenevi A\u00e7\u0131l\u0131\u015f\u0131 Yo\u011fun Kat\u0131l\u0131mla Ger\u00e7ekle\u015fti<\/p>\n\n\n\n<p>Erzincan Merkez \u00d6\u011fretmenevi\u2019nin a\u00e7\u0131l\u0131\u015f program\u0131 geni\u015f kat\u0131l\u0131mla ger\u00e7ekle\u015ftirildi. T\u00f6rene Son Ba\u015fbakan Binali Y\u0131ld\u0131r\u0131m ve Semiha Y\u0131ld\u0131r\u0131m\u2019\u0131n yan\u0131 s\u0131ra il protokol\u00fc, e\u011fitim y\u00f6neticileri ve davetliler kat\u0131ld\u0131. A\u00e7\u0131l\u0131\u015f program\u0131nda yap\u0131lan de\u011ferlendirmelerde, e\u011fitim camias\u0131na y\u00f6nelik yat\u0131r\u0131mlar\u0131n \u00f6nemine dikkat \u00e7ekildi.<\/p>\n\n\n\n<p>Modern \u00d6\u011fretmenevi Erzincan\u2019da E\u011fitim Camias\u0131na Hizmet Verecek<\/p>\n\n\n\n<p>E\u011fitim \u00e7al\u0131\u015fanlar\u0131n\u0131n dinlenme, konaklama ve sosyal ihtiya\u00e7lar\u0131n\u0131 kar\u015f\u0131lamak amac\u0131yla in\u015fa edilen Erzincan Merkez \u00d6\u011fretmenevi, modern mimarisi ve donan\u0131m\u0131yla \u00f6ne \u00e7\u0131k\u0131yor. Tesisin, \u00f6\u011fretmenlerin bir araya gelebilece\u011fi, sosyal etkile\u015fimi art\u0131racak ve mesleki dayan\u0131\u015fmay\u0131 g\u00fc\u00e7lendirecek bir merkez olmas\u0131 planlan\u0131yor.<\/p>\n\n\n\n<p>\u015eehrin misafirperverli\u011fini yans\u0131tan yap\u0131s\u0131yla \u00f6\u011fretmenevinin, Erzincan\u2019a gelen konuklar i\u00e7in de \u00f6nemli bir konaklama alternatifi sunaca\u011f\u0131 ifade edildi.<\/p>\n","protected":false},"excerpt":{"rendered":"<p>ERZ\u0130NCAN MERKEZ \u00d6\u011eRETMENEV\u0130 A\u00c7ILDI YO\u011eUN B\u0130R KATILIM GER\u00c7EKLE\u015eT\u0130 (YET\u0130\u015e HALK HABER)HAYDAR CO\u015eKUNFIRAT Erzincan\u2019da e\u011fitim camias\u0131 i\u00e7in \u00f6nemli bir yat\u0131r\u0131m daha hayata ge\u00e7irildi. Erzincan Merkez \u00d6\u011fretmenevi, d\u00fczenlenen t\u00f6renle resmen hizmete a\u00e7\u0131ld\u0131. A\u00e7\u0131l\u0131\u015fa Son Ba\u015fbakan Say\u0131n Binali Y\u0131ld\u0131r\u0131m, k\u0131ymetli e\u015fleri Semiha Y\u0131ld\u0131r\u0131m ve il protokol\u00fc kat\u0131ld\u0131. Modern donan\u0131m\u0131 ve sosyal alanlar\u0131yla dikkat \u00e7eken tesis, \u00f6\u011fretmenler ba\u015fta olmak [&hellip;]<\/p>\n","protected":false},"author":2,"featured_media":7170,"comment_status":"closed","ping_status":"open","sticky":false,"template":"","format":"standard","meta":{"footnotes":""},"categories":[35],"tags":[],"class_list":{"0":"post-7169","1":"post","2":"type-post","3":"status-publish","4":"format-standard","5":"has-post-thumbnail","7":"category-manset"},"yoast_head":"<!-- This site is optimized with the Yoast SEO plugin v27.2 - https:\/\/yoast.com\/product\/yoast-seo-wordpress\/ -->\n<title>ERZ\u0130NCAN\u2019DA \u00d6\u011eRETMENEV\u0130 A\u00c7ILDI - TERCAN B&Ouml;LGE HABER<\/title>\n<meta name=\"robots\" content=\"index, follow, max-snippet:-1, max-image-preview:large, max-video-preview:-1\" \/>\n<link rel=\"canonical\" href=\"https:\/\/www.tercanbolgehaber.com\/index.php\/2026\/02\/14\/erzincanda-ogretmenevi-acildi\/\" \/>\n<meta property=\"og:locale\" content=\"tr_TR\" \/>\n<meta property=\"og:type\" content=\"article\" \/>\n<meta property=\"og:title\" content=\"ERZ\u0130NCAN\u2019DA \u00d6\u011eRETMENEV\u0130 A\u00c7ILDI - TERCAN B&Ouml;LGE HABER\" \/>\n<meta property=\"og:description\" content=\"ERZ\u0130NCAN MERKEZ \u00d6\u011eRETMENEV\u0130 A\u00c7ILDI YO\u011eUN B\u0130R KATILIM GER\u00c7EKLE\u015eT\u0130 (YET\u0130\u015e HALK HABER)HAYDAR CO\u015eKUNFIRAT Erzincan\u2019da e\u011fitim camias\u0131 i\u00e7in \u00f6nemli bir yat\u0131r\u0131m daha hayata ge\u00e7irildi. Erzincan Merkez \u00d6\u011fretmenevi, d\u00fczenlenen t\u00f6renle resmen hizmete a\u00e7\u0131ld\u0131. A\u00e7\u0131l\u0131\u015fa Son Ba\u015fbakan Say\u0131n Binali Y\u0131ld\u0131r\u0131m, k\u0131ymetli e\u015fleri Semiha Y\u0131ld\u0131r\u0131m ve il protokol\u00fc kat\u0131ld\u0131. Modern donan\u0131m\u0131 ve sosyal alanlar\u0131yla dikkat \u00e7eken tesis, \u00f6\u011fretmenler ba\u015fta olmak [&hellip;]\" \/>\n<meta property=\"og:url\" content=\"https:\/\/www.tercanbolgehaber.com\/index.php\/2026\/02\/14\/erzincanda-ogretmenevi-acildi\/\" \/>\n<meta property=\"og:site_name\" content=\"TERCAN B&Ouml;LGE HABER\" \/>\n<meta property=\"article:published_time\" content=\"2026-02-14T17:22:07+00:00\" \/>\n<meta property=\"article:modified_time\" content=\"2026-02-14T17:22:27+00:00\" \/>\n<meta property=\"og:image\" content=\"http:\/\/www.tercanbolgehaber.com\/wp-content\/uploads\/2026\/02\/erzincanda-yeni-ogretmenevi-hizmet-binasi-binali-yildirimin-katilimi-ile-hizmete-acildi-1.webp\" \/>\n\t<meta property=\"og:image:width\" content=\"1280\" \/>\n\t<meta property=\"og:image:height\" content=\"720\" \/>\n\t<meta property=\"og:image:type\" content=\"image\/webp\" \/>\n<meta name=\"author\" content=\"Haydar Co\u015fkunf\u0131rat\" \/>\n<meta name=\"twitter:card\" content=\"summary_large_image\" \/>\n<meta name=\"twitter:label1\" content=\"Yazan:\" \/>\n\t<meta name=\"twitter:data1\" content=\"Haydar Co\u015fkunf\u0131rat\" \/>\n\t<meta name=\"twitter:label2\" content=\"Tahmini okuma s\u00fcresi\" \/>\n\t<meta name=\"twitter:data2\" content=\"1 dakika\" \/>\n<script type=\"application\/ld+json\" class=\"yoast-schema-graph\">{\"@context\":\"https:\/\/schema.org\",\"@graph\":[{\"@type\":\"Article\",\"@id\":\"https:\/\/www.tercanbolgehaber.com\/index.php\/2026\/02\/14\/erzincanda-ogretmenevi-acildi\/#article\",\"isPartOf\":{\"@id\":\"https:\/\/www.tercanbolgehaber.com\/index.php\/2026\/02\/14\/erzincanda-ogretmenevi-acildi\/\"},\"author\":{\"name\":\"Haydar Co\u015fkunf\u0131rat\",\"@id\":\"https:\/\/www.tercanbolgehaber.com\/#\/schema\/person\/588559f88c7997eaeefe12a53785fb5e\"},\"headline\":\"ERZ\u0130NCAN\u2019DA \u00d6\u011eRETMENEV\u0130 A\u00c7ILDI\",\"datePublished\":\"2026-02-14T17:22:07+00:00\",\"dateModified\":\"2026-02-14T17:22:27+00:00\",\"mainEntityOfPage\":{\"@id\":\"https:\/\/www.tercanbolgehaber.com\/index.php\/2026\/02\/14\/erzincanda-ogretmenevi-acildi\/\"},\"wordCount\":267,\"publisher\":{\"@id\":\"https:\/\/www.tercanbolgehaber.com\/#organization\"},\"image\":{\"@id\":\"https:\/\/www.tercanbolgehaber.com\/index.php\/2026\/02\/14\/erzincanda-ogretmenevi-acildi\/#primaryimage\"},\"thumbnailUrl\":\"https:\/\/www.tercanbolgehaber.com\/wp-content\/uploads\/2026\/02\/erzincanda-yeni-ogretmenevi-hizmet-binasi-binali-yildirimin-katilimi-ile-hizmete-acildi-1.webp\",\"articleSection\":[\"Man\u015fet\"],\"inLanguage\":\"tr\"},{\"@type\":\"WebPage\",\"@id\":\"https:\/\/www.tercanbolgehaber.com\/index.php\/2026\/02\/14\/erzincanda-ogretmenevi-acildi\/\",\"url\":\"https:\/\/www.tercanbolgehaber.com\/index.php\/2026\/02\/14\/erzincanda-ogretmenevi-acildi\/\",\"name\":\"ERZ\u0130NCAN\u2019DA \u00d6\u011eRETMENEV\u0130 A\u00c7ILDI - TERCAN B&Ouml;LGE HABER\",\"isPartOf\":{\"@id\":\"https:\/\/www.tercanbolgehaber.com\/#website\"},\"primaryImageOfPage\":{\"@id\":\"https:\/\/www.tercanbolgehaber.com\/index.php\/2026\/02\/14\/erzincanda-ogretmenevi-acildi\/#primaryimage\"},\"image\":{\"@id\":\"https:\/\/www.tercanbolgehaber.com\/index.php\/2026\/02\/14\/erzincanda-ogretmenevi-acildi\/#primaryimage\"},\"thumbnailUrl\":\"https:\/\/www.tercanbolgehaber.com\/wp-content\/uploads\/2026\/02\/erzincanda-yeni-ogretmenevi-hizmet-binasi-binali-yildirimin-katilimi-ile-hizmete-acildi-1.webp\",\"datePublished\":\"2026-02-14T17:22:07+00:00\",\"dateModified\":\"2026-02-14T17:22:27+00:00\",\"breadcrumb\":{\"@id\":\"https:\/\/www.tercanbolgehaber.com\/index.php\/2026\/02\/14\/erzincanda-ogretmenevi-acildi\/#breadcrumb\"},\"inLanguage\":\"tr\",\"potentialAction\":[{\"@type\":\"ReadAction\",\"target\":[\"https:\/\/www.tercanbolgehaber.com\/index.php\/2026\/02\/14\/erzincanda-ogretmenevi-acildi\/\"]}]},{\"@type\":\"ImageObject\",\"inLanguage\":\"tr\",\"@id\":\"https:\/\/www.tercanbolgehaber.com\/index.php\/2026\/02\/14\/erzincanda-ogretmenevi-acildi\/#primaryimage\",\"url\":\"https:\/\/www.tercanbolgehaber.com\/wp-content\/uploads\/2026\/02\/erzincanda-yeni-ogretmenevi-hizmet-binasi-binali-yildirimin-katilimi-ile-hizmete-acildi-1.webp\",\"contentUrl\":\"https:\/\/www.tercanbolgehaber.com\/wp-content\/uploads\/2026\/02\/erzincanda-yeni-ogretmenevi-hizmet-binasi-binali-yildirimin-katilimi-ile-hizmete-acildi-1.webp\",\"width\":1280,\"height\":720},{\"@type\":\"BreadcrumbList\",\"@id\":\"https:\/\/www.tercanbolgehaber.com\/index.php\/2026\/02\/14\/erzincanda-ogretmenevi-acildi\/#breadcrumb\",\"itemListElement\":[{\"@type\":\"ListItem\",\"position\":1,\"name\":\"Anasayfa\",\"item\":\"https:\/\/www.tercanbolgehaber.com\/\"},{\"@type\":\"ListItem\",\"position\":2,\"name\":\"ERZ\u0130NCAN\u2019DA \u00d6\u011eRETMENEV\u0130 A\u00c7ILDI\"}]},{\"@type\":\"WebSite\",\"@id\":\"https:\/\/www.tercanbolgehaber.com\/#website\",\"url\":\"https:\/\/www.tercanbolgehaber.com\/\",\"name\":\"TERCAN B&Ouml;LGE HABER\",\"description\":\"HALK'IN HABER PORTALI\",\"publisher\":{\"@id\":\"https:\/\/www.tercanbolgehaber.com\/#organization\"},\"potentialAction\":[{\"@type\":\"SearchAction\",\"target\":{\"@type\":\"EntryPoint\",\"urlTemplate\":\"https:\/\/www.tercanbolgehaber.com\/?s={search_term_string}\"},\"query-input\":{\"@type\":\"PropertyValueSpecification\",\"valueRequired\":true,\"valueName\":\"search_term_string\"}}],\"inLanguage\":\"tr\"},{\"@type\":\"Organization\",\"@id\":\"https:\/\/www.tercanbolgehaber.com\/#organization\",\"name\":\"Tercan B\u00f6lge Haber\",\"url\":\"https:\/\/www.tercanbolgehaber.com\/\",\"logo\":{\"@type\":\"ImageObject\",\"inLanguage\":\"tr\",\"@id\":\"https:\/\/www.tercanbolgehaber.com\/#\/schema\/logo\/image\/\",\"url\":\"http:\/\/www.tercanbolgehaber.com\/wp-content\/uploads\/2022\/04\/logo_yeni.png\",\"contentUrl\":\"http:\/\/www.tercanbolgehaber.com\/wp-content\/uploads\/2022\/04\/logo_yeni.png\",\"width\":250,\"height\":123,\"caption\":\"Tercan B\u00f6lge Haber\"},\"image\":{\"@id\":\"https:\/\/www.tercanbolgehaber.com\/#\/schema\/logo\/image\/\"}},{\"@type\":\"Person\",\"@id\":\"https:\/\/www.tercanbolgehaber.com\/#\/schema\/person\/588559f88c7997eaeefe12a53785fb5e\",\"name\":\"Haydar Co\u015fkunf\u0131rat\",\"image\":{\"@type\":\"ImageObject\",\"inLanguage\":\"tr\",\"@id\":\"https:\/\/secure.gravatar.com\/avatar\/1992688ffa73c31cf68142c3401bd1f8b600612718310d5da53a0f7a4a562ace?s=96&d=mm&r=g\",\"url\":\"https:\/\/secure.gravatar.com\/avatar\/1992688ffa73c31cf68142c3401bd1f8b600612718310d5da53a0f7a4a562ace?s=96&d=mm&r=g\",\"contentUrl\":\"https:\/\/secure.gravatar.com\/avatar\/1992688ffa73c31cf68142c3401bd1f8b600612718310d5da53a0f7a4a562ace?s=96&d=mm&r=g\",\"caption\":\"Haydar Co\u015fkunf\u0131rat\"},\"url\":\"https:\/\/www.tercanbolgehaber.com\/index.php\/author\/haydar\/\"}]}<\/script>\n<!-- \/ Yoast SEO plugin. -->","yoast_head_json":{"title":"ERZ\u0130NCAN\u2019DA \u00d6\u011eRETMENEV\u0130 A\u00c7ILDI - TERCAN B&Ouml;LGE HABER","robots":{"index":"index","follow":"follow","max-snippet":"max-snippet:-1","max-image-preview":"max-image-preview:large","max-video-preview":"max-video-preview:-1"},"canonical":"https:\/\/www.tercanbolgehaber.com\/index.php\/2026\/02\/14\/erzincanda-ogretmenevi-acildi\/","og_locale":"tr_TR","og_type":"article","og_title":"ERZ\u0130NCAN\u2019DA \u00d6\u011eRETMENEV\u0130 A\u00c7ILDI - TERCAN B&Ouml;LGE HABER","og_description":"ERZ\u0130NCAN MERKEZ \u00d6\u011eRETMENEV\u0130 A\u00c7ILDI YO\u011eUN B\u0130R KATILIM GER\u00c7EKLE\u015eT\u0130 (YET\u0130\u015e HALK HABER)HAYDAR CO\u015eKUNFIRAT Erzincan\u2019da e\u011fitim camias\u0131 i\u00e7in \u00f6nemli bir yat\u0131r\u0131m daha hayata ge\u00e7irildi. Erzincan Merkez \u00d6\u011fretmenevi, d\u00fczenlenen t\u00f6renle resmen hizmete a\u00e7\u0131ld\u0131. A\u00e7\u0131l\u0131\u015fa Son Ba\u015fbakan Say\u0131n Binali Y\u0131ld\u0131r\u0131m, k\u0131ymetli e\u015fleri Semiha Y\u0131ld\u0131r\u0131m ve il protokol\u00fc kat\u0131ld\u0131. Modern donan\u0131m\u0131 ve sosyal alanlar\u0131yla dikkat \u00e7eken tesis, \u00f6\u011fretmenler ba\u015fta olmak [&hellip;]","og_url":"https:\/\/www.tercanbolgehaber.com\/index.php\/2026\/02\/14\/erzincanda-ogretmenevi-acildi\/","og_site_name":"TERCAN B&Ouml;LGE HABER","article_published_time":"2026-02-14T17:22:07+00:00","article_modified_time":"2026-02-14T17:22:27+00:00","og_image":[{"width":1280,"height":720,"url":"http:\/\/www.tercanbolgehaber.com\/wp-content\/uploads\/2026\/02\/erzincanda-yeni-ogretmenevi-hizmet-binasi-binali-yildirimin-katilimi-ile-hizmete-acildi-1.webp","type":"image\/webp"}],"author":"Haydar Co\u015fkunf\u0131rat","twitter_card":"summary_large_image","twitter_misc":{"Yazan:":"Haydar Co\u015fkunf\u0131rat","Tahmini okuma s\u00fcresi":"1 dakika"},"schema":{"@context":"https:\/\/schema.org","@graph":[{"@type":"Article","@id":"https:\/\/www.tercanbolgehaber.com\/index.php\/2026\/02\/14\/erzincanda-ogretmenevi-acildi\/#article","isPartOf":{"@id":"https:\/\/www.tercanbolgehaber.com\/index.php\/2026\/02\/14\/erzincanda-ogretmenevi-acildi\/"},"author":{"name":"Haydar Co\u015fkunf\u0131rat","@id":"https:\/\/www.tercanbolgehaber.com\/#\/schema\/person\/588559f88c7997eaeefe12a53785fb5e"},"headline":"ERZ\u0130NCAN\u2019DA \u00d6\u011eRETMENEV\u0130 A\u00c7ILDI","datePublished":"2026-02-14T17:22:07+00:00","dateModified":"2026-02-14T17:22:27+00:00","mainEntityOfPage":{"@id":"https:\/\/www.tercanbolgehaber.com\/index.php\/2026\/02\/14\/erzincanda-ogretmenevi-acildi\/"},"wordCount":267,"publisher":{"@id":"https:\/\/www.tercanbolgehaber.com\/#organization"},"image":{"@id":"https:\/\/www.tercanbolgehaber.com\/index.php\/2026\/02\/14\/erzincanda-ogretmenevi-acildi\/#primaryimage"},"thumbnailUrl":"https:\/\/www.tercanbolgehaber.com\/wp-content\/uploads\/2026\/02\/erzincanda-yeni-ogretmenevi-hizmet-binasi-binali-yildirimin-katilimi-ile-hizmete-acildi-1.webp","articleSection":["Man\u015fet"],"inLanguage":"tr"},{"@type":"WebPage","@id":"https:\/\/www.tercanbolgehaber.com\/index.php\/2026\/02\/14\/erzincanda-ogretmenevi-acildi\/","url":"https:\/\/www.tercanbolgehaber.com\/index.php\/2026\/02\/14\/erzincanda-ogretmenevi-acildi\/","name":"ERZ\u0130NCAN\u2019DA \u00d6\u011eRETMENEV\u0130 A\u00c7ILDI - TERCAN B&Ouml;LGE HABER","isPartOf":{"@id":"https:\/\/www.tercanbolgehaber.com\/#website"},"primaryImageOfPage":{"@id":"https:\/\/www.tercanbolgehaber.com\/index.php\/2026\/02\/14\/erzincanda-ogretmenevi-acildi\/#primaryimage"},"image":{"@id":"https:\/\/www.tercanbolgehaber.com\/index.php\/2026\/02\/14\/erzincanda-ogretmenevi-acildi\/#primaryimage"},"thumbnailUrl":"https:\/\/www.tercanbolgehaber.com\/wp-content\/uploads\/2026\/02\/erzincanda-yeni-ogretmenevi-hizmet-binasi-binali-yildirimin-katilimi-ile-hizmete-acildi-1.webp","datePublished":"2026-02-14T17:22:07+00:00","dateModified":"2026-02-14T17:22:27+00:00","breadcrumb":{"@id":"https:\/\/www.tercanbolgehaber.com\/index.php\/2026\/02\/14\/erzincanda-ogretmenevi-acildi\/#breadcrumb"},"inLanguage":"tr","potentialAction":[{"@type":"ReadAction","target":["https:\/\/www.tercanbolgehaber.com\/index.php\/2026\/02\/14\/erzincanda-ogretmenevi-acildi\/"]}]},{"@type":"ImageObject","inLanguage":"tr","@id":"https:\/\/www.tercanbolgehaber.com\/index.php\/2026\/02\/14\/erzincanda-ogretmenevi-acildi\/#primaryimage","url":"https:\/\/www.tercanbolgehaber.com\/wp-content\/uploads\/2026\/02\/erzincanda-yeni-ogretmenevi-hizmet-binasi-binali-yildirimin-katilimi-ile-hizmete-acildi-1.webp","contentUrl":"https:\/\/www.tercanbolgehaber.com\/wp-content\/uploads\/2026\/02\/erzincanda-yeni-ogretmenevi-hizmet-binasi-binali-yildirimin-katilimi-ile-hizmete-acildi-1.webp","width":1280,"height":720},{"@type":"BreadcrumbList","@id":"https:\/\/www.tercanbolgehaber.com\/index.php\/2026\/02\/14\/erzincanda-ogretmenevi-acildi\/#breadcrumb","itemListElement":[{"@type":"ListItem","position":1,"name":"Anasayfa","item":"https:\/\/www.tercanbolgehaber.com\/"},{"@type":"ListItem","position":2,"name":"ERZ\u0130NCAN\u2019DA \u00d6\u011eRETMENEV\u0130 A\u00c7ILDI"}]},{"@type":"WebSite","@id":"https:\/\/www.tercanbolgehaber.com\/#website","url":"https:\/\/www.tercanbolgehaber.com\/","name":"TERCAN B&Ouml;LGE HABER","description":"HALK'IN HABER PORTALI","publisher":{"@id":"https:\/\/www.tercanbolgehaber.com\/#organization"},"potentialAction":[{"@type":"SearchAction","target":{"@type":"EntryPoint","urlTemplate":"https:\/\/www.tercanbolgehaber.com\/?s={search_term_string}"},"query-input":{"@type":"PropertyValueSpecification","valueRequired":true,"valueName":"search_term_string"}}],"inLanguage":"tr"},{"@type":"Organization","@id":"https:\/\/www.tercanbolgehaber.com\/#organization","name":"Tercan B\u00f6lge Haber","url":"https:\/\/www.tercanbolgehaber.com\/","logo":{"@type":"ImageObject","inLanguage":"tr","@id":"https:\/\/www.tercanbolgehaber.com\/#\/schema\/logo\/image\/","url":"http:\/\/www.tercanbolgehaber.com\/wp-content\/uploads\/2022\/04\/logo_yeni.png","contentUrl":"http:\/\/www.tercanbolgehaber.com\/wp-content\/uploads\/2022\/04\/logo_yeni.png","width":250,"height":123,"caption":"Tercan B\u00f6lge Haber"},"image":{"@id":"https:\/\/www.tercanbolgehaber.com\/#\/schema\/logo\/image\/"}},{"@type":"Person","@id":"https:\/\/www.tercanbolgehaber.com\/#\/schema\/person\/588559f88c7997eaeefe12a53785fb5e","name":"Haydar Co\u015fkunf\u0131rat","image":{"@type":"ImageObject","inLanguage":"tr","@id":"https:\/\/secure.gravatar.com\/avatar\/1992688ffa73c31cf68142c3401bd1f8b600612718310d5da53a0f7a4a562ace?s=96&d=mm&r=g","url":"https:\/\/secure.gravatar.com\/avatar\/1992688ffa73c31cf68142c3401bd1f8b600612718310d5da53a0f7a4a562ace?s=96&d=mm&r=g","contentUrl":"https:\/\/secure.gravatar.com\/avatar\/1992688ffa73c31cf68142c3401bd1f8b600612718310d5da53a0f7a4a562ace?s=96&d=mm&r=g","caption":"Haydar Co\u015fkunf\u0131rat"},"url":"https:\/\/www.tercanbolgehaber.com\/index.php\/author\/haydar\/"}]}},"_links":{"self":[{"href":"https:\/\/www.tercanbolgehaber.com\/index.php\/wp-json\/wp\/v2\/posts\/7169","targetHints":{"allow":["GET"]}}],"collection":[{"href":"https:\/\/www.tercanbolgehaber.com\/index.php\/wp-json\/wp\/v2\/posts"}],"about":[{"href":"https:\/\/www.tercanbolgehaber.com\/index.php\/wp-json\/wp\/v2\/types\/post"}],"author":[{"embeddable":true,"href":"https:\/\/www.tercanbolgehaber.com\/index.php\/wp-json\/wp\/v2\/users\/2"}],"replies":[{"embeddable":true,"href":"https:\/\/www.tercanbolgehaber.com\/index.php\/wp-json\/wp\/v2\/comments?post=7169"}],"version-history":[{"count":1,"href":"https:\/\/www.tercanbolgehaber.com\/index.php\/wp-json\/wp\/v2\/posts\/7169\/revisions"}],"predecessor-version":[{"id":7171,"href":"https:\/\/www.tercanbolgehaber.com\/index.php\/wp-json\/wp\/v2\/posts\/7169\/revisions\/7171"}],"wp:featuredmedia":[{"embeddable":true,"href":"https:\/\/www.tercanbolgehaber.com\/index.php\/wp-json\/wp\/v2\/media\/7170"}],"wp:attachment":[{"href":"https:\/\/www.tercanbolgehaber.com\/index.php\/wp-json\/wp\/v2\/media?parent=7169"}],"wp:term":[{"taxonomy":"category","embeddable":true,"href":"https:\/\/www.tercanbolgehaber.com\/index.php\/wp-json\/wp\/v2\/categories?post=7169"},{"taxonomy":"post_tag","embeddable":true,"href":"https:\/\/www.tercanbolgehaber.com\/index.php\/wp-json\/wp\/v2\/tags?post=7169"}],"curies":[{"name":"wp","href":"https:\/\/api.w.org\/{rel}","templated":true}]}}