{"id":7163,"date":"2026-02-13T08:25:08","date_gmt":"2026-02-13T08:25:08","guid":{"rendered":"https:\/\/www.tercanbolgehaber.com\/?p=7163"},"modified":"2026-02-13T08:25:11","modified_gmt":"2026-02-13T08:25:11","slug":"erzincanin-kurtulusunda-kuva-i-milliye-ruhu-payi-buyuktur","status":"publish","type":"post","link":"https:\/\/www.tercanbolgehaber.com\/index.php\/2026\/02\/13\/erzincanin-kurtulusunda-kuva-i-milliye-ruhu-payi-buyuktur\/","title":{"rendered":"ERZ\u0130NCAN\u2019IN KURTULU\u015eUNDA KUVA-\u0130 M\u0130LL\u0130YE RUHU PAYI B\u00dcY\u00dcKT\u00dcR"},"content":{"rendered":"\n<p><\/p>\n\n\n\n<p class=\"has-vivid-red-background-color has-background\">&nbsp;Erzincan\u2019\u0131n d\u00fc\u015fman i\u015fgalinden kurtulu\u015funun 108&nbsp; Y\u0131l d\u00f6n\u00fcm\u00fc dolay\u0131s\u0131yla yaz\u0131l\u0131 bir mesaj yay\u0131mlayan Akdeniz Bas\u0131n Birli\u011fi Ba\u015fkan\u0131 Haydar Co\u015fkunf\u0131rat Kurtulu\u015f Sava\u015f\u0131n\u0131n kazan\u0131lmas\u0131nda Anadolu\u2019daki Kuva-i Milliye direni\u015flerinin ordumuza verdi\u011fi destek ve moralin pay\u0131 b\u00fcy\u00fckt\u00fcr dedi.<\/p>\n\n\n\n<p>Co\u015fkunf\u0131rat&nbsp; \u201cKurtulu\u015f Sava\u015f\u0131, Mustafa Kemal Atat\u00fcrk \u00f6nderli\u011finde ba\u011f\u0131ms\u0131zl\u0131\u011f\u0131na kavu\u015fmak isteyen bir ulusun, tarihte ender rastlanan ve bir\u00e7ok ulusa \u00f6rnek te\u015fkil eden bir direni\u015f g\u00f6stererek zaferle sonu\u00e7land\u0131rd\u0131\u011f\u0131 bir kahramanl\u0131k m\u00fccadelesidir. Bu zaferin kazan\u0131lmas\u0131nda Anadolu\u2019daki Kuva-i Milliye direni\u015flerinin ordumuza verdi\u011fi destek ve moralin pay\u0131 b\u00fcy\u00fckt\u00fcr.<\/p>\n\n\n\n<p>Erzincan halk\u0131n\u0131n, \u0130\u015fgal alt\u0131ndaki vatan\u0131n her k\u00f6\u015fesinde oldu\u011fu gibi i\u015fgalci ordulara kar\u015f\u0131 t\u00fcm olanaks\u0131zl\u0131klara ra\u011fmen Kuva-i Milliye ruhu i\u00e7erisinde verdi\u011fi onurlu m\u00fccadele, ba\u011f\u0131ms\u0131zl\u0131\u011f\u0131m\u0131z\u0131n kazan\u0131lmas\u0131 ve toprak b\u00fct\u00fcnl\u00fc\u011f\u00fcm\u00fcz\u00fcn korunmas\u0131 s\u00fcrecinde Erzincan\u2019da oldu\u011fu gibi Anadolu\u2019nun her k\u00f6\u015fesinden gelen direni\u015f ve kahramanl\u0131k haberleri Ulusumuza ve ordumuza b\u00fcy\u00fck bir moral g\u00fcc\u00fc katm\u0131\u015ft\u0131r.<\/p>\n\n\n\n<p>Co\u015fkunf\u0131rat&nbsp; \u015eehit ve gazilerimizin bizlere emaneti olan bu g\u00fczel topraklara sahip \u00e7\u0131kmak, Demokratik, Laik Cumhuriyeti temel niteliklerinden \u00f6d\u00fcn vermeden yeni eserlerle g\u00fc\u00e7lendirip sonsuza kadar ta\u015f\u0131mak ve gelecek ku\u015faklara demokrasi ve \u00f6zg\u00fcrl\u00fc\u011f\u00fc t\u00fcm kurumlar\u0131yla \u00f6z\u00fcmsemi\u015f bir \u00fclke b\u0131rakmak,&nbsp; \u00fclkemize, gazi ve \u015fehitlerimize kar\u015f\u0131 en b\u00fcy\u00fck g\u00f6revimizdir.<\/p>\n","protected":false},"excerpt":{"rendered":"<p>&nbsp;Erzincan\u2019\u0131n d\u00fc\u015fman i\u015fgalinden kurtulu\u015funun 108&nbsp; Y\u0131l d\u00f6n\u00fcm\u00fc dolay\u0131s\u0131yla yaz\u0131l\u0131 bir mesaj yay\u0131mlayan Akdeniz Bas\u0131n Birli\u011fi Ba\u015fkan\u0131 Haydar Co\u015fkunf\u0131rat Kurtulu\u015f Sava\u015f\u0131n\u0131n kazan\u0131lmas\u0131nda Anadolu\u2019daki Kuva-i Milliye direni\u015flerinin ordumuza verdi\u011fi destek ve moralin pay\u0131 b\u00fcy\u00fckt\u00fcr dedi. Co\u015fkunf\u0131rat&nbsp; \u201cKurtulu\u015f Sava\u015f\u0131, Mustafa Kemal Atat\u00fcrk \u00f6nderli\u011finde ba\u011f\u0131ms\u0131zl\u0131\u011f\u0131na kavu\u015fmak isteyen bir ulusun, tarihte ender rastlanan ve bir\u00e7ok ulusa \u00f6rnek te\u015fkil eden bir [&hellip;]<\/p>\n","protected":false},"author":2,"featured_media":6980,"comment_status":"closed","ping_status":"open","sticky":false,"template":"","format":"standard","meta":{"footnotes":""},"categories":[1],"tags":[],"class_list":{"0":"post-7163","1":"post","2":"type-post","3":"status-publish","4":"format-standard","5":"has-post-thumbnail","7":"category-uncategorized"},"yoast_head":"<!-- This site is optimized with the Yoast SEO plugin v27.2 - https:\/\/yoast.com\/product\/yoast-seo-wordpress\/ -->\n<title>ERZ\u0130NCAN\u2019IN KURTULU\u015eUNDA KUVA-\u0130 M\u0130LL\u0130YE RUHU PAYI B\u00dcY\u00dcKT\u00dcR - TERCAN B&Ouml;LGE HABER<\/title>\n<meta name=\"robots\" content=\"index, follow, max-snippet:-1, max-image-preview:large, max-video-preview:-1\" \/>\n<link rel=\"canonical\" href=\"https:\/\/www.tercanbolgehaber.com\/index.php\/2026\/02\/13\/erzincanin-kurtulusunda-kuva-i-milliye-ruhu-payi-buyuktur\/\" \/>\n<meta property=\"og:locale\" content=\"tr_TR\" \/>\n<meta property=\"og:type\" content=\"article\" \/>\n<meta property=\"og:title\" content=\"ERZ\u0130NCAN\u2019IN KURTULU\u015eUNDA KUVA-\u0130 M\u0130LL\u0130YE RUHU PAYI B\u00dcY\u00dcKT\u00dcR - TERCAN B&Ouml;LGE HABER\" \/>\n<meta property=\"og:description\" content=\"&nbsp;Erzincan\u2019\u0131n d\u00fc\u015fman i\u015fgalinden kurtulu\u015funun 108&nbsp; Y\u0131l d\u00f6n\u00fcm\u00fc dolay\u0131s\u0131yla yaz\u0131l\u0131 bir mesaj yay\u0131mlayan Akdeniz Bas\u0131n Birli\u011fi Ba\u015fkan\u0131 Haydar Co\u015fkunf\u0131rat Kurtulu\u015f Sava\u015f\u0131n\u0131n kazan\u0131lmas\u0131nda Anadolu\u2019daki Kuva-i Milliye direni\u015flerinin ordumuza verdi\u011fi destek ve moralin pay\u0131 b\u00fcy\u00fckt\u00fcr dedi. Co\u015fkunf\u0131rat&nbsp; \u201cKurtulu\u015f Sava\u015f\u0131, Mustafa Kemal Atat\u00fcrk \u00f6nderli\u011finde ba\u011f\u0131ms\u0131zl\u0131\u011f\u0131na kavu\u015fmak isteyen bir ulusun, tarihte ender rastlanan ve bir\u00e7ok ulusa \u00f6rnek te\u015fkil eden bir [&hellip;]\" \/>\n<meta property=\"og:url\" content=\"https:\/\/www.tercanbolgehaber.com\/index.php\/2026\/02\/13\/erzincanin-kurtulusunda-kuva-i-milliye-ruhu-payi-buyuktur\/\" \/>\n<meta property=\"og:site_name\" content=\"TERCAN B&Ouml;LGE HABER\" \/>\n<meta property=\"article:published_time\" content=\"2026-02-13T08:25:08+00:00\" \/>\n<meta property=\"article:modified_time\" content=\"2026-02-13T08:25:11+00:00\" \/>\n<meta property=\"og:image\" content=\"http:\/\/www.tercanbolgehaber.com\/wp-content\/uploads\/2025\/12\/6febd250-5b97-42a1-8711-e8d62a4a4883.jpg\" \/>\n\t<meta property=\"og:image:width\" content=\"1600\" \/>\n\t<meta property=\"og:image:height\" content=\"738\" \/>\n\t<meta property=\"og:image:type\" content=\"image\/jpeg\" \/>\n<meta name=\"author\" content=\"Haydar Co\u015fkunf\u0131rat\" \/>\n<meta name=\"twitter:card\" content=\"summary_large_image\" \/>\n<meta name=\"twitter:label1\" content=\"Yazan:\" \/>\n\t<meta name=\"twitter:data1\" content=\"Haydar Co\u015fkunf\u0131rat\" \/>\n\t<meta name=\"twitter:label2\" content=\"Tahmini okuma s\u00fcresi\" \/>\n\t<meta name=\"twitter:data2\" content=\"1 dakika\" \/>\n<script type=\"application\/ld+json\" class=\"yoast-schema-graph\">{\"@context\":\"https:\/\/schema.org\",\"@graph\":[{\"@type\":\"Article\",\"@id\":\"https:\/\/www.tercanbolgehaber.com\/index.php\/2026\/02\/13\/erzincanin-kurtulusunda-kuva-i-milliye-ruhu-payi-buyuktur\/#article\",\"isPartOf\":{\"@id\":\"https:\/\/www.tercanbolgehaber.com\/index.php\/2026\/02\/13\/erzincanin-kurtulusunda-kuva-i-milliye-ruhu-payi-buyuktur\/\"},\"author\":{\"name\":\"Haydar Co\u015fkunf\u0131rat\",\"@id\":\"https:\/\/www.tercanbolgehaber.com\/#\/schema\/person\/588559f88c7997eaeefe12a53785fb5e\"},\"headline\":\"ERZ\u0130NCAN\u2019IN KURTULU\u015eUNDA KUVA-\u0130 M\u0130LL\u0130YE RUHU PAYI B\u00dcY\u00dcKT\u00dcR\",\"datePublished\":\"2026-02-13T08:25:08+00:00\",\"dateModified\":\"2026-02-13T08:25:11+00:00\",\"mainEntityOfPage\":{\"@id\":\"https:\/\/www.tercanbolgehaber.com\/index.php\/2026\/02\/13\/erzincanin-kurtulusunda-kuva-i-milliye-ruhu-payi-buyuktur\/\"},\"wordCount\":288,\"publisher\":{\"@id\":\"https:\/\/www.tercanbolgehaber.com\/#organization\"},\"image\":{\"@id\":\"https:\/\/www.tercanbolgehaber.com\/index.php\/2026\/02\/13\/erzincanin-kurtulusunda-kuva-i-milliye-ruhu-payi-buyuktur\/#primaryimage\"},\"thumbnailUrl\":\"https:\/\/www.tercanbolgehaber.com\/wp-content\/uploads\/2025\/12\/6febd250-5b97-42a1-8711-e8d62a4a4883.jpg\",\"articleSection\":[\"Uncategorized\"],\"inLanguage\":\"tr\"},{\"@type\":\"WebPage\",\"@id\":\"https:\/\/www.tercanbolgehaber.com\/index.php\/2026\/02\/13\/erzincanin-kurtulusunda-kuva-i-milliye-ruhu-payi-buyuktur\/\",\"url\":\"https:\/\/www.tercanbolgehaber.com\/index.php\/2026\/02\/13\/erzincanin-kurtulusunda-kuva-i-milliye-ruhu-payi-buyuktur\/\",\"name\":\"ERZ\u0130NCAN\u2019IN KURTULU\u015eUNDA KUVA-\u0130 M\u0130LL\u0130YE RUHU PAYI B\u00dcY\u00dcKT\u00dcR - TERCAN B&Ouml;LGE HABER\",\"isPartOf\":{\"@id\":\"https:\/\/www.tercanbolgehaber.com\/#website\"},\"primaryImageOfPage\":{\"@id\":\"https:\/\/www.tercanbolgehaber.com\/index.php\/2026\/02\/13\/erzincanin-kurtulusunda-kuva-i-milliye-ruhu-payi-buyuktur\/#primaryimage\"},\"image\":{\"@id\":\"https:\/\/www.tercanbolgehaber.com\/index.php\/2026\/02\/13\/erzincanin-kurtulusunda-kuva-i-milliye-ruhu-payi-buyuktur\/#primaryimage\"},\"thumbnailUrl\":\"https:\/\/www.tercanbolgehaber.com\/wp-content\/uploads\/2025\/12\/6febd250-5b97-42a1-8711-e8d62a4a4883.jpg\",\"datePublished\":\"2026-02-13T08:25:08+00:00\",\"dateModified\":\"2026-02-13T08:25:11+00:00\",\"breadcrumb\":{\"@id\":\"https:\/\/www.tercanbolgehaber.com\/index.php\/2026\/02\/13\/erzincanin-kurtulusunda-kuva-i-milliye-ruhu-payi-buyuktur\/#breadcrumb\"},\"inLanguage\":\"tr\",\"potentialAction\":[{\"@type\":\"ReadAction\",\"target\":[\"https:\/\/www.tercanbolgehaber.com\/index.php\/2026\/02\/13\/erzincanin-kurtulusunda-kuva-i-milliye-ruhu-payi-buyuktur\/\"]}]},{\"@type\":\"ImageObject\",\"inLanguage\":\"tr\",\"@id\":\"https:\/\/www.tercanbolgehaber.com\/index.php\/2026\/02\/13\/erzincanin-kurtulusunda-kuva-i-milliye-ruhu-payi-buyuktur\/#primaryimage\",\"url\":\"https:\/\/www.tercanbolgehaber.com\/wp-content\/uploads\/2025\/12\/6febd250-5b97-42a1-8711-e8d62a4a4883.jpg\",\"contentUrl\":\"https:\/\/www.tercanbolgehaber.com\/wp-content\/uploads\/2025\/12\/6febd250-5b97-42a1-8711-e8d62a4a4883.jpg\",\"width\":1600,\"height\":738},{\"@type\":\"BreadcrumbList\",\"@id\":\"https:\/\/www.tercanbolgehaber.com\/index.php\/2026\/02\/13\/erzincanin-kurtulusunda-kuva-i-milliye-ruhu-payi-buyuktur\/#breadcrumb\",\"itemListElement\":[{\"@type\":\"ListItem\",\"position\":1,\"name\":\"Anasayfa\",\"item\":\"https:\/\/www.tercanbolgehaber.com\/\"},{\"@type\":\"ListItem\",\"position\":2,\"name\":\"ERZ\u0130NCAN\u2019IN KURTULU\u015eUNDA KUVA-\u0130 M\u0130LL\u0130YE RUHU PAYI B\u00dcY\u00dcKT\u00dcR\"}]},{\"@type\":\"WebSite\",\"@id\":\"https:\/\/www.tercanbolgehaber.com\/#website\",\"url\":\"https:\/\/www.tercanbolgehaber.com\/\",\"name\":\"TERCAN B&Ouml;LGE HABER\",\"description\":\"HALK'IN HABER PORTALI\",\"publisher\":{\"@id\":\"https:\/\/www.tercanbolgehaber.com\/#organization\"},\"potentialAction\":[{\"@type\":\"SearchAction\",\"target\":{\"@type\":\"EntryPoint\",\"urlTemplate\":\"https:\/\/www.tercanbolgehaber.com\/?s={search_term_string}\"},\"query-input\":{\"@type\":\"PropertyValueSpecification\",\"valueRequired\":true,\"valueName\":\"search_term_string\"}}],\"inLanguage\":\"tr\"},{\"@type\":\"Organization\",\"@id\":\"https:\/\/www.tercanbolgehaber.com\/#organization\",\"name\":\"Tercan B\u00f6lge Haber\",\"url\":\"https:\/\/www.tercanbolgehaber.com\/\",\"logo\":{\"@type\":\"ImageObject\",\"inLanguage\":\"tr\",\"@id\":\"https:\/\/www.tercanbolgehaber.com\/#\/schema\/logo\/image\/\",\"url\":\"http:\/\/www.tercanbolgehaber.com\/wp-content\/uploads\/2022\/04\/logo_yeni.png\",\"contentUrl\":\"http:\/\/www.tercanbolgehaber.com\/wp-content\/uploads\/2022\/04\/logo_yeni.png\",\"width\":250,\"height\":123,\"caption\":\"Tercan B\u00f6lge Haber\"},\"image\":{\"@id\":\"https:\/\/www.tercanbolgehaber.com\/#\/schema\/logo\/image\/\"}},{\"@type\":\"Person\",\"@id\":\"https:\/\/www.tercanbolgehaber.com\/#\/schema\/person\/588559f88c7997eaeefe12a53785fb5e\",\"name\":\"Haydar Co\u015fkunf\u0131rat\",\"image\":{\"@type\":\"ImageObject\",\"inLanguage\":\"tr\",\"@id\":\"https:\/\/secure.gravatar.com\/avatar\/1992688ffa73c31cf68142c3401bd1f8b600612718310d5da53a0f7a4a562ace?s=96&d=mm&r=g\",\"url\":\"https:\/\/secure.gravatar.com\/avatar\/1992688ffa73c31cf68142c3401bd1f8b600612718310d5da53a0f7a4a562ace?s=96&d=mm&r=g\",\"contentUrl\":\"https:\/\/secure.gravatar.com\/avatar\/1992688ffa73c31cf68142c3401bd1f8b600612718310d5da53a0f7a4a562ace?s=96&d=mm&r=g\",\"caption\":\"Haydar Co\u015fkunf\u0131rat\"},\"url\":\"https:\/\/www.tercanbolgehaber.com\/index.php\/author\/haydar\/\"}]}<\/script>\n<!-- \/ Yoast SEO plugin. -->","yoast_head_json":{"title":"ERZ\u0130NCAN\u2019IN KURTULU\u015eUNDA KUVA-\u0130 M\u0130LL\u0130YE RUHU PAYI B\u00dcY\u00dcKT\u00dcR - TERCAN B&Ouml;LGE HABER","robots":{"index":"index","follow":"follow","max-snippet":"max-snippet:-1","max-image-preview":"max-image-preview:large","max-video-preview":"max-video-preview:-1"},"canonical":"https:\/\/www.tercanbolgehaber.com\/index.php\/2026\/02\/13\/erzincanin-kurtulusunda-kuva-i-milliye-ruhu-payi-buyuktur\/","og_locale":"tr_TR","og_type":"article","og_title":"ERZ\u0130NCAN\u2019IN KURTULU\u015eUNDA KUVA-\u0130 M\u0130LL\u0130YE RUHU PAYI B\u00dcY\u00dcKT\u00dcR - TERCAN B&Ouml;LGE HABER","og_description":"&nbsp;Erzincan\u2019\u0131n d\u00fc\u015fman i\u015fgalinden kurtulu\u015funun 108&nbsp; Y\u0131l d\u00f6n\u00fcm\u00fc dolay\u0131s\u0131yla yaz\u0131l\u0131 bir mesaj yay\u0131mlayan Akdeniz Bas\u0131n Birli\u011fi Ba\u015fkan\u0131 Haydar Co\u015fkunf\u0131rat Kurtulu\u015f Sava\u015f\u0131n\u0131n kazan\u0131lmas\u0131nda Anadolu\u2019daki Kuva-i Milliye direni\u015flerinin ordumuza verdi\u011fi destek ve moralin pay\u0131 b\u00fcy\u00fckt\u00fcr dedi. Co\u015fkunf\u0131rat&nbsp; \u201cKurtulu\u015f Sava\u015f\u0131, Mustafa Kemal Atat\u00fcrk \u00f6nderli\u011finde ba\u011f\u0131ms\u0131zl\u0131\u011f\u0131na kavu\u015fmak isteyen bir ulusun, tarihte ender rastlanan ve bir\u00e7ok ulusa \u00f6rnek te\u015fkil eden bir [&hellip;]","og_url":"https:\/\/www.tercanbolgehaber.com\/index.php\/2026\/02\/13\/erzincanin-kurtulusunda-kuva-i-milliye-ruhu-payi-buyuktur\/","og_site_name":"TERCAN B&Ouml;LGE HABER","article_published_time":"2026-02-13T08:25:08+00:00","article_modified_time":"2026-02-13T08:25:11+00:00","og_image":[{"width":1600,"height":738,"url":"http:\/\/www.tercanbolgehaber.com\/wp-content\/uploads\/2025\/12\/6febd250-5b97-42a1-8711-e8d62a4a4883.jpg","type":"image\/jpeg"}],"author":"Haydar Co\u015fkunf\u0131rat","twitter_card":"summary_large_image","twitter_misc":{"Yazan:":"Haydar Co\u015fkunf\u0131rat","Tahmini okuma s\u00fcresi":"1 dakika"},"schema":{"@context":"https:\/\/schema.org","@graph":[{"@type":"Article","@id":"https:\/\/www.tercanbolgehaber.com\/index.php\/2026\/02\/13\/erzincanin-kurtulusunda-kuva-i-milliye-ruhu-payi-buyuktur\/#article","isPartOf":{"@id":"https:\/\/www.tercanbolgehaber.com\/index.php\/2026\/02\/13\/erzincanin-kurtulusunda-kuva-i-milliye-ruhu-payi-buyuktur\/"},"author":{"name":"Haydar Co\u015fkunf\u0131rat","@id":"https:\/\/www.tercanbolgehaber.com\/#\/schema\/person\/588559f88c7997eaeefe12a53785fb5e"},"headline":"ERZ\u0130NCAN\u2019IN KURTULU\u015eUNDA KUVA-\u0130 M\u0130LL\u0130YE RUHU PAYI B\u00dcY\u00dcKT\u00dcR","datePublished":"2026-02-13T08:25:08+00:00","dateModified":"2026-02-13T08:25:11+00:00","mainEntityOfPage":{"@id":"https:\/\/www.tercanbolgehaber.com\/index.php\/2026\/02\/13\/erzincanin-kurtulusunda-kuva-i-milliye-ruhu-payi-buyuktur\/"},"wordCount":288,"publisher":{"@id":"https:\/\/www.tercanbolgehaber.com\/#organization"},"image":{"@id":"https:\/\/www.tercanbolgehaber.com\/index.php\/2026\/02\/13\/erzincanin-kurtulusunda-kuva-i-milliye-ruhu-payi-buyuktur\/#primaryimage"},"thumbnailUrl":"https:\/\/www.tercanbolgehaber.com\/wp-content\/uploads\/2025\/12\/6febd250-5b97-42a1-8711-e8d62a4a4883.jpg","articleSection":["Uncategorized"],"inLanguage":"tr"},{"@type":"WebPage","@id":"https:\/\/www.tercanbolgehaber.com\/index.php\/2026\/02\/13\/erzincanin-kurtulusunda-kuva-i-milliye-ruhu-payi-buyuktur\/","url":"https:\/\/www.tercanbolgehaber.com\/index.php\/2026\/02\/13\/erzincanin-kurtulusunda-kuva-i-milliye-ruhu-payi-buyuktur\/","name":"ERZ\u0130NCAN\u2019IN KURTULU\u015eUNDA KUVA-\u0130 M\u0130LL\u0130YE RUHU PAYI B\u00dcY\u00dcKT\u00dcR - TERCAN B&Ouml;LGE HABER","isPartOf":{"@id":"https:\/\/www.tercanbolgehaber.com\/#website"},"primaryImageOfPage":{"@id":"https:\/\/www.tercanbolgehaber.com\/index.php\/2026\/02\/13\/erzincanin-kurtulusunda-kuva-i-milliye-ruhu-payi-buyuktur\/#primaryimage"},"image":{"@id":"https:\/\/www.tercanbolgehaber.com\/index.php\/2026\/02\/13\/erzincanin-kurtulusunda-kuva-i-milliye-ruhu-payi-buyuktur\/#primaryimage"},"thumbnailUrl":"https:\/\/www.tercanbolgehaber.com\/wp-content\/uploads\/2025\/12\/6febd250-5b97-42a1-8711-e8d62a4a4883.jpg","datePublished":"2026-02-13T08:25:08+00:00","dateModified":"2026-02-13T08:25:11+00:00","breadcrumb":{"@id":"https:\/\/www.tercanbolgehaber.com\/index.php\/2026\/02\/13\/erzincanin-kurtulusunda-kuva-i-milliye-ruhu-payi-buyuktur\/#breadcrumb"},"inLanguage":"tr","potentialAction":[{"@type":"ReadAction","target":["https:\/\/www.tercanbolgehaber.com\/index.php\/2026\/02\/13\/erzincanin-kurtulusunda-kuva-i-milliye-ruhu-payi-buyuktur\/"]}]},{"@type":"ImageObject","inLanguage":"tr","@id":"https:\/\/www.tercanbolgehaber.com\/index.php\/2026\/02\/13\/erzincanin-kurtulusunda-kuva-i-milliye-ruhu-payi-buyuktur\/#primaryimage","url":"https:\/\/www.tercanbolgehaber.com\/wp-content\/uploads\/2025\/12\/6febd250-5b97-42a1-8711-e8d62a4a4883.jpg","contentUrl":"https:\/\/www.tercanbolgehaber.com\/wp-content\/uploads\/2025\/12\/6febd250-5b97-42a1-8711-e8d62a4a4883.jpg","width":1600,"height":738},{"@type":"BreadcrumbList","@id":"https:\/\/www.tercanbolgehaber.com\/index.php\/2026\/02\/13\/erzincanin-kurtulusunda-kuva-i-milliye-ruhu-payi-buyuktur\/#breadcrumb","itemListElement":[{"@type":"ListItem","position":1,"name":"Anasayfa","item":"https:\/\/www.tercanbolgehaber.com\/"},{"@type":"ListItem","position":2,"name":"ERZ\u0130NCAN\u2019IN KURTULU\u015eUNDA KUVA-\u0130 M\u0130LL\u0130YE RUHU PAYI B\u00dcY\u00dcKT\u00dcR"}]},{"@type":"WebSite","@id":"https:\/\/www.tercanbolgehaber.com\/#website","url":"https:\/\/www.tercanbolgehaber.com\/","name":"TERCAN B&Ouml;LGE HABER","description":"HALK'IN HABER PORTALI","publisher":{"@id":"https:\/\/www.tercanbolgehaber.com\/#organization"},"potentialAction":[{"@type":"SearchAction","target":{"@type":"EntryPoint","urlTemplate":"https:\/\/www.tercanbolgehaber.com\/?s={search_term_string}"},"query-input":{"@type":"PropertyValueSpecification","valueRequired":true,"valueName":"search_term_string"}}],"inLanguage":"tr"},{"@type":"Organization","@id":"https:\/\/www.tercanbolgehaber.com\/#organization","name":"Tercan B\u00f6lge Haber","url":"https:\/\/www.tercanbolgehaber.com\/","logo":{"@type":"ImageObject","inLanguage":"tr","@id":"https:\/\/www.tercanbolgehaber.com\/#\/schema\/logo\/image\/","url":"http:\/\/www.tercanbolgehaber.com\/wp-content\/uploads\/2022\/04\/logo_yeni.png","contentUrl":"http:\/\/www.tercanbolgehaber.com\/wp-content\/uploads\/2022\/04\/logo_yeni.png","width":250,"height":123,"caption":"Tercan B\u00f6lge Haber"},"image":{"@id":"https:\/\/www.tercanbolgehaber.com\/#\/schema\/logo\/image\/"}},{"@type":"Person","@id":"https:\/\/www.tercanbolgehaber.com\/#\/schema\/person\/588559f88c7997eaeefe12a53785fb5e","name":"Haydar Co\u015fkunf\u0131rat","image":{"@type":"ImageObject","inLanguage":"tr","@id":"https:\/\/secure.gravatar.com\/avatar\/1992688ffa73c31cf68142c3401bd1f8b600612718310d5da53a0f7a4a562ace?s=96&d=mm&r=g","url":"https:\/\/secure.gravatar.com\/avatar\/1992688ffa73c31cf68142c3401bd1f8b600612718310d5da53a0f7a4a562ace?s=96&d=mm&r=g","contentUrl":"https:\/\/secure.gravatar.com\/avatar\/1992688ffa73c31cf68142c3401bd1f8b600612718310d5da53a0f7a4a562ace?s=96&d=mm&r=g","caption":"Haydar Co\u015fkunf\u0131rat"},"url":"https:\/\/www.tercanbolgehaber.com\/index.php\/author\/haydar\/"}]}},"_links":{"self":[{"href":"https:\/\/www.tercanbolgehaber.com\/index.php\/wp-json\/wp\/v2\/posts\/7163","targetHints":{"allow":["GET"]}}],"collection":[{"href":"https:\/\/www.tercanbolgehaber.com\/index.php\/wp-json\/wp\/v2\/posts"}],"about":[{"href":"https:\/\/www.tercanbolgehaber.com\/index.php\/wp-json\/wp\/v2\/types\/post"}],"author":[{"embeddable":true,"href":"https:\/\/www.tercanbolgehaber.com\/index.php\/wp-json\/wp\/v2\/users\/2"}],"replies":[{"embeddable":true,"href":"https:\/\/www.tercanbolgehaber.com\/index.php\/wp-json\/wp\/v2\/comments?post=7163"}],"version-history":[{"count":1,"href":"https:\/\/www.tercanbolgehaber.com\/index.php\/wp-json\/wp\/v2\/posts\/7163\/revisions"}],"predecessor-version":[{"id":7164,"href":"https:\/\/www.tercanbolgehaber.com\/index.php\/wp-json\/wp\/v2\/posts\/7163\/revisions\/7164"}],"wp:featuredmedia":[{"embeddable":true,"href":"https:\/\/www.tercanbolgehaber.com\/index.php\/wp-json\/wp\/v2\/media\/6980"}],"wp:attachment":[{"href":"https:\/\/www.tercanbolgehaber.com\/index.php\/wp-json\/wp\/v2\/media?parent=7163"}],"wp:term":[{"taxonomy":"category","embeddable":true,"href":"https:\/\/www.tercanbolgehaber.com\/index.php\/wp-json\/wp\/v2\/categories?post=7163"},{"taxonomy":"post_tag","embeddable":true,"href":"https:\/\/www.tercanbolgehaber.com\/index.php\/wp-json\/wp\/v2\/tags?post=7163"}],"curies":[{"name":"wp","href":"https:\/\/api.w.org\/{rel}","templated":true}]}}