{"id":7159,"date":"2026-02-12T07:12:10","date_gmt":"2026-02-12T07:12:10","guid":{"rendered":"https:\/\/www.tercanbolgehaber.com\/?p=7159"},"modified":"2026-02-13T10:18:57","modified_gmt":"2026-02-13T10:18:57","slug":"tercan-cem-vakfi-heyeti-erzincan-valisi-aydogduyu-makaminda-ziyaret-etti","status":"publish","type":"post","link":"https:\/\/www.tercanbolgehaber.com\/index.php\/2026\/02\/12\/tercan-cem-vakfi-heyeti-erzincan-valisi-aydogduyu-makaminda-ziyaret-etti\/","title":{"rendered":"TERCAN CEM VAKFI HEYET\u0130, ERZ\u0130NCAN VAL\u0130S\u0130 AYDO\u011eDU\u2019YU MAKAMINDA Z\u0130YARET ETT\u0130."},"content":{"rendered":"\n<p><\/p>\n\n\n\n<p class=\"has-vivid-red-background-color has-background\">TERCAN CEM VAKFI P\u0130R AHMET YESEV\u0130 CEM EV\u0130 BA\u015eKANI HAYDAR CO\u015eKUNFIRAT VE Y\u00d6NET\u0130M KURULU UYELER\u0130 ERZ\u0130NCAN VAL\u0130S\u0130 SAYIN DO\u00c7. DR. HAMZA AYDO\u011eDU\u2019YU MAKAMINDA Z\u0130YARET ETT\u0130.<\/p>\n\n\n\n<figure class=\"wp-block-image size-full is-resized\"><img loading=\"lazy\" decoding=\"async\" width=\"588\" height=\"430\" src=\"https:\/\/www.tercanbolgehaber.com\/wp-content\/uploads\/2026\/02\/630101368_1211786844404804_7029845817048196386_n-Kopya-1.jpg\" alt=\"\" class=\"wp-image-7161\" style=\"width:448px;height:auto\" srcset=\"https:\/\/www.tercanbolgehaber.com\/wp-content\/uploads\/2026\/02\/630101368_1211786844404804_7029845817048196386_n-Kopya-1.jpg 588w, https:\/\/www.tercanbolgehaber.com\/wp-content\/uploads\/2026\/02\/630101368_1211786844404804_7029845817048196386_n-Kopya-1-300x219.jpg 300w\" sizes=\"auto, (max-width: 588px) 100vw, 588px\" \/><\/figure>\n\n\n\n<p>Ger\u00e7ekle\u015ftirilen ziyarette vakf\u0131n \u00e7al\u0131\u015fmalar\u0131 hakk\u0131nda bilgi payla\u015f\u0131m\u0131nda bulunulurken, y\u00fcr\u00fct\u00fclen sosyal ve k\u00fclt\u00fcrel faaliyetler \u00fczerine de\u011ferlendirmeler yap\u0131ld\u0131. Vali Aydo\u011fdu, TERCAN CEM VAKFI P\u0130R AHMET YE SEV\u0130 Y\u00f6netim ba\u015fkan ve y\u00f6netim kurulunun \u00a0nazik ziyaretlerinden dolay\u0131 heyete te\u015fekk\u00fcr ederek \u00e7al\u0131\u015fmalar\u0131nda ba\u015far\u0131lar diledi.<\/p>\n\n\n\n<p>Ziyaret, kar\u015f\u0131l\u0131kl\u0131 iyi niyet temennileri ve hat\u0131ra foto\u011fraf\u0131 \u00e7ekimi ile sona erdi.<\/p>\n\n\n\n<p><\/p>\n","protected":false},"excerpt":{"rendered":"<p>TERCAN CEM VAKFI P\u0130R AHMET YESEV\u0130 CEM EV\u0130 BA\u015eKANI HAYDAR CO\u015eKUNFIRAT VE Y\u00d6NET\u0130M KURULU UYELER\u0130 ERZ\u0130NCAN VAL\u0130S\u0130 SAYIN DO\u00c7. DR. HAMZA AYDO\u011eDU\u2019YU MAKAMINDA Z\u0130YARET ETT\u0130. Ger\u00e7ekle\u015ftirilen ziyarette vakf\u0131n \u00e7al\u0131\u015fmalar\u0131 hakk\u0131nda bilgi payla\u015f\u0131m\u0131nda bulunulurken, y\u00fcr\u00fct\u00fclen sosyal ve k\u00fclt\u00fcrel faaliyetler \u00fczerine de\u011ferlendirmeler yap\u0131ld\u0131. Vali Aydo\u011fdu, TERCAN CEM VAKFI P\u0130R AHMET YE SEV\u0130 Y\u00f6netim ba\u015fkan ve y\u00f6netim kurulunun [&hellip;]<\/p>\n","protected":false},"author":2,"featured_media":7160,"comment_status":"closed","ping_status":"open","sticky":false,"template":"","format":"standard","meta":{"footnotes":""},"categories":[35],"tags":[],"class_list":{"0":"post-7159","1":"post","2":"type-post","3":"status-publish","4":"format-standard","5":"has-post-thumbnail","7":"category-manset"},"yoast_head":"<!-- This site is optimized with the Yoast SEO plugin v27.2 - https:\/\/yoast.com\/product\/yoast-seo-wordpress\/ -->\n<title>TERCAN CEM VAKFI HEYET\u0130, ERZ\u0130NCAN VAL\u0130S\u0130 AYDO\u011eDU\u2019YU MAKAMINDA Z\u0130YARET ETT\u0130. - TERCAN B&Ouml;LGE HABER<\/title>\n<meta name=\"robots\" content=\"index, follow, max-snippet:-1, max-image-preview:large, max-video-preview:-1\" \/>\n<link rel=\"canonical\" href=\"https:\/\/www.tercanbolgehaber.com\/index.php\/2026\/02\/12\/tercan-cem-vakfi-heyeti-erzincan-valisi-aydogduyu-makaminda-ziyaret-etti\/\" \/>\n<meta property=\"og:locale\" content=\"tr_TR\" \/>\n<meta property=\"og:type\" content=\"article\" \/>\n<meta property=\"og:title\" content=\"TERCAN CEM VAKFI HEYET\u0130, ERZ\u0130NCAN VAL\u0130S\u0130 AYDO\u011eDU\u2019YU MAKAMINDA Z\u0130YARET ETT\u0130. - TERCAN B&Ouml;LGE HABER\" \/>\n<meta property=\"og:description\" content=\"TERCAN CEM VAKFI P\u0130R AHMET YESEV\u0130 CEM EV\u0130 BA\u015eKANI HAYDAR CO\u015eKUNFIRAT VE Y\u00d6NET\u0130M KURULU UYELER\u0130 ERZ\u0130NCAN VAL\u0130S\u0130 SAYIN DO\u00c7. DR. HAMZA AYDO\u011eDU\u2019YU MAKAMINDA Z\u0130YARET ETT\u0130. Ger\u00e7ekle\u015ftirilen ziyarette vakf\u0131n \u00e7al\u0131\u015fmalar\u0131 hakk\u0131nda bilgi payla\u015f\u0131m\u0131nda bulunulurken, y\u00fcr\u00fct\u00fclen sosyal ve k\u00fclt\u00fcrel faaliyetler \u00fczerine de\u011ferlendirmeler yap\u0131ld\u0131. Vali Aydo\u011fdu, TERCAN CEM VAKFI P\u0130R AHMET YE SEV\u0130 Y\u00f6netim ba\u015fkan ve y\u00f6netim kurulunun [&hellip;]\" \/>\n<meta property=\"og:url\" content=\"https:\/\/www.tercanbolgehaber.com\/index.php\/2026\/02\/12\/tercan-cem-vakfi-heyeti-erzincan-valisi-aydogduyu-makaminda-ziyaret-etti\/\" \/>\n<meta property=\"og:site_name\" content=\"TERCAN B&Ouml;LGE HABER\" \/>\n<meta property=\"article:published_time\" content=\"2026-02-12T07:12:10+00:00\" \/>\n<meta property=\"article:modified_time\" content=\"2026-02-13T10:18:57+00:00\" \/>\n<meta property=\"og:image\" content=\"http:\/\/www.tercanbolgehaber.com\/wp-content\/uploads\/2026\/02\/630101368_1211786844404804_7029845817048196386_n-Kopya.jpg\" \/>\n\t<meta property=\"og:image:width\" content=\"588\" \/>\n\t<meta property=\"og:image:height\" content=\"430\" \/>\n\t<meta property=\"og:image:type\" content=\"image\/jpeg\" \/>\n<meta name=\"author\" content=\"Haydar Co\u015fkunf\u0131rat\" \/>\n<meta name=\"twitter:card\" content=\"summary_large_image\" \/>\n<meta name=\"twitter:label1\" content=\"Yazan:\" \/>\n\t<meta name=\"twitter:data1\" content=\"Haydar Co\u015fkunf\u0131rat\" \/>\n\t<meta name=\"twitter:label2\" content=\"Tahmini okuma s\u00fcresi\" \/>\n\t<meta name=\"twitter:data2\" content=\"1 dakika\" \/>\n<script type=\"application\/ld+json\" class=\"yoast-schema-graph\">{\"@context\":\"https:\/\/schema.org\",\"@graph\":[{\"@type\":\"Article\",\"@id\":\"https:\/\/www.tercanbolgehaber.com\/index.php\/2026\/02\/12\/tercan-cem-vakfi-heyeti-erzincan-valisi-aydogduyu-makaminda-ziyaret-etti\/#article\",\"isPartOf\":{\"@id\":\"https:\/\/www.tercanbolgehaber.com\/index.php\/2026\/02\/12\/tercan-cem-vakfi-heyeti-erzincan-valisi-aydogduyu-makaminda-ziyaret-etti\/\"},\"author\":{\"name\":\"Haydar Co\u015fkunf\u0131rat\",\"@id\":\"https:\/\/www.tercanbolgehaber.com\/#\/schema\/person\/588559f88c7997eaeefe12a53785fb5e\"},\"headline\":\"TERCAN CEM VAKFI HEYET\u0130, ERZ\u0130NCAN VAL\u0130S\u0130 AYDO\u011eDU\u2019YU MAKAMINDA Z\u0130YARET ETT\u0130.\",\"datePublished\":\"2026-02-12T07:12:10+00:00\",\"dateModified\":\"2026-02-13T10:18:57+00:00\",\"mainEntityOfPage\":{\"@id\":\"https:\/\/www.tercanbolgehaber.com\/index.php\/2026\/02\/12\/tercan-cem-vakfi-heyeti-erzincan-valisi-aydogduyu-makaminda-ziyaret-etti\/\"},\"wordCount\":130,\"publisher\":{\"@id\":\"https:\/\/www.tercanbolgehaber.com\/#organization\"},\"image\":{\"@id\":\"https:\/\/www.tercanbolgehaber.com\/index.php\/2026\/02\/12\/tercan-cem-vakfi-heyeti-erzincan-valisi-aydogduyu-makaminda-ziyaret-etti\/#primaryimage\"},\"thumbnailUrl\":\"https:\/\/www.tercanbolgehaber.com\/wp-content\/uploads\/2026\/02\/630101368_1211786844404804_7029845817048196386_n-Kopya.jpg\",\"articleSection\":[\"Man\u015fet\"],\"inLanguage\":\"tr\"},{\"@type\":\"WebPage\",\"@id\":\"https:\/\/www.tercanbolgehaber.com\/index.php\/2026\/02\/12\/tercan-cem-vakfi-heyeti-erzincan-valisi-aydogduyu-makaminda-ziyaret-etti\/\",\"url\":\"https:\/\/www.tercanbolgehaber.com\/index.php\/2026\/02\/12\/tercan-cem-vakfi-heyeti-erzincan-valisi-aydogduyu-makaminda-ziyaret-etti\/\",\"name\":\"TERCAN CEM VAKFI HEYET\u0130, ERZ\u0130NCAN VAL\u0130S\u0130 AYDO\u011eDU\u2019YU MAKAMINDA Z\u0130YARET ETT\u0130. - TERCAN B&Ouml;LGE HABER\",\"isPartOf\":{\"@id\":\"https:\/\/www.tercanbolgehaber.com\/#website\"},\"primaryImageOfPage\":{\"@id\":\"https:\/\/www.tercanbolgehaber.com\/index.php\/2026\/02\/12\/tercan-cem-vakfi-heyeti-erzincan-valisi-aydogduyu-makaminda-ziyaret-etti\/#primaryimage\"},\"image\":{\"@id\":\"https:\/\/www.tercanbolgehaber.com\/index.php\/2026\/02\/12\/tercan-cem-vakfi-heyeti-erzincan-valisi-aydogduyu-makaminda-ziyaret-etti\/#primaryimage\"},\"thumbnailUrl\":\"https:\/\/www.tercanbolgehaber.com\/wp-content\/uploads\/2026\/02\/630101368_1211786844404804_7029845817048196386_n-Kopya.jpg\",\"datePublished\":\"2026-02-12T07:12:10+00:00\",\"dateModified\":\"2026-02-13T10:18:57+00:00\",\"breadcrumb\":{\"@id\":\"https:\/\/www.tercanbolgehaber.com\/index.php\/2026\/02\/12\/tercan-cem-vakfi-heyeti-erzincan-valisi-aydogduyu-makaminda-ziyaret-etti\/#breadcrumb\"},\"inLanguage\":\"tr\",\"potentialAction\":[{\"@type\":\"ReadAction\",\"target\":[\"https:\/\/www.tercanbolgehaber.com\/index.php\/2026\/02\/12\/tercan-cem-vakfi-heyeti-erzincan-valisi-aydogduyu-makaminda-ziyaret-etti\/\"]}]},{\"@type\":\"ImageObject\",\"inLanguage\":\"tr\",\"@id\":\"https:\/\/www.tercanbolgehaber.com\/index.php\/2026\/02\/12\/tercan-cem-vakfi-heyeti-erzincan-valisi-aydogduyu-makaminda-ziyaret-etti\/#primaryimage\",\"url\":\"https:\/\/www.tercanbolgehaber.com\/wp-content\/uploads\/2026\/02\/630101368_1211786844404804_7029845817048196386_n-Kopya.jpg\",\"contentUrl\":\"https:\/\/www.tercanbolgehaber.com\/wp-content\/uploads\/2026\/02\/630101368_1211786844404804_7029845817048196386_n-Kopya.jpg\",\"width\":588,\"height\":430},{\"@type\":\"BreadcrumbList\",\"@id\":\"https:\/\/www.tercanbolgehaber.com\/index.php\/2026\/02\/12\/tercan-cem-vakfi-heyeti-erzincan-valisi-aydogduyu-makaminda-ziyaret-etti\/#breadcrumb\",\"itemListElement\":[{\"@type\":\"ListItem\",\"position\":1,\"name\":\"Anasayfa\",\"item\":\"https:\/\/www.tercanbolgehaber.com\/\"},{\"@type\":\"ListItem\",\"position\":2,\"name\":\"TERCAN CEM VAKFI HEYET\u0130, ERZ\u0130NCAN VAL\u0130S\u0130 AYDO\u011eDU\u2019YU MAKAMINDA Z\u0130YARET ETT\u0130.\"}]},{\"@type\":\"WebSite\",\"@id\":\"https:\/\/www.tercanbolgehaber.com\/#website\",\"url\":\"https:\/\/www.tercanbolgehaber.com\/\",\"name\":\"TERCAN B&Ouml;LGE HABER\",\"description\":\"HALK'IN HABER PORTALI\",\"publisher\":{\"@id\":\"https:\/\/www.tercanbolgehaber.com\/#organization\"},\"potentialAction\":[{\"@type\":\"SearchAction\",\"target\":{\"@type\":\"EntryPoint\",\"urlTemplate\":\"https:\/\/www.tercanbolgehaber.com\/?s={search_term_string}\"},\"query-input\":{\"@type\":\"PropertyValueSpecification\",\"valueRequired\":true,\"valueName\":\"search_term_string\"}}],\"inLanguage\":\"tr\"},{\"@type\":\"Organization\",\"@id\":\"https:\/\/www.tercanbolgehaber.com\/#organization\",\"name\":\"Tercan B\u00f6lge Haber\",\"url\":\"https:\/\/www.tercanbolgehaber.com\/\",\"logo\":{\"@type\":\"ImageObject\",\"inLanguage\":\"tr\",\"@id\":\"https:\/\/www.tercanbolgehaber.com\/#\/schema\/logo\/image\/\",\"url\":\"http:\/\/www.tercanbolgehaber.com\/wp-content\/uploads\/2022\/04\/logo_yeni.png\",\"contentUrl\":\"http:\/\/www.tercanbolgehaber.com\/wp-content\/uploads\/2022\/04\/logo_yeni.png\",\"width\":250,\"height\":123,\"caption\":\"Tercan B\u00f6lge Haber\"},\"image\":{\"@id\":\"https:\/\/www.tercanbolgehaber.com\/#\/schema\/logo\/image\/\"}},{\"@type\":\"Person\",\"@id\":\"https:\/\/www.tercanbolgehaber.com\/#\/schema\/person\/588559f88c7997eaeefe12a53785fb5e\",\"name\":\"Haydar Co\u015fkunf\u0131rat\",\"image\":{\"@type\":\"ImageObject\",\"inLanguage\":\"tr\",\"@id\":\"https:\/\/secure.gravatar.com\/avatar\/1992688ffa73c31cf68142c3401bd1f8b600612718310d5da53a0f7a4a562ace?s=96&d=mm&r=g\",\"url\":\"https:\/\/secure.gravatar.com\/avatar\/1992688ffa73c31cf68142c3401bd1f8b600612718310d5da53a0f7a4a562ace?s=96&d=mm&r=g\",\"contentUrl\":\"https:\/\/secure.gravatar.com\/avatar\/1992688ffa73c31cf68142c3401bd1f8b600612718310d5da53a0f7a4a562ace?s=96&d=mm&r=g\",\"caption\":\"Haydar Co\u015fkunf\u0131rat\"},\"url\":\"https:\/\/www.tercanbolgehaber.com\/index.php\/author\/haydar\/\"}]}<\/script>\n<!-- \/ Yoast SEO plugin. -->","yoast_head_json":{"title":"TERCAN CEM VAKFI HEYET\u0130, ERZ\u0130NCAN VAL\u0130S\u0130 AYDO\u011eDU\u2019YU MAKAMINDA Z\u0130YARET ETT\u0130. - TERCAN B&Ouml;LGE HABER","robots":{"index":"index","follow":"follow","max-snippet":"max-snippet:-1","max-image-preview":"max-image-preview:large","max-video-preview":"max-video-preview:-1"},"canonical":"https:\/\/www.tercanbolgehaber.com\/index.php\/2026\/02\/12\/tercan-cem-vakfi-heyeti-erzincan-valisi-aydogduyu-makaminda-ziyaret-etti\/","og_locale":"tr_TR","og_type":"article","og_title":"TERCAN CEM VAKFI HEYET\u0130, ERZ\u0130NCAN VAL\u0130S\u0130 AYDO\u011eDU\u2019YU MAKAMINDA Z\u0130YARET ETT\u0130. - TERCAN B&Ouml;LGE HABER","og_description":"TERCAN CEM VAKFI P\u0130R AHMET YESEV\u0130 CEM EV\u0130 BA\u015eKANI HAYDAR CO\u015eKUNFIRAT VE Y\u00d6NET\u0130M KURULU UYELER\u0130 ERZ\u0130NCAN VAL\u0130S\u0130 SAYIN DO\u00c7. DR. HAMZA AYDO\u011eDU\u2019YU MAKAMINDA Z\u0130YARET ETT\u0130. Ger\u00e7ekle\u015ftirilen ziyarette vakf\u0131n \u00e7al\u0131\u015fmalar\u0131 hakk\u0131nda bilgi payla\u015f\u0131m\u0131nda bulunulurken, y\u00fcr\u00fct\u00fclen sosyal ve k\u00fclt\u00fcrel faaliyetler \u00fczerine de\u011ferlendirmeler yap\u0131ld\u0131. Vali Aydo\u011fdu, TERCAN CEM VAKFI P\u0130R AHMET YE SEV\u0130 Y\u00f6netim ba\u015fkan ve y\u00f6netim kurulunun [&hellip;]","og_url":"https:\/\/www.tercanbolgehaber.com\/index.php\/2026\/02\/12\/tercan-cem-vakfi-heyeti-erzincan-valisi-aydogduyu-makaminda-ziyaret-etti\/","og_site_name":"TERCAN B&Ouml;LGE HABER","article_published_time":"2026-02-12T07:12:10+00:00","article_modified_time":"2026-02-13T10:18:57+00:00","og_image":[{"width":588,"height":430,"url":"http:\/\/www.tercanbolgehaber.com\/wp-content\/uploads\/2026\/02\/630101368_1211786844404804_7029845817048196386_n-Kopya.jpg","type":"image\/jpeg"}],"author":"Haydar Co\u015fkunf\u0131rat","twitter_card":"summary_large_image","twitter_misc":{"Yazan:":"Haydar Co\u015fkunf\u0131rat","Tahmini okuma s\u00fcresi":"1 dakika"},"schema":{"@context":"https:\/\/schema.org","@graph":[{"@type":"Article","@id":"https:\/\/www.tercanbolgehaber.com\/index.php\/2026\/02\/12\/tercan-cem-vakfi-heyeti-erzincan-valisi-aydogduyu-makaminda-ziyaret-etti\/#article","isPartOf":{"@id":"https:\/\/www.tercanbolgehaber.com\/index.php\/2026\/02\/12\/tercan-cem-vakfi-heyeti-erzincan-valisi-aydogduyu-makaminda-ziyaret-etti\/"},"author":{"name":"Haydar Co\u015fkunf\u0131rat","@id":"https:\/\/www.tercanbolgehaber.com\/#\/schema\/person\/588559f88c7997eaeefe12a53785fb5e"},"headline":"TERCAN CEM VAKFI HEYET\u0130, ERZ\u0130NCAN VAL\u0130S\u0130 AYDO\u011eDU\u2019YU MAKAMINDA Z\u0130YARET ETT\u0130.","datePublished":"2026-02-12T07:12:10+00:00","dateModified":"2026-02-13T10:18:57+00:00","mainEntityOfPage":{"@id":"https:\/\/www.tercanbolgehaber.com\/index.php\/2026\/02\/12\/tercan-cem-vakfi-heyeti-erzincan-valisi-aydogduyu-makaminda-ziyaret-etti\/"},"wordCount":130,"publisher":{"@id":"https:\/\/www.tercanbolgehaber.com\/#organization"},"image":{"@id":"https:\/\/www.tercanbolgehaber.com\/index.php\/2026\/02\/12\/tercan-cem-vakfi-heyeti-erzincan-valisi-aydogduyu-makaminda-ziyaret-etti\/#primaryimage"},"thumbnailUrl":"https:\/\/www.tercanbolgehaber.com\/wp-content\/uploads\/2026\/02\/630101368_1211786844404804_7029845817048196386_n-Kopya.jpg","articleSection":["Man\u015fet"],"inLanguage":"tr"},{"@type":"WebPage","@id":"https:\/\/www.tercanbolgehaber.com\/index.php\/2026\/02\/12\/tercan-cem-vakfi-heyeti-erzincan-valisi-aydogduyu-makaminda-ziyaret-etti\/","url":"https:\/\/www.tercanbolgehaber.com\/index.php\/2026\/02\/12\/tercan-cem-vakfi-heyeti-erzincan-valisi-aydogduyu-makaminda-ziyaret-etti\/","name":"TERCAN CEM VAKFI HEYET\u0130, ERZ\u0130NCAN VAL\u0130S\u0130 AYDO\u011eDU\u2019YU MAKAMINDA Z\u0130YARET ETT\u0130. - TERCAN B&Ouml;LGE HABER","isPartOf":{"@id":"https:\/\/www.tercanbolgehaber.com\/#website"},"primaryImageOfPage":{"@id":"https:\/\/www.tercanbolgehaber.com\/index.php\/2026\/02\/12\/tercan-cem-vakfi-heyeti-erzincan-valisi-aydogduyu-makaminda-ziyaret-etti\/#primaryimage"},"image":{"@id":"https:\/\/www.tercanbolgehaber.com\/index.php\/2026\/02\/12\/tercan-cem-vakfi-heyeti-erzincan-valisi-aydogduyu-makaminda-ziyaret-etti\/#primaryimage"},"thumbnailUrl":"https:\/\/www.tercanbolgehaber.com\/wp-content\/uploads\/2026\/02\/630101368_1211786844404804_7029845817048196386_n-Kopya.jpg","datePublished":"2026-02-12T07:12:10+00:00","dateModified":"2026-02-13T10:18:57+00:00","breadcrumb":{"@id":"https:\/\/www.tercanbolgehaber.com\/index.php\/2026\/02\/12\/tercan-cem-vakfi-heyeti-erzincan-valisi-aydogduyu-makaminda-ziyaret-etti\/#breadcrumb"},"inLanguage":"tr","potentialAction":[{"@type":"ReadAction","target":["https:\/\/www.tercanbolgehaber.com\/index.php\/2026\/02\/12\/tercan-cem-vakfi-heyeti-erzincan-valisi-aydogduyu-makaminda-ziyaret-etti\/"]}]},{"@type":"ImageObject","inLanguage":"tr","@id":"https:\/\/www.tercanbolgehaber.com\/index.php\/2026\/02\/12\/tercan-cem-vakfi-heyeti-erzincan-valisi-aydogduyu-makaminda-ziyaret-etti\/#primaryimage","url":"https:\/\/www.tercanbolgehaber.com\/wp-content\/uploads\/2026\/02\/630101368_1211786844404804_7029845817048196386_n-Kopya.jpg","contentUrl":"https:\/\/www.tercanbolgehaber.com\/wp-content\/uploads\/2026\/02\/630101368_1211786844404804_7029845817048196386_n-Kopya.jpg","width":588,"height":430},{"@type":"BreadcrumbList","@id":"https:\/\/www.tercanbolgehaber.com\/index.php\/2026\/02\/12\/tercan-cem-vakfi-heyeti-erzincan-valisi-aydogduyu-makaminda-ziyaret-etti\/#breadcrumb","itemListElement":[{"@type":"ListItem","position":1,"name":"Anasayfa","item":"https:\/\/www.tercanbolgehaber.com\/"},{"@type":"ListItem","position":2,"name":"TERCAN CEM VAKFI HEYET\u0130, ERZ\u0130NCAN VAL\u0130S\u0130 AYDO\u011eDU\u2019YU MAKAMINDA Z\u0130YARET ETT\u0130."}]},{"@type":"WebSite","@id":"https:\/\/www.tercanbolgehaber.com\/#website","url":"https:\/\/www.tercanbolgehaber.com\/","name":"TERCAN B&Ouml;LGE HABER","description":"HALK'IN HABER PORTALI","publisher":{"@id":"https:\/\/www.tercanbolgehaber.com\/#organization"},"potentialAction":[{"@type":"SearchAction","target":{"@type":"EntryPoint","urlTemplate":"https:\/\/www.tercanbolgehaber.com\/?s={search_term_string}"},"query-input":{"@type":"PropertyValueSpecification","valueRequired":true,"valueName":"search_term_string"}}],"inLanguage":"tr"},{"@type":"Organization","@id":"https:\/\/www.tercanbolgehaber.com\/#organization","name":"Tercan B\u00f6lge Haber","url":"https:\/\/www.tercanbolgehaber.com\/","logo":{"@type":"ImageObject","inLanguage":"tr","@id":"https:\/\/www.tercanbolgehaber.com\/#\/schema\/logo\/image\/","url":"http:\/\/www.tercanbolgehaber.com\/wp-content\/uploads\/2022\/04\/logo_yeni.png","contentUrl":"http:\/\/www.tercanbolgehaber.com\/wp-content\/uploads\/2022\/04\/logo_yeni.png","width":250,"height":123,"caption":"Tercan B\u00f6lge Haber"},"image":{"@id":"https:\/\/www.tercanbolgehaber.com\/#\/schema\/logo\/image\/"}},{"@type":"Person","@id":"https:\/\/www.tercanbolgehaber.com\/#\/schema\/person\/588559f88c7997eaeefe12a53785fb5e","name":"Haydar Co\u015fkunf\u0131rat","image":{"@type":"ImageObject","inLanguage":"tr","@id":"https:\/\/secure.gravatar.com\/avatar\/1992688ffa73c31cf68142c3401bd1f8b600612718310d5da53a0f7a4a562ace?s=96&d=mm&r=g","url":"https:\/\/secure.gravatar.com\/avatar\/1992688ffa73c31cf68142c3401bd1f8b600612718310d5da53a0f7a4a562ace?s=96&d=mm&r=g","contentUrl":"https:\/\/secure.gravatar.com\/avatar\/1992688ffa73c31cf68142c3401bd1f8b600612718310d5da53a0f7a4a562ace?s=96&d=mm&r=g","caption":"Haydar Co\u015fkunf\u0131rat"},"url":"https:\/\/www.tercanbolgehaber.com\/index.php\/author\/haydar\/"}]}},"_links":{"self":[{"href":"https:\/\/www.tercanbolgehaber.com\/index.php\/wp-json\/wp\/v2\/posts\/7159","targetHints":{"allow":["GET"]}}],"collection":[{"href":"https:\/\/www.tercanbolgehaber.com\/index.php\/wp-json\/wp\/v2\/posts"}],"about":[{"href":"https:\/\/www.tercanbolgehaber.com\/index.php\/wp-json\/wp\/v2\/types\/post"}],"author":[{"embeddable":true,"href":"https:\/\/www.tercanbolgehaber.com\/index.php\/wp-json\/wp\/v2\/users\/2"}],"replies":[{"embeddable":true,"href":"https:\/\/www.tercanbolgehaber.com\/index.php\/wp-json\/wp\/v2\/comments?post=7159"}],"version-history":[{"count":3,"href":"https:\/\/www.tercanbolgehaber.com\/index.php\/wp-json\/wp\/v2\/posts\/7159\/revisions"}],"predecessor-version":[{"id":7167,"href":"https:\/\/www.tercanbolgehaber.com\/index.php\/wp-json\/wp\/v2\/posts\/7159\/revisions\/7167"}],"wp:featuredmedia":[{"embeddable":true,"href":"https:\/\/www.tercanbolgehaber.com\/index.php\/wp-json\/wp\/v2\/media\/7160"}],"wp:attachment":[{"href":"https:\/\/www.tercanbolgehaber.com\/index.php\/wp-json\/wp\/v2\/media?parent=7159"}],"wp:term":[{"taxonomy":"category","embeddable":true,"href":"https:\/\/www.tercanbolgehaber.com\/index.php\/wp-json\/wp\/v2\/categories?post=7159"},{"taxonomy":"post_tag","embeddable":true,"href":"https:\/\/www.tercanbolgehaber.com\/index.php\/wp-json\/wp\/v2\/tags?post=7159"}],"curies":[{"name":"wp","href":"https:\/\/api.w.org\/{rel}","templated":true}]}}