{"id":569,"date":"2022-05-20T06:12:49","date_gmt":"2022-05-20T06:12:49","guid":{"rendered":"http:\/\/www.tercanbolgehaber.com\/?p=569"},"modified":"2022-05-20T06:12:51","modified_gmt":"2022-05-20T06:12:51","slug":"ak-partili-yilmaz-ihracatimizi-istihdamimizi-daha-yukari-cikartacak-dedi","status":"publish","type":"post","link":"https:\/\/www.tercanbolgehaber.com\/index.php\/2022\/05\/20\/ak-partili-yilmaz-ihracatimizi-istihdamimizi-daha-yukari-cikartacak-dedi\/","title":{"rendered":"AK PART\u0130&#8217;L\u0130 YILMAZ: &#8220;\u0130HRACATIMIZI, \u0130ST\u0130HDAMIMIZI DAHA YUKARI \u00c7IKARTACAK DED\u0130\u2019\u2019"},"content":{"rendered":"\n<p class=\"has-luminous-vivid-amber-background-color has-background\">AK PART\u0130 MERS\u0130N M\u0130LLETVEK\u0130L\u0130 ZEYNEP G\u00dcL YILMAZ, \u201c\u0130HRACATIMIZI, \u0130ST\u0130HDAMIMIZI DAHA YUKARI \u00c7IKARTACAK, EKONOM\u0130M\u0130Z\u0130 DAHA DA G\u00dc\u00c7LEND\u0130RECE\u011e\u0130Z. DENGEL\u0130 B\u00dcY\u00dcYEN, LOJ\u0130ST\u0130K G\u00dcC\u00dcYLE B\u00d6LGES\u0130N\u0130 D\u00dcNYAYA A\u00c7AN MERS\u0130N\u2019DE, YEN\u0130 YATIRIMLARLA \u0130HRACATTA \u0130LK 5\u2019\u0130 HEDEFL\u0130YORUZ\u201d DED\u0130.<\/p>\n\n\n\n<p class=\"has-luminous-vivid-amber-background-color has-background\">(YET\u0130\u015e HALK HABER )HAYDAR CO\u015eKUNFIRAT<\/p>\n\n\n\n<p>Bas\u0131n toplant\u0131s\u0131nda Mersin\u2019in ticaret hacmine ili\u015fkin a\u00e7\u0131klamalarda bulundu. Mersin\u2019in, b\u00fcnyesinde bar\u0131nd\u0131rd\u0131\u011f\u0131 T\u00fcrkiye\u2019nin en \u00f6nemli ve en i\u015flek uluslararas\u0131 liman\u0131, otoban ile h\u0131zl\u0131 kara ula\u015f\u0131m olana\u011f\u0131 ve geli\u015fmi\u015f \u2018serbest b\u00f6lge\u2019 faaliyetleri ile T\u00fcrkiye\u2019nin d\u00fcnyaya a\u00e7\u0131lan kap\u0131s\u0131 konumunda bulundu\u011funu kaydeden Y\u0131lmaz, Covid-19 salg\u0131n\u0131n\u0131n yol a\u00e7t\u0131\u011f\u0131 travman\u0131n olumsuz etkilerine kar\u015f\u0131n, 2021 y\u0131l\u0131nda yat\u0131r\u0131m, istihdam, \u00fcretim ve ihracatta ba\u015far\u0131l\u0131 bir y\u0131l\u0131 geride b\u0131rakan Mersin\u2019in, 2021 y\u0131l\u0131nda y\u00fczde 28,4 art\u0131\u015fla 2,6 milyar dolarl\u0131k ihracat ger\u00e7ekle\u015ftirdi\u011fini s\u00f6yledi.<\/p>\n\n\n\n<p>\u201cMersin Serbest B\u00f6lgesi&#8217;nde Bu Y\u0131l 4 Milyar Dolar \u0130hracat Bekliyoruz&#8221; Mersin Serbest B\u00f6lgesi&#8217;nin ticaret hacminin de her ge\u00e7en y\u0131l artt\u0131\u011f\u0131n\u0131 aktaran Y\u0131lmaz, \u201cYakla\u015f\u0131k 11 bin ki\u015finin istihdam edildi\u011fi b\u00f6lge, ilimiz ve \u00fclkemiz i\u00e7in \u00f6nemli bir ekonomik merkez konumunda yer al\u0131yor. Kuruldu\u011fu y\u0131ldan bug\u00fcne ticaret hacmi 72 milyar dolar\u0131 ge\u00e7en Mersin Serbest B\u00f6lgesi&#8217;nde, ticaret hacminin y\u00fckseltilmesi ve istihdam\u0131n artt\u0131r\u0131lmas\u0131 y\u00f6n\u00fcndeki t\u00fcm \u00e7al\u0131\u015fmalar ve destekler devam ediyor.<\/p>\n\n\n\n<p>Ticaret hacmi ge\u00e7en y\u0131l 3,3 milyar dolara \u00e7\u0131kan Mersin Serbest B\u00f6lgesi&#8217;nde, bu y\u0131l 4 milyar dolar seviyesine ula\u015fmay\u0131 hedefliyoruz. Bu y\u0131l\u0131n ilk 3 ay\u0131nda ger\u00e7ekle\u015fen 939 milyon dolarl\u0131k ihracat hacmi de 2022\u2019nin devam\u0131nda da g\u00fc\u00e7l\u00fc performans\u0131n s\u00fcrece\u011finin ve yeni rekorlara ula\u015faca\u011f\u0131m\u0131z\u0131n g\u00f6stergesidir\u201d diye konu\u015ftu. \u201c<\/p>\n\n\n\n<p>Yeni Yat\u0131r\u0131mlarla \u0130hracatta \u0130lk 5&#8217;i Hedefliyoruz&#8221;<\/p>\n\n\n\n<p>Y\u0131lmaz, ihracat\u0131 ithalat\u0131ndan fazla olan, net ihracat\u00e7\u0131 kentlerden biri olarak \u00fclkeye katk\u0131lar\u0131na devam eden Mersin\u2019in, b\u00f6lgenin en \u00f6nemli yat\u0131r\u0131mlar\u0131ndan biri olan \u00c7ukurova B\u00f6lgesel Havaliman\u0131\u2019n\u0131n tamamlanmas\u0131yla lojistik \u00fcs konumuna gelerek, t\u00fcm ta\u015f\u0131ma modlar\u0131na sahip olaca\u011f\u0131n\u0131 vurgulad\u0131. Y\u0131lmaz, \u015f\u00f6yle devam etti: &#8220;Havayolu k\u00f6pr\u00fcs\u00fcn\u00fcn kurulmas\u0131yla, b\u00f6lgemiz d\u00fcnyan\u0131n bir\u00e7ok noktas\u0131ndan daha kolay ula\u015f\u0131labilen bir yer haline gelecek, turizm vizyonu daha kolay hayata ge\u00e7ecek, yat\u0131r\u0131mc\u0131lar\u0131n daha kolay ula\u015ft\u0131\u011f\u0131 bir kent olacakt\u0131r. Bununla yetinmiyor, ticaret hacmini daha fazla art\u0131rmay\u0131 hedefliyoruz. 10 organize sanayi b\u00f6lgesiyle \u2018b\u00fcy\u00fcyen, dengeli ve refah seviyesi y\u00fcksek bir Mersin\u2019 vizyonuyla yat\u0131r\u0131mlar\u0131n\u0131z art\u0131yor. \u0130\u015flem hacmini 2021\u2019de y\u00fczde 32 art\u0131rarak 14 milyar TL d\u00fczeyine \u00e7\u0131karan Mersin Ticaret Borsam\u0131z da bakliyat ve narenciyede T\u00fcrkiye\u2019de 113 ticaret borsas\u0131 i\u00e7erisinde i\u015flem hacmi olarak ilk s\u0131rada bulunuyor. Merkezi Mersin\u2019de bulunan Akdeniz \u0130hracat\u00e7\u0131 Birliklerimiz de, ihracat\u00e7\u0131 firmalar\u0131n \u00e7at\u0131 kurulu\u015fu olarak kente art\u0131 de\u011fer kazand\u0131r\u0131rken, denizcilik sekt\u00f6r\u00fcnde k\u00fcresel akt\u00f6r olabilme hedefi i\u00e7in de \u00e7al\u0131\u015f\u0131yoruz. T\u00fcm bu potansiyelimizle dengeli b\u00fcy\u00fcyen, lojistik g\u00fcc\u00fcyle b\u00f6lgesini d\u00fcnyaya a\u00e7an, yeni yat\u0131r\u0131mlarla ihracatta ilk 5\u2019i hedefliyoruz.&#8221; Y\u0131lmaz, AK Parti olarak, \u00fclkeye ve millete eser ve hizmet kazand\u0131rma, b\u00fcy\u00fck T\u00fcrkiye&#8217;yi in\u015fa etme yolunda \u00e7al\u0131\u015fmaya devam edeceklerini belirterek, \u201cCumhurba\u015fkan\u0131m\u0131z Recep Tayyip Erdo\u011fan\u2019\u0131n ortaya koydu\u011fu hedef do\u011frultusunda ihracat\u0131m\u0131z\u0131, istihdam\u0131m\u0131z\u0131 daha yukar\u0131 \u00e7\u0131kartacak, ekonomimizi daha da g\u00fc\u00e7lendirece\u011fiz\u201d ifadelerini kulland\u0131.<br><br><\/p>\n","protected":false},"excerpt":{"rendered":"<p>AK PART\u0130 MERS\u0130N M\u0130LLETVEK\u0130L\u0130 ZEYNEP G\u00dcL YILMAZ, \u201c\u0130HRACATIMIZI, \u0130ST\u0130HDAMIMIZI DAHA YUKARI \u00c7IKARTACAK, EKONOM\u0130M\u0130Z\u0130 DAHA DA G\u00dc\u00c7LEND\u0130RECE\u011e\u0130Z. DENGEL\u0130 B\u00dcY\u00dcYEN, LOJ\u0130ST\u0130K G\u00dcC\u00dcYLE B\u00d6LGES\u0130N\u0130 D\u00dcNYAYA A\u00c7AN MERS\u0130N\u2019DE, YEN\u0130 YATIRIMLARLA \u0130HRACATTA \u0130LK 5\u2019\u0130 HEDEFL\u0130YORUZ\u201d DED\u0130. (YET\u0130\u015e HALK HABER )HAYDAR CO\u015eKUNFIRAT Bas\u0131n toplant\u0131s\u0131nda Mersin\u2019in ticaret hacmine ili\u015fkin a\u00e7\u0131klamalarda bulundu. Mersin\u2019in, b\u00fcnyesinde bar\u0131nd\u0131rd\u0131\u011f\u0131 T\u00fcrkiye\u2019nin en \u00f6nemli ve en i\u015flek uluslararas\u0131 liman\u0131, [&hellip;]<\/p>\n","protected":false},"author":2,"featured_media":570,"comment_status":"open","ping_status":"open","sticky":false,"template":"","format":"standard","meta":{"footnotes":""},"categories":[34,35],"tags":[],"class_list":{"0":"post-569","1":"post","2":"type-post","3":"status-publish","4":"format-standard","5":"has-post-thumbnail","7":"category-ekonomi","8":"category-manset"},"yoast_head":"<!-- This site is optimized with the Yoast SEO plugin v27.2 - https:\/\/yoast.com\/product\/yoast-seo-wordpress\/ -->\n<title>AK PART\u0130&#039;L\u0130 YILMAZ: &quot;\u0130HRACATIMIZI, \u0130ST\u0130HDAMIMIZI DAHA YUKARI \u00c7IKARTACAK DED\u0130\u2019\u2019 - TERCAN B&Ouml;LGE HABER<\/title>\n<meta name=\"robots\" content=\"index, follow, max-snippet:-1, max-image-preview:large, max-video-preview:-1\" \/>\n<link rel=\"canonical\" href=\"http:\/\/www.tercanbolgehaber.com\/index.php\/2022\/05\/20\/ak-partili-yilmaz-ihracatimizi-istihdamimizi-daha-yukari-cikartacak-dedi\/\" \/>\n<meta property=\"og:locale\" content=\"tr_TR\" \/>\n<meta property=\"og:type\" content=\"article\" \/>\n<meta property=\"og:title\" content=\"AK PART\u0130&#039;L\u0130 YILMAZ: &quot;\u0130HRACATIMIZI, \u0130ST\u0130HDAMIMIZI DAHA YUKARI \u00c7IKARTACAK DED\u0130\u2019\u2019 - TERCAN B&Ouml;LGE HABER\" \/>\n<meta property=\"og:description\" content=\"AK PART\u0130 MERS\u0130N M\u0130LLETVEK\u0130L\u0130 ZEYNEP G\u00dcL YILMAZ, \u201c\u0130HRACATIMIZI, \u0130ST\u0130HDAMIMIZI DAHA YUKARI \u00c7IKARTACAK, EKONOM\u0130M\u0130Z\u0130 DAHA DA G\u00dc\u00c7LEND\u0130RECE\u011e\u0130Z. DENGEL\u0130 B\u00dcY\u00dcYEN, LOJ\u0130ST\u0130K G\u00dcC\u00dcYLE B\u00d6LGES\u0130N\u0130 D\u00dcNYAYA A\u00c7AN MERS\u0130N\u2019DE, YEN\u0130 YATIRIMLARLA \u0130HRACATTA \u0130LK 5\u2019\u0130 HEDEFL\u0130YORUZ\u201d DED\u0130. (YET\u0130\u015e HALK HABER )HAYDAR CO\u015eKUNFIRAT Bas\u0131n toplant\u0131s\u0131nda Mersin\u2019in ticaret hacmine ili\u015fkin a\u00e7\u0131klamalarda bulundu. Mersin\u2019in, b\u00fcnyesinde bar\u0131nd\u0131rd\u0131\u011f\u0131 T\u00fcrkiye\u2019nin en \u00f6nemli ve en i\u015flek uluslararas\u0131 liman\u0131, [&hellip;]\" \/>\n<meta property=\"og:url\" content=\"http:\/\/www.tercanbolgehaber.com\/index.php\/2022\/05\/20\/ak-partili-yilmaz-ihracatimizi-istihdamimizi-daha-yukari-cikartacak-dedi\/\" \/>\n<meta property=\"og:site_name\" content=\"TERCAN B&Ouml;LGE HABER\" \/>\n<meta property=\"article:published_time\" content=\"2022-05-20T06:12:49+00:00\" \/>\n<meta property=\"article:modified_time\" content=\"2022-05-20T06:12:51+00:00\" \/>\n<meta property=\"og:image\" content=\"http:\/\/www.tercanbolgehaber.com\/wp-content\/uploads\/2022\/05\/ak_parti_li_yilmaz_ihracatimizi_istihdamimizi_daha_yukari_cikartacak_ekonomimizi_daha_da_guclendirecegiz_h47992_cec9c.jpg\" \/>\n\t<meta property=\"og:image:width\" content=\"625\" \/>\n\t<meta property=\"og:image:height\" content=\"292\" \/>\n\t<meta property=\"og:image:type\" content=\"image\/jpeg\" \/>\n<meta name=\"author\" content=\"Haydar Co\u015fkunf\u0131rat\" \/>\n<meta name=\"twitter:card\" content=\"summary_large_image\" \/>\n<meta name=\"twitter:label1\" content=\"Yazan:\" \/>\n\t<meta name=\"twitter:data1\" content=\"Haydar Co\u015fkunf\u0131rat\" \/>\n\t<meta name=\"twitter:label2\" content=\"Tahmini okuma s\u00fcresi\" \/>\n\t<meta name=\"twitter:data2\" content=\"3 dakika\" \/>\n<script type=\"application\/ld+json\" class=\"yoast-schema-graph\">{\"@context\":\"https:\/\/schema.org\",\"@graph\":[{\"@type\":\"Article\",\"@id\":\"http:\/\/www.tercanbolgehaber.com\/index.php\/2022\/05\/20\/ak-partili-yilmaz-ihracatimizi-istihdamimizi-daha-yukari-cikartacak-dedi\/#article\",\"isPartOf\":{\"@id\":\"http:\/\/www.tercanbolgehaber.com\/index.php\/2022\/05\/20\/ak-partili-yilmaz-ihracatimizi-istihdamimizi-daha-yukari-cikartacak-dedi\/\"},\"author\":{\"name\":\"Haydar Co\u015fkunf\u0131rat\",\"@id\":\"https:\/\/www.tercanbolgehaber.com\/#\/schema\/person\/588559f88c7997eaeefe12a53785fb5e\"},\"headline\":\"AK PART\u0130&#8217;L\u0130 YILMAZ: &#8220;\u0130HRACATIMIZI, \u0130ST\u0130HDAMIMIZI DAHA YUKARI \u00c7IKARTACAK DED\u0130\u2019\u2019\",\"datePublished\":\"2022-05-20T06:12:49+00:00\",\"dateModified\":\"2022-05-20T06:12:51+00:00\",\"mainEntityOfPage\":{\"@id\":\"http:\/\/www.tercanbolgehaber.com\/index.php\/2022\/05\/20\/ak-partili-yilmaz-ihracatimizi-istihdamimizi-daha-yukari-cikartacak-dedi\/\"},\"wordCount\":639,\"commentCount\":0,\"publisher\":{\"@id\":\"https:\/\/www.tercanbolgehaber.com\/#organization\"},\"image\":{\"@id\":\"http:\/\/www.tercanbolgehaber.com\/index.php\/2022\/05\/20\/ak-partili-yilmaz-ihracatimizi-istihdamimizi-daha-yukari-cikartacak-dedi\/#primaryimage\"},\"thumbnailUrl\":\"https:\/\/www.tercanbolgehaber.com\/wp-content\/uploads\/2022\/05\/ak_parti_li_yilmaz_ihracatimizi_istihdamimizi_daha_yukari_cikartacak_ekonomimizi_daha_da_guclendirecegiz_h47992_cec9c.jpg\",\"articleSection\":[\"Ekonomi\",\"Man\u015fet\"],\"inLanguage\":\"tr\",\"potentialAction\":[{\"@type\":\"CommentAction\",\"name\":\"Comment\",\"target\":[\"http:\/\/www.tercanbolgehaber.com\/index.php\/2022\/05\/20\/ak-partili-yilmaz-ihracatimizi-istihdamimizi-daha-yukari-cikartacak-dedi\/#respond\"]}]},{\"@type\":\"WebPage\",\"@id\":\"http:\/\/www.tercanbolgehaber.com\/index.php\/2022\/05\/20\/ak-partili-yilmaz-ihracatimizi-istihdamimizi-daha-yukari-cikartacak-dedi\/\",\"url\":\"http:\/\/www.tercanbolgehaber.com\/index.php\/2022\/05\/20\/ak-partili-yilmaz-ihracatimizi-istihdamimizi-daha-yukari-cikartacak-dedi\/\",\"name\":\"AK PART\u0130'L\u0130 YILMAZ: \\\"\u0130HRACATIMIZI, \u0130ST\u0130HDAMIMIZI DAHA YUKARI \u00c7IKARTACAK DED\u0130\u2019\u2019 - TERCAN B&Ouml;LGE HABER\",\"isPartOf\":{\"@id\":\"https:\/\/www.tercanbolgehaber.com\/#website\"},\"primaryImageOfPage\":{\"@id\":\"http:\/\/www.tercanbolgehaber.com\/index.php\/2022\/05\/20\/ak-partili-yilmaz-ihracatimizi-istihdamimizi-daha-yukari-cikartacak-dedi\/#primaryimage\"},\"image\":{\"@id\":\"http:\/\/www.tercanbolgehaber.com\/index.php\/2022\/05\/20\/ak-partili-yilmaz-ihracatimizi-istihdamimizi-daha-yukari-cikartacak-dedi\/#primaryimage\"},\"thumbnailUrl\":\"https:\/\/www.tercanbolgehaber.com\/wp-content\/uploads\/2022\/05\/ak_parti_li_yilmaz_ihracatimizi_istihdamimizi_daha_yukari_cikartacak_ekonomimizi_daha_da_guclendirecegiz_h47992_cec9c.jpg\",\"datePublished\":\"2022-05-20T06:12:49+00:00\",\"dateModified\":\"2022-05-20T06:12:51+00:00\",\"breadcrumb\":{\"@id\":\"http:\/\/www.tercanbolgehaber.com\/index.php\/2022\/05\/20\/ak-partili-yilmaz-ihracatimizi-istihdamimizi-daha-yukari-cikartacak-dedi\/#breadcrumb\"},\"inLanguage\":\"tr\",\"potentialAction\":[{\"@type\":\"ReadAction\",\"target\":[\"http:\/\/www.tercanbolgehaber.com\/index.php\/2022\/05\/20\/ak-partili-yilmaz-ihracatimizi-istihdamimizi-daha-yukari-cikartacak-dedi\/\"]}]},{\"@type\":\"ImageObject\",\"inLanguage\":\"tr\",\"@id\":\"http:\/\/www.tercanbolgehaber.com\/index.php\/2022\/05\/20\/ak-partili-yilmaz-ihracatimizi-istihdamimizi-daha-yukari-cikartacak-dedi\/#primaryimage\",\"url\":\"https:\/\/www.tercanbolgehaber.com\/wp-content\/uploads\/2022\/05\/ak_parti_li_yilmaz_ihracatimizi_istihdamimizi_daha_yukari_cikartacak_ekonomimizi_daha_da_guclendirecegiz_h47992_cec9c.jpg\",\"contentUrl\":\"https:\/\/www.tercanbolgehaber.com\/wp-content\/uploads\/2022\/05\/ak_parti_li_yilmaz_ihracatimizi_istihdamimizi_daha_yukari_cikartacak_ekonomimizi_daha_da_guclendirecegiz_h47992_cec9c.jpg\",\"width\":625,\"height\":292},{\"@type\":\"BreadcrumbList\",\"@id\":\"http:\/\/www.tercanbolgehaber.com\/index.php\/2022\/05\/20\/ak-partili-yilmaz-ihracatimizi-istihdamimizi-daha-yukari-cikartacak-dedi\/#breadcrumb\",\"itemListElement\":[{\"@type\":\"ListItem\",\"position\":1,\"name\":\"Anasayfa\",\"item\":\"https:\/\/www.tercanbolgehaber.com\/\"},{\"@type\":\"ListItem\",\"position\":2,\"name\":\"AK PART\u0130&#8217;L\u0130 YILMAZ: &#8220;\u0130HRACATIMIZI, \u0130ST\u0130HDAMIMIZI DAHA YUKARI \u00c7IKARTACAK DED\u0130\u2019\u2019\"}]},{\"@type\":\"WebSite\",\"@id\":\"https:\/\/www.tercanbolgehaber.com\/#website\",\"url\":\"https:\/\/www.tercanbolgehaber.com\/\",\"name\":\"TERCAN B&Ouml;LGE HABER\",\"description\":\"HALK'IN HABER PORTALI\",\"publisher\":{\"@id\":\"https:\/\/www.tercanbolgehaber.com\/#organization\"},\"potentialAction\":[{\"@type\":\"SearchAction\",\"target\":{\"@type\":\"EntryPoint\",\"urlTemplate\":\"https:\/\/www.tercanbolgehaber.com\/?s={search_term_string}\"},\"query-input\":{\"@type\":\"PropertyValueSpecification\",\"valueRequired\":true,\"valueName\":\"search_term_string\"}}],\"inLanguage\":\"tr\"},{\"@type\":\"Organization\",\"@id\":\"https:\/\/www.tercanbolgehaber.com\/#organization\",\"name\":\"Tercan B\u00f6lge Haber\",\"url\":\"https:\/\/www.tercanbolgehaber.com\/\",\"logo\":{\"@type\":\"ImageObject\",\"inLanguage\":\"tr\",\"@id\":\"https:\/\/www.tercanbolgehaber.com\/#\/schema\/logo\/image\/\",\"url\":\"http:\/\/www.tercanbolgehaber.com\/wp-content\/uploads\/2022\/04\/logo_yeni.png\",\"contentUrl\":\"http:\/\/www.tercanbolgehaber.com\/wp-content\/uploads\/2022\/04\/logo_yeni.png\",\"width\":250,\"height\":123,\"caption\":\"Tercan B\u00f6lge Haber\"},\"image\":{\"@id\":\"https:\/\/www.tercanbolgehaber.com\/#\/schema\/logo\/image\/\"}},{\"@type\":\"Person\",\"@id\":\"https:\/\/www.tercanbolgehaber.com\/#\/schema\/person\/588559f88c7997eaeefe12a53785fb5e\",\"name\":\"Haydar Co\u015fkunf\u0131rat\",\"image\":{\"@type\":\"ImageObject\",\"inLanguage\":\"tr\",\"@id\":\"https:\/\/secure.gravatar.com\/avatar\/1992688ffa73c31cf68142c3401bd1f8b600612718310d5da53a0f7a4a562ace?s=96&d=mm&r=g\",\"url\":\"https:\/\/secure.gravatar.com\/avatar\/1992688ffa73c31cf68142c3401bd1f8b600612718310d5da53a0f7a4a562ace?s=96&d=mm&r=g\",\"contentUrl\":\"https:\/\/secure.gravatar.com\/avatar\/1992688ffa73c31cf68142c3401bd1f8b600612718310d5da53a0f7a4a562ace?s=96&d=mm&r=g\",\"caption\":\"Haydar Co\u015fkunf\u0131rat\"},\"url\":\"https:\/\/www.tercanbolgehaber.com\/index.php\/author\/haydar\/\"}]}<\/script>\n<!-- \/ Yoast SEO plugin. -->","yoast_head_json":{"title":"AK PART\u0130'L\u0130 YILMAZ: \"\u0130HRACATIMIZI, \u0130ST\u0130HDAMIMIZI DAHA YUKARI \u00c7IKARTACAK DED\u0130\u2019\u2019 - TERCAN B&Ouml;LGE HABER","robots":{"index":"index","follow":"follow","max-snippet":"max-snippet:-1","max-image-preview":"max-image-preview:large","max-video-preview":"max-video-preview:-1"},"canonical":"http:\/\/www.tercanbolgehaber.com\/index.php\/2022\/05\/20\/ak-partili-yilmaz-ihracatimizi-istihdamimizi-daha-yukari-cikartacak-dedi\/","og_locale":"tr_TR","og_type":"article","og_title":"AK PART\u0130'L\u0130 YILMAZ: \"\u0130HRACATIMIZI, \u0130ST\u0130HDAMIMIZI DAHA YUKARI \u00c7IKARTACAK DED\u0130\u2019\u2019 - TERCAN B&Ouml;LGE HABER","og_description":"AK PART\u0130 MERS\u0130N M\u0130LLETVEK\u0130L\u0130 ZEYNEP G\u00dcL YILMAZ, \u201c\u0130HRACATIMIZI, \u0130ST\u0130HDAMIMIZI DAHA YUKARI \u00c7IKARTACAK, EKONOM\u0130M\u0130Z\u0130 DAHA DA G\u00dc\u00c7LEND\u0130RECE\u011e\u0130Z. DENGEL\u0130 B\u00dcY\u00dcYEN, LOJ\u0130ST\u0130K G\u00dcC\u00dcYLE B\u00d6LGES\u0130N\u0130 D\u00dcNYAYA A\u00c7AN MERS\u0130N\u2019DE, YEN\u0130 YATIRIMLARLA \u0130HRACATTA \u0130LK 5\u2019\u0130 HEDEFL\u0130YORUZ\u201d DED\u0130. (YET\u0130\u015e HALK HABER )HAYDAR CO\u015eKUNFIRAT Bas\u0131n toplant\u0131s\u0131nda Mersin\u2019in ticaret hacmine ili\u015fkin a\u00e7\u0131klamalarda bulundu. Mersin\u2019in, b\u00fcnyesinde bar\u0131nd\u0131rd\u0131\u011f\u0131 T\u00fcrkiye\u2019nin en \u00f6nemli ve en i\u015flek uluslararas\u0131 liman\u0131, [&hellip;]","og_url":"http:\/\/www.tercanbolgehaber.com\/index.php\/2022\/05\/20\/ak-partili-yilmaz-ihracatimizi-istihdamimizi-daha-yukari-cikartacak-dedi\/","og_site_name":"TERCAN B&Ouml;LGE HABER","article_published_time":"2022-05-20T06:12:49+00:00","article_modified_time":"2022-05-20T06:12:51+00:00","og_image":[{"width":625,"height":292,"url":"http:\/\/www.tercanbolgehaber.com\/wp-content\/uploads\/2022\/05\/ak_parti_li_yilmaz_ihracatimizi_istihdamimizi_daha_yukari_cikartacak_ekonomimizi_daha_da_guclendirecegiz_h47992_cec9c.jpg","type":"image\/jpeg"}],"author":"Haydar Co\u015fkunf\u0131rat","twitter_card":"summary_large_image","twitter_misc":{"Yazan:":"Haydar Co\u015fkunf\u0131rat","Tahmini okuma s\u00fcresi":"3 dakika"},"schema":{"@context":"https:\/\/schema.org","@graph":[{"@type":"Article","@id":"http:\/\/www.tercanbolgehaber.com\/index.php\/2022\/05\/20\/ak-partili-yilmaz-ihracatimizi-istihdamimizi-daha-yukari-cikartacak-dedi\/#article","isPartOf":{"@id":"http:\/\/www.tercanbolgehaber.com\/index.php\/2022\/05\/20\/ak-partili-yilmaz-ihracatimizi-istihdamimizi-daha-yukari-cikartacak-dedi\/"},"author":{"name":"Haydar Co\u015fkunf\u0131rat","@id":"https:\/\/www.tercanbolgehaber.com\/#\/schema\/person\/588559f88c7997eaeefe12a53785fb5e"},"headline":"AK PART\u0130&#8217;L\u0130 YILMAZ: &#8220;\u0130HRACATIMIZI, \u0130ST\u0130HDAMIMIZI DAHA YUKARI \u00c7IKARTACAK DED\u0130\u2019\u2019","datePublished":"2022-05-20T06:12:49+00:00","dateModified":"2022-05-20T06:12:51+00:00","mainEntityOfPage":{"@id":"http:\/\/www.tercanbolgehaber.com\/index.php\/2022\/05\/20\/ak-partili-yilmaz-ihracatimizi-istihdamimizi-daha-yukari-cikartacak-dedi\/"},"wordCount":639,"commentCount":0,"publisher":{"@id":"https:\/\/www.tercanbolgehaber.com\/#organization"},"image":{"@id":"http:\/\/www.tercanbolgehaber.com\/index.php\/2022\/05\/20\/ak-partili-yilmaz-ihracatimizi-istihdamimizi-daha-yukari-cikartacak-dedi\/#primaryimage"},"thumbnailUrl":"https:\/\/www.tercanbolgehaber.com\/wp-content\/uploads\/2022\/05\/ak_parti_li_yilmaz_ihracatimizi_istihdamimizi_daha_yukari_cikartacak_ekonomimizi_daha_da_guclendirecegiz_h47992_cec9c.jpg","articleSection":["Ekonomi","Man\u015fet"],"inLanguage":"tr","potentialAction":[{"@type":"CommentAction","name":"Comment","target":["http:\/\/www.tercanbolgehaber.com\/index.php\/2022\/05\/20\/ak-partili-yilmaz-ihracatimizi-istihdamimizi-daha-yukari-cikartacak-dedi\/#respond"]}]},{"@type":"WebPage","@id":"http:\/\/www.tercanbolgehaber.com\/index.php\/2022\/05\/20\/ak-partili-yilmaz-ihracatimizi-istihdamimizi-daha-yukari-cikartacak-dedi\/","url":"http:\/\/www.tercanbolgehaber.com\/index.php\/2022\/05\/20\/ak-partili-yilmaz-ihracatimizi-istihdamimizi-daha-yukari-cikartacak-dedi\/","name":"AK PART\u0130'L\u0130 YILMAZ: \"\u0130HRACATIMIZI, \u0130ST\u0130HDAMIMIZI DAHA YUKARI \u00c7IKARTACAK DED\u0130\u2019\u2019 - TERCAN B&Ouml;LGE HABER","isPartOf":{"@id":"https:\/\/www.tercanbolgehaber.com\/#website"},"primaryImageOfPage":{"@id":"http:\/\/www.tercanbolgehaber.com\/index.php\/2022\/05\/20\/ak-partili-yilmaz-ihracatimizi-istihdamimizi-daha-yukari-cikartacak-dedi\/#primaryimage"},"image":{"@id":"http:\/\/www.tercanbolgehaber.com\/index.php\/2022\/05\/20\/ak-partili-yilmaz-ihracatimizi-istihdamimizi-daha-yukari-cikartacak-dedi\/#primaryimage"},"thumbnailUrl":"https:\/\/www.tercanbolgehaber.com\/wp-content\/uploads\/2022\/05\/ak_parti_li_yilmaz_ihracatimizi_istihdamimizi_daha_yukari_cikartacak_ekonomimizi_daha_da_guclendirecegiz_h47992_cec9c.jpg","datePublished":"2022-05-20T06:12:49+00:00","dateModified":"2022-05-20T06:12:51+00:00","breadcrumb":{"@id":"http:\/\/www.tercanbolgehaber.com\/index.php\/2022\/05\/20\/ak-partili-yilmaz-ihracatimizi-istihdamimizi-daha-yukari-cikartacak-dedi\/#breadcrumb"},"inLanguage":"tr","potentialAction":[{"@type":"ReadAction","target":["http:\/\/www.tercanbolgehaber.com\/index.php\/2022\/05\/20\/ak-partili-yilmaz-ihracatimizi-istihdamimizi-daha-yukari-cikartacak-dedi\/"]}]},{"@type":"ImageObject","inLanguage":"tr","@id":"http:\/\/www.tercanbolgehaber.com\/index.php\/2022\/05\/20\/ak-partili-yilmaz-ihracatimizi-istihdamimizi-daha-yukari-cikartacak-dedi\/#primaryimage","url":"https:\/\/www.tercanbolgehaber.com\/wp-content\/uploads\/2022\/05\/ak_parti_li_yilmaz_ihracatimizi_istihdamimizi_daha_yukari_cikartacak_ekonomimizi_daha_da_guclendirecegiz_h47992_cec9c.jpg","contentUrl":"https:\/\/www.tercanbolgehaber.com\/wp-content\/uploads\/2022\/05\/ak_parti_li_yilmaz_ihracatimizi_istihdamimizi_daha_yukari_cikartacak_ekonomimizi_daha_da_guclendirecegiz_h47992_cec9c.jpg","width":625,"height":292},{"@type":"BreadcrumbList","@id":"http:\/\/www.tercanbolgehaber.com\/index.php\/2022\/05\/20\/ak-partili-yilmaz-ihracatimizi-istihdamimizi-daha-yukari-cikartacak-dedi\/#breadcrumb","itemListElement":[{"@type":"ListItem","position":1,"name":"Anasayfa","item":"https:\/\/www.tercanbolgehaber.com\/"},{"@type":"ListItem","position":2,"name":"AK PART\u0130&#8217;L\u0130 YILMAZ: &#8220;\u0130HRACATIMIZI, \u0130ST\u0130HDAMIMIZI DAHA YUKARI \u00c7IKARTACAK DED\u0130\u2019\u2019"}]},{"@type":"WebSite","@id":"https:\/\/www.tercanbolgehaber.com\/#website","url":"https:\/\/www.tercanbolgehaber.com\/","name":"TERCAN B&Ouml;LGE HABER","description":"HALK'IN HABER PORTALI","publisher":{"@id":"https:\/\/www.tercanbolgehaber.com\/#organization"},"potentialAction":[{"@type":"SearchAction","target":{"@type":"EntryPoint","urlTemplate":"https:\/\/www.tercanbolgehaber.com\/?s={search_term_string}"},"query-input":{"@type":"PropertyValueSpecification","valueRequired":true,"valueName":"search_term_string"}}],"inLanguage":"tr"},{"@type":"Organization","@id":"https:\/\/www.tercanbolgehaber.com\/#organization","name":"Tercan B\u00f6lge Haber","url":"https:\/\/www.tercanbolgehaber.com\/","logo":{"@type":"ImageObject","inLanguage":"tr","@id":"https:\/\/www.tercanbolgehaber.com\/#\/schema\/logo\/image\/","url":"http:\/\/www.tercanbolgehaber.com\/wp-content\/uploads\/2022\/04\/logo_yeni.png","contentUrl":"http:\/\/www.tercanbolgehaber.com\/wp-content\/uploads\/2022\/04\/logo_yeni.png","width":250,"height":123,"caption":"Tercan B\u00f6lge Haber"},"image":{"@id":"https:\/\/www.tercanbolgehaber.com\/#\/schema\/logo\/image\/"}},{"@type":"Person","@id":"https:\/\/www.tercanbolgehaber.com\/#\/schema\/person\/588559f88c7997eaeefe12a53785fb5e","name":"Haydar Co\u015fkunf\u0131rat","image":{"@type":"ImageObject","inLanguage":"tr","@id":"https:\/\/secure.gravatar.com\/avatar\/1992688ffa73c31cf68142c3401bd1f8b600612718310d5da53a0f7a4a562ace?s=96&d=mm&r=g","url":"https:\/\/secure.gravatar.com\/avatar\/1992688ffa73c31cf68142c3401bd1f8b600612718310d5da53a0f7a4a562ace?s=96&d=mm&r=g","contentUrl":"https:\/\/secure.gravatar.com\/avatar\/1992688ffa73c31cf68142c3401bd1f8b600612718310d5da53a0f7a4a562ace?s=96&d=mm&r=g","caption":"Haydar Co\u015fkunf\u0131rat"},"url":"https:\/\/www.tercanbolgehaber.com\/index.php\/author\/haydar\/"}]}},"_links":{"self":[{"href":"https:\/\/www.tercanbolgehaber.com\/index.php\/wp-json\/wp\/v2\/posts\/569","targetHints":{"allow":["GET"]}}],"collection":[{"href":"https:\/\/www.tercanbolgehaber.com\/index.php\/wp-json\/wp\/v2\/posts"}],"about":[{"href":"https:\/\/www.tercanbolgehaber.com\/index.php\/wp-json\/wp\/v2\/types\/post"}],"author":[{"embeddable":true,"href":"https:\/\/www.tercanbolgehaber.com\/index.php\/wp-json\/wp\/v2\/users\/2"}],"replies":[{"embeddable":true,"href":"https:\/\/www.tercanbolgehaber.com\/index.php\/wp-json\/wp\/v2\/comments?post=569"}],"version-history":[{"count":1,"href":"https:\/\/www.tercanbolgehaber.com\/index.php\/wp-json\/wp\/v2\/posts\/569\/revisions"}],"predecessor-version":[{"id":571,"href":"https:\/\/www.tercanbolgehaber.com\/index.php\/wp-json\/wp\/v2\/posts\/569\/revisions\/571"}],"wp:featuredmedia":[{"embeddable":true,"href":"https:\/\/www.tercanbolgehaber.com\/index.php\/wp-json\/wp\/v2\/media\/570"}],"wp:attachment":[{"href":"https:\/\/www.tercanbolgehaber.com\/index.php\/wp-json\/wp\/v2\/media?parent=569"}],"wp:term":[{"taxonomy":"category","embeddable":true,"href":"https:\/\/www.tercanbolgehaber.com\/index.php\/wp-json\/wp\/v2\/categories?post=569"},{"taxonomy":"post_tag","embeddable":true,"href":"https:\/\/www.tercanbolgehaber.com\/index.php\/wp-json\/wp\/v2\/tags?post=569"}],"curies":[{"name":"wp","href":"https:\/\/api.w.org\/{rel}","templated":true}]}}