{"id":5432,"date":"2024-10-27T09:05:34","date_gmt":"2024-10-27T09:05:34","guid":{"rendered":"https:\/\/www.tercanbolgehaber.com\/?p=5432"},"modified":"2024-10-27T09:05:36","modified_gmt":"2024-10-27T09:05:36","slug":"coskunfiratcumhuriyet-kimsesizlerin-kimsesidir-egemenliginin-teminatidir","status":"publish","type":"post","link":"https:\/\/www.tercanbolgehaber.com\/index.php\/2024\/10\/27\/coskunfiratcumhuriyet-kimsesizlerin-kimsesidir-egemenliginin-teminatidir\/","title":{"rendered":"CO\u015eKUNFIRAT\u2019\u2019CUMHUR\u0130YET K\u0130MSES\u0130ZLER\u0130N K\u0130MSES\u0130D\u0130R,  EGEMENL\u0130\u011e\u0130N\u0130N TEM\u0130NATIDIR\u2019\u2019"},"content":{"rendered":"\n<p class=\"has-luminous-vivid-orange-background-color has-background\">AKDEN\u0130Z BASIN B\u0130RL\u0130\u011e\u0130 BA\u015eKANI VE TERCAN B\u00d6LGE HABER GAZETES\u0130 \u0130MT\u0130YAZ SAH\u0130B\u0130\u0130HAYDAR CO\u015eKUNFIRAT 29 EK\u0130M CUMHUR\u0130YET BAYRAMI\u2019 DOLAYISIYLA B\u0130R MESAJ YAYINLADI.\u00a0 CO\u015eKUNFIRAT CUMHUR\u0130YET K\u0130MSES\u0130ZLER\u0130N K\u0130MSES\u0130D\u0130R, M\u0130LLET\u0130N EGEMENL\u0130\u011e\u0130N\u0130N TEM\u0130NATIDIR DED\u0130.<\/p>\n\n\n\n<p>Co\u015fkunf\u0131rat Varl\u0131\u011f\u0131m\u0131z\u0131n ve ba\u011f\u0131ms\u0131zl\u0131\u011f\u0131m\u0131z\u0131n en b\u00fcy\u00fck teminat\u0131 olan Cumhuriyetin de\u011feri B\u00fcy\u00fck \u00d6nderimizin, \u201cCumhuriyet, yeni ve sa\u011flam esaslar\u0131yla, T\u00fcrk milletini emin ve sa\u011flam bir istikbal yoluna koydu\u011fu kadar, as\u0131l fikirlerde ve ruhlarda sa\u011flad\u0131\u011f\u0131 g\u00fcvenlik itibariyle, b\u00fcsb\u00fct\u00fcn yeni bir hayat\u0131n m\u00fcjdecisi olmu\u015ftur\u2019 s\u00f6zleriyle daha da anlam kazanm\u0131\u015ft\u0131r.<\/p>\n\n\n\n<p>Cumhuriyetimiz, hakk\u0131, hukuku ve adaleti temel alan bir ruhla kurulmu\u015ftur. 29 Ekim 1923\u2019te kurulan Cumhuriyetimizin koruyucusu ise Ulu \u00d6nder Atat\u00fcrk\u2019\u00fcn hi\u00e7bir ayr\u0131ma, \u00f6tekile\u015ftirmeye tabi tutulmaks\u0131z\u0131n yeti\u015ftirilmesini istedi\u011fi fikri, vicdan\u0131 ve irfan\u0131 h\u00fcr gen\u00e7lerimizdir vatanda\u015flar\u0131m\u0131zla birlikte, \u2018Demokratik laik ve sosyal hukuk devleti\u2019 ilkesine duyduklar\u0131 derin ba\u011fl\u0131l\u0131\u011f\u0131yla a\u015f\u0131lacakt\u0131r.<\/p>\n\n\n\n<p>Co\u015fkunf\u0131rat Cumhuriyet kimsesizlerin kimsesidir, milletin egemenli\u011finin teminat\u0131d\u0131r. T\u00fcrk milletine en uygun y\u00f6netim \u015fekli olan Cumhuriyet, ba\u011f\u0131ms\u0131zl\u0131\u011fa olan d\u00fc\u015fk\u00fcnl\u00fc\u011f\u00fcm\u00fcz\u00fc t\u00fcm d\u00fcnyaya g\u00f6stermi\u015ftir. Cumhuriyetimize a\u015f\u0131k vatanda\u015flar\u0131m\u0131z kal\u0131c\u0131 huzura demokrasi, adalet ve huzur talebiyle ula\u015facakt\u0131r. Bu duygu ve d\u00fc\u015f\u00fcncelerle 101. ya\u015f\u0131n\u0131 kutlad\u0131\u011f\u0131m\u0131z Cumhuriyetimizin kurucusu Ulu \u00d6nder Mustafa Kemal Atat\u00fcrk\u2019e ve yol arkada\u015flar\u0131na, t\u00fcm \u015fehitlerimize Allah\u2019tan rahmet diliyor, gazilerimize \u015f\u00fckranlar\u0131m\u0131 sunuyorum, Cumhuriyet Bayram\u0131m\u0131z kutlu olsun.<\/p>\n","protected":false},"excerpt":{"rendered":"<p>AKDEN\u0130Z BASIN B\u0130RL\u0130\u011e\u0130 BA\u015eKANI VE TERCAN B\u00d6LGE HABER GAZETES\u0130 \u0130MT\u0130YAZ SAH\u0130B\u0130\u0130HAYDAR CO\u015eKUNFIRAT 29 EK\u0130M CUMHUR\u0130YET BAYRAMI\u2019 DOLAYISIYLA B\u0130R MESAJ YAYINLADI.\u00a0 CO\u015eKUNFIRAT CUMHUR\u0130YET K\u0130MSES\u0130ZLER\u0130N K\u0130MSES\u0130D\u0130R, M\u0130LLET\u0130N EGEMENL\u0130\u011e\u0130N\u0130N TEM\u0130NATIDIR DED\u0130. Co\u015fkunf\u0131rat Varl\u0131\u011f\u0131m\u0131z\u0131n ve ba\u011f\u0131ms\u0131zl\u0131\u011f\u0131m\u0131z\u0131n en b\u00fcy\u00fck teminat\u0131 olan Cumhuriyetin de\u011feri B\u00fcy\u00fck \u00d6nderimizin, \u201cCumhuriyet, yeni ve sa\u011flam esaslar\u0131yla, T\u00fcrk milletini emin ve sa\u011flam bir istikbal yoluna koydu\u011fu kadar, [&hellip;]<\/p>\n","protected":false},"author":2,"featured_media":5433,"comment_status":"closed","ping_status":"open","sticky":false,"template":"","format":"standard","meta":{"footnotes":""},"categories":[35],"tags":[],"class_list":{"0":"post-5432","1":"post","2":"type-post","3":"status-publish","4":"format-standard","5":"has-post-thumbnail","7":"category-manset"},"yoast_head":"<!-- This site is optimized with the Yoast SEO plugin v27.2 - https:\/\/yoast.com\/product\/yoast-seo-wordpress\/ -->\n<title>CO\u015eKUNFIRAT\u2019\u2019CUMHUR\u0130YET K\u0130MSES\u0130ZLER\u0130N K\u0130MSES\u0130D\u0130R, EGEMENL\u0130\u011e\u0130N\u0130N TEM\u0130NATIDIR\u2019\u2019 - TERCAN B&Ouml;LGE HABER<\/title>\n<meta name=\"robots\" content=\"index, follow, max-snippet:-1, max-image-preview:large, max-video-preview:-1\" \/>\n<link rel=\"canonical\" href=\"https:\/\/www.tercanbolgehaber.com\/index.php\/2024\/10\/27\/coskunfiratcumhuriyet-kimsesizlerin-kimsesidir-egemenliginin-teminatidir\/\" \/>\n<meta property=\"og:locale\" content=\"tr_TR\" \/>\n<meta property=\"og:type\" content=\"article\" \/>\n<meta property=\"og:title\" content=\"CO\u015eKUNFIRAT\u2019\u2019CUMHUR\u0130YET K\u0130MSES\u0130ZLER\u0130N K\u0130MSES\u0130D\u0130R, EGEMENL\u0130\u011e\u0130N\u0130N TEM\u0130NATIDIR\u2019\u2019 - TERCAN B&Ouml;LGE HABER\" \/>\n<meta property=\"og:description\" content=\"AKDEN\u0130Z BASIN B\u0130RL\u0130\u011e\u0130 BA\u015eKANI VE TERCAN B\u00d6LGE HABER GAZETES\u0130 \u0130MT\u0130YAZ SAH\u0130B\u0130\u0130HAYDAR CO\u015eKUNFIRAT 29 EK\u0130M CUMHUR\u0130YET BAYRAMI\u2019 DOLAYISIYLA B\u0130R MESAJ YAYINLADI.\u00a0 CO\u015eKUNFIRAT CUMHUR\u0130YET K\u0130MSES\u0130ZLER\u0130N K\u0130MSES\u0130D\u0130R, M\u0130LLET\u0130N EGEMENL\u0130\u011e\u0130N\u0130N TEM\u0130NATIDIR DED\u0130. Co\u015fkunf\u0131rat Varl\u0131\u011f\u0131m\u0131z\u0131n ve ba\u011f\u0131ms\u0131zl\u0131\u011f\u0131m\u0131z\u0131n en b\u00fcy\u00fck teminat\u0131 olan Cumhuriyetin de\u011feri B\u00fcy\u00fck \u00d6nderimizin, \u201cCumhuriyet, yeni ve sa\u011flam esaslar\u0131yla, T\u00fcrk milletini emin ve sa\u011flam bir istikbal yoluna koydu\u011fu kadar, [&hellip;]\" \/>\n<meta property=\"og:url\" content=\"https:\/\/www.tercanbolgehaber.com\/index.php\/2024\/10\/27\/coskunfiratcumhuriyet-kimsesizlerin-kimsesidir-egemenliginin-teminatidir\/\" \/>\n<meta property=\"og:site_name\" content=\"TERCAN B&Ouml;LGE HABER\" \/>\n<meta property=\"article:published_time\" content=\"2024-10-27T09:05:34+00:00\" \/>\n<meta property=\"article:modified_time\" content=\"2024-10-27T09:05:36+00:00\" \/>\n<meta property=\"og:image\" content=\"http:\/\/www.tercanbolgehaber.com\/wp-content\/uploads\/2024\/10\/DSC03888-scaled.jpg\" \/>\n\t<meta property=\"og:image:width\" content=\"2560\" \/>\n\t<meta property=\"og:image:height\" content=\"1996\" \/>\n\t<meta property=\"og:image:type\" content=\"image\/jpeg\" \/>\n<meta name=\"author\" content=\"Haydar Co\u015fkunf\u0131rat\" \/>\n<meta name=\"twitter:card\" content=\"summary_large_image\" \/>\n<meta name=\"twitter:label1\" content=\"Yazan:\" \/>\n\t<meta name=\"twitter:data1\" content=\"Haydar Co\u015fkunf\u0131rat\" \/>\n\t<meta name=\"twitter:label2\" content=\"Tahmini okuma s\u00fcresi\" \/>\n\t<meta name=\"twitter:data2\" content=\"1 dakika\" \/>\n<script type=\"application\/ld+json\" class=\"yoast-schema-graph\">{\"@context\":\"https:\/\/schema.org\",\"@graph\":[{\"@type\":\"Article\",\"@id\":\"https:\/\/www.tercanbolgehaber.com\/index.php\/2024\/10\/27\/coskunfiratcumhuriyet-kimsesizlerin-kimsesidir-egemenliginin-teminatidir\/#article\",\"isPartOf\":{\"@id\":\"https:\/\/www.tercanbolgehaber.com\/index.php\/2024\/10\/27\/coskunfiratcumhuriyet-kimsesizlerin-kimsesidir-egemenliginin-teminatidir\/\"},\"author\":{\"name\":\"Haydar Co\u015fkunf\u0131rat\",\"@id\":\"https:\/\/www.tercanbolgehaber.com\/#\/schema\/person\/588559f88c7997eaeefe12a53785fb5e\"},\"headline\":\"CO\u015eKUNFIRAT\u2019\u2019CUMHUR\u0130YET K\u0130MSES\u0130ZLER\u0130N K\u0130MSES\u0130D\u0130R, EGEMENL\u0130\u011e\u0130N\u0130N TEM\u0130NATIDIR\u2019\u2019\",\"datePublished\":\"2024-10-27T09:05:34+00:00\",\"dateModified\":\"2024-10-27T09:05:36+00:00\",\"mainEntityOfPage\":{\"@id\":\"https:\/\/www.tercanbolgehaber.com\/index.php\/2024\/10\/27\/coskunfiratcumhuriyet-kimsesizlerin-kimsesidir-egemenliginin-teminatidir\/\"},\"wordCount\":308,\"publisher\":{\"@id\":\"https:\/\/www.tercanbolgehaber.com\/#organization\"},\"image\":{\"@id\":\"https:\/\/www.tercanbolgehaber.com\/index.php\/2024\/10\/27\/coskunfiratcumhuriyet-kimsesizlerin-kimsesidir-egemenliginin-teminatidir\/#primaryimage\"},\"thumbnailUrl\":\"https:\/\/www.tercanbolgehaber.com\/wp-content\/uploads\/2024\/10\/DSC03888-scaled.jpg\",\"articleSection\":[\"Man\u015fet\"],\"inLanguage\":\"tr\"},{\"@type\":\"WebPage\",\"@id\":\"https:\/\/www.tercanbolgehaber.com\/index.php\/2024\/10\/27\/coskunfiratcumhuriyet-kimsesizlerin-kimsesidir-egemenliginin-teminatidir\/\",\"url\":\"https:\/\/www.tercanbolgehaber.com\/index.php\/2024\/10\/27\/coskunfiratcumhuriyet-kimsesizlerin-kimsesidir-egemenliginin-teminatidir\/\",\"name\":\"CO\u015eKUNFIRAT\u2019\u2019CUMHUR\u0130YET K\u0130MSES\u0130ZLER\u0130N K\u0130MSES\u0130D\u0130R, EGEMENL\u0130\u011e\u0130N\u0130N TEM\u0130NATIDIR\u2019\u2019 - TERCAN B&Ouml;LGE HABER\",\"isPartOf\":{\"@id\":\"https:\/\/www.tercanbolgehaber.com\/#website\"},\"primaryImageOfPage\":{\"@id\":\"https:\/\/www.tercanbolgehaber.com\/index.php\/2024\/10\/27\/coskunfiratcumhuriyet-kimsesizlerin-kimsesidir-egemenliginin-teminatidir\/#primaryimage\"},\"image\":{\"@id\":\"https:\/\/www.tercanbolgehaber.com\/index.php\/2024\/10\/27\/coskunfiratcumhuriyet-kimsesizlerin-kimsesidir-egemenliginin-teminatidir\/#primaryimage\"},\"thumbnailUrl\":\"https:\/\/www.tercanbolgehaber.com\/wp-content\/uploads\/2024\/10\/DSC03888-scaled.jpg\",\"datePublished\":\"2024-10-27T09:05:34+00:00\",\"dateModified\":\"2024-10-27T09:05:36+00:00\",\"breadcrumb\":{\"@id\":\"https:\/\/www.tercanbolgehaber.com\/index.php\/2024\/10\/27\/coskunfiratcumhuriyet-kimsesizlerin-kimsesidir-egemenliginin-teminatidir\/#breadcrumb\"},\"inLanguage\":\"tr\",\"potentialAction\":[{\"@type\":\"ReadAction\",\"target\":[\"https:\/\/www.tercanbolgehaber.com\/index.php\/2024\/10\/27\/coskunfiratcumhuriyet-kimsesizlerin-kimsesidir-egemenliginin-teminatidir\/\"]}]},{\"@type\":\"ImageObject\",\"inLanguage\":\"tr\",\"@id\":\"https:\/\/www.tercanbolgehaber.com\/index.php\/2024\/10\/27\/coskunfiratcumhuriyet-kimsesizlerin-kimsesidir-egemenliginin-teminatidir\/#primaryimage\",\"url\":\"https:\/\/www.tercanbolgehaber.com\/wp-content\/uploads\/2024\/10\/DSC03888-scaled.jpg\",\"contentUrl\":\"https:\/\/www.tercanbolgehaber.com\/wp-content\/uploads\/2024\/10\/DSC03888-scaled.jpg\",\"width\":2560,\"height\":1996,\"caption\":\"SONY DSC\"},{\"@type\":\"BreadcrumbList\",\"@id\":\"https:\/\/www.tercanbolgehaber.com\/index.php\/2024\/10\/27\/coskunfiratcumhuriyet-kimsesizlerin-kimsesidir-egemenliginin-teminatidir\/#breadcrumb\",\"itemListElement\":[{\"@type\":\"ListItem\",\"position\":1,\"name\":\"Anasayfa\",\"item\":\"https:\/\/www.tercanbolgehaber.com\/\"},{\"@type\":\"ListItem\",\"position\":2,\"name\":\"CO\u015eKUNFIRAT\u2019\u2019CUMHUR\u0130YET K\u0130MSES\u0130ZLER\u0130N K\u0130MSES\u0130D\u0130R, EGEMENL\u0130\u011e\u0130N\u0130N TEM\u0130NATIDIR\u2019\u2019\"}]},{\"@type\":\"WebSite\",\"@id\":\"https:\/\/www.tercanbolgehaber.com\/#website\",\"url\":\"https:\/\/www.tercanbolgehaber.com\/\",\"name\":\"TERCAN B&Ouml;LGE HABER\",\"description\":\"HALK'IN HABER PORTALI\",\"publisher\":{\"@id\":\"https:\/\/www.tercanbolgehaber.com\/#organization\"},\"potentialAction\":[{\"@type\":\"SearchAction\",\"target\":{\"@type\":\"EntryPoint\",\"urlTemplate\":\"https:\/\/www.tercanbolgehaber.com\/?s={search_term_string}\"},\"query-input\":{\"@type\":\"PropertyValueSpecification\",\"valueRequired\":true,\"valueName\":\"search_term_string\"}}],\"inLanguage\":\"tr\"},{\"@type\":\"Organization\",\"@id\":\"https:\/\/www.tercanbolgehaber.com\/#organization\",\"name\":\"Tercan B\u00f6lge Haber\",\"url\":\"https:\/\/www.tercanbolgehaber.com\/\",\"logo\":{\"@type\":\"ImageObject\",\"inLanguage\":\"tr\",\"@id\":\"https:\/\/www.tercanbolgehaber.com\/#\/schema\/logo\/image\/\",\"url\":\"http:\/\/www.tercanbolgehaber.com\/wp-content\/uploads\/2022\/04\/logo_yeni.png\",\"contentUrl\":\"http:\/\/www.tercanbolgehaber.com\/wp-content\/uploads\/2022\/04\/logo_yeni.png\",\"width\":250,\"height\":123,\"caption\":\"Tercan B\u00f6lge Haber\"},\"image\":{\"@id\":\"https:\/\/www.tercanbolgehaber.com\/#\/schema\/logo\/image\/\"}},{\"@type\":\"Person\",\"@id\":\"https:\/\/www.tercanbolgehaber.com\/#\/schema\/person\/588559f88c7997eaeefe12a53785fb5e\",\"name\":\"Haydar Co\u015fkunf\u0131rat\",\"image\":{\"@type\":\"ImageObject\",\"inLanguage\":\"tr\",\"@id\":\"https:\/\/secure.gravatar.com\/avatar\/1992688ffa73c31cf68142c3401bd1f8b600612718310d5da53a0f7a4a562ace?s=96&d=mm&r=g\",\"url\":\"https:\/\/secure.gravatar.com\/avatar\/1992688ffa73c31cf68142c3401bd1f8b600612718310d5da53a0f7a4a562ace?s=96&d=mm&r=g\",\"contentUrl\":\"https:\/\/secure.gravatar.com\/avatar\/1992688ffa73c31cf68142c3401bd1f8b600612718310d5da53a0f7a4a562ace?s=96&d=mm&r=g\",\"caption\":\"Haydar Co\u015fkunf\u0131rat\"},\"url\":\"https:\/\/www.tercanbolgehaber.com\/index.php\/author\/haydar\/\"}]}<\/script>\n<!-- \/ Yoast SEO plugin. -->","yoast_head_json":{"title":"CO\u015eKUNFIRAT\u2019\u2019CUMHUR\u0130YET K\u0130MSES\u0130ZLER\u0130N K\u0130MSES\u0130D\u0130R, EGEMENL\u0130\u011e\u0130N\u0130N TEM\u0130NATIDIR\u2019\u2019 - TERCAN B&Ouml;LGE HABER","robots":{"index":"index","follow":"follow","max-snippet":"max-snippet:-1","max-image-preview":"max-image-preview:large","max-video-preview":"max-video-preview:-1"},"canonical":"https:\/\/www.tercanbolgehaber.com\/index.php\/2024\/10\/27\/coskunfiratcumhuriyet-kimsesizlerin-kimsesidir-egemenliginin-teminatidir\/","og_locale":"tr_TR","og_type":"article","og_title":"CO\u015eKUNFIRAT\u2019\u2019CUMHUR\u0130YET K\u0130MSES\u0130ZLER\u0130N K\u0130MSES\u0130D\u0130R, EGEMENL\u0130\u011e\u0130N\u0130N TEM\u0130NATIDIR\u2019\u2019 - TERCAN B&Ouml;LGE HABER","og_description":"AKDEN\u0130Z BASIN B\u0130RL\u0130\u011e\u0130 BA\u015eKANI VE TERCAN B\u00d6LGE HABER GAZETES\u0130 \u0130MT\u0130YAZ SAH\u0130B\u0130\u0130HAYDAR CO\u015eKUNFIRAT 29 EK\u0130M CUMHUR\u0130YET BAYRAMI\u2019 DOLAYISIYLA B\u0130R MESAJ YAYINLADI.\u00a0 CO\u015eKUNFIRAT CUMHUR\u0130YET K\u0130MSES\u0130ZLER\u0130N K\u0130MSES\u0130D\u0130R, M\u0130LLET\u0130N EGEMENL\u0130\u011e\u0130N\u0130N TEM\u0130NATIDIR DED\u0130. Co\u015fkunf\u0131rat Varl\u0131\u011f\u0131m\u0131z\u0131n ve ba\u011f\u0131ms\u0131zl\u0131\u011f\u0131m\u0131z\u0131n en b\u00fcy\u00fck teminat\u0131 olan Cumhuriyetin de\u011feri B\u00fcy\u00fck \u00d6nderimizin, \u201cCumhuriyet, yeni ve sa\u011flam esaslar\u0131yla, T\u00fcrk milletini emin ve sa\u011flam bir istikbal yoluna koydu\u011fu kadar, [&hellip;]","og_url":"https:\/\/www.tercanbolgehaber.com\/index.php\/2024\/10\/27\/coskunfiratcumhuriyet-kimsesizlerin-kimsesidir-egemenliginin-teminatidir\/","og_site_name":"TERCAN B&Ouml;LGE HABER","article_published_time":"2024-10-27T09:05:34+00:00","article_modified_time":"2024-10-27T09:05:36+00:00","og_image":[{"width":2560,"height":1996,"url":"http:\/\/www.tercanbolgehaber.com\/wp-content\/uploads\/2024\/10\/DSC03888-scaled.jpg","type":"image\/jpeg"}],"author":"Haydar Co\u015fkunf\u0131rat","twitter_card":"summary_large_image","twitter_misc":{"Yazan:":"Haydar Co\u015fkunf\u0131rat","Tahmini okuma s\u00fcresi":"1 dakika"},"schema":{"@context":"https:\/\/schema.org","@graph":[{"@type":"Article","@id":"https:\/\/www.tercanbolgehaber.com\/index.php\/2024\/10\/27\/coskunfiratcumhuriyet-kimsesizlerin-kimsesidir-egemenliginin-teminatidir\/#article","isPartOf":{"@id":"https:\/\/www.tercanbolgehaber.com\/index.php\/2024\/10\/27\/coskunfiratcumhuriyet-kimsesizlerin-kimsesidir-egemenliginin-teminatidir\/"},"author":{"name":"Haydar Co\u015fkunf\u0131rat","@id":"https:\/\/www.tercanbolgehaber.com\/#\/schema\/person\/588559f88c7997eaeefe12a53785fb5e"},"headline":"CO\u015eKUNFIRAT\u2019\u2019CUMHUR\u0130YET K\u0130MSES\u0130ZLER\u0130N K\u0130MSES\u0130D\u0130R, EGEMENL\u0130\u011e\u0130N\u0130N TEM\u0130NATIDIR\u2019\u2019","datePublished":"2024-10-27T09:05:34+00:00","dateModified":"2024-10-27T09:05:36+00:00","mainEntityOfPage":{"@id":"https:\/\/www.tercanbolgehaber.com\/index.php\/2024\/10\/27\/coskunfiratcumhuriyet-kimsesizlerin-kimsesidir-egemenliginin-teminatidir\/"},"wordCount":308,"publisher":{"@id":"https:\/\/www.tercanbolgehaber.com\/#organization"},"image":{"@id":"https:\/\/www.tercanbolgehaber.com\/index.php\/2024\/10\/27\/coskunfiratcumhuriyet-kimsesizlerin-kimsesidir-egemenliginin-teminatidir\/#primaryimage"},"thumbnailUrl":"https:\/\/www.tercanbolgehaber.com\/wp-content\/uploads\/2024\/10\/DSC03888-scaled.jpg","articleSection":["Man\u015fet"],"inLanguage":"tr"},{"@type":"WebPage","@id":"https:\/\/www.tercanbolgehaber.com\/index.php\/2024\/10\/27\/coskunfiratcumhuriyet-kimsesizlerin-kimsesidir-egemenliginin-teminatidir\/","url":"https:\/\/www.tercanbolgehaber.com\/index.php\/2024\/10\/27\/coskunfiratcumhuriyet-kimsesizlerin-kimsesidir-egemenliginin-teminatidir\/","name":"CO\u015eKUNFIRAT\u2019\u2019CUMHUR\u0130YET K\u0130MSES\u0130ZLER\u0130N K\u0130MSES\u0130D\u0130R, EGEMENL\u0130\u011e\u0130N\u0130N TEM\u0130NATIDIR\u2019\u2019 - TERCAN B&Ouml;LGE HABER","isPartOf":{"@id":"https:\/\/www.tercanbolgehaber.com\/#website"},"primaryImageOfPage":{"@id":"https:\/\/www.tercanbolgehaber.com\/index.php\/2024\/10\/27\/coskunfiratcumhuriyet-kimsesizlerin-kimsesidir-egemenliginin-teminatidir\/#primaryimage"},"image":{"@id":"https:\/\/www.tercanbolgehaber.com\/index.php\/2024\/10\/27\/coskunfiratcumhuriyet-kimsesizlerin-kimsesidir-egemenliginin-teminatidir\/#primaryimage"},"thumbnailUrl":"https:\/\/www.tercanbolgehaber.com\/wp-content\/uploads\/2024\/10\/DSC03888-scaled.jpg","datePublished":"2024-10-27T09:05:34+00:00","dateModified":"2024-10-27T09:05:36+00:00","breadcrumb":{"@id":"https:\/\/www.tercanbolgehaber.com\/index.php\/2024\/10\/27\/coskunfiratcumhuriyet-kimsesizlerin-kimsesidir-egemenliginin-teminatidir\/#breadcrumb"},"inLanguage":"tr","potentialAction":[{"@type":"ReadAction","target":["https:\/\/www.tercanbolgehaber.com\/index.php\/2024\/10\/27\/coskunfiratcumhuriyet-kimsesizlerin-kimsesidir-egemenliginin-teminatidir\/"]}]},{"@type":"ImageObject","inLanguage":"tr","@id":"https:\/\/www.tercanbolgehaber.com\/index.php\/2024\/10\/27\/coskunfiratcumhuriyet-kimsesizlerin-kimsesidir-egemenliginin-teminatidir\/#primaryimage","url":"https:\/\/www.tercanbolgehaber.com\/wp-content\/uploads\/2024\/10\/DSC03888-scaled.jpg","contentUrl":"https:\/\/www.tercanbolgehaber.com\/wp-content\/uploads\/2024\/10\/DSC03888-scaled.jpg","width":2560,"height":1996,"caption":"SONY DSC"},{"@type":"BreadcrumbList","@id":"https:\/\/www.tercanbolgehaber.com\/index.php\/2024\/10\/27\/coskunfiratcumhuriyet-kimsesizlerin-kimsesidir-egemenliginin-teminatidir\/#breadcrumb","itemListElement":[{"@type":"ListItem","position":1,"name":"Anasayfa","item":"https:\/\/www.tercanbolgehaber.com\/"},{"@type":"ListItem","position":2,"name":"CO\u015eKUNFIRAT\u2019\u2019CUMHUR\u0130YET K\u0130MSES\u0130ZLER\u0130N K\u0130MSES\u0130D\u0130R, EGEMENL\u0130\u011e\u0130N\u0130N TEM\u0130NATIDIR\u2019\u2019"}]},{"@type":"WebSite","@id":"https:\/\/www.tercanbolgehaber.com\/#website","url":"https:\/\/www.tercanbolgehaber.com\/","name":"TERCAN B&Ouml;LGE HABER","description":"HALK'IN HABER PORTALI","publisher":{"@id":"https:\/\/www.tercanbolgehaber.com\/#organization"},"potentialAction":[{"@type":"SearchAction","target":{"@type":"EntryPoint","urlTemplate":"https:\/\/www.tercanbolgehaber.com\/?s={search_term_string}"},"query-input":{"@type":"PropertyValueSpecification","valueRequired":true,"valueName":"search_term_string"}}],"inLanguage":"tr"},{"@type":"Organization","@id":"https:\/\/www.tercanbolgehaber.com\/#organization","name":"Tercan B\u00f6lge Haber","url":"https:\/\/www.tercanbolgehaber.com\/","logo":{"@type":"ImageObject","inLanguage":"tr","@id":"https:\/\/www.tercanbolgehaber.com\/#\/schema\/logo\/image\/","url":"http:\/\/www.tercanbolgehaber.com\/wp-content\/uploads\/2022\/04\/logo_yeni.png","contentUrl":"http:\/\/www.tercanbolgehaber.com\/wp-content\/uploads\/2022\/04\/logo_yeni.png","width":250,"height":123,"caption":"Tercan B\u00f6lge Haber"},"image":{"@id":"https:\/\/www.tercanbolgehaber.com\/#\/schema\/logo\/image\/"}},{"@type":"Person","@id":"https:\/\/www.tercanbolgehaber.com\/#\/schema\/person\/588559f88c7997eaeefe12a53785fb5e","name":"Haydar Co\u015fkunf\u0131rat","image":{"@type":"ImageObject","inLanguage":"tr","@id":"https:\/\/secure.gravatar.com\/avatar\/1992688ffa73c31cf68142c3401bd1f8b600612718310d5da53a0f7a4a562ace?s=96&d=mm&r=g","url":"https:\/\/secure.gravatar.com\/avatar\/1992688ffa73c31cf68142c3401bd1f8b600612718310d5da53a0f7a4a562ace?s=96&d=mm&r=g","contentUrl":"https:\/\/secure.gravatar.com\/avatar\/1992688ffa73c31cf68142c3401bd1f8b600612718310d5da53a0f7a4a562ace?s=96&d=mm&r=g","caption":"Haydar Co\u015fkunf\u0131rat"},"url":"https:\/\/www.tercanbolgehaber.com\/index.php\/author\/haydar\/"}]}},"_links":{"self":[{"href":"https:\/\/www.tercanbolgehaber.com\/index.php\/wp-json\/wp\/v2\/posts\/5432","targetHints":{"allow":["GET"]}}],"collection":[{"href":"https:\/\/www.tercanbolgehaber.com\/index.php\/wp-json\/wp\/v2\/posts"}],"about":[{"href":"https:\/\/www.tercanbolgehaber.com\/index.php\/wp-json\/wp\/v2\/types\/post"}],"author":[{"embeddable":true,"href":"https:\/\/www.tercanbolgehaber.com\/index.php\/wp-json\/wp\/v2\/users\/2"}],"replies":[{"embeddable":true,"href":"https:\/\/www.tercanbolgehaber.com\/index.php\/wp-json\/wp\/v2\/comments?post=5432"}],"version-history":[{"count":1,"href":"https:\/\/www.tercanbolgehaber.com\/index.php\/wp-json\/wp\/v2\/posts\/5432\/revisions"}],"predecessor-version":[{"id":5434,"href":"https:\/\/www.tercanbolgehaber.com\/index.php\/wp-json\/wp\/v2\/posts\/5432\/revisions\/5434"}],"wp:featuredmedia":[{"embeddable":true,"href":"https:\/\/www.tercanbolgehaber.com\/index.php\/wp-json\/wp\/v2\/media\/5433"}],"wp:attachment":[{"href":"https:\/\/www.tercanbolgehaber.com\/index.php\/wp-json\/wp\/v2\/media?parent=5432"}],"wp:term":[{"taxonomy":"category","embeddable":true,"href":"https:\/\/www.tercanbolgehaber.com\/index.php\/wp-json\/wp\/v2\/categories?post=5432"},{"taxonomy":"post_tag","embeddable":true,"href":"https:\/\/www.tercanbolgehaber.com\/index.php\/wp-json\/wp\/v2\/tags?post=5432"}],"curies":[{"name":"wp","href":"https:\/\/api.w.org\/{rel}","templated":true}]}}