{"id":5394,"date":"2024-10-23T12:39:55","date_gmt":"2024-10-23T12:39:55","guid":{"rendered":"https:\/\/www.tercanbolgehaber.com\/?p=5394"},"modified":"2024-10-23T12:39:58","modified_gmt":"2024-10-23T12:39:58","slug":"hisarciklioglu-erzincan-tulum-peyniri-avrupada-tescilleniyor","status":"publish","type":"post","link":"https:\/\/www.tercanbolgehaber.com\/index.php\/2024\/10\/23\/hisarciklioglu-erzincan-tulum-peyniri-avrupada-tescilleniyor\/","title":{"rendered":"H\u0130SARCIKLIO\u011eLU ERZ\u0130NCAN TULUM PEYN\u0130R\u0130 AVRUPA\u2019DA TESC\u0130LLEN\u0130YOR"},"content":{"rendered":"\n<p class=\"has-luminous-vivid-orange-background-color has-background\">H\u0130SARCIKLIO\u011eLU, ERZ\u0130NCAN\u2019IN CO\u011eRAF\u0130 \u0130\u015eARETL\u0130 \u00dcR\u00dcN\u00dc OLAN ERZ\u0130NCAN TULUM PEYN\u0130R\u0130N\u0130N AVRUPA\u2019DA TESC\u0130LLENME S\u00dcREC\u0130NDE OLDUKLARINI VURGULADI.<\/p>\n\n\n\n<p class=\"has-luminous-vivid-orange-background-color has-background\">(TERCAN B\u00d6LGE HABER)HAYDAR CO\u015eKUNFIRAT<\/p>\n\n\n\n<figure class=\"wp-block-image size-full is-resized\"><img loading=\"lazy\" decoding=\"async\" width=\"810\" height=\"810\" src=\"https:\/\/www.tercanbolgehaber.com\/wp-content\/uploads\/2024\/10\/erzincan-tulum-peyniri-irfan-donat-810x810-1.jpg\" alt=\"\" class=\"wp-image-5396\" style=\"aspect-ratio:1;width:726px;height:auto\" srcset=\"https:\/\/www.tercanbolgehaber.com\/wp-content\/uploads\/2024\/10\/erzincan-tulum-peyniri-irfan-donat-810x810-1.jpg 810w, https:\/\/www.tercanbolgehaber.com\/wp-content\/uploads\/2024\/10\/erzincan-tulum-peyniri-irfan-donat-810x810-1-300x300.jpg 300w, https:\/\/www.tercanbolgehaber.com\/wp-content\/uploads\/2024\/10\/erzincan-tulum-peyniri-irfan-donat-810x810-1-150x150.jpg 150w, https:\/\/www.tercanbolgehaber.com\/wp-content\/uploads\/2024\/10\/erzincan-tulum-peyniri-irfan-donat-810x810-1-768x768.jpg 768w, https:\/\/www.tercanbolgehaber.com\/wp-content\/uploads\/2024\/10\/erzincan-tulum-peyniri-irfan-donat-810x810-1-696x696.jpg 696w\" sizes=\"auto, (max-width: 810px) 100vw, 810px\" \/><\/figure>\n\n\n\n<p>T\u00fcrkiye Odalar ve Borsalar Birli\u011fi (TOBB) Ba\u015fkan\u0131 M. Rifat Hisarc\u0131kl\u0131o\u011flu,&nbsp; Erzincan Ticaret ve Sanayi Odas\u0131 taraf\u0131ndan d\u00fczenlenen Alaattin Tuncay \u00d6zel \u00d6d\u00fclleri T\u00f6reni&#8217;nde bir konu\u015fma ger\u00e7ekle\u015ftirdi. Hisarc\u0131kl\u0131o\u011flu, Erzincan Ticaret ve Sanayi Odas\u0131 ile Borsas\u0131&#8217;n\u0131n akredite kurulu\u015flar oldu\u011funu ve 5 y\u0131ld\u0131zl\u0131 hizmet verdiklerini belirtti.<\/p>\n\n\n\n<p>Hisarc\u0131kl\u0131o\u011flu, Erzincan\u2019\u0131n co\u011frafi i\u015faretli \u00fcr\u00fcn\u00fc olan Erzincan Tulum Peynirinin Avrupa\u2019da tescillenme s\u00fcrecinde olduklar\u0131n\u0131 vurgulad\u0131. \u201cErzincan Tulum Peyniri, T\u00fcrkiye&#8217;nin ilk co\u011frafi i\u015faretli peyniri ve \u015fimdi Avrupa\u2019da da tescillenmek \u00fczere.<\/p>\n\n\n\n<p>Bu s\u00fcre\u00e7 tamamland\u0131\u011f\u0131nda, \u00fcr\u00fcn\u00fcm\u00fcz Avrupa\u2019da daha tan\u0131n\u0131r hale gelecek, sat\u0131\u015flar artacak ve hem \u00fcreticilerimiz hem de giri\u015fimcilerimiz daha fazla kazanacak,\u201d ifadelerini kulland\u0131.<\/p>\n\n\n\n<p>Konu\u015fmas\u0131nda birlik ve beraberlik mesajlar\u0131 veren Hisarc\u0131kl\u0131o\u011flu, kimsenin inan\u00e7, etnik k\u00f6ken veya siyasi g\u00f6r\u00fc\u015flerinden dolay\u0131 \u00f6tekile\u015ftirilmemesi gerekti\u011fini vurgulad\u0131. \u201cFarkl\u0131l\u0131klar\u0131m\u0131z bizim zenginli\u011fimizdir. Diyalog ve ortak ak\u0131lla meseleleri \u00e7\u00f6zebiliriz. \u00d6tekile\u015ftirdi\u011fimizde hepimiz kaybediyoruz,\u201d dedi. Hisarc\u0131kl\u0131o\u011flu, 1992 Erzincan depremi de dahil olmak \u00fczere, her t\u00fcrl\u00fc felakette millet olarak birlik ve beraberlik i\u00e7inde hareket edilmesi gerekti\u011fini hat\u0131rlatt\u0131.<\/p>\n","protected":false},"excerpt":{"rendered":"<p>H\u0130SARCIKLIO\u011eLU, ERZ\u0130NCAN\u2019IN CO\u011eRAF\u0130 \u0130\u015eARETL\u0130 \u00dcR\u00dcN\u00dc OLAN ERZ\u0130NCAN TULUM PEYN\u0130R\u0130N\u0130N AVRUPA\u2019DA TESC\u0130LLENME S\u00dcREC\u0130NDE OLDUKLARINI VURGULADI. (TERCAN B\u00d6LGE HABER)HAYDAR CO\u015eKUNFIRAT T\u00fcrkiye Odalar ve Borsalar Birli\u011fi (TOBB) Ba\u015fkan\u0131 M. Rifat Hisarc\u0131kl\u0131o\u011flu,&nbsp; Erzincan Ticaret ve Sanayi Odas\u0131 taraf\u0131ndan d\u00fczenlenen Alaattin Tuncay \u00d6zel \u00d6d\u00fclleri T\u00f6reni&#8217;nde bir konu\u015fma ger\u00e7ekle\u015ftirdi. Hisarc\u0131kl\u0131o\u011flu, Erzincan Ticaret ve Sanayi Odas\u0131 ile Borsas\u0131&#8217;n\u0131n akredite kurulu\u015flar oldu\u011funu ve [&hellip;]<\/p>\n","protected":false},"author":2,"featured_media":5395,"comment_status":"closed","ping_status":"open","sticky":false,"template":"","format":"standard","meta":{"footnotes":""},"categories":[35],"tags":[],"class_list":{"0":"post-5394","1":"post","2":"type-post","3":"status-publish","4":"format-standard","5":"has-post-thumbnail","7":"category-manset"},"yoast_head":"<!-- This site is optimized with the Yoast SEO plugin v27.2 - https:\/\/yoast.com\/product\/yoast-seo-wordpress\/ -->\n<title>H\u0130SARCIKLIO\u011eLU ERZ\u0130NCAN TULUM PEYN\u0130R\u0130 AVRUPA\u2019DA TESC\u0130LLEN\u0130YOR - TERCAN B&Ouml;LGE HABER<\/title>\n<meta name=\"robots\" content=\"index, follow, max-snippet:-1, max-image-preview:large, max-video-preview:-1\" \/>\n<link rel=\"canonical\" href=\"https:\/\/www.tercanbolgehaber.com\/index.php\/2024\/10\/23\/hisarciklioglu-erzincan-tulum-peyniri-avrupada-tescilleniyor\/\" \/>\n<meta property=\"og:locale\" content=\"tr_TR\" \/>\n<meta property=\"og:type\" content=\"article\" \/>\n<meta property=\"og:title\" content=\"H\u0130SARCIKLIO\u011eLU ERZ\u0130NCAN TULUM PEYN\u0130R\u0130 AVRUPA\u2019DA TESC\u0130LLEN\u0130YOR - TERCAN B&Ouml;LGE HABER\" \/>\n<meta property=\"og:description\" content=\"H\u0130SARCIKLIO\u011eLU, ERZ\u0130NCAN\u2019IN CO\u011eRAF\u0130 \u0130\u015eARETL\u0130 \u00dcR\u00dcN\u00dc OLAN ERZ\u0130NCAN TULUM PEYN\u0130R\u0130N\u0130N AVRUPA\u2019DA TESC\u0130LLENME S\u00dcREC\u0130NDE OLDUKLARINI VURGULADI. (TERCAN B\u00d6LGE HABER)HAYDAR CO\u015eKUNFIRAT T\u00fcrkiye Odalar ve Borsalar Birli\u011fi (TOBB) Ba\u015fkan\u0131 M. Rifat Hisarc\u0131kl\u0131o\u011flu,&nbsp; Erzincan Ticaret ve Sanayi Odas\u0131 taraf\u0131ndan d\u00fczenlenen Alaattin Tuncay \u00d6zel \u00d6d\u00fclleri T\u00f6reni&#8217;nde bir konu\u015fma ger\u00e7ekle\u015ftirdi. Hisarc\u0131kl\u0131o\u011flu, Erzincan Ticaret ve Sanayi Odas\u0131 ile Borsas\u0131&#8217;n\u0131n akredite kurulu\u015flar oldu\u011funu ve [&hellip;]\" \/>\n<meta property=\"og:url\" content=\"https:\/\/www.tercanbolgehaber.com\/index.php\/2024\/10\/23\/hisarciklioglu-erzincan-tulum-peyniri-avrupada-tescilleniyor\/\" \/>\n<meta property=\"og:site_name\" content=\"TERCAN B&Ouml;LGE HABER\" \/>\n<meta property=\"article:published_time\" content=\"2024-10-23T12:39:55+00:00\" \/>\n<meta property=\"article:modified_time\" content=\"2024-10-23T12:39:58+00:00\" \/>\n<meta property=\"og:image\" content=\"http:\/\/www.tercanbolgehaber.com\/wp-content\/uploads\/2024\/10\/indir-3.jpg\" \/>\n\t<meta property=\"og:image:width\" content=\"300\" \/>\n\t<meta property=\"og:image:height\" content=\"168\" \/>\n\t<meta property=\"og:image:type\" content=\"image\/jpeg\" \/>\n<meta name=\"author\" content=\"Haydar Co\u015fkunf\u0131rat\" \/>\n<meta name=\"twitter:card\" content=\"summary_large_image\" \/>\n<meta name=\"twitter:label1\" content=\"Yazan:\" \/>\n\t<meta name=\"twitter:data1\" content=\"Haydar Co\u015fkunf\u0131rat\" \/>\n\t<meta name=\"twitter:label2\" content=\"Tahmini okuma s\u00fcresi\" \/>\n\t<meta name=\"twitter:data2\" content=\"1 dakika\" \/>\n<script type=\"application\/ld+json\" class=\"yoast-schema-graph\">{\"@context\":\"https:\/\/schema.org\",\"@graph\":[{\"@type\":\"Article\",\"@id\":\"https:\/\/www.tercanbolgehaber.com\/index.php\/2024\/10\/23\/hisarciklioglu-erzincan-tulum-peyniri-avrupada-tescilleniyor\/#article\",\"isPartOf\":{\"@id\":\"https:\/\/www.tercanbolgehaber.com\/index.php\/2024\/10\/23\/hisarciklioglu-erzincan-tulum-peyniri-avrupada-tescilleniyor\/\"},\"author\":{\"name\":\"Haydar Co\u015fkunf\u0131rat\",\"@id\":\"https:\/\/www.tercanbolgehaber.com\/#\/schema\/person\/588559f88c7997eaeefe12a53785fb5e\"},\"headline\":\"H\u0130SARCIKLIO\u011eLU ERZ\u0130NCAN TULUM PEYN\u0130R\u0130 AVRUPA\u2019DA TESC\u0130LLEN\u0130YOR\",\"datePublished\":\"2024-10-23T12:39:55+00:00\",\"dateModified\":\"2024-10-23T12:39:58+00:00\",\"mainEntityOfPage\":{\"@id\":\"https:\/\/www.tercanbolgehaber.com\/index.php\/2024\/10\/23\/hisarciklioglu-erzincan-tulum-peyniri-avrupada-tescilleniyor\/\"},\"wordCount\":264,\"publisher\":{\"@id\":\"https:\/\/www.tercanbolgehaber.com\/#organization\"},\"image\":{\"@id\":\"https:\/\/www.tercanbolgehaber.com\/index.php\/2024\/10\/23\/hisarciklioglu-erzincan-tulum-peyniri-avrupada-tescilleniyor\/#primaryimage\"},\"thumbnailUrl\":\"https:\/\/www.tercanbolgehaber.com\/wp-content\/uploads\/2024\/10\/indir-3.jpg\",\"articleSection\":[\"Man\u015fet\"],\"inLanguage\":\"tr\"},{\"@type\":\"WebPage\",\"@id\":\"https:\/\/www.tercanbolgehaber.com\/index.php\/2024\/10\/23\/hisarciklioglu-erzincan-tulum-peyniri-avrupada-tescilleniyor\/\",\"url\":\"https:\/\/www.tercanbolgehaber.com\/index.php\/2024\/10\/23\/hisarciklioglu-erzincan-tulum-peyniri-avrupada-tescilleniyor\/\",\"name\":\"H\u0130SARCIKLIO\u011eLU ERZ\u0130NCAN TULUM PEYN\u0130R\u0130 AVRUPA\u2019DA TESC\u0130LLEN\u0130YOR - TERCAN B&Ouml;LGE HABER\",\"isPartOf\":{\"@id\":\"https:\/\/www.tercanbolgehaber.com\/#website\"},\"primaryImageOfPage\":{\"@id\":\"https:\/\/www.tercanbolgehaber.com\/index.php\/2024\/10\/23\/hisarciklioglu-erzincan-tulum-peyniri-avrupada-tescilleniyor\/#primaryimage\"},\"image\":{\"@id\":\"https:\/\/www.tercanbolgehaber.com\/index.php\/2024\/10\/23\/hisarciklioglu-erzincan-tulum-peyniri-avrupada-tescilleniyor\/#primaryimage\"},\"thumbnailUrl\":\"https:\/\/www.tercanbolgehaber.com\/wp-content\/uploads\/2024\/10\/indir-3.jpg\",\"datePublished\":\"2024-10-23T12:39:55+00:00\",\"dateModified\":\"2024-10-23T12:39:58+00:00\",\"breadcrumb\":{\"@id\":\"https:\/\/www.tercanbolgehaber.com\/index.php\/2024\/10\/23\/hisarciklioglu-erzincan-tulum-peyniri-avrupada-tescilleniyor\/#breadcrumb\"},\"inLanguage\":\"tr\",\"potentialAction\":[{\"@type\":\"ReadAction\",\"target\":[\"https:\/\/www.tercanbolgehaber.com\/index.php\/2024\/10\/23\/hisarciklioglu-erzincan-tulum-peyniri-avrupada-tescilleniyor\/\"]}]},{\"@type\":\"ImageObject\",\"inLanguage\":\"tr\",\"@id\":\"https:\/\/www.tercanbolgehaber.com\/index.php\/2024\/10\/23\/hisarciklioglu-erzincan-tulum-peyniri-avrupada-tescilleniyor\/#primaryimage\",\"url\":\"https:\/\/www.tercanbolgehaber.com\/wp-content\/uploads\/2024\/10\/indir-3.jpg\",\"contentUrl\":\"https:\/\/www.tercanbolgehaber.com\/wp-content\/uploads\/2024\/10\/indir-3.jpg\",\"width\":300,\"height\":168},{\"@type\":\"BreadcrumbList\",\"@id\":\"https:\/\/www.tercanbolgehaber.com\/index.php\/2024\/10\/23\/hisarciklioglu-erzincan-tulum-peyniri-avrupada-tescilleniyor\/#breadcrumb\",\"itemListElement\":[{\"@type\":\"ListItem\",\"position\":1,\"name\":\"Anasayfa\",\"item\":\"https:\/\/www.tercanbolgehaber.com\/\"},{\"@type\":\"ListItem\",\"position\":2,\"name\":\"H\u0130SARCIKLIO\u011eLU ERZ\u0130NCAN TULUM PEYN\u0130R\u0130 AVRUPA\u2019DA TESC\u0130LLEN\u0130YOR\"}]},{\"@type\":\"WebSite\",\"@id\":\"https:\/\/www.tercanbolgehaber.com\/#website\",\"url\":\"https:\/\/www.tercanbolgehaber.com\/\",\"name\":\"TERCAN B&Ouml;LGE HABER\",\"description\":\"HALK'IN HABER PORTALI\",\"publisher\":{\"@id\":\"https:\/\/www.tercanbolgehaber.com\/#organization\"},\"potentialAction\":[{\"@type\":\"SearchAction\",\"target\":{\"@type\":\"EntryPoint\",\"urlTemplate\":\"https:\/\/www.tercanbolgehaber.com\/?s={search_term_string}\"},\"query-input\":{\"@type\":\"PropertyValueSpecification\",\"valueRequired\":true,\"valueName\":\"search_term_string\"}}],\"inLanguage\":\"tr\"},{\"@type\":\"Organization\",\"@id\":\"https:\/\/www.tercanbolgehaber.com\/#organization\",\"name\":\"Tercan B\u00f6lge Haber\",\"url\":\"https:\/\/www.tercanbolgehaber.com\/\",\"logo\":{\"@type\":\"ImageObject\",\"inLanguage\":\"tr\",\"@id\":\"https:\/\/www.tercanbolgehaber.com\/#\/schema\/logo\/image\/\",\"url\":\"http:\/\/www.tercanbolgehaber.com\/wp-content\/uploads\/2022\/04\/logo_yeni.png\",\"contentUrl\":\"http:\/\/www.tercanbolgehaber.com\/wp-content\/uploads\/2022\/04\/logo_yeni.png\",\"width\":250,\"height\":123,\"caption\":\"Tercan B\u00f6lge Haber\"},\"image\":{\"@id\":\"https:\/\/www.tercanbolgehaber.com\/#\/schema\/logo\/image\/\"}},{\"@type\":\"Person\",\"@id\":\"https:\/\/www.tercanbolgehaber.com\/#\/schema\/person\/588559f88c7997eaeefe12a53785fb5e\",\"name\":\"Haydar Co\u015fkunf\u0131rat\",\"image\":{\"@type\":\"ImageObject\",\"inLanguage\":\"tr\",\"@id\":\"https:\/\/secure.gravatar.com\/avatar\/1992688ffa73c31cf68142c3401bd1f8b600612718310d5da53a0f7a4a562ace?s=96&d=mm&r=g\",\"url\":\"https:\/\/secure.gravatar.com\/avatar\/1992688ffa73c31cf68142c3401bd1f8b600612718310d5da53a0f7a4a562ace?s=96&d=mm&r=g\",\"contentUrl\":\"https:\/\/secure.gravatar.com\/avatar\/1992688ffa73c31cf68142c3401bd1f8b600612718310d5da53a0f7a4a562ace?s=96&d=mm&r=g\",\"caption\":\"Haydar Co\u015fkunf\u0131rat\"},\"url\":\"https:\/\/www.tercanbolgehaber.com\/index.php\/author\/haydar\/\"}]}<\/script>\n<!-- \/ Yoast SEO plugin. -->","yoast_head_json":{"title":"H\u0130SARCIKLIO\u011eLU ERZ\u0130NCAN TULUM PEYN\u0130R\u0130 AVRUPA\u2019DA TESC\u0130LLEN\u0130YOR - TERCAN B&Ouml;LGE HABER","robots":{"index":"index","follow":"follow","max-snippet":"max-snippet:-1","max-image-preview":"max-image-preview:large","max-video-preview":"max-video-preview:-1"},"canonical":"https:\/\/www.tercanbolgehaber.com\/index.php\/2024\/10\/23\/hisarciklioglu-erzincan-tulum-peyniri-avrupada-tescilleniyor\/","og_locale":"tr_TR","og_type":"article","og_title":"H\u0130SARCIKLIO\u011eLU ERZ\u0130NCAN TULUM PEYN\u0130R\u0130 AVRUPA\u2019DA TESC\u0130LLEN\u0130YOR - TERCAN B&Ouml;LGE HABER","og_description":"H\u0130SARCIKLIO\u011eLU, ERZ\u0130NCAN\u2019IN CO\u011eRAF\u0130 \u0130\u015eARETL\u0130 \u00dcR\u00dcN\u00dc OLAN ERZ\u0130NCAN TULUM PEYN\u0130R\u0130N\u0130N AVRUPA\u2019DA TESC\u0130LLENME S\u00dcREC\u0130NDE OLDUKLARINI VURGULADI. (TERCAN B\u00d6LGE HABER)HAYDAR CO\u015eKUNFIRAT T\u00fcrkiye Odalar ve Borsalar Birli\u011fi (TOBB) Ba\u015fkan\u0131 M. Rifat Hisarc\u0131kl\u0131o\u011flu,&nbsp; Erzincan Ticaret ve Sanayi Odas\u0131 taraf\u0131ndan d\u00fczenlenen Alaattin Tuncay \u00d6zel \u00d6d\u00fclleri T\u00f6reni&#8217;nde bir konu\u015fma ger\u00e7ekle\u015ftirdi. Hisarc\u0131kl\u0131o\u011flu, Erzincan Ticaret ve Sanayi Odas\u0131 ile Borsas\u0131&#8217;n\u0131n akredite kurulu\u015flar oldu\u011funu ve [&hellip;]","og_url":"https:\/\/www.tercanbolgehaber.com\/index.php\/2024\/10\/23\/hisarciklioglu-erzincan-tulum-peyniri-avrupada-tescilleniyor\/","og_site_name":"TERCAN B&Ouml;LGE HABER","article_published_time":"2024-10-23T12:39:55+00:00","article_modified_time":"2024-10-23T12:39:58+00:00","og_image":[{"width":300,"height":168,"url":"http:\/\/www.tercanbolgehaber.com\/wp-content\/uploads\/2024\/10\/indir-3.jpg","type":"image\/jpeg"}],"author":"Haydar Co\u015fkunf\u0131rat","twitter_card":"summary_large_image","twitter_misc":{"Yazan:":"Haydar Co\u015fkunf\u0131rat","Tahmini okuma s\u00fcresi":"1 dakika"},"schema":{"@context":"https:\/\/schema.org","@graph":[{"@type":"Article","@id":"https:\/\/www.tercanbolgehaber.com\/index.php\/2024\/10\/23\/hisarciklioglu-erzincan-tulum-peyniri-avrupada-tescilleniyor\/#article","isPartOf":{"@id":"https:\/\/www.tercanbolgehaber.com\/index.php\/2024\/10\/23\/hisarciklioglu-erzincan-tulum-peyniri-avrupada-tescilleniyor\/"},"author":{"name":"Haydar Co\u015fkunf\u0131rat","@id":"https:\/\/www.tercanbolgehaber.com\/#\/schema\/person\/588559f88c7997eaeefe12a53785fb5e"},"headline":"H\u0130SARCIKLIO\u011eLU ERZ\u0130NCAN TULUM PEYN\u0130R\u0130 AVRUPA\u2019DA TESC\u0130LLEN\u0130YOR","datePublished":"2024-10-23T12:39:55+00:00","dateModified":"2024-10-23T12:39:58+00:00","mainEntityOfPage":{"@id":"https:\/\/www.tercanbolgehaber.com\/index.php\/2024\/10\/23\/hisarciklioglu-erzincan-tulum-peyniri-avrupada-tescilleniyor\/"},"wordCount":264,"publisher":{"@id":"https:\/\/www.tercanbolgehaber.com\/#organization"},"image":{"@id":"https:\/\/www.tercanbolgehaber.com\/index.php\/2024\/10\/23\/hisarciklioglu-erzincan-tulum-peyniri-avrupada-tescilleniyor\/#primaryimage"},"thumbnailUrl":"https:\/\/www.tercanbolgehaber.com\/wp-content\/uploads\/2024\/10\/indir-3.jpg","articleSection":["Man\u015fet"],"inLanguage":"tr"},{"@type":"WebPage","@id":"https:\/\/www.tercanbolgehaber.com\/index.php\/2024\/10\/23\/hisarciklioglu-erzincan-tulum-peyniri-avrupada-tescilleniyor\/","url":"https:\/\/www.tercanbolgehaber.com\/index.php\/2024\/10\/23\/hisarciklioglu-erzincan-tulum-peyniri-avrupada-tescilleniyor\/","name":"H\u0130SARCIKLIO\u011eLU ERZ\u0130NCAN TULUM PEYN\u0130R\u0130 AVRUPA\u2019DA TESC\u0130LLEN\u0130YOR - TERCAN B&Ouml;LGE HABER","isPartOf":{"@id":"https:\/\/www.tercanbolgehaber.com\/#website"},"primaryImageOfPage":{"@id":"https:\/\/www.tercanbolgehaber.com\/index.php\/2024\/10\/23\/hisarciklioglu-erzincan-tulum-peyniri-avrupada-tescilleniyor\/#primaryimage"},"image":{"@id":"https:\/\/www.tercanbolgehaber.com\/index.php\/2024\/10\/23\/hisarciklioglu-erzincan-tulum-peyniri-avrupada-tescilleniyor\/#primaryimage"},"thumbnailUrl":"https:\/\/www.tercanbolgehaber.com\/wp-content\/uploads\/2024\/10\/indir-3.jpg","datePublished":"2024-10-23T12:39:55+00:00","dateModified":"2024-10-23T12:39:58+00:00","breadcrumb":{"@id":"https:\/\/www.tercanbolgehaber.com\/index.php\/2024\/10\/23\/hisarciklioglu-erzincan-tulum-peyniri-avrupada-tescilleniyor\/#breadcrumb"},"inLanguage":"tr","potentialAction":[{"@type":"ReadAction","target":["https:\/\/www.tercanbolgehaber.com\/index.php\/2024\/10\/23\/hisarciklioglu-erzincan-tulum-peyniri-avrupada-tescilleniyor\/"]}]},{"@type":"ImageObject","inLanguage":"tr","@id":"https:\/\/www.tercanbolgehaber.com\/index.php\/2024\/10\/23\/hisarciklioglu-erzincan-tulum-peyniri-avrupada-tescilleniyor\/#primaryimage","url":"https:\/\/www.tercanbolgehaber.com\/wp-content\/uploads\/2024\/10\/indir-3.jpg","contentUrl":"https:\/\/www.tercanbolgehaber.com\/wp-content\/uploads\/2024\/10\/indir-3.jpg","width":300,"height":168},{"@type":"BreadcrumbList","@id":"https:\/\/www.tercanbolgehaber.com\/index.php\/2024\/10\/23\/hisarciklioglu-erzincan-tulum-peyniri-avrupada-tescilleniyor\/#breadcrumb","itemListElement":[{"@type":"ListItem","position":1,"name":"Anasayfa","item":"https:\/\/www.tercanbolgehaber.com\/"},{"@type":"ListItem","position":2,"name":"H\u0130SARCIKLIO\u011eLU ERZ\u0130NCAN TULUM PEYN\u0130R\u0130 AVRUPA\u2019DA TESC\u0130LLEN\u0130YOR"}]},{"@type":"WebSite","@id":"https:\/\/www.tercanbolgehaber.com\/#website","url":"https:\/\/www.tercanbolgehaber.com\/","name":"TERCAN B&Ouml;LGE HABER","description":"HALK'IN HABER PORTALI","publisher":{"@id":"https:\/\/www.tercanbolgehaber.com\/#organization"},"potentialAction":[{"@type":"SearchAction","target":{"@type":"EntryPoint","urlTemplate":"https:\/\/www.tercanbolgehaber.com\/?s={search_term_string}"},"query-input":{"@type":"PropertyValueSpecification","valueRequired":true,"valueName":"search_term_string"}}],"inLanguage":"tr"},{"@type":"Organization","@id":"https:\/\/www.tercanbolgehaber.com\/#organization","name":"Tercan B\u00f6lge Haber","url":"https:\/\/www.tercanbolgehaber.com\/","logo":{"@type":"ImageObject","inLanguage":"tr","@id":"https:\/\/www.tercanbolgehaber.com\/#\/schema\/logo\/image\/","url":"http:\/\/www.tercanbolgehaber.com\/wp-content\/uploads\/2022\/04\/logo_yeni.png","contentUrl":"http:\/\/www.tercanbolgehaber.com\/wp-content\/uploads\/2022\/04\/logo_yeni.png","width":250,"height":123,"caption":"Tercan B\u00f6lge Haber"},"image":{"@id":"https:\/\/www.tercanbolgehaber.com\/#\/schema\/logo\/image\/"}},{"@type":"Person","@id":"https:\/\/www.tercanbolgehaber.com\/#\/schema\/person\/588559f88c7997eaeefe12a53785fb5e","name":"Haydar Co\u015fkunf\u0131rat","image":{"@type":"ImageObject","inLanguage":"tr","@id":"https:\/\/secure.gravatar.com\/avatar\/1992688ffa73c31cf68142c3401bd1f8b600612718310d5da53a0f7a4a562ace?s=96&d=mm&r=g","url":"https:\/\/secure.gravatar.com\/avatar\/1992688ffa73c31cf68142c3401bd1f8b600612718310d5da53a0f7a4a562ace?s=96&d=mm&r=g","contentUrl":"https:\/\/secure.gravatar.com\/avatar\/1992688ffa73c31cf68142c3401bd1f8b600612718310d5da53a0f7a4a562ace?s=96&d=mm&r=g","caption":"Haydar Co\u015fkunf\u0131rat"},"url":"https:\/\/www.tercanbolgehaber.com\/index.php\/author\/haydar\/"}]}},"_links":{"self":[{"href":"https:\/\/www.tercanbolgehaber.com\/index.php\/wp-json\/wp\/v2\/posts\/5394","targetHints":{"allow":["GET"]}}],"collection":[{"href":"https:\/\/www.tercanbolgehaber.com\/index.php\/wp-json\/wp\/v2\/posts"}],"about":[{"href":"https:\/\/www.tercanbolgehaber.com\/index.php\/wp-json\/wp\/v2\/types\/post"}],"author":[{"embeddable":true,"href":"https:\/\/www.tercanbolgehaber.com\/index.php\/wp-json\/wp\/v2\/users\/2"}],"replies":[{"embeddable":true,"href":"https:\/\/www.tercanbolgehaber.com\/index.php\/wp-json\/wp\/v2\/comments?post=5394"}],"version-history":[{"count":1,"href":"https:\/\/www.tercanbolgehaber.com\/index.php\/wp-json\/wp\/v2\/posts\/5394\/revisions"}],"predecessor-version":[{"id":5397,"href":"https:\/\/www.tercanbolgehaber.com\/index.php\/wp-json\/wp\/v2\/posts\/5394\/revisions\/5397"}],"wp:featuredmedia":[{"embeddable":true,"href":"https:\/\/www.tercanbolgehaber.com\/index.php\/wp-json\/wp\/v2\/media\/5395"}],"wp:attachment":[{"href":"https:\/\/www.tercanbolgehaber.com\/index.php\/wp-json\/wp\/v2\/media?parent=5394"}],"wp:term":[{"taxonomy":"category","embeddable":true,"href":"https:\/\/www.tercanbolgehaber.com\/index.php\/wp-json\/wp\/v2\/categories?post=5394"},{"taxonomy":"post_tag","embeddable":true,"href":"https:\/\/www.tercanbolgehaber.com\/index.php\/wp-json\/wp\/v2\/tags?post=5394"}],"curies":[{"name":"wp","href":"https:\/\/api.w.org\/{rel}","templated":true}]}}