{"id":534,"date":"2022-05-15T07:50:40","date_gmt":"2022-05-15T07:50:40","guid":{"rendered":"http:\/\/www.tercanbolgehaber.com\/?p=534"},"modified":"2022-05-15T07:50:42","modified_gmt":"2022-05-15T07:50:42","slug":"kaymakam-celik-edebuk-koyunde-sehitlik-duzenleme-calismalarini-inceledi","status":"publish","type":"post","link":"https:\/\/www.tercanbolgehaber.com\/index.php\/2022\/05\/15\/kaymakam-celik-edebuk-koyunde-sehitlik-duzenleme-calismalarini-inceledi\/","title":{"rendered":"KAYMAKAM \u00c7EL\u0130K EDEB\u00dcK K\u00d6Y\u00dcNDE \u015eEH\u0130TL\u0130K D\u00dcZENLEME \u00c7ALI\u015eMALARINI \u0130NCELED\u0130"},"content":{"rendered":"\n<p class=\"has-vivid-green-cyan-background-color has-background\">TERCAN \u0130L\u00c7E KAYMAKAMI MUSA KAZIM \u00c7EL\u0130K, EDEB\u00dcK K\u00d6Y\u00dcNDE BULUNAN \u015eEH\u0130TL\u0130\u011e\u0130N DEVAM EDEN \u00c7EVRE D\u00dcZENLEMES\u0130 \u00c7ALI\u015eMALARINI YAKINDAN \u0130NCELED\u0130.<\/p>\n\n\n\n<figure class=\"wp-block-image size-full is-style-rounded\"><img loading=\"lazy\" decoding=\"async\" width=\"960\" height=\"636\" src=\"http:\/\/www.tercanbolgehaber.com\/wp-content\/uploads\/2022\/05\/280953661_5791848067497438_3726584918158009586_n.jpg\" alt=\"\" class=\"wp-image-536\" srcset=\"https:\/\/www.tercanbolgehaber.com\/wp-content\/uploads\/2022\/05\/280953661_5791848067497438_3726584918158009586_n.jpg 960w, https:\/\/www.tercanbolgehaber.com\/wp-content\/uploads\/2022\/05\/280953661_5791848067497438_3726584918158009586_n-300x199.jpg 300w, https:\/\/www.tercanbolgehaber.com\/wp-content\/uploads\/2022\/05\/280953661_5791848067497438_3726584918158009586_n-768x509.jpg 768w, https:\/\/www.tercanbolgehaber.com\/wp-content\/uploads\/2022\/05\/280953661_5791848067497438_3726584918158009586_n-696x461.jpg 696w\" sizes=\"auto, (max-width: 960px) 100vw, 960px\" \/><\/figure>\n\n\n\n<p>Tercan il\u00e7esi Ede b\u00fck k\u00f6y\u00fcnde 15 May\u0131s 1994 tarihinde ter\u00f6ristlerin sald\u0131r\u0131s\u0131nda \u015fehit edilen 9 vatanda\u015f\u0131n bulundu\u011fu \u015fehitli\u011fin \u00e7evre d\u00fczenlemesini yerinde incelemelerde &nbsp;bulunan &nbsp;Kaymakam Musa Kaz\u0131m \u00c7elik Kaymakam \u00c7elik burada \u00e7al\u0131\u015fanlardan bilgi ald\u0131 ve iyi \u00e7al\u0131\u015fmalar diledi. Daha sonra \u015fehitlikte \u0130l\u00e7e M\u00fcft\u00fcs\u00fc Hekim \u015eahin taraf\u0131ndan kuran\u0131 kerim okunarak dua edildi.<\/p>\n\n\n\n<figure class=\"wp-block-image size-full\"><img loading=\"lazy\" decoding=\"async\" width=\"960\" height=\"636\" src=\"http:\/\/www.tercanbolgehaber.com\/wp-content\/uploads\/2022\/05\/280628276_5791848480830730_1478716231682436373_n.jpg\" alt=\"\" class=\"wp-image-537\" srcset=\"https:\/\/www.tercanbolgehaber.com\/wp-content\/uploads\/2022\/05\/280628276_5791848480830730_1478716231682436373_n.jpg 960w, https:\/\/www.tercanbolgehaber.com\/wp-content\/uploads\/2022\/05\/280628276_5791848480830730_1478716231682436373_n-300x199.jpg 300w, https:\/\/www.tercanbolgehaber.com\/wp-content\/uploads\/2022\/05\/280628276_5791848480830730_1478716231682436373_n-768x509.jpg 768w, https:\/\/www.tercanbolgehaber.com\/wp-content\/uploads\/2022\/05\/280628276_5791848480830730_1478716231682436373_n-696x461.jpg 696w\" sizes=\"auto, (max-width: 960px) 100vw, 960px\" \/><\/figure>\n\n\n\n<p>Bu incelemede Kaymakam \u00c7elik&#8217;e \u0130l\u00e7e b\u00f6l\u00fck komutan\u0131 Jandarma Binba\u015f\u0131 Emre \u00c7apan, Emniyet M\u00fcd\u00fcr\u00fc O\u011fuzhan Ayk\u0131r\u0131, B\u00f6lge Trafik Denetleme \u0130stasyon Amir Vekili Ramazan Bilsel, \u0130l\u00e7e M\u00fcft\u00fcs\u00fc Hekim \u015eahin e\u015flik etti.<\/p>\n\n\n\n<figure class=\"wp-block-image size-full\"><img loading=\"lazy\" decoding=\"async\" width=\"960\" height=\"636\" src=\"http:\/\/www.tercanbolgehaber.com\/wp-content\/uploads\/2022\/05\/281142111_5791847387497506_1278611236044991476_n.jpg\" alt=\"\" class=\"wp-image-538\" srcset=\"https:\/\/www.tercanbolgehaber.com\/wp-content\/uploads\/2022\/05\/281142111_5791847387497506_1278611236044991476_n.jpg 960w, https:\/\/www.tercanbolgehaber.com\/wp-content\/uploads\/2022\/05\/281142111_5791847387497506_1278611236044991476_n-300x199.jpg 300w, https:\/\/www.tercanbolgehaber.com\/wp-content\/uploads\/2022\/05\/281142111_5791847387497506_1278611236044991476_n-768x509.jpg 768w, https:\/\/www.tercanbolgehaber.com\/wp-content\/uploads\/2022\/05\/281142111_5791847387497506_1278611236044991476_n-696x461.jpg 696w\" sizes=\"auto, (max-width: 960px) 100vw, 960px\" \/><\/figure>\n","protected":false},"excerpt":{"rendered":"<p>TERCAN \u0130L\u00c7E KAYMAKAMI MUSA KAZIM \u00c7EL\u0130K, EDEB\u00dcK K\u00d6Y\u00dcNDE BULUNAN \u015eEH\u0130TL\u0130\u011e\u0130N DEVAM EDEN \u00c7EVRE D\u00dcZENLEMES\u0130 \u00c7ALI\u015eMALARINI YAKINDAN \u0130NCELED\u0130. Tercan il\u00e7esi Ede b\u00fck k\u00f6y\u00fcnde 15 May\u0131s 1994 tarihinde ter\u00f6ristlerin sald\u0131r\u0131s\u0131nda \u015fehit edilen 9 vatanda\u015f\u0131n bulundu\u011fu \u015fehitli\u011fin \u00e7evre d\u00fczenlemesini yerinde incelemelerde &nbsp;bulunan &nbsp;Kaymakam Musa Kaz\u0131m \u00c7elik Kaymakam \u00c7elik burada \u00e7al\u0131\u015fanlardan bilgi ald\u0131 ve iyi \u00e7al\u0131\u015fmalar diledi. Daha sonra [&hellip;]<\/p>\n","protected":false},"author":2,"featured_media":535,"comment_status":"open","ping_status":"open","sticky":false,"template":"","format":"standard","meta":{"footnotes":""},"categories":[35,36],"tags":[],"class_list":{"0":"post-534","1":"post","2":"type-post","3":"status-publish","4":"format-standard","5":"has-post-thumbnail","7":"category-manset","8":"category-medya"},"yoast_head":"<!-- This site is optimized with the Yoast SEO plugin v27.2 - https:\/\/yoast.com\/product\/yoast-seo-wordpress\/ -->\n<title>KAYMAKAM \u00c7EL\u0130K EDEB\u00dcK K\u00d6Y\u00dcNDE \u015eEH\u0130TL\u0130K D\u00dcZENLEME \u00c7ALI\u015eMALARINI \u0130NCELED\u0130 - TERCAN B&Ouml;LGE HABER<\/title>\n<meta name=\"robots\" content=\"index, follow, max-snippet:-1, max-image-preview:large, max-video-preview:-1\" \/>\n<link rel=\"canonical\" href=\"https:\/\/www.tercanbolgehaber.com\/index.php\/2022\/05\/15\/kaymakam-celik-edebuk-koyunde-sehitlik-duzenleme-calismalarini-inceledi\/\" \/>\n<meta property=\"og:locale\" content=\"tr_TR\" \/>\n<meta property=\"og:type\" content=\"article\" \/>\n<meta property=\"og:title\" content=\"KAYMAKAM \u00c7EL\u0130K EDEB\u00dcK K\u00d6Y\u00dcNDE \u015eEH\u0130TL\u0130K D\u00dcZENLEME \u00c7ALI\u015eMALARINI \u0130NCELED\u0130 - TERCAN B&Ouml;LGE HABER\" \/>\n<meta property=\"og:description\" content=\"TERCAN \u0130L\u00c7E KAYMAKAMI MUSA KAZIM \u00c7EL\u0130K, EDEB\u00dcK K\u00d6Y\u00dcNDE BULUNAN \u015eEH\u0130TL\u0130\u011e\u0130N DEVAM EDEN \u00c7EVRE D\u00dcZENLEMES\u0130 \u00c7ALI\u015eMALARINI YAKINDAN \u0130NCELED\u0130. Tercan il\u00e7esi Ede b\u00fck k\u00f6y\u00fcnde 15 May\u0131s 1994 tarihinde ter\u00f6ristlerin sald\u0131r\u0131s\u0131nda \u015fehit edilen 9 vatanda\u015f\u0131n bulundu\u011fu \u015fehitli\u011fin \u00e7evre d\u00fczenlemesini yerinde incelemelerde &nbsp;bulunan &nbsp;Kaymakam Musa Kaz\u0131m \u00c7elik Kaymakam \u00c7elik burada \u00e7al\u0131\u015fanlardan bilgi ald\u0131 ve iyi \u00e7al\u0131\u015fmalar diledi. Daha sonra [&hellip;]\" \/>\n<meta property=\"og:url\" content=\"https:\/\/www.tercanbolgehaber.com\/index.php\/2022\/05\/15\/kaymakam-celik-edebuk-koyunde-sehitlik-duzenleme-calismalarini-inceledi\/\" \/>\n<meta property=\"og:site_name\" content=\"TERCAN B&Ouml;LGE HABER\" \/>\n<meta property=\"article:published_time\" content=\"2022-05-15T07:50:40+00:00\" \/>\n<meta property=\"article:modified_time\" content=\"2022-05-15T07:50:42+00:00\" \/>\n<meta property=\"og:image\" content=\"https:\/\/www.tercanbolgehaber.com\/wp-content\/uploads\/2022\/05\/kaymakam-celik-sehitlik-duzenleme-calismalari-14941293_amp.jpg\" \/>\n\t<meta property=\"og:image:width\" content=\"1200\" \/>\n\t<meta property=\"og:image:height\" content=\"794\" \/>\n\t<meta property=\"og:image:type\" content=\"image\/jpeg\" \/>\n<meta name=\"author\" content=\"Haydar Co\u015fkunf\u0131rat\" \/>\n<meta name=\"twitter:card\" content=\"summary_large_image\" \/>\n<meta name=\"twitter:label1\" content=\"Yazan:\" \/>\n\t<meta name=\"twitter:data1\" content=\"Haydar Co\u015fkunf\u0131rat\" \/>\n\t<meta name=\"twitter:label2\" content=\"Tahmini okuma s\u00fcresi\" \/>\n\t<meta name=\"twitter:data2\" content=\"2 dakika\" \/>\n<script type=\"application\/ld+json\" class=\"yoast-schema-graph\">{\"@context\":\"https:\/\/schema.org\",\"@graph\":[{\"@type\":\"Article\",\"@id\":\"https:\/\/www.tercanbolgehaber.com\/index.php\/2022\/05\/15\/kaymakam-celik-edebuk-koyunde-sehitlik-duzenleme-calismalarini-inceledi\/#article\",\"isPartOf\":{\"@id\":\"https:\/\/www.tercanbolgehaber.com\/index.php\/2022\/05\/15\/kaymakam-celik-edebuk-koyunde-sehitlik-duzenleme-calismalarini-inceledi\/\"},\"author\":{\"name\":\"Haydar Co\u015fkunf\u0131rat\",\"@id\":\"https:\/\/www.tercanbolgehaber.com\/#\/schema\/person\/588559f88c7997eaeefe12a53785fb5e\"},\"headline\":\"KAYMAKAM \u00c7EL\u0130K EDEB\u00dcK K\u00d6Y\u00dcNDE \u015eEH\u0130TL\u0130K D\u00dcZENLEME \u00c7ALI\u015eMALARINI \u0130NCELED\u0130\",\"datePublished\":\"2022-05-15T07:50:40+00:00\",\"dateModified\":\"2022-05-15T07:50:42+00:00\",\"mainEntityOfPage\":{\"@id\":\"https:\/\/www.tercanbolgehaber.com\/index.php\/2022\/05\/15\/kaymakam-celik-edebuk-koyunde-sehitlik-duzenleme-calismalarini-inceledi\/\"},\"wordCount\":152,\"commentCount\":0,\"publisher\":{\"@id\":\"https:\/\/www.tercanbolgehaber.com\/#organization\"},\"image\":{\"@id\":\"https:\/\/www.tercanbolgehaber.com\/index.php\/2022\/05\/15\/kaymakam-celik-edebuk-koyunde-sehitlik-duzenleme-calismalarini-inceledi\/#primaryimage\"},\"thumbnailUrl\":\"https:\/\/www.tercanbolgehaber.com\/wp-content\/uploads\/2022\/05\/kaymakam-celik-sehitlik-duzenleme-calismalari-14941293_amp.jpg\",\"articleSection\":[\"Man\u015fet\",\"Medya\"],\"inLanguage\":\"tr\",\"potentialAction\":[{\"@type\":\"CommentAction\",\"name\":\"Comment\",\"target\":[\"https:\/\/www.tercanbolgehaber.com\/index.php\/2022\/05\/15\/kaymakam-celik-edebuk-koyunde-sehitlik-duzenleme-calismalarini-inceledi\/#respond\"]}]},{\"@type\":\"WebPage\",\"@id\":\"https:\/\/www.tercanbolgehaber.com\/index.php\/2022\/05\/15\/kaymakam-celik-edebuk-koyunde-sehitlik-duzenleme-calismalarini-inceledi\/\",\"url\":\"https:\/\/www.tercanbolgehaber.com\/index.php\/2022\/05\/15\/kaymakam-celik-edebuk-koyunde-sehitlik-duzenleme-calismalarini-inceledi\/\",\"name\":\"KAYMAKAM \u00c7EL\u0130K EDEB\u00dcK K\u00d6Y\u00dcNDE \u015eEH\u0130TL\u0130K D\u00dcZENLEME \u00c7ALI\u015eMALARINI \u0130NCELED\u0130 - TERCAN B&Ouml;LGE HABER\",\"isPartOf\":{\"@id\":\"https:\/\/www.tercanbolgehaber.com\/#website\"},\"primaryImageOfPage\":{\"@id\":\"https:\/\/www.tercanbolgehaber.com\/index.php\/2022\/05\/15\/kaymakam-celik-edebuk-koyunde-sehitlik-duzenleme-calismalarini-inceledi\/#primaryimage\"},\"image\":{\"@id\":\"https:\/\/www.tercanbolgehaber.com\/index.php\/2022\/05\/15\/kaymakam-celik-edebuk-koyunde-sehitlik-duzenleme-calismalarini-inceledi\/#primaryimage\"},\"thumbnailUrl\":\"https:\/\/www.tercanbolgehaber.com\/wp-content\/uploads\/2022\/05\/kaymakam-celik-sehitlik-duzenleme-calismalari-14941293_amp.jpg\",\"datePublished\":\"2022-05-15T07:50:40+00:00\",\"dateModified\":\"2022-05-15T07:50:42+00:00\",\"breadcrumb\":{\"@id\":\"https:\/\/www.tercanbolgehaber.com\/index.php\/2022\/05\/15\/kaymakam-celik-edebuk-koyunde-sehitlik-duzenleme-calismalarini-inceledi\/#breadcrumb\"},\"inLanguage\":\"tr\",\"potentialAction\":[{\"@type\":\"ReadAction\",\"target\":[\"https:\/\/www.tercanbolgehaber.com\/index.php\/2022\/05\/15\/kaymakam-celik-edebuk-koyunde-sehitlik-duzenleme-calismalarini-inceledi\/\"]}]},{\"@type\":\"ImageObject\",\"inLanguage\":\"tr\",\"@id\":\"https:\/\/www.tercanbolgehaber.com\/index.php\/2022\/05\/15\/kaymakam-celik-edebuk-koyunde-sehitlik-duzenleme-calismalarini-inceledi\/#primaryimage\",\"url\":\"https:\/\/www.tercanbolgehaber.com\/wp-content\/uploads\/2022\/05\/kaymakam-celik-sehitlik-duzenleme-calismalari-14941293_amp.jpg\",\"contentUrl\":\"https:\/\/www.tercanbolgehaber.com\/wp-content\/uploads\/2022\/05\/kaymakam-celik-sehitlik-duzenleme-calismalari-14941293_amp.jpg\",\"width\":1200,\"height\":794},{\"@type\":\"BreadcrumbList\",\"@id\":\"https:\/\/www.tercanbolgehaber.com\/index.php\/2022\/05\/15\/kaymakam-celik-edebuk-koyunde-sehitlik-duzenleme-calismalarini-inceledi\/#breadcrumb\",\"itemListElement\":[{\"@type\":\"ListItem\",\"position\":1,\"name\":\"Anasayfa\",\"item\":\"https:\/\/www.tercanbolgehaber.com\/\"},{\"@type\":\"ListItem\",\"position\":2,\"name\":\"KAYMAKAM \u00c7EL\u0130K EDEB\u00dcK K\u00d6Y\u00dcNDE \u015eEH\u0130TL\u0130K D\u00dcZENLEME \u00c7ALI\u015eMALARINI \u0130NCELED\u0130\"}]},{\"@type\":\"WebSite\",\"@id\":\"https:\/\/www.tercanbolgehaber.com\/#website\",\"url\":\"https:\/\/www.tercanbolgehaber.com\/\",\"name\":\"TERCAN B&Ouml;LGE HABER\",\"description\":\"HALK'IN HABER PORTALI\",\"publisher\":{\"@id\":\"https:\/\/www.tercanbolgehaber.com\/#organization\"},\"potentialAction\":[{\"@type\":\"SearchAction\",\"target\":{\"@type\":\"EntryPoint\",\"urlTemplate\":\"https:\/\/www.tercanbolgehaber.com\/?s={search_term_string}\"},\"query-input\":{\"@type\":\"PropertyValueSpecification\",\"valueRequired\":true,\"valueName\":\"search_term_string\"}}],\"inLanguage\":\"tr\"},{\"@type\":\"Organization\",\"@id\":\"https:\/\/www.tercanbolgehaber.com\/#organization\",\"name\":\"Tercan B\u00f6lge Haber\",\"url\":\"https:\/\/www.tercanbolgehaber.com\/\",\"logo\":{\"@type\":\"ImageObject\",\"inLanguage\":\"tr\",\"@id\":\"https:\/\/www.tercanbolgehaber.com\/#\/schema\/logo\/image\/\",\"url\":\"http:\/\/www.tercanbolgehaber.com\/wp-content\/uploads\/2022\/04\/logo_yeni.png\",\"contentUrl\":\"http:\/\/www.tercanbolgehaber.com\/wp-content\/uploads\/2022\/04\/logo_yeni.png\",\"width\":250,\"height\":123,\"caption\":\"Tercan B\u00f6lge Haber\"},\"image\":{\"@id\":\"https:\/\/www.tercanbolgehaber.com\/#\/schema\/logo\/image\/\"}},{\"@type\":\"Person\",\"@id\":\"https:\/\/www.tercanbolgehaber.com\/#\/schema\/person\/588559f88c7997eaeefe12a53785fb5e\",\"name\":\"Haydar Co\u015fkunf\u0131rat\",\"image\":{\"@type\":\"ImageObject\",\"inLanguage\":\"tr\",\"@id\":\"https:\/\/secure.gravatar.com\/avatar\/1992688ffa73c31cf68142c3401bd1f8b600612718310d5da53a0f7a4a562ace?s=96&d=mm&r=g\",\"url\":\"https:\/\/secure.gravatar.com\/avatar\/1992688ffa73c31cf68142c3401bd1f8b600612718310d5da53a0f7a4a562ace?s=96&d=mm&r=g\",\"contentUrl\":\"https:\/\/secure.gravatar.com\/avatar\/1992688ffa73c31cf68142c3401bd1f8b600612718310d5da53a0f7a4a562ace?s=96&d=mm&r=g\",\"caption\":\"Haydar Co\u015fkunf\u0131rat\"},\"url\":\"https:\/\/www.tercanbolgehaber.com\/index.php\/author\/haydar\/\"}]}<\/script>\n<!-- \/ Yoast SEO plugin. -->","yoast_head_json":{"title":"KAYMAKAM \u00c7EL\u0130K EDEB\u00dcK K\u00d6Y\u00dcNDE \u015eEH\u0130TL\u0130K D\u00dcZENLEME \u00c7ALI\u015eMALARINI \u0130NCELED\u0130 - TERCAN B&Ouml;LGE HABER","robots":{"index":"index","follow":"follow","max-snippet":"max-snippet:-1","max-image-preview":"max-image-preview:large","max-video-preview":"max-video-preview:-1"},"canonical":"https:\/\/www.tercanbolgehaber.com\/index.php\/2022\/05\/15\/kaymakam-celik-edebuk-koyunde-sehitlik-duzenleme-calismalarini-inceledi\/","og_locale":"tr_TR","og_type":"article","og_title":"KAYMAKAM \u00c7EL\u0130K EDEB\u00dcK K\u00d6Y\u00dcNDE \u015eEH\u0130TL\u0130K D\u00dcZENLEME \u00c7ALI\u015eMALARINI \u0130NCELED\u0130 - TERCAN B&Ouml;LGE HABER","og_description":"TERCAN \u0130L\u00c7E KAYMAKAMI MUSA KAZIM \u00c7EL\u0130K, EDEB\u00dcK K\u00d6Y\u00dcNDE BULUNAN \u015eEH\u0130TL\u0130\u011e\u0130N DEVAM EDEN \u00c7EVRE D\u00dcZENLEMES\u0130 \u00c7ALI\u015eMALARINI YAKINDAN \u0130NCELED\u0130. Tercan il\u00e7esi Ede b\u00fck k\u00f6y\u00fcnde 15 May\u0131s 1994 tarihinde ter\u00f6ristlerin sald\u0131r\u0131s\u0131nda \u015fehit edilen 9 vatanda\u015f\u0131n bulundu\u011fu \u015fehitli\u011fin \u00e7evre d\u00fczenlemesini yerinde incelemelerde &nbsp;bulunan &nbsp;Kaymakam Musa Kaz\u0131m \u00c7elik Kaymakam \u00c7elik burada \u00e7al\u0131\u015fanlardan bilgi ald\u0131 ve iyi \u00e7al\u0131\u015fmalar diledi. Daha sonra [&hellip;]","og_url":"https:\/\/www.tercanbolgehaber.com\/index.php\/2022\/05\/15\/kaymakam-celik-edebuk-koyunde-sehitlik-duzenleme-calismalarini-inceledi\/","og_site_name":"TERCAN B&Ouml;LGE HABER","article_published_time":"2022-05-15T07:50:40+00:00","article_modified_time":"2022-05-15T07:50:42+00:00","og_image":[{"width":1200,"height":794,"url":"https:\/\/www.tercanbolgehaber.com\/wp-content\/uploads\/2022\/05\/kaymakam-celik-sehitlik-duzenleme-calismalari-14941293_amp.jpg","type":"image\/jpeg"}],"author":"Haydar Co\u015fkunf\u0131rat","twitter_card":"summary_large_image","twitter_misc":{"Yazan:":"Haydar Co\u015fkunf\u0131rat","Tahmini okuma s\u00fcresi":"2 dakika"},"schema":{"@context":"https:\/\/schema.org","@graph":[{"@type":"Article","@id":"https:\/\/www.tercanbolgehaber.com\/index.php\/2022\/05\/15\/kaymakam-celik-edebuk-koyunde-sehitlik-duzenleme-calismalarini-inceledi\/#article","isPartOf":{"@id":"https:\/\/www.tercanbolgehaber.com\/index.php\/2022\/05\/15\/kaymakam-celik-edebuk-koyunde-sehitlik-duzenleme-calismalarini-inceledi\/"},"author":{"name":"Haydar Co\u015fkunf\u0131rat","@id":"https:\/\/www.tercanbolgehaber.com\/#\/schema\/person\/588559f88c7997eaeefe12a53785fb5e"},"headline":"KAYMAKAM \u00c7EL\u0130K EDEB\u00dcK K\u00d6Y\u00dcNDE \u015eEH\u0130TL\u0130K D\u00dcZENLEME \u00c7ALI\u015eMALARINI \u0130NCELED\u0130","datePublished":"2022-05-15T07:50:40+00:00","dateModified":"2022-05-15T07:50:42+00:00","mainEntityOfPage":{"@id":"https:\/\/www.tercanbolgehaber.com\/index.php\/2022\/05\/15\/kaymakam-celik-edebuk-koyunde-sehitlik-duzenleme-calismalarini-inceledi\/"},"wordCount":152,"commentCount":0,"publisher":{"@id":"https:\/\/www.tercanbolgehaber.com\/#organization"},"image":{"@id":"https:\/\/www.tercanbolgehaber.com\/index.php\/2022\/05\/15\/kaymakam-celik-edebuk-koyunde-sehitlik-duzenleme-calismalarini-inceledi\/#primaryimage"},"thumbnailUrl":"https:\/\/www.tercanbolgehaber.com\/wp-content\/uploads\/2022\/05\/kaymakam-celik-sehitlik-duzenleme-calismalari-14941293_amp.jpg","articleSection":["Man\u015fet","Medya"],"inLanguage":"tr","potentialAction":[{"@type":"CommentAction","name":"Comment","target":["https:\/\/www.tercanbolgehaber.com\/index.php\/2022\/05\/15\/kaymakam-celik-edebuk-koyunde-sehitlik-duzenleme-calismalarini-inceledi\/#respond"]}]},{"@type":"WebPage","@id":"https:\/\/www.tercanbolgehaber.com\/index.php\/2022\/05\/15\/kaymakam-celik-edebuk-koyunde-sehitlik-duzenleme-calismalarini-inceledi\/","url":"https:\/\/www.tercanbolgehaber.com\/index.php\/2022\/05\/15\/kaymakam-celik-edebuk-koyunde-sehitlik-duzenleme-calismalarini-inceledi\/","name":"KAYMAKAM \u00c7EL\u0130K EDEB\u00dcK K\u00d6Y\u00dcNDE \u015eEH\u0130TL\u0130K D\u00dcZENLEME \u00c7ALI\u015eMALARINI \u0130NCELED\u0130 - TERCAN B&Ouml;LGE HABER","isPartOf":{"@id":"https:\/\/www.tercanbolgehaber.com\/#website"},"primaryImageOfPage":{"@id":"https:\/\/www.tercanbolgehaber.com\/index.php\/2022\/05\/15\/kaymakam-celik-edebuk-koyunde-sehitlik-duzenleme-calismalarini-inceledi\/#primaryimage"},"image":{"@id":"https:\/\/www.tercanbolgehaber.com\/index.php\/2022\/05\/15\/kaymakam-celik-edebuk-koyunde-sehitlik-duzenleme-calismalarini-inceledi\/#primaryimage"},"thumbnailUrl":"https:\/\/www.tercanbolgehaber.com\/wp-content\/uploads\/2022\/05\/kaymakam-celik-sehitlik-duzenleme-calismalari-14941293_amp.jpg","datePublished":"2022-05-15T07:50:40+00:00","dateModified":"2022-05-15T07:50:42+00:00","breadcrumb":{"@id":"https:\/\/www.tercanbolgehaber.com\/index.php\/2022\/05\/15\/kaymakam-celik-edebuk-koyunde-sehitlik-duzenleme-calismalarini-inceledi\/#breadcrumb"},"inLanguage":"tr","potentialAction":[{"@type":"ReadAction","target":["https:\/\/www.tercanbolgehaber.com\/index.php\/2022\/05\/15\/kaymakam-celik-edebuk-koyunde-sehitlik-duzenleme-calismalarini-inceledi\/"]}]},{"@type":"ImageObject","inLanguage":"tr","@id":"https:\/\/www.tercanbolgehaber.com\/index.php\/2022\/05\/15\/kaymakam-celik-edebuk-koyunde-sehitlik-duzenleme-calismalarini-inceledi\/#primaryimage","url":"https:\/\/www.tercanbolgehaber.com\/wp-content\/uploads\/2022\/05\/kaymakam-celik-sehitlik-duzenleme-calismalari-14941293_amp.jpg","contentUrl":"https:\/\/www.tercanbolgehaber.com\/wp-content\/uploads\/2022\/05\/kaymakam-celik-sehitlik-duzenleme-calismalari-14941293_amp.jpg","width":1200,"height":794},{"@type":"BreadcrumbList","@id":"https:\/\/www.tercanbolgehaber.com\/index.php\/2022\/05\/15\/kaymakam-celik-edebuk-koyunde-sehitlik-duzenleme-calismalarini-inceledi\/#breadcrumb","itemListElement":[{"@type":"ListItem","position":1,"name":"Anasayfa","item":"https:\/\/www.tercanbolgehaber.com\/"},{"@type":"ListItem","position":2,"name":"KAYMAKAM \u00c7EL\u0130K EDEB\u00dcK K\u00d6Y\u00dcNDE \u015eEH\u0130TL\u0130K D\u00dcZENLEME \u00c7ALI\u015eMALARINI \u0130NCELED\u0130"}]},{"@type":"WebSite","@id":"https:\/\/www.tercanbolgehaber.com\/#website","url":"https:\/\/www.tercanbolgehaber.com\/","name":"TERCAN B&Ouml;LGE HABER","description":"HALK'IN HABER PORTALI","publisher":{"@id":"https:\/\/www.tercanbolgehaber.com\/#organization"},"potentialAction":[{"@type":"SearchAction","target":{"@type":"EntryPoint","urlTemplate":"https:\/\/www.tercanbolgehaber.com\/?s={search_term_string}"},"query-input":{"@type":"PropertyValueSpecification","valueRequired":true,"valueName":"search_term_string"}}],"inLanguage":"tr"},{"@type":"Organization","@id":"https:\/\/www.tercanbolgehaber.com\/#organization","name":"Tercan B\u00f6lge Haber","url":"https:\/\/www.tercanbolgehaber.com\/","logo":{"@type":"ImageObject","inLanguage":"tr","@id":"https:\/\/www.tercanbolgehaber.com\/#\/schema\/logo\/image\/","url":"http:\/\/www.tercanbolgehaber.com\/wp-content\/uploads\/2022\/04\/logo_yeni.png","contentUrl":"http:\/\/www.tercanbolgehaber.com\/wp-content\/uploads\/2022\/04\/logo_yeni.png","width":250,"height":123,"caption":"Tercan B\u00f6lge Haber"},"image":{"@id":"https:\/\/www.tercanbolgehaber.com\/#\/schema\/logo\/image\/"}},{"@type":"Person","@id":"https:\/\/www.tercanbolgehaber.com\/#\/schema\/person\/588559f88c7997eaeefe12a53785fb5e","name":"Haydar Co\u015fkunf\u0131rat","image":{"@type":"ImageObject","inLanguage":"tr","@id":"https:\/\/secure.gravatar.com\/avatar\/1992688ffa73c31cf68142c3401bd1f8b600612718310d5da53a0f7a4a562ace?s=96&d=mm&r=g","url":"https:\/\/secure.gravatar.com\/avatar\/1992688ffa73c31cf68142c3401bd1f8b600612718310d5da53a0f7a4a562ace?s=96&d=mm&r=g","contentUrl":"https:\/\/secure.gravatar.com\/avatar\/1992688ffa73c31cf68142c3401bd1f8b600612718310d5da53a0f7a4a562ace?s=96&d=mm&r=g","caption":"Haydar Co\u015fkunf\u0131rat"},"url":"https:\/\/www.tercanbolgehaber.com\/index.php\/author\/haydar\/"}]}},"_links":{"self":[{"href":"https:\/\/www.tercanbolgehaber.com\/index.php\/wp-json\/wp\/v2\/posts\/534","targetHints":{"allow":["GET"]}}],"collection":[{"href":"https:\/\/www.tercanbolgehaber.com\/index.php\/wp-json\/wp\/v2\/posts"}],"about":[{"href":"https:\/\/www.tercanbolgehaber.com\/index.php\/wp-json\/wp\/v2\/types\/post"}],"author":[{"embeddable":true,"href":"https:\/\/www.tercanbolgehaber.com\/index.php\/wp-json\/wp\/v2\/users\/2"}],"replies":[{"embeddable":true,"href":"https:\/\/www.tercanbolgehaber.com\/index.php\/wp-json\/wp\/v2\/comments?post=534"}],"version-history":[{"count":1,"href":"https:\/\/www.tercanbolgehaber.com\/index.php\/wp-json\/wp\/v2\/posts\/534\/revisions"}],"predecessor-version":[{"id":539,"href":"https:\/\/www.tercanbolgehaber.com\/index.php\/wp-json\/wp\/v2\/posts\/534\/revisions\/539"}],"wp:featuredmedia":[{"embeddable":true,"href":"https:\/\/www.tercanbolgehaber.com\/index.php\/wp-json\/wp\/v2\/media\/535"}],"wp:attachment":[{"href":"https:\/\/www.tercanbolgehaber.com\/index.php\/wp-json\/wp\/v2\/media?parent=534"}],"wp:term":[{"taxonomy":"category","embeddable":true,"href":"https:\/\/www.tercanbolgehaber.com\/index.php\/wp-json\/wp\/v2\/categories?post=534"},{"taxonomy":"post_tag","embeddable":true,"href":"https:\/\/www.tercanbolgehaber.com\/index.php\/wp-json\/wp\/v2\/tags?post=534"}],"curies":[{"name":"wp","href":"https:\/\/api.w.org\/{rel}","templated":true}]}}