{"id":5241,"date":"2024-09-28T11:56:20","date_gmt":"2024-09-28T11:56:20","guid":{"rendered":"https:\/\/www.tercanbolgehaber.com\/?p=5241"},"modified":"2024-09-28T11:56:22","modified_gmt":"2024-09-28T11:56:22","slug":"milli-egitim-muduru-fazilet-durmus-ahilik-bir-insan-bilimidir","status":"publish","type":"post","link":"https:\/\/www.tercanbolgehaber.com\/index.php\/2024\/09\/28\/milli-egitim-muduru-fazilet-durmus-ahilik-bir-insan-bilimidir\/","title":{"rendered":"M\u0130LL\u00ce E\u011e\u0130T\u0130M M\u00dcD\u00dcR\u00dc FAZ\u0130LET DURMU\u015e\u201d AH\u0130L\u0130K, B\u0130R \u0130NSAN B\u0130L\u0130M\u0130D\u0130R"},"content":{"rendered":"\n<p class=\"has-vivid-cyan-blue-background-color has-background\">\u0130L M\u0130LL\u00ce E\u011e\u0130T\u0130M M\u00dcD\u00dcR\u00dc FAZ\u0130LET DURMU\u015e, 29. AH\u0130L\u0130K HAFTASI ETK\u0130NL\u0130KLER\u0130 KAPSAMINDA AH\u0130L\u0130K, B\u0130R \u0130NSAN B\u0130L\u0130M\u0130D\u0130R. AH\u0130; HER \u015eEYDE, HER ORTAMDA VE HER \u00c7A\u011eDA, DENGE VE D\u00dcZEN TUTTURANDIR. AH\u0130, DA\u011eITAN DE\u011e\u0130L TOPARLAYANDIR, YIKAN DE\u011e\u0130L YAPANDIR.\u201dDED\u0130<\/p>\n\n\n\n<p class=\"has-luminous-vivid-amber-background-color has-background\">(YET\u0130\u015e HALK HABER)HAYDAR CO\u015eKUNFIRAT<\/p>\n\n\n\n<figure class=\"wp-block-image size-full is-resized\"><img loading=\"lazy\" decoding=\"async\" width=\"600\" height=\"262\" src=\"https:\/\/www.tercanbolgehaber.com\/wp-content\/uploads\/2024\/09\/thumbnail_a0a1a0b7-5ce4-49d1-9029-68fe1f5cac73.jpg\" alt=\"\" class=\"wp-image-5243\" style=\"aspect-ratio:2.2900763358778624;width:735px;height:auto\" srcset=\"https:\/\/www.tercanbolgehaber.com\/wp-content\/uploads\/2024\/09\/thumbnail_a0a1a0b7-5ce4-49d1-9029-68fe1f5cac73.jpg 600w, https:\/\/www.tercanbolgehaber.com\/wp-content\/uploads\/2024\/09\/thumbnail_a0a1a0b7-5ce4-49d1-9029-68fe1f5cac73-300x131.jpg 300w\" sizes=\"auto, (max-width: 600px) 100vw, 600px\" \/><\/figure>\n\n\n\n<p>Ahilik, toplumumuzun tarihi haf\u0131zas\u0131nda ve ya\u015fam bi\u00e7iminde unutulmaz izler b\u0131rakm\u0131\u015ft\u0131r. Bizi biz yapan s\u00f6z konusu de\u011ferlerin ba\u015f\u0131nda gelen Ahilik k\u00fclt\u00fcr\u00fc ve gelene\u011fi, \u0130slam inanc\u0131yla, T\u00fcrk \u00f6rf ve adetlerini kayna\u015ft\u0131ran k\u0131ymetli bir d\u00fc\u015f\u00fcnce ve k\u00fclt\u00fcr sistemidir. Esnaf ve sanatk\u00e2rl\u0131\u011f\u0131, meslek ahlak\u0131, olgun ki\u015filik, do\u011fruluk ve tevazuyla harmanlayan Ahilik k\u00fclt\u00fcr\u00fc, Sel\u00e7uklu ve Osmanl\u0131 devletlerinin sosyal, ekonomik ve e\u011fitim hayat\u0131nda etkili rol oynam\u0131\u015f; bu zemin \u00fczerine in\u015fa etti\u011fimiz k\u00fclt\u00fcr, medeniyetimize g\u00fcn\u00fcm\u00fczde de etki etmeye devam etmi\u015ftir.<\/p>\n\n\n\n<p>&nbsp;Ahi Evran\u2019\u0131n 32 ba\u015fl\u0131k alt\u0131nda s\u0131n\u0131fland\u0131rd\u0131\u011f\u0131 Ahilik Te\u015fkilat\u0131, as\u0131rlarca bu topraklarda ticaretin ve dayan\u0131\u015fman\u0131n bel kemi\u011fi olmu\u015ftur.<\/p>\n\n\n\n<p>&nbsp;D\u00f6nemin \u015fahidi tarih\u00e7iler, Anadolu\u2019nun Ahiler sayesinde sosyal ve iktisadi bak\u0131mdan d\u00fczenli, mamur bir yer h\u00e2line geldi\u011fini kaydetmi\u015flerdir. Zamana yenik d\u00fc\u015fmeyen, rengi solmayan, de\u011ferinden bir \u015fey kaybetmeyen Ahilik, bug\u00fcn\u00fcn d\u00fcnyas\u0131n\u0131n ihtiya\u00e7lar\u0131na da derman olacak en k\u0131ymetli hazinelerimizden biridir.<\/p>\n\n\n\n<p>Er meydanlar\u0131nda \u015fehit ve gazilerimizin fedak\u00e2rl\u0131klar\u0131yla kazand\u0131\u011f\u0131m\u0131z zaferler; Ahmet Yesevilerle, Yunuslarla, Ahi Evranlarla Hac\u0131 Bekta\u015flarla, manevi d\u00fcnyam\u0131z\u0131n \u015feref ni\u015fan\u0131 haline gelmi\u015ftir.\u201d s\u00f6zleriyle devam eden Fazilet Durmu\u015f: \u201c13. Y\u00fczy\u0131lda Anadolu\u2019da temelleri at\u0131lan Ahilik, ekonomik ve ticari faaliyetlerin y\u00fcr\u00fct\u00fclmesinde iyi ahlak, do\u011fruluk, karde\u015flik, yard\u0131mseverlik gibi toplumsal de\u011ferleri esas alm\u0131\u015ft\u0131r.<\/p>\n\n\n\n<p>Durmu\u015f \u0130lmin irfanla, ticaretin ahlakla b\u00fct\u00fcnle\u015fti\u011fi ahilik m\u00fcessesini t\u00fcm d\u00fcnyaya ve gen\u00e7 nesillere en g\u00fczel \u015fekilde tan\u0131tman\u0131n ve bu k\u00fclt\u00fcr\u00fcn esaslar\u0131n\u0131 cihan\u015f\u00fcmul hale getirmenin \u00e7abas\u0131 i\u00e7erisindeyiz. \u0130stikbalimizin teminat\u0131 olan gen\u00e7lerimizin, Anadolu\u2019nun manevi mimarlar\u0131n\u0131 tan\u0131mas\u0131 ve anlamas\u0131 en b\u00fcy\u00fck arzumuzdur.<\/p>\n\n\n\n<p>Ahilik Haftas\u0131 vesilesiyle Pir Ahi Evran Veli ba\u015fta olmak \u00fczere ebediyete irtihal eden ahileri, esnaf ve sanatk\u00e2rlar\u0131 rahmetle y\u00e2d ediyorum, Ahilik Haftas\u0131 kutlu, karde\u015fli\u011fimiz daim olsun.<\/p>\n\n\n\n<p>&nbsp;Ahilik, bir insan bilimidir. Ahi; her \u015feyde, her ortamda ve her \u00e7a\u011fda, denge ve d\u00fczen tutturand\u0131r. Ahi, da\u011f\u0131tan de\u011fil toparlayand\u0131r, y\u0131kan de\u011fil yapand\u0131r.\u201d&nbsp; dedi<\/p>\n\n\n\n<p>Ahilik k\u00fclt\u00fcr\u00fc, meslek ahlak\u0131 ve ilk T\u00fcrkmen Kad\u0131n Ahilik Te\u015fkilat\u0131 B\u00e2c\u0131y\u00e2n-\u0131 R\u00fbm hakk\u0131nda bilgi i\u00e7eren \u2019Ahilik ve B\u00e2c\u0131y\u00e2n-\u0131 R\u00fbm adl\u0131 sunumun ve yap\u0131lan konu\u015fmalar\u0131n\u0131n ard\u0131ndan \u00f6\u011frencilerimizden gelen sorular\u0131n cevaplanmas\u0131yla program sona erdi.<\/p>\n","protected":false},"excerpt":{"rendered":"<p>\u0130L M\u0130LL\u00ce E\u011e\u0130T\u0130M M\u00dcD\u00dcR\u00dc FAZ\u0130LET DURMU\u015e, 29. AH\u0130L\u0130K HAFTASI ETK\u0130NL\u0130KLER\u0130 KAPSAMINDA AH\u0130L\u0130K, B\u0130R \u0130NSAN B\u0130L\u0130M\u0130D\u0130R. AH\u0130; HER \u015eEYDE, HER ORTAMDA VE HER \u00c7A\u011eDA, DENGE VE D\u00dcZEN TUTTURANDIR. AH\u0130, DA\u011eITAN DE\u011e\u0130L TOPARLAYANDIR, YIKAN DE\u011e\u0130L YAPANDIR.\u201dDED\u0130 (YET\u0130\u015e HALK HABER)HAYDAR CO\u015eKUNFIRAT Ahilik, toplumumuzun tarihi haf\u0131zas\u0131nda ve ya\u015fam bi\u00e7iminde unutulmaz izler b\u0131rakm\u0131\u015ft\u0131r. Bizi biz yapan s\u00f6z konusu de\u011ferlerin ba\u015f\u0131nda [&hellip;]<\/p>\n","protected":false},"author":2,"featured_media":5242,"comment_status":"closed","ping_status":"open","sticky":false,"template":"","format":"standard","meta":{"footnotes":""},"categories":[35,37],"tags":[],"class_list":{"0":"post-5241","1":"post","2":"type-post","3":"status-publish","4":"format-standard","5":"has-post-thumbnail","7":"category-manset","8":"category-modern-hayat"},"yoast_head":"<!-- This site is optimized with the Yoast SEO plugin v27.2 - https:\/\/yoast.com\/product\/yoast-seo-wordpress\/ -->\n<title>M\u0130LL\u00ce E\u011e\u0130T\u0130M M\u00dcD\u00dcR\u00dc FAZ\u0130LET DURMU\u015e\u201d AH\u0130L\u0130K, B\u0130R \u0130NSAN B\u0130L\u0130M\u0130D\u0130R - TERCAN B&Ouml;LGE HABER<\/title>\n<meta name=\"robots\" content=\"index, follow, max-snippet:-1, max-image-preview:large, max-video-preview:-1\" \/>\n<link rel=\"canonical\" href=\"https:\/\/www.tercanbolgehaber.com\/index.php\/2024\/09\/28\/milli-egitim-muduru-fazilet-durmus-ahilik-bir-insan-bilimidir\/\" \/>\n<meta property=\"og:locale\" content=\"tr_TR\" \/>\n<meta property=\"og:type\" content=\"article\" \/>\n<meta property=\"og:title\" content=\"M\u0130LL\u00ce E\u011e\u0130T\u0130M M\u00dcD\u00dcR\u00dc FAZ\u0130LET DURMU\u015e\u201d AH\u0130L\u0130K, B\u0130R \u0130NSAN B\u0130L\u0130M\u0130D\u0130R - TERCAN B&Ouml;LGE HABER\" \/>\n<meta property=\"og:description\" content=\"\u0130L M\u0130LL\u00ce E\u011e\u0130T\u0130M M\u00dcD\u00dcR\u00dc FAZ\u0130LET DURMU\u015e, 29. AH\u0130L\u0130K HAFTASI ETK\u0130NL\u0130KLER\u0130 KAPSAMINDA AH\u0130L\u0130K, B\u0130R \u0130NSAN B\u0130L\u0130M\u0130D\u0130R. AH\u0130; HER \u015eEYDE, HER ORTAMDA VE HER \u00c7A\u011eDA, DENGE VE D\u00dcZEN TUTTURANDIR. AH\u0130, DA\u011eITAN DE\u011e\u0130L TOPARLAYANDIR, YIKAN DE\u011e\u0130L YAPANDIR.\u201dDED\u0130 (YET\u0130\u015e HALK HABER)HAYDAR CO\u015eKUNFIRAT Ahilik, toplumumuzun tarihi haf\u0131zas\u0131nda ve ya\u015fam bi\u00e7iminde unutulmaz izler b\u0131rakm\u0131\u015ft\u0131r. Bizi biz yapan s\u00f6z konusu de\u011ferlerin ba\u015f\u0131nda [&hellip;]\" \/>\n<meta property=\"og:url\" content=\"https:\/\/www.tercanbolgehaber.com\/index.php\/2024\/09\/28\/milli-egitim-muduru-fazilet-durmus-ahilik-bir-insan-bilimidir\/\" \/>\n<meta property=\"og:site_name\" content=\"TERCAN B&Ouml;LGE HABER\" \/>\n<meta property=\"article:published_time\" content=\"2024-09-28T11:56:20+00:00\" \/>\n<meta property=\"article:modified_time\" content=\"2024-09-28T11:56:22+00:00\" \/>\n<meta property=\"og:image\" content=\"http:\/\/www.tercanbolgehaber.com\/wp-content\/uploads\/2024\/09\/thumbnail_8c037d49-0dc7-4487-950e-2853410b6808.jpg\" \/>\n\t<meta property=\"og:image:width\" content=\"1920\" \/>\n\t<meta property=\"og:image:height\" content=\"1279\" \/>\n\t<meta property=\"og:image:type\" content=\"image\/jpeg\" \/>\n<meta name=\"author\" content=\"Haydar Co\u015fkunf\u0131rat\" \/>\n<meta name=\"twitter:card\" content=\"summary_large_image\" \/>\n<meta name=\"twitter:label1\" content=\"Yazan:\" \/>\n\t<meta name=\"twitter:data1\" content=\"Haydar Co\u015fkunf\u0131rat\" \/>\n\t<meta name=\"twitter:label2\" content=\"Tahmini okuma s\u00fcresi\" \/>\n\t<meta name=\"twitter:data2\" content=\"3 dakika\" \/>\n<script type=\"application\/ld+json\" class=\"yoast-schema-graph\">{\"@context\":\"https:\/\/schema.org\",\"@graph\":[{\"@type\":\"Article\",\"@id\":\"https:\/\/www.tercanbolgehaber.com\/index.php\/2024\/09\/28\/milli-egitim-muduru-fazilet-durmus-ahilik-bir-insan-bilimidir\/#article\",\"isPartOf\":{\"@id\":\"https:\/\/www.tercanbolgehaber.com\/index.php\/2024\/09\/28\/milli-egitim-muduru-fazilet-durmus-ahilik-bir-insan-bilimidir\/\"},\"author\":{\"name\":\"Haydar Co\u015fkunf\u0131rat\",\"@id\":\"https:\/\/www.tercanbolgehaber.com\/#\/schema\/person\/588559f88c7997eaeefe12a53785fb5e\"},\"headline\":\"M\u0130LL\u00ce E\u011e\u0130T\u0130M M\u00dcD\u00dcR\u00dc FAZ\u0130LET DURMU\u015e\u201d AH\u0130L\u0130K, B\u0130R \u0130NSAN B\u0130L\u0130M\u0130D\u0130R\",\"datePublished\":\"2024-09-28T11:56:20+00:00\",\"dateModified\":\"2024-09-28T11:56:22+00:00\",\"mainEntityOfPage\":{\"@id\":\"https:\/\/www.tercanbolgehaber.com\/index.php\/2024\/09\/28\/milli-egitim-muduru-fazilet-durmus-ahilik-bir-insan-bilimidir\/\"},\"wordCount\":533,\"publisher\":{\"@id\":\"https:\/\/www.tercanbolgehaber.com\/#organization\"},\"image\":{\"@id\":\"https:\/\/www.tercanbolgehaber.com\/index.php\/2024\/09\/28\/milli-egitim-muduru-fazilet-durmus-ahilik-bir-insan-bilimidir\/#primaryimage\"},\"thumbnailUrl\":\"https:\/\/www.tercanbolgehaber.com\/wp-content\/uploads\/2024\/09\/thumbnail_8c037d49-0dc7-4487-950e-2853410b6808.jpg\",\"articleSection\":[\"Man\u015fet\",\"Modern Hayat\"],\"inLanguage\":\"tr\"},{\"@type\":\"WebPage\",\"@id\":\"https:\/\/www.tercanbolgehaber.com\/index.php\/2024\/09\/28\/milli-egitim-muduru-fazilet-durmus-ahilik-bir-insan-bilimidir\/\",\"url\":\"https:\/\/www.tercanbolgehaber.com\/index.php\/2024\/09\/28\/milli-egitim-muduru-fazilet-durmus-ahilik-bir-insan-bilimidir\/\",\"name\":\"M\u0130LL\u00ce E\u011e\u0130T\u0130M M\u00dcD\u00dcR\u00dc FAZ\u0130LET DURMU\u015e\u201d AH\u0130L\u0130K, B\u0130R \u0130NSAN B\u0130L\u0130M\u0130D\u0130R - TERCAN B&Ouml;LGE HABER\",\"isPartOf\":{\"@id\":\"https:\/\/www.tercanbolgehaber.com\/#website\"},\"primaryImageOfPage\":{\"@id\":\"https:\/\/www.tercanbolgehaber.com\/index.php\/2024\/09\/28\/milli-egitim-muduru-fazilet-durmus-ahilik-bir-insan-bilimidir\/#primaryimage\"},\"image\":{\"@id\":\"https:\/\/www.tercanbolgehaber.com\/index.php\/2024\/09\/28\/milli-egitim-muduru-fazilet-durmus-ahilik-bir-insan-bilimidir\/#primaryimage\"},\"thumbnailUrl\":\"https:\/\/www.tercanbolgehaber.com\/wp-content\/uploads\/2024\/09\/thumbnail_8c037d49-0dc7-4487-950e-2853410b6808.jpg\",\"datePublished\":\"2024-09-28T11:56:20+00:00\",\"dateModified\":\"2024-09-28T11:56:22+00:00\",\"breadcrumb\":{\"@id\":\"https:\/\/www.tercanbolgehaber.com\/index.php\/2024\/09\/28\/milli-egitim-muduru-fazilet-durmus-ahilik-bir-insan-bilimidir\/#breadcrumb\"},\"inLanguage\":\"tr\",\"potentialAction\":[{\"@type\":\"ReadAction\",\"target\":[\"https:\/\/www.tercanbolgehaber.com\/index.php\/2024\/09\/28\/milli-egitim-muduru-fazilet-durmus-ahilik-bir-insan-bilimidir\/\"]}]},{\"@type\":\"ImageObject\",\"inLanguage\":\"tr\",\"@id\":\"https:\/\/www.tercanbolgehaber.com\/index.php\/2024\/09\/28\/milli-egitim-muduru-fazilet-durmus-ahilik-bir-insan-bilimidir\/#primaryimage\",\"url\":\"https:\/\/www.tercanbolgehaber.com\/wp-content\/uploads\/2024\/09\/thumbnail_8c037d49-0dc7-4487-950e-2853410b6808.jpg\",\"contentUrl\":\"https:\/\/www.tercanbolgehaber.com\/wp-content\/uploads\/2024\/09\/thumbnail_8c037d49-0dc7-4487-950e-2853410b6808.jpg\",\"width\":1920,\"height\":1279},{\"@type\":\"BreadcrumbList\",\"@id\":\"https:\/\/www.tercanbolgehaber.com\/index.php\/2024\/09\/28\/milli-egitim-muduru-fazilet-durmus-ahilik-bir-insan-bilimidir\/#breadcrumb\",\"itemListElement\":[{\"@type\":\"ListItem\",\"position\":1,\"name\":\"Anasayfa\",\"item\":\"https:\/\/www.tercanbolgehaber.com\/\"},{\"@type\":\"ListItem\",\"position\":2,\"name\":\"M\u0130LL\u00ce E\u011e\u0130T\u0130M M\u00dcD\u00dcR\u00dc FAZ\u0130LET DURMU\u015e\u201d AH\u0130L\u0130K, B\u0130R \u0130NSAN B\u0130L\u0130M\u0130D\u0130R\"}]},{\"@type\":\"WebSite\",\"@id\":\"https:\/\/www.tercanbolgehaber.com\/#website\",\"url\":\"https:\/\/www.tercanbolgehaber.com\/\",\"name\":\"TERCAN B&Ouml;LGE HABER\",\"description\":\"HALK'IN HABER PORTALI\",\"publisher\":{\"@id\":\"https:\/\/www.tercanbolgehaber.com\/#organization\"},\"potentialAction\":[{\"@type\":\"SearchAction\",\"target\":{\"@type\":\"EntryPoint\",\"urlTemplate\":\"https:\/\/www.tercanbolgehaber.com\/?s={search_term_string}\"},\"query-input\":{\"@type\":\"PropertyValueSpecification\",\"valueRequired\":true,\"valueName\":\"search_term_string\"}}],\"inLanguage\":\"tr\"},{\"@type\":\"Organization\",\"@id\":\"https:\/\/www.tercanbolgehaber.com\/#organization\",\"name\":\"Tercan B\u00f6lge Haber\",\"url\":\"https:\/\/www.tercanbolgehaber.com\/\",\"logo\":{\"@type\":\"ImageObject\",\"inLanguage\":\"tr\",\"@id\":\"https:\/\/www.tercanbolgehaber.com\/#\/schema\/logo\/image\/\",\"url\":\"http:\/\/www.tercanbolgehaber.com\/wp-content\/uploads\/2022\/04\/logo_yeni.png\",\"contentUrl\":\"http:\/\/www.tercanbolgehaber.com\/wp-content\/uploads\/2022\/04\/logo_yeni.png\",\"width\":250,\"height\":123,\"caption\":\"Tercan B\u00f6lge Haber\"},\"image\":{\"@id\":\"https:\/\/www.tercanbolgehaber.com\/#\/schema\/logo\/image\/\"}},{\"@type\":\"Person\",\"@id\":\"https:\/\/www.tercanbolgehaber.com\/#\/schema\/person\/588559f88c7997eaeefe12a53785fb5e\",\"name\":\"Haydar Co\u015fkunf\u0131rat\",\"image\":{\"@type\":\"ImageObject\",\"inLanguage\":\"tr\",\"@id\":\"https:\/\/secure.gravatar.com\/avatar\/1992688ffa73c31cf68142c3401bd1f8b600612718310d5da53a0f7a4a562ace?s=96&d=mm&r=g\",\"url\":\"https:\/\/secure.gravatar.com\/avatar\/1992688ffa73c31cf68142c3401bd1f8b600612718310d5da53a0f7a4a562ace?s=96&d=mm&r=g\",\"contentUrl\":\"https:\/\/secure.gravatar.com\/avatar\/1992688ffa73c31cf68142c3401bd1f8b600612718310d5da53a0f7a4a562ace?s=96&d=mm&r=g\",\"caption\":\"Haydar Co\u015fkunf\u0131rat\"},\"url\":\"https:\/\/www.tercanbolgehaber.com\/index.php\/author\/haydar\/\"}]}<\/script>\n<!-- \/ Yoast SEO plugin. -->","yoast_head_json":{"title":"M\u0130LL\u00ce E\u011e\u0130T\u0130M M\u00dcD\u00dcR\u00dc FAZ\u0130LET DURMU\u015e\u201d AH\u0130L\u0130K, B\u0130R \u0130NSAN B\u0130L\u0130M\u0130D\u0130R - TERCAN B&Ouml;LGE HABER","robots":{"index":"index","follow":"follow","max-snippet":"max-snippet:-1","max-image-preview":"max-image-preview:large","max-video-preview":"max-video-preview:-1"},"canonical":"https:\/\/www.tercanbolgehaber.com\/index.php\/2024\/09\/28\/milli-egitim-muduru-fazilet-durmus-ahilik-bir-insan-bilimidir\/","og_locale":"tr_TR","og_type":"article","og_title":"M\u0130LL\u00ce E\u011e\u0130T\u0130M M\u00dcD\u00dcR\u00dc FAZ\u0130LET DURMU\u015e\u201d AH\u0130L\u0130K, B\u0130R \u0130NSAN B\u0130L\u0130M\u0130D\u0130R - TERCAN B&Ouml;LGE HABER","og_description":"\u0130L M\u0130LL\u00ce E\u011e\u0130T\u0130M M\u00dcD\u00dcR\u00dc FAZ\u0130LET DURMU\u015e, 29. AH\u0130L\u0130K HAFTASI ETK\u0130NL\u0130KLER\u0130 KAPSAMINDA AH\u0130L\u0130K, B\u0130R \u0130NSAN B\u0130L\u0130M\u0130D\u0130R. AH\u0130; HER \u015eEYDE, HER ORTAMDA VE HER \u00c7A\u011eDA, DENGE VE D\u00dcZEN TUTTURANDIR. AH\u0130, DA\u011eITAN DE\u011e\u0130L TOPARLAYANDIR, YIKAN DE\u011e\u0130L YAPANDIR.\u201dDED\u0130 (YET\u0130\u015e HALK HABER)HAYDAR CO\u015eKUNFIRAT Ahilik, toplumumuzun tarihi haf\u0131zas\u0131nda ve ya\u015fam bi\u00e7iminde unutulmaz izler b\u0131rakm\u0131\u015ft\u0131r. Bizi biz yapan s\u00f6z konusu de\u011ferlerin ba\u015f\u0131nda [&hellip;]","og_url":"https:\/\/www.tercanbolgehaber.com\/index.php\/2024\/09\/28\/milli-egitim-muduru-fazilet-durmus-ahilik-bir-insan-bilimidir\/","og_site_name":"TERCAN B&Ouml;LGE HABER","article_published_time":"2024-09-28T11:56:20+00:00","article_modified_time":"2024-09-28T11:56:22+00:00","og_image":[{"width":1920,"height":1279,"url":"http:\/\/www.tercanbolgehaber.com\/wp-content\/uploads\/2024\/09\/thumbnail_8c037d49-0dc7-4487-950e-2853410b6808.jpg","type":"image\/jpeg"}],"author":"Haydar Co\u015fkunf\u0131rat","twitter_card":"summary_large_image","twitter_misc":{"Yazan:":"Haydar Co\u015fkunf\u0131rat","Tahmini okuma s\u00fcresi":"3 dakika"},"schema":{"@context":"https:\/\/schema.org","@graph":[{"@type":"Article","@id":"https:\/\/www.tercanbolgehaber.com\/index.php\/2024\/09\/28\/milli-egitim-muduru-fazilet-durmus-ahilik-bir-insan-bilimidir\/#article","isPartOf":{"@id":"https:\/\/www.tercanbolgehaber.com\/index.php\/2024\/09\/28\/milli-egitim-muduru-fazilet-durmus-ahilik-bir-insan-bilimidir\/"},"author":{"name":"Haydar Co\u015fkunf\u0131rat","@id":"https:\/\/www.tercanbolgehaber.com\/#\/schema\/person\/588559f88c7997eaeefe12a53785fb5e"},"headline":"M\u0130LL\u00ce E\u011e\u0130T\u0130M M\u00dcD\u00dcR\u00dc FAZ\u0130LET DURMU\u015e\u201d AH\u0130L\u0130K, B\u0130R \u0130NSAN B\u0130L\u0130M\u0130D\u0130R","datePublished":"2024-09-28T11:56:20+00:00","dateModified":"2024-09-28T11:56:22+00:00","mainEntityOfPage":{"@id":"https:\/\/www.tercanbolgehaber.com\/index.php\/2024\/09\/28\/milli-egitim-muduru-fazilet-durmus-ahilik-bir-insan-bilimidir\/"},"wordCount":533,"publisher":{"@id":"https:\/\/www.tercanbolgehaber.com\/#organization"},"image":{"@id":"https:\/\/www.tercanbolgehaber.com\/index.php\/2024\/09\/28\/milli-egitim-muduru-fazilet-durmus-ahilik-bir-insan-bilimidir\/#primaryimage"},"thumbnailUrl":"https:\/\/www.tercanbolgehaber.com\/wp-content\/uploads\/2024\/09\/thumbnail_8c037d49-0dc7-4487-950e-2853410b6808.jpg","articleSection":["Man\u015fet","Modern Hayat"],"inLanguage":"tr"},{"@type":"WebPage","@id":"https:\/\/www.tercanbolgehaber.com\/index.php\/2024\/09\/28\/milli-egitim-muduru-fazilet-durmus-ahilik-bir-insan-bilimidir\/","url":"https:\/\/www.tercanbolgehaber.com\/index.php\/2024\/09\/28\/milli-egitim-muduru-fazilet-durmus-ahilik-bir-insan-bilimidir\/","name":"M\u0130LL\u00ce E\u011e\u0130T\u0130M M\u00dcD\u00dcR\u00dc FAZ\u0130LET DURMU\u015e\u201d AH\u0130L\u0130K, B\u0130R \u0130NSAN B\u0130L\u0130M\u0130D\u0130R - TERCAN B&Ouml;LGE HABER","isPartOf":{"@id":"https:\/\/www.tercanbolgehaber.com\/#website"},"primaryImageOfPage":{"@id":"https:\/\/www.tercanbolgehaber.com\/index.php\/2024\/09\/28\/milli-egitim-muduru-fazilet-durmus-ahilik-bir-insan-bilimidir\/#primaryimage"},"image":{"@id":"https:\/\/www.tercanbolgehaber.com\/index.php\/2024\/09\/28\/milli-egitim-muduru-fazilet-durmus-ahilik-bir-insan-bilimidir\/#primaryimage"},"thumbnailUrl":"https:\/\/www.tercanbolgehaber.com\/wp-content\/uploads\/2024\/09\/thumbnail_8c037d49-0dc7-4487-950e-2853410b6808.jpg","datePublished":"2024-09-28T11:56:20+00:00","dateModified":"2024-09-28T11:56:22+00:00","breadcrumb":{"@id":"https:\/\/www.tercanbolgehaber.com\/index.php\/2024\/09\/28\/milli-egitim-muduru-fazilet-durmus-ahilik-bir-insan-bilimidir\/#breadcrumb"},"inLanguage":"tr","potentialAction":[{"@type":"ReadAction","target":["https:\/\/www.tercanbolgehaber.com\/index.php\/2024\/09\/28\/milli-egitim-muduru-fazilet-durmus-ahilik-bir-insan-bilimidir\/"]}]},{"@type":"ImageObject","inLanguage":"tr","@id":"https:\/\/www.tercanbolgehaber.com\/index.php\/2024\/09\/28\/milli-egitim-muduru-fazilet-durmus-ahilik-bir-insan-bilimidir\/#primaryimage","url":"https:\/\/www.tercanbolgehaber.com\/wp-content\/uploads\/2024\/09\/thumbnail_8c037d49-0dc7-4487-950e-2853410b6808.jpg","contentUrl":"https:\/\/www.tercanbolgehaber.com\/wp-content\/uploads\/2024\/09\/thumbnail_8c037d49-0dc7-4487-950e-2853410b6808.jpg","width":1920,"height":1279},{"@type":"BreadcrumbList","@id":"https:\/\/www.tercanbolgehaber.com\/index.php\/2024\/09\/28\/milli-egitim-muduru-fazilet-durmus-ahilik-bir-insan-bilimidir\/#breadcrumb","itemListElement":[{"@type":"ListItem","position":1,"name":"Anasayfa","item":"https:\/\/www.tercanbolgehaber.com\/"},{"@type":"ListItem","position":2,"name":"M\u0130LL\u00ce E\u011e\u0130T\u0130M M\u00dcD\u00dcR\u00dc FAZ\u0130LET DURMU\u015e\u201d AH\u0130L\u0130K, B\u0130R \u0130NSAN B\u0130L\u0130M\u0130D\u0130R"}]},{"@type":"WebSite","@id":"https:\/\/www.tercanbolgehaber.com\/#website","url":"https:\/\/www.tercanbolgehaber.com\/","name":"TERCAN B&Ouml;LGE HABER","description":"HALK'IN HABER PORTALI","publisher":{"@id":"https:\/\/www.tercanbolgehaber.com\/#organization"},"potentialAction":[{"@type":"SearchAction","target":{"@type":"EntryPoint","urlTemplate":"https:\/\/www.tercanbolgehaber.com\/?s={search_term_string}"},"query-input":{"@type":"PropertyValueSpecification","valueRequired":true,"valueName":"search_term_string"}}],"inLanguage":"tr"},{"@type":"Organization","@id":"https:\/\/www.tercanbolgehaber.com\/#organization","name":"Tercan B\u00f6lge Haber","url":"https:\/\/www.tercanbolgehaber.com\/","logo":{"@type":"ImageObject","inLanguage":"tr","@id":"https:\/\/www.tercanbolgehaber.com\/#\/schema\/logo\/image\/","url":"http:\/\/www.tercanbolgehaber.com\/wp-content\/uploads\/2022\/04\/logo_yeni.png","contentUrl":"http:\/\/www.tercanbolgehaber.com\/wp-content\/uploads\/2022\/04\/logo_yeni.png","width":250,"height":123,"caption":"Tercan B\u00f6lge Haber"},"image":{"@id":"https:\/\/www.tercanbolgehaber.com\/#\/schema\/logo\/image\/"}},{"@type":"Person","@id":"https:\/\/www.tercanbolgehaber.com\/#\/schema\/person\/588559f88c7997eaeefe12a53785fb5e","name":"Haydar Co\u015fkunf\u0131rat","image":{"@type":"ImageObject","inLanguage":"tr","@id":"https:\/\/secure.gravatar.com\/avatar\/1992688ffa73c31cf68142c3401bd1f8b600612718310d5da53a0f7a4a562ace?s=96&d=mm&r=g","url":"https:\/\/secure.gravatar.com\/avatar\/1992688ffa73c31cf68142c3401bd1f8b600612718310d5da53a0f7a4a562ace?s=96&d=mm&r=g","contentUrl":"https:\/\/secure.gravatar.com\/avatar\/1992688ffa73c31cf68142c3401bd1f8b600612718310d5da53a0f7a4a562ace?s=96&d=mm&r=g","caption":"Haydar Co\u015fkunf\u0131rat"},"url":"https:\/\/www.tercanbolgehaber.com\/index.php\/author\/haydar\/"}]}},"_links":{"self":[{"href":"https:\/\/www.tercanbolgehaber.com\/index.php\/wp-json\/wp\/v2\/posts\/5241","targetHints":{"allow":["GET"]}}],"collection":[{"href":"https:\/\/www.tercanbolgehaber.com\/index.php\/wp-json\/wp\/v2\/posts"}],"about":[{"href":"https:\/\/www.tercanbolgehaber.com\/index.php\/wp-json\/wp\/v2\/types\/post"}],"author":[{"embeddable":true,"href":"https:\/\/www.tercanbolgehaber.com\/index.php\/wp-json\/wp\/v2\/users\/2"}],"replies":[{"embeddable":true,"href":"https:\/\/www.tercanbolgehaber.com\/index.php\/wp-json\/wp\/v2\/comments?post=5241"}],"version-history":[{"count":1,"href":"https:\/\/www.tercanbolgehaber.com\/index.php\/wp-json\/wp\/v2\/posts\/5241\/revisions"}],"predecessor-version":[{"id":5244,"href":"https:\/\/www.tercanbolgehaber.com\/index.php\/wp-json\/wp\/v2\/posts\/5241\/revisions\/5244"}],"wp:featuredmedia":[{"embeddable":true,"href":"https:\/\/www.tercanbolgehaber.com\/index.php\/wp-json\/wp\/v2\/media\/5242"}],"wp:attachment":[{"href":"https:\/\/www.tercanbolgehaber.com\/index.php\/wp-json\/wp\/v2\/media?parent=5241"}],"wp:term":[{"taxonomy":"category","embeddable":true,"href":"https:\/\/www.tercanbolgehaber.com\/index.php\/wp-json\/wp\/v2\/categories?post=5241"},{"taxonomy":"post_tag","embeddable":true,"href":"https:\/\/www.tercanbolgehaber.com\/index.php\/wp-json\/wp\/v2\/tags?post=5241"}],"curies":[{"name":"wp","href":"https:\/\/api.w.org\/{rel}","templated":true}]}}