{"id":492,"date":"2022-04-27T06:07:49","date_gmt":"2022-04-27T06:07:49","guid":{"rendered":"http:\/\/www.tercanbolgehaber.com\/?p=492"},"modified":"2022-04-27T06:07:52","modified_gmt":"2022-04-27T06:07:52","slug":"otlukbelinde-duzenlenen-iftara-erzincan-protokolu-katildi","status":"publish","type":"post","link":"https:\/\/www.tercanbolgehaber.com\/index.php\/2022\/04\/27\/otlukbelinde-duzenlenen-iftara-erzincan-protokolu-katildi\/","title":{"rendered":"OTLUKBEL\u0130&#8217;NDE D\u00dcZENLENEN \u0130FTARA ERZ\u0130NCAN PROTOKOL,U KATILDI"},"content":{"rendered":"\n<p>.<\/p>\n\n\n\n<p class=\"has-vivid-red-background-color has-background\">BAYBURT BELED\u0130YE BA\u015eKANI H\u00dcKM\u00dc PEKMEZC\u0130, KOM\u015eU \u0130L ERZ\u0130NCAN&#8217;IN OTLUKBEL\u0130 \u0130L\u00c7ES\u0130NDE D\u00dcZENLENEN \u0130FTAR PROGRAMINA KATILDI.<\/p>\n\n\n\n<figure class=\"wp-block-image size-large is-resized\"><img loading=\"lazy\" decoding=\"async\" src=\"http:\/\/www.tercanbolgehaber.com\/wp-content\/uploads\/2022\/04\/baskan-pekmezci-otlukbeli-nde-duzenlenen-ifta-14899205_amp-1024x576.jpg\" alt=\"\" class=\"wp-image-494\" width=\"701\" height=\"394\" srcset=\"https:\/\/www.tercanbolgehaber.com\/wp-content\/uploads\/2022\/04\/baskan-pekmezci-otlukbeli-nde-duzenlenen-ifta-14899205_amp-1024x576.jpg 1024w, https:\/\/www.tercanbolgehaber.com\/wp-content\/uploads\/2022\/04\/baskan-pekmezci-otlukbeli-nde-duzenlenen-ifta-14899205_amp-300x169.jpg 300w, https:\/\/www.tercanbolgehaber.com\/wp-content\/uploads\/2022\/04\/baskan-pekmezci-otlukbeli-nde-duzenlenen-ifta-14899205_amp-768x432.jpg 768w, https:\/\/www.tercanbolgehaber.com\/wp-content\/uploads\/2022\/04\/baskan-pekmezci-otlukbeli-nde-duzenlenen-ifta-14899205_amp-696x392.jpg 696w, https:\/\/www.tercanbolgehaber.com\/wp-content\/uploads\/2022\/04\/baskan-pekmezci-otlukbeli-nde-duzenlenen-ifta-14899205_amp-1068x601.jpg 1068w, https:\/\/www.tercanbolgehaber.com\/wp-content\/uploads\/2022\/04\/baskan-pekmezci-otlukbeli-nde-duzenlenen-ifta-14899205_amp.jpg 1200w\" sizes=\"auto, (max-width: 701px) 100vw, 701px\" \/><\/figure>\n\n\n\n<p>Otlukbeli Belediye Ba\u015fkanl\u0131\u011f\u0131nca il\u00e7edeki kapal\u0131 spor salonunda d\u00fczenlenen toplu iftar program\u0131na Erzincan Valisi Mehmet Makas, Bayburt Belediye Ba\u015fkan\u0131 H\u00fckm\u00fc Pekmezci, Erzincan Belediye Ba\u015fkan\u0131, Otlukbeli Kaymakam\u0131 Sercan Y\u0131lmaz, Otlukbeli Belediye Ba\u015fkan\u0131 Yusuf Tekta\u015f, protokol \u00fcyeleri, siyasi parti ba\u015fkanlar\u0131 ve vatanda\u015flar kat\u0131ld\u0131.<\/p>\n\n\n\n<p>D\u00fczenlenen toplu iftar program\u0131nda Ba\u015fkan Pekmezci ve di\u011fer kat\u0131l\u0131mc\u0131lar vatanda\u015flarla hasbihal ederek Ramazan ay\u0131n\u0131 tebrik ettiler.\u0130ftar program\u0131n\u0131n ard\u0131ndan il\u00e7e meydan\u0131nda vatanda\u015flarla \u00e7ay i\u00e7ip sohbet eden protokol, birlik ve beraberlik vurgusu yapt\u0131lar.<\/p>\n","protected":false},"excerpt":{"rendered":"<p>. BAYBURT BELED\u0130YE BA\u015eKANI H\u00dcKM\u00dc PEKMEZC\u0130, KOM\u015eU \u0130L ERZ\u0130NCAN&#8217;IN OTLUKBEL\u0130 \u0130L\u00c7ES\u0130NDE D\u00dcZENLENEN \u0130FTAR PROGRAMINA KATILDI. Otlukbeli Belediye Ba\u015fkanl\u0131\u011f\u0131nca il\u00e7edeki kapal\u0131 spor salonunda d\u00fczenlenen toplu iftar program\u0131na Erzincan Valisi Mehmet Makas, Bayburt Belediye Ba\u015fkan\u0131 H\u00fckm\u00fc Pekmezci, Erzincan Belediye Ba\u015fkan\u0131, Otlukbeli Kaymakam\u0131 Sercan Y\u0131lmaz, Otlukbeli Belediye Ba\u015fkan\u0131 Yusuf Tekta\u015f, protokol \u00fcyeleri, siyasi parti ba\u015fkanlar\u0131 ve vatanda\u015flar kat\u0131ld\u0131. [&hellip;]<\/p>\n","protected":false},"author":2,"featured_media":493,"comment_status":"open","ping_status":"open","sticky":false,"template":"","format":"standard","meta":{"footnotes":""},"categories":[35],"tags":[],"class_list":{"0":"post-492","1":"post","2":"type-post","3":"status-publish","4":"format-standard","5":"has-post-thumbnail","7":"category-manset"},"yoast_head":"<!-- This site is optimized with the Yoast SEO plugin v27.2 - https:\/\/yoast.com\/product\/yoast-seo-wordpress\/ -->\n<title>OTLUKBEL\u0130&#039;NDE D\u00dcZENLENEN \u0130FTARA ERZ\u0130NCAN PROTOKOL,U KATILDI - TERCAN B&Ouml;LGE HABER<\/title>\n<meta name=\"robots\" content=\"index, follow, max-snippet:-1, max-image-preview:large, max-video-preview:-1\" \/>\n<link rel=\"canonical\" href=\"https:\/\/www.tercanbolgehaber.com\/index.php\/2022\/04\/27\/otlukbelinde-duzenlenen-iftara-erzincan-protokolu-katildi\/\" \/>\n<meta property=\"og:locale\" content=\"tr_TR\" \/>\n<meta property=\"og:type\" content=\"article\" \/>\n<meta property=\"og:title\" content=\"OTLUKBEL\u0130&#039;NDE D\u00dcZENLENEN \u0130FTARA ERZ\u0130NCAN PROTOKOL,U KATILDI - TERCAN B&Ouml;LGE HABER\" \/>\n<meta property=\"og:description\" content=\". BAYBURT BELED\u0130YE BA\u015eKANI H\u00dcKM\u00dc PEKMEZC\u0130, KOM\u015eU \u0130L ERZ\u0130NCAN&#8217;IN OTLUKBEL\u0130 \u0130L\u00c7ES\u0130NDE D\u00dcZENLENEN \u0130FTAR PROGRAMINA KATILDI. Otlukbeli Belediye Ba\u015fkanl\u0131\u011f\u0131nca il\u00e7edeki kapal\u0131 spor salonunda d\u00fczenlenen toplu iftar program\u0131na Erzincan Valisi Mehmet Makas, Bayburt Belediye Ba\u015fkan\u0131 H\u00fckm\u00fc Pekmezci, Erzincan Belediye Ba\u015fkan\u0131, Otlukbeli Kaymakam\u0131 Sercan Y\u0131lmaz, Otlukbeli Belediye Ba\u015fkan\u0131 Yusuf Tekta\u015f, protokol \u00fcyeleri, siyasi parti ba\u015fkanlar\u0131 ve vatanda\u015flar kat\u0131ld\u0131. [&hellip;]\" \/>\n<meta property=\"og:url\" content=\"https:\/\/www.tercanbolgehaber.com\/index.php\/2022\/04\/27\/otlukbelinde-duzenlenen-iftara-erzincan-protokolu-katildi\/\" \/>\n<meta property=\"og:site_name\" content=\"TERCAN B&Ouml;LGE HABER\" \/>\n<meta property=\"article:published_time\" content=\"2022-04-27T06:07:49+00:00\" \/>\n<meta property=\"article:modified_time\" content=\"2022-04-27T06:07:52+00:00\" \/>\n<meta property=\"og:image\" content=\"https:\/\/www.tercanbolgehaber.com\/wp-content\/uploads\/2022\/04\/baskan-pekmezci-otlukbeli-nde-duzenlenen-ifta-3-14899205_osd.jpg\" \/>\n\t<meta property=\"og:image:width\" content=\"639\" \/>\n\t<meta property=\"og:image:height\" content=\"359\" \/>\n\t<meta property=\"og:image:type\" content=\"image\/jpeg\" \/>\n<meta name=\"author\" content=\"Haydar Co\u015fkunf\u0131rat\" \/>\n<meta name=\"twitter:card\" content=\"summary_large_image\" \/>\n<meta name=\"twitter:label1\" content=\"Yazan:\" \/>\n\t<meta name=\"twitter:data1\" content=\"Haydar Co\u015fkunf\u0131rat\" \/>\n\t<meta name=\"twitter:label2\" content=\"Tahmini okuma s\u00fcresi\" \/>\n\t<meta name=\"twitter:data2\" content=\"1 dakika\" \/>\n<script type=\"application\/ld+json\" class=\"yoast-schema-graph\">{\"@context\":\"https:\/\/schema.org\",\"@graph\":[{\"@type\":\"Article\",\"@id\":\"https:\/\/www.tercanbolgehaber.com\/index.php\/2022\/04\/27\/otlukbelinde-duzenlenen-iftara-erzincan-protokolu-katildi\/#article\",\"isPartOf\":{\"@id\":\"https:\/\/www.tercanbolgehaber.com\/index.php\/2022\/04\/27\/otlukbelinde-duzenlenen-iftara-erzincan-protokolu-katildi\/\"},\"author\":{\"name\":\"Haydar Co\u015fkunf\u0131rat\",\"@id\":\"https:\/\/www.tercanbolgehaber.com\/#\/schema\/person\/588559f88c7997eaeefe12a53785fb5e\"},\"headline\":\"OTLUKBEL\u0130&#8217;NDE D\u00dcZENLENEN \u0130FTARA ERZ\u0130NCAN PROTOKOL,U KATILDI\",\"datePublished\":\"2022-04-27T06:07:49+00:00\",\"dateModified\":\"2022-04-27T06:07:52+00:00\",\"mainEntityOfPage\":{\"@id\":\"https:\/\/www.tercanbolgehaber.com\/index.php\/2022\/04\/27\/otlukbelinde-duzenlenen-iftara-erzincan-protokolu-katildi\/\"},\"wordCount\":135,\"commentCount\":0,\"publisher\":{\"@id\":\"https:\/\/www.tercanbolgehaber.com\/#organization\"},\"image\":{\"@id\":\"https:\/\/www.tercanbolgehaber.com\/index.php\/2022\/04\/27\/otlukbelinde-duzenlenen-iftara-erzincan-protokolu-katildi\/#primaryimage\"},\"thumbnailUrl\":\"https:\/\/www.tercanbolgehaber.com\/wp-content\/uploads\/2022\/04\/baskan-pekmezci-otlukbeli-nde-duzenlenen-ifta-3-14899205_osd.jpg\",\"articleSection\":[\"Man\u015fet\"],\"inLanguage\":\"tr\",\"potentialAction\":[{\"@type\":\"CommentAction\",\"name\":\"Comment\",\"target\":[\"https:\/\/www.tercanbolgehaber.com\/index.php\/2022\/04\/27\/otlukbelinde-duzenlenen-iftara-erzincan-protokolu-katildi\/#respond\"]}]},{\"@type\":\"WebPage\",\"@id\":\"https:\/\/www.tercanbolgehaber.com\/index.php\/2022\/04\/27\/otlukbelinde-duzenlenen-iftara-erzincan-protokolu-katildi\/\",\"url\":\"https:\/\/www.tercanbolgehaber.com\/index.php\/2022\/04\/27\/otlukbelinde-duzenlenen-iftara-erzincan-protokolu-katildi\/\",\"name\":\"OTLUKBEL\u0130'NDE D\u00dcZENLENEN \u0130FTARA ERZ\u0130NCAN PROTOKOL,U KATILDI - TERCAN B&Ouml;LGE HABER\",\"isPartOf\":{\"@id\":\"https:\/\/www.tercanbolgehaber.com\/#website\"},\"primaryImageOfPage\":{\"@id\":\"https:\/\/www.tercanbolgehaber.com\/index.php\/2022\/04\/27\/otlukbelinde-duzenlenen-iftara-erzincan-protokolu-katildi\/#primaryimage\"},\"image\":{\"@id\":\"https:\/\/www.tercanbolgehaber.com\/index.php\/2022\/04\/27\/otlukbelinde-duzenlenen-iftara-erzincan-protokolu-katildi\/#primaryimage\"},\"thumbnailUrl\":\"https:\/\/www.tercanbolgehaber.com\/wp-content\/uploads\/2022\/04\/baskan-pekmezci-otlukbeli-nde-duzenlenen-ifta-3-14899205_osd.jpg\",\"datePublished\":\"2022-04-27T06:07:49+00:00\",\"dateModified\":\"2022-04-27T06:07:52+00:00\",\"breadcrumb\":{\"@id\":\"https:\/\/www.tercanbolgehaber.com\/index.php\/2022\/04\/27\/otlukbelinde-duzenlenen-iftara-erzincan-protokolu-katildi\/#breadcrumb\"},\"inLanguage\":\"tr\",\"potentialAction\":[{\"@type\":\"ReadAction\",\"target\":[\"https:\/\/www.tercanbolgehaber.com\/index.php\/2022\/04\/27\/otlukbelinde-duzenlenen-iftara-erzincan-protokolu-katildi\/\"]}]},{\"@type\":\"ImageObject\",\"inLanguage\":\"tr\",\"@id\":\"https:\/\/www.tercanbolgehaber.com\/index.php\/2022\/04\/27\/otlukbelinde-duzenlenen-iftara-erzincan-protokolu-katildi\/#primaryimage\",\"url\":\"https:\/\/www.tercanbolgehaber.com\/wp-content\/uploads\/2022\/04\/baskan-pekmezci-otlukbeli-nde-duzenlenen-ifta-3-14899205_osd.jpg\",\"contentUrl\":\"https:\/\/www.tercanbolgehaber.com\/wp-content\/uploads\/2022\/04\/baskan-pekmezci-otlukbeli-nde-duzenlenen-ifta-3-14899205_osd.jpg\",\"width\":639,\"height\":359},{\"@type\":\"BreadcrumbList\",\"@id\":\"https:\/\/www.tercanbolgehaber.com\/index.php\/2022\/04\/27\/otlukbelinde-duzenlenen-iftara-erzincan-protokolu-katildi\/#breadcrumb\",\"itemListElement\":[{\"@type\":\"ListItem\",\"position\":1,\"name\":\"Anasayfa\",\"item\":\"https:\/\/www.tercanbolgehaber.com\/\"},{\"@type\":\"ListItem\",\"position\":2,\"name\":\"OTLUKBEL\u0130&#8217;NDE D\u00dcZENLENEN \u0130FTARA ERZ\u0130NCAN PROTOKOL,U KATILDI\"}]},{\"@type\":\"WebSite\",\"@id\":\"https:\/\/www.tercanbolgehaber.com\/#website\",\"url\":\"https:\/\/www.tercanbolgehaber.com\/\",\"name\":\"TERCAN B&Ouml;LGE HABER\",\"description\":\"HALK'IN HABER PORTALI\",\"publisher\":{\"@id\":\"https:\/\/www.tercanbolgehaber.com\/#organization\"},\"potentialAction\":[{\"@type\":\"SearchAction\",\"target\":{\"@type\":\"EntryPoint\",\"urlTemplate\":\"https:\/\/www.tercanbolgehaber.com\/?s={search_term_string}\"},\"query-input\":{\"@type\":\"PropertyValueSpecification\",\"valueRequired\":true,\"valueName\":\"search_term_string\"}}],\"inLanguage\":\"tr\"},{\"@type\":\"Organization\",\"@id\":\"https:\/\/www.tercanbolgehaber.com\/#organization\",\"name\":\"Tercan B\u00f6lge Haber\",\"url\":\"https:\/\/www.tercanbolgehaber.com\/\",\"logo\":{\"@type\":\"ImageObject\",\"inLanguage\":\"tr\",\"@id\":\"https:\/\/www.tercanbolgehaber.com\/#\/schema\/logo\/image\/\",\"url\":\"http:\/\/www.tercanbolgehaber.com\/wp-content\/uploads\/2022\/04\/logo_yeni.png\",\"contentUrl\":\"http:\/\/www.tercanbolgehaber.com\/wp-content\/uploads\/2022\/04\/logo_yeni.png\",\"width\":250,\"height\":123,\"caption\":\"Tercan B\u00f6lge Haber\"},\"image\":{\"@id\":\"https:\/\/www.tercanbolgehaber.com\/#\/schema\/logo\/image\/\"}},{\"@type\":\"Person\",\"@id\":\"https:\/\/www.tercanbolgehaber.com\/#\/schema\/person\/588559f88c7997eaeefe12a53785fb5e\",\"name\":\"Haydar Co\u015fkunf\u0131rat\",\"image\":{\"@type\":\"ImageObject\",\"inLanguage\":\"tr\",\"@id\":\"https:\/\/secure.gravatar.com\/avatar\/1992688ffa73c31cf68142c3401bd1f8b600612718310d5da53a0f7a4a562ace?s=96&d=mm&r=g\",\"url\":\"https:\/\/secure.gravatar.com\/avatar\/1992688ffa73c31cf68142c3401bd1f8b600612718310d5da53a0f7a4a562ace?s=96&d=mm&r=g\",\"contentUrl\":\"https:\/\/secure.gravatar.com\/avatar\/1992688ffa73c31cf68142c3401bd1f8b600612718310d5da53a0f7a4a562ace?s=96&d=mm&r=g\",\"caption\":\"Haydar Co\u015fkunf\u0131rat\"},\"url\":\"https:\/\/www.tercanbolgehaber.com\/index.php\/author\/haydar\/\"}]}<\/script>\n<!-- \/ Yoast SEO plugin. -->","yoast_head_json":{"title":"OTLUKBEL\u0130'NDE D\u00dcZENLENEN \u0130FTARA ERZ\u0130NCAN PROTOKOL,U KATILDI - TERCAN B&Ouml;LGE HABER","robots":{"index":"index","follow":"follow","max-snippet":"max-snippet:-1","max-image-preview":"max-image-preview:large","max-video-preview":"max-video-preview:-1"},"canonical":"https:\/\/www.tercanbolgehaber.com\/index.php\/2022\/04\/27\/otlukbelinde-duzenlenen-iftara-erzincan-protokolu-katildi\/","og_locale":"tr_TR","og_type":"article","og_title":"OTLUKBEL\u0130'NDE D\u00dcZENLENEN \u0130FTARA ERZ\u0130NCAN PROTOKOL,U KATILDI - TERCAN B&Ouml;LGE HABER","og_description":". BAYBURT BELED\u0130YE BA\u015eKANI H\u00dcKM\u00dc PEKMEZC\u0130, KOM\u015eU \u0130L ERZ\u0130NCAN&#8217;IN OTLUKBEL\u0130 \u0130L\u00c7ES\u0130NDE D\u00dcZENLENEN \u0130FTAR PROGRAMINA KATILDI. Otlukbeli Belediye Ba\u015fkanl\u0131\u011f\u0131nca il\u00e7edeki kapal\u0131 spor salonunda d\u00fczenlenen toplu iftar program\u0131na Erzincan Valisi Mehmet Makas, Bayburt Belediye Ba\u015fkan\u0131 H\u00fckm\u00fc Pekmezci, Erzincan Belediye Ba\u015fkan\u0131, Otlukbeli Kaymakam\u0131 Sercan Y\u0131lmaz, Otlukbeli Belediye Ba\u015fkan\u0131 Yusuf Tekta\u015f, protokol \u00fcyeleri, siyasi parti ba\u015fkanlar\u0131 ve vatanda\u015flar kat\u0131ld\u0131. [&hellip;]","og_url":"https:\/\/www.tercanbolgehaber.com\/index.php\/2022\/04\/27\/otlukbelinde-duzenlenen-iftara-erzincan-protokolu-katildi\/","og_site_name":"TERCAN B&Ouml;LGE HABER","article_published_time":"2022-04-27T06:07:49+00:00","article_modified_time":"2022-04-27T06:07:52+00:00","og_image":[{"width":639,"height":359,"url":"https:\/\/www.tercanbolgehaber.com\/wp-content\/uploads\/2022\/04\/baskan-pekmezci-otlukbeli-nde-duzenlenen-ifta-3-14899205_osd.jpg","type":"image\/jpeg"}],"author":"Haydar Co\u015fkunf\u0131rat","twitter_card":"summary_large_image","twitter_misc":{"Yazan:":"Haydar Co\u015fkunf\u0131rat","Tahmini okuma s\u00fcresi":"1 dakika"},"schema":{"@context":"https:\/\/schema.org","@graph":[{"@type":"Article","@id":"https:\/\/www.tercanbolgehaber.com\/index.php\/2022\/04\/27\/otlukbelinde-duzenlenen-iftara-erzincan-protokolu-katildi\/#article","isPartOf":{"@id":"https:\/\/www.tercanbolgehaber.com\/index.php\/2022\/04\/27\/otlukbelinde-duzenlenen-iftara-erzincan-protokolu-katildi\/"},"author":{"name":"Haydar Co\u015fkunf\u0131rat","@id":"https:\/\/www.tercanbolgehaber.com\/#\/schema\/person\/588559f88c7997eaeefe12a53785fb5e"},"headline":"OTLUKBEL\u0130&#8217;NDE D\u00dcZENLENEN \u0130FTARA ERZ\u0130NCAN PROTOKOL,U KATILDI","datePublished":"2022-04-27T06:07:49+00:00","dateModified":"2022-04-27T06:07:52+00:00","mainEntityOfPage":{"@id":"https:\/\/www.tercanbolgehaber.com\/index.php\/2022\/04\/27\/otlukbelinde-duzenlenen-iftara-erzincan-protokolu-katildi\/"},"wordCount":135,"commentCount":0,"publisher":{"@id":"https:\/\/www.tercanbolgehaber.com\/#organization"},"image":{"@id":"https:\/\/www.tercanbolgehaber.com\/index.php\/2022\/04\/27\/otlukbelinde-duzenlenen-iftara-erzincan-protokolu-katildi\/#primaryimage"},"thumbnailUrl":"https:\/\/www.tercanbolgehaber.com\/wp-content\/uploads\/2022\/04\/baskan-pekmezci-otlukbeli-nde-duzenlenen-ifta-3-14899205_osd.jpg","articleSection":["Man\u015fet"],"inLanguage":"tr","potentialAction":[{"@type":"CommentAction","name":"Comment","target":["https:\/\/www.tercanbolgehaber.com\/index.php\/2022\/04\/27\/otlukbelinde-duzenlenen-iftara-erzincan-protokolu-katildi\/#respond"]}]},{"@type":"WebPage","@id":"https:\/\/www.tercanbolgehaber.com\/index.php\/2022\/04\/27\/otlukbelinde-duzenlenen-iftara-erzincan-protokolu-katildi\/","url":"https:\/\/www.tercanbolgehaber.com\/index.php\/2022\/04\/27\/otlukbelinde-duzenlenen-iftara-erzincan-protokolu-katildi\/","name":"OTLUKBEL\u0130'NDE D\u00dcZENLENEN \u0130FTARA ERZ\u0130NCAN PROTOKOL,U KATILDI - TERCAN B&Ouml;LGE HABER","isPartOf":{"@id":"https:\/\/www.tercanbolgehaber.com\/#website"},"primaryImageOfPage":{"@id":"https:\/\/www.tercanbolgehaber.com\/index.php\/2022\/04\/27\/otlukbelinde-duzenlenen-iftara-erzincan-protokolu-katildi\/#primaryimage"},"image":{"@id":"https:\/\/www.tercanbolgehaber.com\/index.php\/2022\/04\/27\/otlukbelinde-duzenlenen-iftara-erzincan-protokolu-katildi\/#primaryimage"},"thumbnailUrl":"https:\/\/www.tercanbolgehaber.com\/wp-content\/uploads\/2022\/04\/baskan-pekmezci-otlukbeli-nde-duzenlenen-ifta-3-14899205_osd.jpg","datePublished":"2022-04-27T06:07:49+00:00","dateModified":"2022-04-27T06:07:52+00:00","breadcrumb":{"@id":"https:\/\/www.tercanbolgehaber.com\/index.php\/2022\/04\/27\/otlukbelinde-duzenlenen-iftara-erzincan-protokolu-katildi\/#breadcrumb"},"inLanguage":"tr","potentialAction":[{"@type":"ReadAction","target":["https:\/\/www.tercanbolgehaber.com\/index.php\/2022\/04\/27\/otlukbelinde-duzenlenen-iftara-erzincan-protokolu-katildi\/"]}]},{"@type":"ImageObject","inLanguage":"tr","@id":"https:\/\/www.tercanbolgehaber.com\/index.php\/2022\/04\/27\/otlukbelinde-duzenlenen-iftara-erzincan-protokolu-katildi\/#primaryimage","url":"https:\/\/www.tercanbolgehaber.com\/wp-content\/uploads\/2022\/04\/baskan-pekmezci-otlukbeli-nde-duzenlenen-ifta-3-14899205_osd.jpg","contentUrl":"https:\/\/www.tercanbolgehaber.com\/wp-content\/uploads\/2022\/04\/baskan-pekmezci-otlukbeli-nde-duzenlenen-ifta-3-14899205_osd.jpg","width":639,"height":359},{"@type":"BreadcrumbList","@id":"https:\/\/www.tercanbolgehaber.com\/index.php\/2022\/04\/27\/otlukbelinde-duzenlenen-iftara-erzincan-protokolu-katildi\/#breadcrumb","itemListElement":[{"@type":"ListItem","position":1,"name":"Anasayfa","item":"https:\/\/www.tercanbolgehaber.com\/"},{"@type":"ListItem","position":2,"name":"OTLUKBEL\u0130&#8217;NDE D\u00dcZENLENEN \u0130FTARA ERZ\u0130NCAN PROTOKOL,U KATILDI"}]},{"@type":"WebSite","@id":"https:\/\/www.tercanbolgehaber.com\/#website","url":"https:\/\/www.tercanbolgehaber.com\/","name":"TERCAN B&Ouml;LGE HABER","description":"HALK'IN HABER PORTALI","publisher":{"@id":"https:\/\/www.tercanbolgehaber.com\/#organization"},"potentialAction":[{"@type":"SearchAction","target":{"@type":"EntryPoint","urlTemplate":"https:\/\/www.tercanbolgehaber.com\/?s={search_term_string}"},"query-input":{"@type":"PropertyValueSpecification","valueRequired":true,"valueName":"search_term_string"}}],"inLanguage":"tr"},{"@type":"Organization","@id":"https:\/\/www.tercanbolgehaber.com\/#organization","name":"Tercan B\u00f6lge Haber","url":"https:\/\/www.tercanbolgehaber.com\/","logo":{"@type":"ImageObject","inLanguage":"tr","@id":"https:\/\/www.tercanbolgehaber.com\/#\/schema\/logo\/image\/","url":"http:\/\/www.tercanbolgehaber.com\/wp-content\/uploads\/2022\/04\/logo_yeni.png","contentUrl":"http:\/\/www.tercanbolgehaber.com\/wp-content\/uploads\/2022\/04\/logo_yeni.png","width":250,"height":123,"caption":"Tercan B\u00f6lge Haber"},"image":{"@id":"https:\/\/www.tercanbolgehaber.com\/#\/schema\/logo\/image\/"}},{"@type":"Person","@id":"https:\/\/www.tercanbolgehaber.com\/#\/schema\/person\/588559f88c7997eaeefe12a53785fb5e","name":"Haydar Co\u015fkunf\u0131rat","image":{"@type":"ImageObject","inLanguage":"tr","@id":"https:\/\/secure.gravatar.com\/avatar\/1992688ffa73c31cf68142c3401bd1f8b600612718310d5da53a0f7a4a562ace?s=96&d=mm&r=g","url":"https:\/\/secure.gravatar.com\/avatar\/1992688ffa73c31cf68142c3401bd1f8b600612718310d5da53a0f7a4a562ace?s=96&d=mm&r=g","contentUrl":"https:\/\/secure.gravatar.com\/avatar\/1992688ffa73c31cf68142c3401bd1f8b600612718310d5da53a0f7a4a562ace?s=96&d=mm&r=g","caption":"Haydar Co\u015fkunf\u0131rat"},"url":"https:\/\/www.tercanbolgehaber.com\/index.php\/author\/haydar\/"}]}},"_links":{"self":[{"href":"https:\/\/www.tercanbolgehaber.com\/index.php\/wp-json\/wp\/v2\/posts\/492","targetHints":{"allow":["GET"]}}],"collection":[{"href":"https:\/\/www.tercanbolgehaber.com\/index.php\/wp-json\/wp\/v2\/posts"}],"about":[{"href":"https:\/\/www.tercanbolgehaber.com\/index.php\/wp-json\/wp\/v2\/types\/post"}],"author":[{"embeddable":true,"href":"https:\/\/www.tercanbolgehaber.com\/index.php\/wp-json\/wp\/v2\/users\/2"}],"replies":[{"embeddable":true,"href":"https:\/\/www.tercanbolgehaber.com\/index.php\/wp-json\/wp\/v2\/comments?post=492"}],"version-history":[{"count":1,"href":"https:\/\/www.tercanbolgehaber.com\/index.php\/wp-json\/wp\/v2\/posts\/492\/revisions"}],"predecessor-version":[{"id":495,"href":"https:\/\/www.tercanbolgehaber.com\/index.php\/wp-json\/wp\/v2\/posts\/492\/revisions\/495"}],"wp:featuredmedia":[{"embeddable":true,"href":"https:\/\/www.tercanbolgehaber.com\/index.php\/wp-json\/wp\/v2\/media\/493"}],"wp:attachment":[{"href":"https:\/\/www.tercanbolgehaber.com\/index.php\/wp-json\/wp\/v2\/media?parent=492"}],"wp:term":[{"taxonomy":"category","embeddable":true,"href":"https:\/\/www.tercanbolgehaber.com\/index.php\/wp-json\/wp\/v2\/categories?post=492"},{"taxonomy":"post_tag","embeddable":true,"href":"https:\/\/www.tercanbolgehaber.com\/index.php\/wp-json\/wp\/v2\/tags?post=492"}],"curies":[{"name":"wp","href":"https:\/\/api.w.org\/{rel}","templated":true}]}}