{"id":477,"date":"2022-04-23T14:29:08","date_gmt":"2022-04-23T14:29:08","guid":{"rendered":"http:\/\/www.tercanbolgehaber.com\/?p=477"},"modified":"2022-04-23T14:29:11","modified_gmt":"2022-04-23T14:29:11","slug":"tercanda-23-nisan-coskusu","status":"publish","type":"post","link":"https:\/\/www.tercanbolgehaber.com\/index.php\/2022\/04\/23\/tercanda-23-nisan-coskusu\/","title":{"rendered":"TERCAN\u2019DA 23 N\u0130SAN CO\u015eKUSU"},"content":{"rendered":"\n<p class=\"has-vivid-cyan-blue-background-color has-background\">23 N\u0130SAN ULUSAL EGEMENL\u0130K VE \u00c7OCUK BAYRAMI VE TBMM\u2019N\u0130N KURULU\u015eUNUN 102\u2019\u0130NC\u0130 YIL D\u00d6N\u00dcM\u00dc, TERCANDA D\u00dcZENLENEN T\u00d6RENLE CO\u015eKUYLA KUTLANDI. RENG\u00c2RENK KIYAFETLER\u0130, ELLER\u0130NDE T\u00dcRK BAYRAKLARIYLA BAYRAM CO\u015eKUSU YA\u015eAYAN \u00c7OCUKLAR, SERG\u0130LED\u0130KLER\u0130 G\u00d6STER\u0130LERLE DE RENKL\u0130 G\u00d6R\u00dcNT\u00dcLER OLU\u015eTURDU.<\/p>\n\n\n\n<p class=\"has-luminous-vivid-amber-background-color has-background\">(TERCAN B\u00d6LGE HABER GAZETES\u0130)<\/p>\n\n\n\n<figure class=\"wp-block-image size-large\"><img loading=\"lazy\" decoding=\"async\" width=\"1024\" height=\"683\" src=\"http:\/\/www.tercanbolgehaber.com\/wp-content\/uploads\/2022\/04\/IMG_4699-1024x683.jpg\" alt=\"\" class=\"wp-image-480\" srcset=\"https:\/\/www.tercanbolgehaber.com\/wp-content\/uploads\/2022\/04\/IMG_4699-1024x683.jpg 1024w, https:\/\/www.tercanbolgehaber.com\/wp-content\/uploads\/2022\/04\/IMG_4699-300x200.jpg 300w, https:\/\/www.tercanbolgehaber.com\/wp-content\/uploads\/2022\/04\/IMG_4699-768x512.jpg 768w, https:\/\/www.tercanbolgehaber.com\/wp-content\/uploads\/2022\/04\/IMG_4699-1536x1024.jpg 1536w, https:\/\/www.tercanbolgehaber.com\/wp-content\/uploads\/2022\/04\/IMG_4699-2048x1365.jpg 2048w, https:\/\/www.tercanbolgehaber.com\/wp-content\/uploads\/2022\/04\/IMG_4699-696x464.jpg 696w, https:\/\/www.tercanbolgehaber.com\/wp-content\/uploads\/2022\/04\/IMG_4699-1068x712.jpg 1068w, https:\/\/www.tercanbolgehaber.com\/wp-content\/uploads\/2022\/04\/IMG_4699-1920x1280.jpg 1920w\" sizes=\"auto, (max-width: 1024px) 100vw, 1024px\" \/><\/figure>\n\n\n\n<p>23 Nisan Ulusal Egemenlik ve \u00c7ocuk Bayram\u0131 kutlamalar\u0131, sabah saat 9.30\u2019da\u00a0 Tercan il\u00e7e Milli E\u011fitim M\u00fcd\u00fcr\u00fc Mehmet emin san\u00e7ar taraf\u0131ndan Atat\u00fcrk An\u0131t\u0131\u2019na \u00e7elenk sunulmas\u0131yla ba\u015flad\u0131.<\/p>\n\n\n\n<figure class=\"wp-block-image size-large\"><img loading=\"lazy\" decoding=\"async\" width=\"1024\" height=\"683\" src=\"http:\/\/www.tercanbolgehaber.com\/wp-content\/uploads\/2022\/04\/IMG_4629-1024x683.jpg\" alt=\"\" class=\"wp-image-481\" srcset=\"https:\/\/www.tercanbolgehaber.com\/wp-content\/uploads\/2022\/04\/IMG_4629-1024x683.jpg 1024w, https:\/\/www.tercanbolgehaber.com\/wp-content\/uploads\/2022\/04\/IMG_4629-300x200.jpg 300w, https:\/\/www.tercanbolgehaber.com\/wp-content\/uploads\/2022\/04\/IMG_4629-768x512.jpg 768w, https:\/\/www.tercanbolgehaber.com\/wp-content\/uploads\/2022\/04\/IMG_4629-1536x1024.jpg 1536w, https:\/\/www.tercanbolgehaber.com\/wp-content\/uploads\/2022\/04\/IMG_4629-2048x1365.jpg 2048w, https:\/\/www.tercanbolgehaber.com\/wp-content\/uploads\/2022\/04\/IMG_4629-696x464.jpg 696w, https:\/\/www.tercanbolgehaber.com\/wp-content\/uploads\/2022\/04\/IMG_4629-1068x712.jpg 1068w, https:\/\/www.tercanbolgehaber.com\/wp-content\/uploads\/2022\/04\/IMG_4629-1920x1280.jpg 1920w\" sizes=\"auto, (max-width: 1024px) 100vw, 1024px\" \/><\/figure>\n\n\n\n<p>Sayg\u0131 duru\u015fu &nbsp;ve \u0130stiklal Mar\u015f\u0131\u2019n\u0131n okunmas\u0131n\u0131n ard\u0131ndan Ard\u0131ndan&nbsp;&nbsp; Tercan Kaymakam\u0131&nbsp;&nbsp; Musa Kaz\u0131m \u00c7elik&nbsp; ve Belediye ba\u015fkan\u0131&nbsp; Lokman G\u00fcltekin&nbsp; , Tercan spor sahs\u0131n\u0131&nbsp; &nbsp;dolduran y\u00fczlerce \u00e7ocuk, Vatanda\u015flar\u0131n &nbsp;&nbsp;23 Nisan Ulusal Egemenlik ve \u00c7ocuk Bayram\u0131&nbsp; kutlad\u0131lar<\/p>\n\n\n\n<figure class=\"wp-block-image size-large\"><img loading=\"lazy\" decoding=\"async\" width=\"1024\" height=\"683\" src=\"http:\/\/www.tercanbolgehaber.com\/wp-content\/uploads\/2022\/04\/IMG_4637-1024x683.jpg\" alt=\"\" class=\"wp-image-482\" srcset=\"https:\/\/www.tercanbolgehaber.com\/wp-content\/uploads\/2022\/04\/IMG_4637-1024x683.jpg 1024w, https:\/\/www.tercanbolgehaber.com\/wp-content\/uploads\/2022\/04\/IMG_4637-300x200.jpg 300w, https:\/\/www.tercanbolgehaber.com\/wp-content\/uploads\/2022\/04\/IMG_4637-768x512.jpg 768w, https:\/\/www.tercanbolgehaber.com\/wp-content\/uploads\/2022\/04\/IMG_4637-1536x1024.jpg 1536w, https:\/\/www.tercanbolgehaber.com\/wp-content\/uploads\/2022\/04\/IMG_4637-2048x1365.jpg 2048w, https:\/\/www.tercanbolgehaber.com\/wp-content\/uploads\/2022\/04\/IMG_4637-696x464.jpg 696w, https:\/\/www.tercanbolgehaber.com\/wp-content\/uploads\/2022\/04\/IMG_4637-1068x712.jpg 1068w, https:\/\/www.tercanbolgehaber.com\/wp-content\/uploads\/2022\/04\/IMG_4637-1920x1280.jpg 1920w\" sizes=\"auto, (max-width: 1024px) 100vw, 1024px\" \/><\/figure>\n\n\n\n<p>&nbsp;T\u00f6rene, Tercan&nbsp; Kaymakam\u0131 Musa Kaz\u0131m \u00c7elik&nbsp; Belediye Ba\u015fkan\u0131&nbsp; lokman G\u00fcltekin&nbsp; Tecan ba\u015f savc\u0131s\u0131\u2026 Tercan b\u00f6lge haber gazetesi imtiyaz sahibi ve Akdeniz Bas\u0131n birli\u011fi ba\u015fkan\u0131 Haydar co\u015fkunf\u0131rat, protokol \u00fcyeleri vatanda\u015flar&nbsp; \u00f6\u011frenci velileri &nbsp;kat\u0131ld\u0131.<\/p>\n\n\n\n<figure class=\"wp-block-image size-large\"><img loading=\"lazy\" decoding=\"async\" width=\"1024\" height=\"683\" src=\"http:\/\/www.tercanbolgehaber.com\/wp-content\/uploads\/2022\/04\/IMG_4681-1024x683.jpg\" alt=\"\" class=\"wp-image-483\" srcset=\"https:\/\/www.tercanbolgehaber.com\/wp-content\/uploads\/2022\/04\/IMG_4681-1024x683.jpg 1024w, https:\/\/www.tercanbolgehaber.com\/wp-content\/uploads\/2022\/04\/IMG_4681-300x200.jpg 300w, https:\/\/www.tercanbolgehaber.com\/wp-content\/uploads\/2022\/04\/IMG_4681-768x512.jpg 768w, https:\/\/www.tercanbolgehaber.com\/wp-content\/uploads\/2022\/04\/IMG_4681-1536x1024.jpg 1536w, https:\/\/www.tercanbolgehaber.com\/wp-content\/uploads\/2022\/04\/IMG_4681-2048x1365.jpg 2048w, https:\/\/www.tercanbolgehaber.com\/wp-content\/uploads\/2022\/04\/IMG_4681-696x464.jpg 696w, https:\/\/www.tercanbolgehaber.com\/wp-content\/uploads\/2022\/04\/IMG_4681-1068x712.jpg 1068w, https:\/\/www.tercanbolgehaber.com\/wp-content\/uploads\/2022\/04\/IMG_4681-1920x1280.jpg 1920w\" sizes=\"auto, (max-width: 1024px) 100vw, 1024px\" \/><\/figure>\n\n\n\n<p>&nbsp;\u00d6te yandan Tercan Belediye Ba\u015fkan\u0131 Lokman G\u00fcltekin Tercan b\u00f6lge haber gazetesi&nbsp; genel yay\u0131n y\u00f6netmeni Haydar co\u015fkunf\u0131rat\u2019a yapt\u0131\u011f\u0131&nbsp; &nbsp;\u00d6zel a\u00e7\u0131klamada&nbsp; Ba\u015fkan G\u00fcltekin Egemenli\u011fin kay\u0131ts\u0131z ve \u015farts\u0131z olarak millete devredildi\u011fi ve millet iradesinin topyekun temsil edildi\u011fi T\u00fcrkiye B\u00fcy\u00fck Millet Meclisi\u2019nin a\u00e7\u0131l\u0131\u015f\u0131n\u0131n 102\u2019inci y\u0131l d\u00f6n\u00fcm\u00fcn\u00fc ve 23 Nisan Ulusal Egemenlik ve \u00c7ocuk Bayram\u0131\u2019n\u0131 b\u00fcy\u00fck bir gurur ve sevin\u00e7le &nbsp;Tercan\u2019da&nbsp; kutluyoruz.<\/p>\n\n\n\n<figure class=\"wp-block-image size-large\"><img loading=\"lazy\" decoding=\"async\" width=\"1024\" height=\"683\" src=\"http:\/\/www.tercanbolgehaber.com\/wp-content\/uploads\/2022\/04\/IMG_4705-1024x683.jpg\" alt=\"\" class=\"wp-image-484\" srcset=\"https:\/\/www.tercanbolgehaber.com\/wp-content\/uploads\/2022\/04\/IMG_4705-1024x683.jpg 1024w, https:\/\/www.tercanbolgehaber.com\/wp-content\/uploads\/2022\/04\/IMG_4705-300x200.jpg 300w, https:\/\/www.tercanbolgehaber.com\/wp-content\/uploads\/2022\/04\/IMG_4705-768x512.jpg 768w, https:\/\/www.tercanbolgehaber.com\/wp-content\/uploads\/2022\/04\/IMG_4705-1536x1024.jpg 1536w, https:\/\/www.tercanbolgehaber.com\/wp-content\/uploads\/2022\/04\/IMG_4705-2048x1365.jpg 2048w, https:\/\/www.tercanbolgehaber.com\/wp-content\/uploads\/2022\/04\/IMG_4705-696x464.jpg 696w, https:\/\/www.tercanbolgehaber.com\/wp-content\/uploads\/2022\/04\/IMG_4705-1068x712.jpg 1068w, https:\/\/www.tercanbolgehaber.com\/wp-content\/uploads\/2022\/04\/IMG_4705-1920x1280.jpg 1920w\" sizes=\"auto, (max-width: 1024px) 100vw, 1024px\" \/><\/figure>\n\n\n\n<p>T\u00fcrkiye B\u00fcy\u00fck Millet Meclisi, \u2019\u0130stiklal M\u00fccadelemizi ba\u015far\u0131yla y\u00f6neterek ba\u011f\u0131ms\u0131zl\u0131\u011f\u0131m\u0131z\u0131n kazan\u0131lmas\u0131nda b\u00fcy\u00fck pay\u0131 olan hepimizin iftihar etti\u011fi bir kurumdur. 23 Nisan 1920 tarihi sadece T\u00fcrkiye B\u00fcy\u00fck Millet Meclisi\u2019nin a\u00e7\u0131l\u0131\u015f\u0131 de\u011fil, ayn\u0131 zamanda ulusal egemenlik a\u00e7\u0131s\u0131ndan da \u00e7ok \u00f6nemlidir. T\u00fcrkiye B\u00fcy\u00fck Millet Meclisi\u2019nin ilk ba\u015fkan\u0131 ve cumhuriyetimizin kurucusu Gazi Mustafa Kemal Atat\u00fcrk o g\u00fcn h\u00e2kimiyet bila kayd\u00fc \u015fart milletindir demek suretiyle millet egemenli\u011fine dayanan bir demokrasi anlay\u0131\u015f\u0131n\u0131n temelini atarken, gelece\u011fimizin teminat\u0131 olan \u00e7ocuklar\u0131m\u0131za verdi\u011fi \u00f6nemi ve duyguyu bu g\u00fcvenin bir ifadesi olarak bu bayram\u0131 \u00e7ocuklar\u0131m\u0131za arma\u011fan etmi\u015ftir dedi.<\/p>\n\n\n\n<figure class=\"wp-block-image size-large\"><img loading=\"lazy\" decoding=\"async\" width=\"1024\" height=\"683\" src=\"http:\/\/www.tercanbolgehaber.com\/wp-content\/uploads\/2022\/04\/IMG_4707-1024x683.jpg\" alt=\"\" class=\"wp-image-485\" srcset=\"https:\/\/www.tercanbolgehaber.com\/wp-content\/uploads\/2022\/04\/IMG_4707-1024x683.jpg 1024w, https:\/\/www.tercanbolgehaber.com\/wp-content\/uploads\/2022\/04\/IMG_4707-300x200.jpg 300w, https:\/\/www.tercanbolgehaber.com\/wp-content\/uploads\/2022\/04\/IMG_4707-768x512.jpg 768w, https:\/\/www.tercanbolgehaber.com\/wp-content\/uploads\/2022\/04\/IMG_4707-1536x1024.jpg 1536w, https:\/\/www.tercanbolgehaber.com\/wp-content\/uploads\/2022\/04\/IMG_4707-2048x1365.jpg 2048w, https:\/\/www.tercanbolgehaber.com\/wp-content\/uploads\/2022\/04\/IMG_4707-696x464.jpg 696w, https:\/\/www.tercanbolgehaber.com\/wp-content\/uploads\/2022\/04\/IMG_4707-1068x712.jpg 1068w, https:\/\/www.tercanbolgehaber.com\/wp-content\/uploads\/2022\/04\/IMG_4707-1920x1280.jpg 1920w\" sizes=\"auto, (max-width: 1024px) 100vw, 1024px\" \/><\/figure>\n\n\n\n<p>Alan\u0131 dolduran \u00e7ocukla 23 Nisan co\u015fkusunu doya doya ya\u015fad\u0131 t\u00f6ren sona erdi.<\/p>\n","protected":false},"excerpt":{"rendered":"<p>23 N\u0130SAN ULUSAL EGEMENL\u0130K VE \u00c7OCUK BAYRAMI VE TBMM\u2019N\u0130N KURULU\u015eUNUN 102\u2019\u0130NC\u0130 YIL D\u00d6N\u00dcM\u00dc, TERCANDA D\u00dcZENLENEN T\u00d6RENLE CO\u015eKUYLA KUTLANDI. RENG\u00c2RENK KIYAFETLER\u0130, ELLER\u0130NDE T\u00dcRK BAYRAKLARIYLA BAYRAM CO\u015eKUSU YA\u015eAYAN \u00c7OCUKLAR, SERG\u0130LED\u0130KLER\u0130 G\u00d6STER\u0130LERLE DE RENKL\u0130 G\u00d6R\u00dcNT\u00dcLER OLU\u015eTURDU. (TERCAN B\u00d6LGE HABER GAZETES\u0130) 23 Nisan Ulusal Egemenlik ve \u00c7ocuk Bayram\u0131 kutlamalar\u0131, sabah saat 9.30\u2019da\u00a0 Tercan il\u00e7e Milli E\u011fitim M\u00fcd\u00fcr\u00fc Mehmet emin [&hellip;]<\/p>\n","protected":false},"author":2,"featured_media":479,"comment_status":"open","ping_status":"open","sticky":false,"template":"","format":"standard","meta":{"footnotes":""},"categories":[35,46],"tags":[],"class_list":{"0":"post-477","1":"post","2":"type-post","3":"status-publish","4":"format-standard","5":"has-post-thumbnail","7":"category-manset","8":"category-yurt-haberleri"},"yoast_head":"<!-- This site is optimized with the Yoast SEO plugin v27.2 - https:\/\/yoast.com\/product\/yoast-seo-wordpress\/ -->\n<title>TERCAN\u2019DA 23 N\u0130SAN CO\u015eKUSU - TERCAN B&Ouml;LGE HABER<\/title>\n<meta name=\"robots\" content=\"index, follow, max-snippet:-1, max-image-preview:large, max-video-preview:-1\" \/>\n<link rel=\"canonical\" href=\"https:\/\/www.tercanbolgehaber.com\/index.php\/2022\/04\/23\/tercanda-23-nisan-coskusu\/\" \/>\n<meta property=\"og:locale\" content=\"tr_TR\" \/>\n<meta property=\"og:type\" content=\"article\" \/>\n<meta property=\"og:title\" content=\"TERCAN\u2019DA 23 N\u0130SAN CO\u015eKUSU - TERCAN B&Ouml;LGE HABER\" \/>\n<meta property=\"og:description\" content=\"23 N\u0130SAN ULUSAL EGEMENL\u0130K VE \u00c7OCUK BAYRAMI VE TBMM\u2019N\u0130N KURULU\u015eUNUN 102\u2019\u0130NC\u0130 YIL D\u00d6N\u00dcM\u00dc, TERCANDA D\u00dcZENLENEN T\u00d6RENLE CO\u015eKUYLA KUTLANDI. RENG\u00c2RENK KIYAFETLER\u0130, ELLER\u0130NDE T\u00dcRK BAYRAKLARIYLA BAYRAM CO\u015eKUSU YA\u015eAYAN \u00c7OCUKLAR, SERG\u0130LED\u0130KLER\u0130 G\u00d6STER\u0130LERLE DE RENKL\u0130 G\u00d6R\u00dcNT\u00dcLER OLU\u015eTURDU. (TERCAN B\u00d6LGE HABER GAZETES\u0130) 23 Nisan Ulusal Egemenlik ve \u00c7ocuk Bayram\u0131 kutlamalar\u0131, sabah saat 9.30\u2019da\u00a0 Tercan il\u00e7e Milli E\u011fitim M\u00fcd\u00fcr\u00fc Mehmet emin [&hellip;]\" \/>\n<meta property=\"og:url\" content=\"https:\/\/www.tercanbolgehaber.com\/index.php\/2022\/04\/23\/tercanda-23-nisan-coskusu\/\" \/>\n<meta property=\"og:site_name\" content=\"TERCAN B&Ouml;LGE HABER\" \/>\n<meta property=\"article:published_time\" content=\"2022-04-23T14:29:08+00:00\" \/>\n<meta property=\"article:modified_time\" content=\"2022-04-23T14:29:11+00:00\" \/>\n<meta property=\"og:image\" content=\"https:\/\/www.tercanbolgehaber.com\/wp-content\/uploads\/2022\/04\/IMG_4728-scaled.jpg\" \/>\n\t<meta property=\"og:image:width\" content=\"2560\" \/>\n\t<meta property=\"og:image:height\" content=\"1707\" \/>\n\t<meta property=\"og:image:type\" content=\"image\/jpeg\" \/>\n<meta name=\"author\" content=\"Haydar Co\u015fkunf\u0131rat\" \/>\n<meta name=\"twitter:card\" content=\"summary_large_image\" \/>\n<meta name=\"twitter:label1\" content=\"Yazan:\" \/>\n\t<meta name=\"twitter:data1\" content=\"Haydar Co\u015fkunf\u0131rat\" \/>\n\t<meta name=\"twitter:label2\" content=\"Tahmini okuma s\u00fcresi\" \/>\n\t<meta name=\"twitter:data2\" content=\"2 dakika\" \/>\n<script type=\"application\/ld+json\" class=\"yoast-schema-graph\">{\"@context\":\"https:\/\/schema.org\",\"@graph\":[{\"@type\":\"Article\",\"@id\":\"https:\/\/www.tercanbolgehaber.com\/index.php\/2022\/04\/23\/tercanda-23-nisan-coskusu\/#article\",\"isPartOf\":{\"@id\":\"https:\/\/www.tercanbolgehaber.com\/index.php\/2022\/04\/23\/tercanda-23-nisan-coskusu\/\"},\"author\":{\"name\":\"Haydar Co\u015fkunf\u0131rat\",\"@id\":\"https:\/\/www.tercanbolgehaber.com\/#\/schema\/person\/588559f88c7997eaeefe12a53785fb5e\"},\"headline\":\"TERCAN\u2019DA 23 N\u0130SAN CO\u015eKUSU\",\"datePublished\":\"2022-04-23T14:29:08+00:00\",\"dateModified\":\"2022-04-23T14:29:11+00:00\",\"mainEntityOfPage\":{\"@id\":\"https:\/\/www.tercanbolgehaber.com\/index.php\/2022\/04\/23\/tercanda-23-nisan-coskusu\/\"},\"wordCount\":452,\"commentCount\":0,\"publisher\":{\"@id\":\"https:\/\/www.tercanbolgehaber.com\/#organization\"},\"image\":{\"@id\":\"https:\/\/www.tercanbolgehaber.com\/index.php\/2022\/04\/23\/tercanda-23-nisan-coskusu\/#primaryimage\"},\"thumbnailUrl\":\"https:\/\/www.tercanbolgehaber.com\/wp-content\/uploads\/2022\/04\/IMG_4728-scaled.jpg\",\"articleSection\":[\"Man\u015fet\",\"Yurt Haberleri\"],\"inLanguage\":\"tr\",\"potentialAction\":[{\"@type\":\"CommentAction\",\"name\":\"Comment\",\"target\":[\"https:\/\/www.tercanbolgehaber.com\/index.php\/2022\/04\/23\/tercanda-23-nisan-coskusu\/#respond\"]}]},{\"@type\":\"WebPage\",\"@id\":\"https:\/\/www.tercanbolgehaber.com\/index.php\/2022\/04\/23\/tercanda-23-nisan-coskusu\/\",\"url\":\"https:\/\/www.tercanbolgehaber.com\/index.php\/2022\/04\/23\/tercanda-23-nisan-coskusu\/\",\"name\":\"TERCAN\u2019DA 23 N\u0130SAN CO\u015eKUSU - TERCAN B&Ouml;LGE HABER\",\"isPartOf\":{\"@id\":\"https:\/\/www.tercanbolgehaber.com\/#website\"},\"primaryImageOfPage\":{\"@id\":\"https:\/\/www.tercanbolgehaber.com\/index.php\/2022\/04\/23\/tercanda-23-nisan-coskusu\/#primaryimage\"},\"image\":{\"@id\":\"https:\/\/www.tercanbolgehaber.com\/index.php\/2022\/04\/23\/tercanda-23-nisan-coskusu\/#primaryimage\"},\"thumbnailUrl\":\"https:\/\/www.tercanbolgehaber.com\/wp-content\/uploads\/2022\/04\/IMG_4728-scaled.jpg\",\"datePublished\":\"2022-04-23T14:29:08+00:00\",\"dateModified\":\"2022-04-23T14:29:11+00:00\",\"breadcrumb\":{\"@id\":\"https:\/\/www.tercanbolgehaber.com\/index.php\/2022\/04\/23\/tercanda-23-nisan-coskusu\/#breadcrumb\"},\"inLanguage\":\"tr\",\"potentialAction\":[{\"@type\":\"ReadAction\",\"target\":[\"https:\/\/www.tercanbolgehaber.com\/index.php\/2022\/04\/23\/tercanda-23-nisan-coskusu\/\"]}]},{\"@type\":\"ImageObject\",\"inLanguage\":\"tr\",\"@id\":\"https:\/\/www.tercanbolgehaber.com\/index.php\/2022\/04\/23\/tercanda-23-nisan-coskusu\/#primaryimage\",\"url\":\"https:\/\/www.tercanbolgehaber.com\/wp-content\/uploads\/2022\/04\/IMG_4728-scaled.jpg\",\"contentUrl\":\"https:\/\/www.tercanbolgehaber.com\/wp-content\/uploads\/2022\/04\/IMG_4728-scaled.jpg\",\"width\":2560,\"height\":1707},{\"@type\":\"BreadcrumbList\",\"@id\":\"https:\/\/www.tercanbolgehaber.com\/index.php\/2022\/04\/23\/tercanda-23-nisan-coskusu\/#breadcrumb\",\"itemListElement\":[{\"@type\":\"ListItem\",\"position\":1,\"name\":\"Anasayfa\",\"item\":\"https:\/\/www.tercanbolgehaber.com\/\"},{\"@type\":\"ListItem\",\"position\":2,\"name\":\"TERCAN\u2019DA 23 N\u0130SAN CO\u015eKUSU\"}]},{\"@type\":\"WebSite\",\"@id\":\"https:\/\/www.tercanbolgehaber.com\/#website\",\"url\":\"https:\/\/www.tercanbolgehaber.com\/\",\"name\":\"TERCAN B&Ouml;LGE HABER\",\"description\":\"HALK'IN HABER PORTALI\",\"publisher\":{\"@id\":\"https:\/\/www.tercanbolgehaber.com\/#organization\"},\"potentialAction\":[{\"@type\":\"SearchAction\",\"target\":{\"@type\":\"EntryPoint\",\"urlTemplate\":\"https:\/\/www.tercanbolgehaber.com\/?s={search_term_string}\"},\"query-input\":{\"@type\":\"PropertyValueSpecification\",\"valueRequired\":true,\"valueName\":\"search_term_string\"}}],\"inLanguage\":\"tr\"},{\"@type\":\"Organization\",\"@id\":\"https:\/\/www.tercanbolgehaber.com\/#organization\",\"name\":\"Tercan B\u00f6lge Haber\",\"url\":\"https:\/\/www.tercanbolgehaber.com\/\",\"logo\":{\"@type\":\"ImageObject\",\"inLanguage\":\"tr\",\"@id\":\"https:\/\/www.tercanbolgehaber.com\/#\/schema\/logo\/image\/\",\"url\":\"http:\/\/www.tercanbolgehaber.com\/wp-content\/uploads\/2022\/04\/logo_yeni.png\",\"contentUrl\":\"http:\/\/www.tercanbolgehaber.com\/wp-content\/uploads\/2022\/04\/logo_yeni.png\",\"width\":250,\"height\":123,\"caption\":\"Tercan B\u00f6lge Haber\"},\"image\":{\"@id\":\"https:\/\/www.tercanbolgehaber.com\/#\/schema\/logo\/image\/\"}},{\"@type\":\"Person\",\"@id\":\"https:\/\/www.tercanbolgehaber.com\/#\/schema\/person\/588559f88c7997eaeefe12a53785fb5e\",\"name\":\"Haydar Co\u015fkunf\u0131rat\",\"image\":{\"@type\":\"ImageObject\",\"inLanguage\":\"tr\",\"@id\":\"https:\/\/secure.gravatar.com\/avatar\/1992688ffa73c31cf68142c3401bd1f8b600612718310d5da53a0f7a4a562ace?s=96&d=mm&r=g\",\"url\":\"https:\/\/secure.gravatar.com\/avatar\/1992688ffa73c31cf68142c3401bd1f8b600612718310d5da53a0f7a4a562ace?s=96&d=mm&r=g\",\"contentUrl\":\"https:\/\/secure.gravatar.com\/avatar\/1992688ffa73c31cf68142c3401bd1f8b600612718310d5da53a0f7a4a562ace?s=96&d=mm&r=g\",\"caption\":\"Haydar Co\u015fkunf\u0131rat\"},\"url\":\"https:\/\/www.tercanbolgehaber.com\/index.php\/author\/haydar\/\"}]}<\/script>\n<!-- \/ Yoast SEO plugin. -->","yoast_head_json":{"title":"TERCAN\u2019DA 23 N\u0130SAN CO\u015eKUSU - TERCAN B&Ouml;LGE HABER","robots":{"index":"index","follow":"follow","max-snippet":"max-snippet:-1","max-image-preview":"max-image-preview:large","max-video-preview":"max-video-preview:-1"},"canonical":"https:\/\/www.tercanbolgehaber.com\/index.php\/2022\/04\/23\/tercanda-23-nisan-coskusu\/","og_locale":"tr_TR","og_type":"article","og_title":"TERCAN\u2019DA 23 N\u0130SAN CO\u015eKUSU - TERCAN B&Ouml;LGE HABER","og_description":"23 N\u0130SAN ULUSAL EGEMENL\u0130K VE \u00c7OCUK BAYRAMI VE TBMM\u2019N\u0130N KURULU\u015eUNUN 102\u2019\u0130NC\u0130 YIL D\u00d6N\u00dcM\u00dc, TERCANDA D\u00dcZENLENEN T\u00d6RENLE CO\u015eKUYLA KUTLANDI. RENG\u00c2RENK KIYAFETLER\u0130, ELLER\u0130NDE T\u00dcRK BAYRAKLARIYLA BAYRAM CO\u015eKUSU YA\u015eAYAN \u00c7OCUKLAR, SERG\u0130LED\u0130KLER\u0130 G\u00d6STER\u0130LERLE DE RENKL\u0130 G\u00d6R\u00dcNT\u00dcLER OLU\u015eTURDU. (TERCAN B\u00d6LGE HABER GAZETES\u0130) 23 Nisan Ulusal Egemenlik ve \u00c7ocuk Bayram\u0131 kutlamalar\u0131, sabah saat 9.30\u2019da\u00a0 Tercan il\u00e7e Milli E\u011fitim M\u00fcd\u00fcr\u00fc Mehmet emin [&hellip;]","og_url":"https:\/\/www.tercanbolgehaber.com\/index.php\/2022\/04\/23\/tercanda-23-nisan-coskusu\/","og_site_name":"TERCAN B&Ouml;LGE HABER","article_published_time":"2022-04-23T14:29:08+00:00","article_modified_time":"2022-04-23T14:29:11+00:00","og_image":[{"width":2560,"height":1707,"url":"https:\/\/www.tercanbolgehaber.com\/wp-content\/uploads\/2022\/04\/IMG_4728-scaled.jpg","type":"image\/jpeg"}],"author":"Haydar Co\u015fkunf\u0131rat","twitter_card":"summary_large_image","twitter_misc":{"Yazan:":"Haydar Co\u015fkunf\u0131rat","Tahmini okuma s\u00fcresi":"2 dakika"},"schema":{"@context":"https:\/\/schema.org","@graph":[{"@type":"Article","@id":"https:\/\/www.tercanbolgehaber.com\/index.php\/2022\/04\/23\/tercanda-23-nisan-coskusu\/#article","isPartOf":{"@id":"https:\/\/www.tercanbolgehaber.com\/index.php\/2022\/04\/23\/tercanda-23-nisan-coskusu\/"},"author":{"name":"Haydar Co\u015fkunf\u0131rat","@id":"https:\/\/www.tercanbolgehaber.com\/#\/schema\/person\/588559f88c7997eaeefe12a53785fb5e"},"headline":"TERCAN\u2019DA 23 N\u0130SAN CO\u015eKUSU","datePublished":"2022-04-23T14:29:08+00:00","dateModified":"2022-04-23T14:29:11+00:00","mainEntityOfPage":{"@id":"https:\/\/www.tercanbolgehaber.com\/index.php\/2022\/04\/23\/tercanda-23-nisan-coskusu\/"},"wordCount":452,"commentCount":0,"publisher":{"@id":"https:\/\/www.tercanbolgehaber.com\/#organization"},"image":{"@id":"https:\/\/www.tercanbolgehaber.com\/index.php\/2022\/04\/23\/tercanda-23-nisan-coskusu\/#primaryimage"},"thumbnailUrl":"https:\/\/www.tercanbolgehaber.com\/wp-content\/uploads\/2022\/04\/IMG_4728-scaled.jpg","articleSection":["Man\u015fet","Yurt Haberleri"],"inLanguage":"tr","potentialAction":[{"@type":"CommentAction","name":"Comment","target":["https:\/\/www.tercanbolgehaber.com\/index.php\/2022\/04\/23\/tercanda-23-nisan-coskusu\/#respond"]}]},{"@type":"WebPage","@id":"https:\/\/www.tercanbolgehaber.com\/index.php\/2022\/04\/23\/tercanda-23-nisan-coskusu\/","url":"https:\/\/www.tercanbolgehaber.com\/index.php\/2022\/04\/23\/tercanda-23-nisan-coskusu\/","name":"TERCAN\u2019DA 23 N\u0130SAN CO\u015eKUSU - TERCAN B&Ouml;LGE HABER","isPartOf":{"@id":"https:\/\/www.tercanbolgehaber.com\/#website"},"primaryImageOfPage":{"@id":"https:\/\/www.tercanbolgehaber.com\/index.php\/2022\/04\/23\/tercanda-23-nisan-coskusu\/#primaryimage"},"image":{"@id":"https:\/\/www.tercanbolgehaber.com\/index.php\/2022\/04\/23\/tercanda-23-nisan-coskusu\/#primaryimage"},"thumbnailUrl":"https:\/\/www.tercanbolgehaber.com\/wp-content\/uploads\/2022\/04\/IMG_4728-scaled.jpg","datePublished":"2022-04-23T14:29:08+00:00","dateModified":"2022-04-23T14:29:11+00:00","breadcrumb":{"@id":"https:\/\/www.tercanbolgehaber.com\/index.php\/2022\/04\/23\/tercanda-23-nisan-coskusu\/#breadcrumb"},"inLanguage":"tr","potentialAction":[{"@type":"ReadAction","target":["https:\/\/www.tercanbolgehaber.com\/index.php\/2022\/04\/23\/tercanda-23-nisan-coskusu\/"]}]},{"@type":"ImageObject","inLanguage":"tr","@id":"https:\/\/www.tercanbolgehaber.com\/index.php\/2022\/04\/23\/tercanda-23-nisan-coskusu\/#primaryimage","url":"https:\/\/www.tercanbolgehaber.com\/wp-content\/uploads\/2022\/04\/IMG_4728-scaled.jpg","contentUrl":"https:\/\/www.tercanbolgehaber.com\/wp-content\/uploads\/2022\/04\/IMG_4728-scaled.jpg","width":2560,"height":1707},{"@type":"BreadcrumbList","@id":"https:\/\/www.tercanbolgehaber.com\/index.php\/2022\/04\/23\/tercanda-23-nisan-coskusu\/#breadcrumb","itemListElement":[{"@type":"ListItem","position":1,"name":"Anasayfa","item":"https:\/\/www.tercanbolgehaber.com\/"},{"@type":"ListItem","position":2,"name":"TERCAN\u2019DA 23 N\u0130SAN CO\u015eKUSU"}]},{"@type":"WebSite","@id":"https:\/\/www.tercanbolgehaber.com\/#website","url":"https:\/\/www.tercanbolgehaber.com\/","name":"TERCAN B&Ouml;LGE HABER","description":"HALK'IN HABER PORTALI","publisher":{"@id":"https:\/\/www.tercanbolgehaber.com\/#organization"},"potentialAction":[{"@type":"SearchAction","target":{"@type":"EntryPoint","urlTemplate":"https:\/\/www.tercanbolgehaber.com\/?s={search_term_string}"},"query-input":{"@type":"PropertyValueSpecification","valueRequired":true,"valueName":"search_term_string"}}],"inLanguage":"tr"},{"@type":"Organization","@id":"https:\/\/www.tercanbolgehaber.com\/#organization","name":"Tercan B\u00f6lge Haber","url":"https:\/\/www.tercanbolgehaber.com\/","logo":{"@type":"ImageObject","inLanguage":"tr","@id":"https:\/\/www.tercanbolgehaber.com\/#\/schema\/logo\/image\/","url":"http:\/\/www.tercanbolgehaber.com\/wp-content\/uploads\/2022\/04\/logo_yeni.png","contentUrl":"http:\/\/www.tercanbolgehaber.com\/wp-content\/uploads\/2022\/04\/logo_yeni.png","width":250,"height":123,"caption":"Tercan B\u00f6lge Haber"},"image":{"@id":"https:\/\/www.tercanbolgehaber.com\/#\/schema\/logo\/image\/"}},{"@type":"Person","@id":"https:\/\/www.tercanbolgehaber.com\/#\/schema\/person\/588559f88c7997eaeefe12a53785fb5e","name":"Haydar Co\u015fkunf\u0131rat","image":{"@type":"ImageObject","inLanguage":"tr","@id":"https:\/\/secure.gravatar.com\/avatar\/1992688ffa73c31cf68142c3401bd1f8b600612718310d5da53a0f7a4a562ace?s=96&d=mm&r=g","url":"https:\/\/secure.gravatar.com\/avatar\/1992688ffa73c31cf68142c3401bd1f8b600612718310d5da53a0f7a4a562ace?s=96&d=mm&r=g","contentUrl":"https:\/\/secure.gravatar.com\/avatar\/1992688ffa73c31cf68142c3401bd1f8b600612718310d5da53a0f7a4a562ace?s=96&d=mm&r=g","caption":"Haydar Co\u015fkunf\u0131rat"},"url":"https:\/\/www.tercanbolgehaber.com\/index.php\/author\/haydar\/"}]}},"_links":{"self":[{"href":"https:\/\/www.tercanbolgehaber.com\/index.php\/wp-json\/wp\/v2\/posts\/477","targetHints":{"allow":["GET"]}}],"collection":[{"href":"https:\/\/www.tercanbolgehaber.com\/index.php\/wp-json\/wp\/v2\/posts"}],"about":[{"href":"https:\/\/www.tercanbolgehaber.com\/index.php\/wp-json\/wp\/v2\/types\/post"}],"author":[{"embeddable":true,"href":"https:\/\/www.tercanbolgehaber.com\/index.php\/wp-json\/wp\/v2\/users\/2"}],"replies":[{"embeddable":true,"href":"https:\/\/www.tercanbolgehaber.com\/index.php\/wp-json\/wp\/v2\/comments?post=477"}],"version-history":[{"count":1,"href":"https:\/\/www.tercanbolgehaber.com\/index.php\/wp-json\/wp\/v2\/posts\/477\/revisions"}],"predecessor-version":[{"id":486,"href":"https:\/\/www.tercanbolgehaber.com\/index.php\/wp-json\/wp\/v2\/posts\/477\/revisions\/486"}],"wp:featuredmedia":[{"embeddable":true,"href":"https:\/\/www.tercanbolgehaber.com\/index.php\/wp-json\/wp\/v2\/media\/479"}],"wp:attachment":[{"href":"https:\/\/www.tercanbolgehaber.com\/index.php\/wp-json\/wp\/v2\/media?parent=477"}],"wp:term":[{"taxonomy":"category","embeddable":true,"href":"https:\/\/www.tercanbolgehaber.com\/index.php\/wp-json\/wp\/v2\/categories?post=477"},{"taxonomy":"post_tag","embeddable":true,"href":"https:\/\/www.tercanbolgehaber.com\/index.php\/wp-json\/wp\/v2\/tags?post=477"}],"curies":[{"name":"wp","href":"https:\/\/api.w.org\/{rel}","templated":true}]}}