{"id":468,"date":"2022-04-21T07:27:06","date_gmt":"2022-04-21T07:27:06","guid":{"rendered":"http:\/\/www.tercanbolgehaber.com\/?p=468"},"modified":"2022-04-21T07:27:08","modified_gmt":"2022-04-21T07:27:08","slug":"23-nisan-gelecek-nesillere-emanetinin-bir-nisanesidir","status":"publish","type":"post","link":"https:\/\/www.tercanbolgehaber.com\/index.php\/2022\/04\/21\/23-nisan-gelecek-nesillere-emanetinin-bir-nisanesidir\/","title":{"rendered":"23 N\u0130SAN GELECEK NES\u0130LLERE EMANET\u0130N\u0130N B\u0130R N\u0130\u015eANES\u0130D\u0130R \u2018"},"content":{"rendered":"\n<p class=\"has-vivid-red-background-color has-background\">AKDEN\u0130Z BASIN B\u0130RL\u0130\u011e\u0130 BA\u015eKANI HAYDAR CO\u015eKUNFIRAT23 N\u0130SAN ULUSAL EGEMENL\u0130K VE \u00c7OCUK BAYRAMI DOLAYISIYLA YAYINLADI\u011eI MESAJDA&nbsp; \u201cULU \u00d6NDER GAZ\u0130 MUSTAFA KEMAL ATAT\u00dcRK\u2019\u00dcN, GEN\u00c7L\u0130K YILLARINDAN \u0130T\u0130BAREN KURDU\u011eU \u2018DEMOKRAS\u0130\u2019 D\u00dc\u015e\u00dc BEN HER KERAMET\u0130 MECL\u0130STEN BEKLEYENLERDEN\u0130M\u201923 N\u0130SAN GELECEK NES\u0130LLERE EMANET\u0130N\u0130N B\u0130R N\u0130\u015eANES\u0130D\u0130R \u2018\u2019<\/p>\n\n\n\n<p>Mustafa Kemal, \u2018Ben her kerameti Meclisten bekleyenlerdenim\u2019 der. Meclisin sahip oldu\u011fu keramet ise \u015f\u00fcphesiz \u2018Egemenlik kay\u0131ts\u0131z \u015farts\u0131z milletindir\u2019 ilkesidir.<\/p>\n\n\n\n<figure class=\"wp-block-image size-full\"><img loading=\"lazy\" decoding=\"async\" width=\"640\" height=\"360\" src=\"http:\/\/www.tercanbolgehaber.com\/wp-content\/uploads\/2022\/04\/23Nisan.jpg\" alt=\"\" class=\"wp-image-470\" srcset=\"https:\/\/www.tercanbolgehaber.com\/wp-content\/uploads\/2022\/04\/23Nisan.jpg 640w, https:\/\/www.tercanbolgehaber.com\/wp-content\/uploads\/2022\/04\/23Nisan-300x169.jpg 300w\" sizes=\"auto, (max-width: 640px) 100vw, 640px\" \/><\/figure>\n\n\n\n<p>&nbsp;Bu nedenledir ki Kurtulu\u015f Sava\u015f\u0131\u2019n\u0131 Mustafa Kemal\u2019in liderli\u011finde ve d\u00fcnyaya \u00f6rnek olan bir dayan\u0131\u015fmayla kazanan milletimizin \u00f6zg\u00fcrl\u00fck ve ba\u011f\u0131ms\u0131zl\u0131\u011fa ula\u015fma kararl\u0131l\u0131\u011f\u0131n\u0131n merkezi TBMM\u2019dir. Yurtta\u015flar\u0131 aras\u0131nda hi\u00e7bir ayr\u0131m g\u00f6zetmeyen, hi\u00e7 kimsenin bir di\u011ferinden \u00fcst\u00fcn olmad\u0131\u011f\u0131, her vatanda\u015f\u0131n\u0131n e\u015fit haklara sahip oldu\u011fu gen\u00e7 T\u00fcrkiye Cumhuriyeti\u2019nin lideri Atat\u00fcrk, bu k\u0131ymetli g\u00fcn\u00fc ayn\u0131 zamanda \u00e7ocuklara arma\u011fan etmi\u015ftir.<\/p>\n\n\n\n<p>Co\u015fkunf\u0131rat &nbsp;Atat\u00fcrk\u2019\u00fcn bu tercihi, g\u00fczel \u00fclkemizin gelecek nesillere emanetinin de bir ni\u015fanesidir. Unutulmamal\u0131d\u0131r ki, milletin vek\u00e2letini ta\u015f\u0131yan T\u00fcrkiye B\u00fcy\u00fck Millet Meclisi\u2019nin asli g\u00f6revi, demokratik, laik, sosyal hukuk devletini geli\u015ftirmek, \u00fclkemizin d\u00fcnyada s\u00f6z sahibi olmas\u0131n\u0131 sa\u011flamakt\u0131r.<\/p>\n\n\n\n<p>Co\u015fkunf\u0131rat 23 Nisan Ulusal Egemenlik ve \u00c7ocuk Bayram\u0131, co\u015fkusuyla y\u00fcreklerimizde kutlanmaktad\u0131r. \u0130nan\u0131yorum ki bu salg\u0131n g\u00fcnleri ge\u00e7er ge\u00e7mez co\u015fkumuz y\u00fcreklerimizden sokaklara ta\u015facak; Cumhuriyetimizin bug\u00fcnk\u00fc miras\u00e7\u0131lar\u0131, onu hak etti\u011fi \u015fekilde demokrasiyle ta\u00e7land\u0131racakt\u0131r.<\/p>\n\n\n\n<p><\/p>\n","protected":false},"excerpt":{"rendered":"<p>AKDEN\u0130Z BASIN B\u0130RL\u0130\u011e\u0130 BA\u015eKANI HAYDAR CO\u015eKUNFIRAT23 N\u0130SAN ULUSAL EGEMENL\u0130K VE \u00c7OCUK BAYRAMI DOLAYISIYLA YAYINLADI\u011eI MESAJDA&nbsp; \u201cULU \u00d6NDER GAZ\u0130 MUSTAFA KEMAL ATAT\u00dcRK\u2019\u00dcN, GEN\u00c7L\u0130K YILLARINDAN \u0130T\u0130BAREN KURDU\u011eU \u2018DEMOKRAS\u0130\u2019 D\u00dc\u015e\u00dc BEN HER KERAMET\u0130 MECL\u0130STEN BEKLEYENLERDEN\u0130M\u201923 N\u0130SAN GELECEK NES\u0130LLERE EMANET\u0130N\u0130N B\u0130R N\u0130\u015eANES\u0130D\u0130R \u2018\u2019 Mustafa Kemal, \u2018Ben her kerameti Meclisten bekleyenlerdenim\u2019 der. Meclisin sahip oldu\u011fu keramet ise \u015f\u00fcphesiz \u2018Egemenlik kay\u0131ts\u0131z [&hellip;]<\/p>\n","protected":false},"author":2,"featured_media":469,"comment_status":"open","ping_status":"open","sticky":false,"template":"","format":"standard","meta":{"footnotes":""},"categories":[32,35],"tags":[],"class_list":{"0":"post-468","1":"post","2":"type-post","3":"status-publish","4":"format-standard","5":"has-post-thumbnail","7":"category-dunya","8":"category-manset"},"yoast_head":"<!-- This site is optimized with the Yoast SEO plugin v27.2 - https:\/\/yoast.com\/product\/yoast-seo-wordpress\/ -->\n<title>23 N\u0130SAN GELECEK NES\u0130LLERE EMANET\u0130N\u0130N B\u0130R N\u0130\u015eANES\u0130D\u0130R \u2018 - TERCAN B&Ouml;LGE HABER<\/title>\n<meta name=\"robots\" content=\"index, follow, max-snippet:-1, max-image-preview:large, max-video-preview:-1\" \/>\n<link rel=\"canonical\" href=\"https:\/\/www.tercanbolgehaber.com\/index.php\/2022\/04\/21\/23-nisan-gelecek-nesillere-emanetinin-bir-nisanesidir\/\" \/>\n<meta property=\"og:locale\" content=\"tr_TR\" \/>\n<meta property=\"og:type\" content=\"article\" \/>\n<meta property=\"og:title\" content=\"23 N\u0130SAN GELECEK NES\u0130LLERE EMANET\u0130N\u0130N B\u0130R N\u0130\u015eANES\u0130D\u0130R \u2018 - TERCAN B&Ouml;LGE HABER\" \/>\n<meta property=\"og:description\" content=\"AKDEN\u0130Z BASIN B\u0130RL\u0130\u011e\u0130 BA\u015eKANI HAYDAR CO\u015eKUNFIRAT23 N\u0130SAN ULUSAL EGEMENL\u0130K VE \u00c7OCUK BAYRAMI DOLAYISIYLA YAYINLADI\u011eI MESAJDA&nbsp; \u201cULU \u00d6NDER GAZ\u0130 MUSTAFA KEMAL ATAT\u00dcRK\u2019\u00dcN, GEN\u00c7L\u0130K YILLARINDAN \u0130T\u0130BAREN KURDU\u011eU \u2018DEMOKRAS\u0130\u2019 D\u00dc\u015e\u00dc BEN HER KERAMET\u0130 MECL\u0130STEN BEKLEYENLERDEN\u0130M\u201923 N\u0130SAN GELECEK NES\u0130LLERE EMANET\u0130N\u0130N B\u0130R N\u0130\u015eANES\u0130D\u0130R \u2018\u2019 Mustafa Kemal, \u2018Ben her kerameti Meclisten bekleyenlerdenim\u2019 der. Meclisin sahip oldu\u011fu keramet ise \u015f\u00fcphesiz \u2018Egemenlik kay\u0131ts\u0131z [&hellip;]\" \/>\n<meta property=\"og:url\" content=\"https:\/\/www.tercanbolgehaber.com\/index.php\/2022\/04\/21\/23-nisan-gelecek-nesillere-emanetinin-bir-nisanesidir\/\" \/>\n<meta property=\"og:site_name\" content=\"TERCAN B&Ouml;LGE HABER\" \/>\n<meta property=\"article:published_time\" content=\"2022-04-21T07:27:06+00:00\" \/>\n<meta property=\"article:modified_time\" content=\"2022-04-21T07:27:08+00:00\" \/>\n<meta property=\"og:image\" content=\"https:\/\/www.tercanbolgehaber.com\/wp-content\/uploads\/2022\/04\/IMG_1184-scaled.jpg\" \/>\n\t<meta property=\"og:image:width\" content=\"2560\" \/>\n\t<meta property=\"og:image:height\" content=\"1707\" \/>\n\t<meta property=\"og:image:type\" content=\"image\/jpeg\" \/>\n<meta name=\"author\" content=\"Haydar Co\u015fkunf\u0131rat\" \/>\n<meta name=\"twitter:card\" content=\"summary_large_image\" \/>\n<meta name=\"twitter:label1\" content=\"Yazan:\" \/>\n\t<meta name=\"twitter:data1\" content=\"Haydar Co\u015fkunf\u0131rat\" \/>\n\t<meta name=\"twitter:label2\" content=\"Tahmini okuma s\u00fcresi\" \/>\n\t<meta name=\"twitter:data2\" content=\"1 dakika\" \/>\n<script type=\"application\/ld+json\" class=\"yoast-schema-graph\">{\"@context\":\"https:\/\/schema.org\",\"@graph\":[{\"@type\":\"Article\",\"@id\":\"https:\/\/www.tercanbolgehaber.com\/index.php\/2022\/04\/21\/23-nisan-gelecek-nesillere-emanetinin-bir-nisanesidir\/#article\",\"isPartOf\":{\"@id\":\"https:\/\/www.tercanbolgehaber.com\/index.php\/2022\/04\/21\/23-nisan-gelecek-nesillere-emanetinin-bir-nisanesidir\/\"},\"author\":{\"name\":\"Haydar Co\u015fkunf\u0131rat\",\"@id\":\"https:\/\/www.tercanbolgehaber.com\/#\/schema\/person\/588559f88c7997eaeefe12a53785fb5e\"},\"headline\":\"23 N\u0130SAN GELECEK NES\u0130LLERE EMANET\u0130N\u0130N B\u0130R N\u0130\u015eANES\u0130D\u0130R \u2018\",\"datePublished\":\"2022-04-21T07:27:06+00:00\",\"dateModified\":\"2022-04-21T07:27:08+00:00\",\"mainEntityOfPage\":{\"@id\":\"https:\/\/www.tercanbolgehaber.com\/index.php\/2022\/04\/21\/23-nisan-gelecek-nesillere-emanetinin-bir-nisanesidir\/\"},\"wordCount\":292,\"commentCount\":0,\"publisher\":{\"@id\":\"https:\/\/www.tercanbolgehaber.com\/#organization\"},\"image\":{\"@id\":\"https:\/\/www.tercanbolgehaber.com\/index.php\/2022\/04\/21\/23-nisan-gelecek-nesillere-emanetinin-bir-nisanesidir\/#primaryimage\"},\"thumbnailUrl\":\"https:\/\/www.tercanbolgehaber.com\/wp-content\/uploads\/2022\/04\/IMG_1184-scaled.jpg\",\"articleSection\":[\"D\u00fcnya\",\"Man\u015fet\"],\"inLanguage\":\"tr\",\"potentialAction\":[{\"@type\":\"CommentAction\",\"name\":\"Comment\",\"target\":[\"https:\/\/www.tercanbolgehaber.com\/index.php\/2022\/04\/21\/23-nisan-gelecek-nesillere-emanetinin-bir-nisanesidir\/#respond\"]}]},{\"@type\":\"WebPage\",\"@id\":\"https:\/\/www.tercanbolgehaber.com\/index.php\/2022\/04\/21\/23-nisan-gelecek-nesillere-emanetinin-bir-nisanesidir\/\",\"url\":\"https:\/\/www.tercanbolgehaber.com\/index.php\/2022\/04\/21\/23-nisan-gelecek-nesillere-emanetinin-bir-nisanesidir\/\",\"name\":\"23 N\u0130SAN GELECEK NES\u0130LLERE EMANET\u0130N\u0130N B\u0130R N\u0130\u015eANES\u0130D\u0130R \u2018 - TERCAN B&Ouml;LGE HABER\",\"isPartOf\":{\"@id\":\"https:\/\/www.tercanbolgehaber.com\/#website\"},\"primaryImageOfPage\":{\"@id\":\"https:\/\/www.tercanbolgehaber.com\/index.php\/2022\/04\/21\/23-nisan-gelecek-nesillere-emanetinin-bir-nisanesidir\/#primaryimage\"},\"image\":{\"@id\":\"https:\/\/www.tercanbolgehaber.com\/index.php\/2022\/04\/21\/23-nisan-gelecek-nesillere-emanetinin-bir-nisanesidir\/#primaryimage\"},\"thumbnailUrl\":\"https:\/\/www.tercanbolgehaber.com\/wp-content\/uploads\/2022\/04\/IMG_1184-scaled.jpg\",\"datePublished\":\"2022-04-21T07:27:06+00:00\",\"dateModified\":\"2022-04-21T07:27:08+00:00\",\"breadcrumb\":{\"@id\":\"https:\/\/www.tercanbolgehaber.com\/index.php\/2022\/04\/21\/23-nisan-gelecek-nesillere-emanetinin-bir-nisanesidir\/#breadcrumb\"},\"inLanguage\":\"tr\",\"potentialAction\":[{\"@type\":\"ReadAction\",\"target\":[\"https:\/\/www.tercanbolgehaber.com\/index.php\/2022\/04\/21\/23-nisan-gelecek-nesillere-emanetinin-bir-nisanesidir\/\"]}]},{\"@type\":\"ImageObject\",\"inLanguage\":\"tr\",\"@id\":\"https:\/\/www.tercanbolgehaber.com\/index.php\/2022\/04\/21\/23-nisan-gelecek-nesillere-emanetinin-bir-nisanesidir\/#primaryimage\",\"url\":\"https:\/\/www.tercanbolgehaber.com\/wp-content\/uploads\/2022\/04\/IMG_1184-scaled.jpg\",\"contentUrl\":\"https:\/\/www.tercanbolgehaber.com\/wp-content\/uploads\/2022\/04\/IMG_1184-scaled.jpg\",\"width\":2560,\"height\":1707},{\"@type\":\"BreadcrumbList\",\"@id\":\"https:\/\/www.tercanbolgehaber.com\/index.php\/2022\/04\/21\/23-nisan-gelecek-nesillere-emanetinin-bir-nisanesidir\/#breadcrumb\",\"itemListElement\":[{\"@type\":\"ListItem\",\"position\":1,\"name\":\"Anasayfa\",\"item\":\"https:\/\/www.tercanbolgehaber.com\/\"},{\"@type\":\"ListItem\",\"position\":2,\"name\":\"23 N\u0130SAN GELECEK NES\u0130LLERE EMANET\u0130N\u0130N B\u0130R N\u0130\u015eANES\u0130D\u0130R \u2018\"}]},{\"@type\":\"WebSite\",\"@id\":\"https:\/\/www.tercanbolgehaber.com\/#website\",\"url\":\"https:\/\/www.tercanbolgehaber.com\/\",\"name\":\"TERCAN B&Ouml;LGE HABER\",\"description\":\"HALK'IN HABER PORTALI\",\"publisher\":{\"@id\":\"https:\/\/www.tercanbolgehaber.com\/#organization\"},\"potentialAction\":[{\"@type\":\"SearchAction\",\"target\":{\"@type\":\"EntryPoint\",\"urlTemplate\":\"https:\/\/www.tercanbolgehaber.com\/?s={search_term_string}\"},\"query-input\":{\"@type\":\"PropertyValueSpecification\",\"valueRequired\":true,\"valueName\":\"search_term_string\"}}],\"inLanguage\":\"tr\"},{\"@type\":\"Organization\",\"@id\":\"https:\/\/www.tercanbolgehaber.com\/#organization\",\"name\":\"Tercan B\u00f6lge Haber\",\"url\":\"https:\/\/www.tercanbolgehaber.com\/\",\"logo\":{\"@type\":\"ImageObject\",\"inLanguage\":\"tr\",\"@id\":\"https:\/\/www.tercanbolgehaber.com\/#\/schema\/logo\/image\/\",\"url\":\"http:\/\/www.tercanbolgehaber.com\/wp-content\/uploads\/2022\/04\/logo_yeni.png\",\"contentUrl\":\"http:\/\/www.tercanbolgehaber.com\/wp-content\/uploads\/2022\/04\/logo_yeni.png\",\"width\":250,\"height\":123,\"caption\":\"Tercan B\u00f6lge Haber\"},\"image\":{\"@id\":\"https:\/\/www.tercanbolgehaber.com\/#\/schema\/logo\/image\/\"}},{\"@type\":\"Person\",\"@id\":\"https:\/\/www.tercanbolgehaber.com\/#\/schema\/person\/588559f88c7997eaeefe12a53785fb5e\",\"name\":\"Haydar Co\u015fkunf\u0131rat\",\"image\":{\"@type\":\"ImageObject\",\"inLanguage\":\"tr\",\"@id\":\"https:\/\/secure.gravatar.com\/avatar\/1992688ffa73c31cf68142c3401bd1f8b600612718310d5da53a0f7a4a562ace?s=96&d=mm&r=g\",\"url\":\"https:\/\/secure.gravatar.com\/avatar\/1992688ffa73c31cf68142c3401bd1f8b600612718310d5da53a0f7a4a562ace?s=96&d=mm&r=g\",\"contentUrl\":\"https:\/\/secure.gravatar.com\/avatar\/1992688ffa73c31cf68142c3401bd1f8b600612718310d5da53a0f7a4a562ace?s=96&d=mm&r=g\",\"caption\":\"Haydar Co\u015fkunf\u0131rat\"},\"url\":\"https:\/\/www.tercanbolgehaber.com\/index.php\/author\/haydar\/\"}]}<\/script>\n<!-- \/ Yoast SEO plugin. -->","yoast_head_json":{"title":"23 N\u0130SAN GELECEK NES\u0130LLERE EMANET\u0130N\u0130N B\u0130R N\u0130\u015eANES\u0130D\u0130R \u2018 - TERCAN B&Ouml;LGE HABER","robots":{"index":"index","follow":"follow","max-snippet":"max-snippet:-1","max-image-preview":"max-image-preview:large","max-video-preview":"max-video-preview:-1"},"canonical":"https:\/\/www.tercanbolgehaber.com\/index.php\/2022\/04\/21\/23-nisan-gelecek-nesillere-emanetinin-bir-nisanesidir\/","og_locale":"tr_TR","og_type":"article","og_title":"23 N\u0130SAN GELECEK NES\u0130LLERE EMANET\u0130N\u0130N B\u0130R N\u0130\u015eANES\u0130D\u0130R \u2018 - TERCAN B&Ouml;LGE HABER","og_description":"AKDEN\u0130Z BASIN B\u0130RL\u0130\u011e\u0130 BA\u015eKANI HAYDAR CO\u015eKUNFIRAT23 N\u0130SAN ULUSAL EGEMENL\u0130K VE \u00c7OCUK BAYRAMI DOLAYISIYLA YAYINLADI\u011eI MESAJDA&nbsp; \u201cULU \u00d6NDER GAZ\u0130 MUSTAFA KEMAL ATAT\u00dcRK\u2019\u00dcN, GEN\u00c7L\u0130K YILLARINDAN \u0130T\u0130BAREN KURDU\u011eU \u2018DEMOKRAS\u0130\u2019 D\u00dc\u015e\u00dc BEN HER KERAMET\u0130 MECL\u0130STEN BEKLEYENLERDEN\u0130M\u201923 N\u0130SAN GELECEK NES\u0130LLERE EMANET\u0130N\u0130N B\u0130R N\u0130\u015eANES\u0130D\u0130R \u2018\u2019 Mustafa Kemal, \u2018Ben her kerameti Meclisten bekleyenlerdenim\u2019 der. Meclisin sahip oldu\u011fu keramet ise \u015f\u00fcphesiz \u2018Egemenlik kay\u0131ts\u0131z [&hellip;]","og_url":"https:\/\/www.tercanbolgehaber.com\/index.php\/2022\/04\/21\/23-nisan-gelecek-nesillere-emanetinin-bir-nisanesidir\/","og_site_name":"TERCAN B&Ouml;LGE HABER","article_published_time":"2022-04-21T07:27:06+00:00","article_modified_time":"2022-04-21T07:27:08+00:00","og_image":[{"width":2560,"height":1707,"url":"https:\/\/www.tercanbolgehaber.com\/wp-content\/uploads\/2022\/04\/IMG_1184-scaled.jpg","type":"image\/jpeg"}],"author":"Haydar Co\u015fkunf\u0131rat","twitter_card":"summary_large_image","twitter_misc":{"Yazan:":"Haydar Co\u015fkunf\u0131rat","Tahmini okuma s\u00fcresi":"1 dakika"},"schema":{"@context":"https:\/\/schema.org","@graph":[{"@type":"Article","@id":"https:\/\/www.tercanbolgehaber.com\/index.php\/2022\/04\/21\/23-nisan-gelecek-nesillere-emanetinin-bir-nisanesidir\/#article","isPartOf":{"@id":"https:\/\/www.tercanbolgehaber.com\/index.php\/2022\/04\/21\/23-nisan-gelecek-nesillere-emanetinin-bir-nisanesidir\/"},"author":{"name":"Haydar Co\u015fkunf\u0131rat","@id":"https:\/\/www.tercanbolgehaber.com\/#\/schema\/person\/588559f88c7997eaeefe12a53785fb5e"},"headline":"23 N\u0130SAN GELECEK NES\u0130LLERE EMANET\u0130N\u0130N B\u0130R N\u0130\u015eANES\u0130D\u0130R \u2018","datePublished":"2022-04-21T07:27:06+00:00","dateModified":"2022-04-21T07:27:08+00:00","mainEntityOfPage":{"@id":"https:\/\/www.tercanbolgehaber.com\/index.php\/2022\/04\/21\/23-nisan-gelecek-nesillere-emanetinin-bir-nisanesidir\/"},"wordCount":292,"commentCount":0,"publisher":{"@id":"https:\/\/www.tercanbolgehaber.com\/#organization"},"image":{"@id":"https:\/\/www.tercanbolgehaber.com\/index.php\/2022\/04\/21\/23-nisan-gelecek-nesillere-emanetinin-bir-nisanesidir\/#primaryimage"},"thumbnailUrl":"https:\/\/www.tercanbolgehaber.com\/wp-content\/uploads\/2022\/04\/IMG_1184-scaled.jpg","articleSection":["D\u00fcnya","Man\u015fet"],"inLanguage":"tr","potentialAction":[{"@type":"CommentAction","name":"Comment","target":["https:\/\/www.tercanbolgehaber.com\/index.php\/2022\/04\/21\/23-nisan-gelecek-nesillere-emanetinin-bir-nisanesidir\/#respond"]}]},{"@type":"WebPage","@id":"https:\/\/www.tercanbolgehaber.com\/index.php\/2022\/04\/21\/23-nisan-gelecek-nesillere-emanetinin-bir-nisanesidir\/","url":"https:\/\/www.tercanbolgehaber.com\/index.php\/2022\/04\/21\/23-nisan-gelecek-nesillere-emanetinin-bir-nisanesidir\/","name":"23 N\u0130SAN GELECEK NES\u0130LLERE EMANET\u0130N\u0130N B\u0130R N\u0130\u015eANES\u0130D\u0130R \u2018 - TERCAN B&Ouml;LGE HABER","isPartOf":{"@id":"https:\/\/www.tercanbolgehaber.com\/#website"},"primaryImageOfPage":{"@id":"https:\/\/www.tercanbolgehaber.com\/index.php\/2022\/04\/21\/23-nisan-gelecek-nesillere-emanetinin-bir-nisanesidir\/#primaryimage"},"image":{"@id":"https:\/\/www.tercanbolgehaber.com\/index.php\/2022\/04\/21\/23-nisan-gelecek-nesillere-emanetinin-bir-nisanesidir\/#primaryimage"},"thumbnailUrl":"https:\/\/www.tercanbolgehaber.com\/wp-content\/uploads\/2022\/04\/IMG_1184-scaled.jpg","datePublished":"2022-04-21T07:27:06+00:00","dateModified":"2022-04-21T07:27:08+00:00","breadcrumb":{"@id":"https:\/\/www.tercanbolgehaber.com\/index.php\/2022\/04\/21\/23-nisan-gelecek-nesillere-emanetinin-bir-nisanesidir\/#breadcrumb"},"inLanguage":"tr","potentialAction":[{"@type":"ReadAction","target":["https:\/\/www.tercanbolgehaber.com\/index.php\/2022\/04\/21\/23-nisan-gelecek-nesillere-emanetinin-bir-nisanesidir\/"]}]},{"@type":"ImageObject","inLanguage":"tr","@id":"https:\/\/www.tercanbolgehaber.com\/index.php\/2022\/04\/21\/23-nisan-gelecek-nesillere-emanetinin-bir-nisanesidir\/#primaryimage","url":"https:\/\/www.tercanbolgehaber.com\/wp-content\/uploads\/2022\/04\/IMG_1184-scaled.jpg","contentUrl":"https:\/\/www.tercanbolgehaber.com\/wp-content\/uploads\/2022\/04\/IMG_1184-scaled.jpg","width":2560,"height":1707},{"@type":"BreadcrumbList","@id":"https:\/\/www.tercanbolgehaber.com\/index.php\/2022\/04\/21\/23-nisan-gelecek-nesillere-emanetinin-bir-nisanesidir\/#breadcrumb","itemListElement":[{"@type":"ListItem","position":1,"name":"Anasayfa","item":"https:\/\/www.tercanbolgehaber.com\/"},{"@type":"ListItem","position":2,"name":"23 N\u0130SAN GELECEK NES\u0130LLERE EMANET\u0130N\u0130N B\u0130R N\u0130\u015eANES\u0130D\u0130R \u2018"}]},{"@type":"WebSite","@id":"https:\/\/www.tercanbolgehaber.com\/#website","url":"https:\/\/www.tercanbolgehaber.com\/","name":"TERCAN B&Ouml;LGE HABER","description":"HALK'IN HABER PORTALI","publisher":{"@id":"https:\/\/www.tercanbolgehaber.com\/#organization"},"potentialAction":[{"@type":"SearchAction","target":{"@type":"EntryPoint","urlTemplate":"https:\/\/www.tercanbolgehaber.com\/?s={search_term_string}"},"query-input":{"@type":"PropertyValueSpecification","valueRequired":true,"valueName":"search_term_string"}}],"inLanguage":"tr"},{"@type":"Organization","@id":"https:\/\/www.tercanbolgehaber.com\/#organization","name":"Tercan B\u00f6lge Haber","url":"https:\/\/www.tercanbolgehaber.com\/","logo":{"@type":"ImageObject","inLanguage":"tr","@id":"https:\/\/www.tercanbolgehaber.com\/#\/schema\/logo\/image\/","url":"http:\/\/www.tercanbolgehaber.com\/wp-content\/uploads\/2022\/04\/logo_yeni.png","contentUrl":"http:\/\/www.tercanbolgehaber.com\/wp-content\/uploads\/2022\/04\/logo_yeni.png","width":250,"height":123,"caption":"Tercan B\u00f6lge Haber"},"image":{"@id":"https:\/\/www.tercanbolgehaber.com\/#\/schema\/logo\/image\/"}},{"@type":"Person","@id":"https:\/\/www.tercanbolgehaber.com\/#\/schema\/person\/588559f88c7997eaeefe12a53785fb5e","name":"Haydar Co\u015fkunf\u0131rat","image":{"@type":"ImageObject","inLanguage":"tr","@id":"https:\/\/secure.gravatar.com\/avatar\/1992688ffa73c31cf68142c3401bd1f8b600612718310d5da53a0f7a4a562ace?s=96&d=mm&r=g","url":"https:\/\/secure.gravatar.com\/avatar\/1992688ffa73c31cf68142c3401bd1f8b600612718310d5da53a0f7a4a562ace?s=96&d=mm&r=g","contentUrl":"https:\/\/secure.gravatar.com\/avatar\/1992688ffa73c31cf68142c3401bd1f8b600612718310d5da53a0f7a4a562ace?s=96&d=mm&r=g","caption":"Haydar Co\u015fkunf\u0131rat"},"url":"https:\/\/www.tercanbolgehaber.com\/index.php\/author\/haydar\/"}]}},"_links":{"self":[{"href":"https:\/\/www.tercanbolgehaber.com\/index.php\/wp-json\/wp\/v2\/posts\/468","targetHints":{"allow":["GET"]}}],"collection":[{"href":"https:\/\/www.tercanbolgehaber.com\/index.php\/wp-json\/wp\/v2\/posts"}],"about":[{"href":"https:\/\/www.tercanbolgehaber.com\/index.php\/wp-json\/wp\/v2\/types\/post"}],"author":[{"embeddable":true,"href":"https:\/\/www.tercanbolgehaber.com\/index.php\/wp-json\/wp\/v2\/users\/2"}],"replies":[{"embeddable":true,"href":"https:\/\/www.tercanbolgehaber.com\/index.php\/wp-json\/wp\/v2\/comments?post=468"}],"version-history":[{"count":1,"href":"https:\/\/www.tercanbolgehaber.com\/index.php\/wp-json\/wp\/v2\/posts\/468\/revisions"}],"predecessor-version":[{"id":471,"href":"https:\/\/www.tercanbolgehaber.com\/index.php\/wp-json\/wp\/v2\/posts\/468\/revisions\/471"}],"wp:featuredmedia":[{"embeddable":true,"href":"https:\/\/www.tercanbolgehaber.com\/index.php\/wp-json\/wp\/v2\/media\/469"}],"wp:attachment":[{"href":"https:\/\/www.tercanbolgehaber.com\/index.php\/wp-json\/wp\/v2\/media?parent=468"}],"wp:term":[{"taxonomy":"category","embeddable":true,"href":"https:\/\/www.tercanbolgehaber.com\/index.php\/wp-json\/wp\/v2\/categories?post=468"},{"taxonomy":"post_tag","embeddable":true,"href":"https:\/\/www.tercanbolgehaber.com\/index.php\/wp-json\/wp\/v2\/tags?post=468"}],"curies":[{"name":"wp","href":"https:\/\/api.w.org\/{rel}","templated":true}]}}