{"id":458,"date":"2022-04-19T09:30:21","date_gmt":"2022-04-19T09:30:21","guid":{"rendered":"http:\/\/www.tercanbolgehaber.com\/?p=458"},"modified":"2022-04-19T09:30:23","modified_gmt":"2022-04-19T09:30:23","slug":"kaymakam-celik-yetimler-gununde-yetimlerle-iftarini-acti","status":"publish","type":"post","link":"https:\/\/www.tercanbolgehaber.com\/index.php\/2022\/04\/19\/kaymakam-celik-yetimler-gununde-yetimlerle-iftarini-acti\/","title":{"rendered":"KAYMAKAM \u00c7EL\u0130K YET\u0130MLER G\u00dcN\u00dcNDE YET\u0130MLERLE \u0130FTARINI A\u00c7TI"},"content":{"rendered":"\n<p class=\"has-vivid-cyan-blue-background-color has-background\"> TERCAN \u0130L\u00c7ES\u0130NDE KAYMAKAM MUSA KAZIM \u00c7EL\u0130K VE E\u015e\u0130 SABAH \u201cD\u00dcNYA YET\u0130MLER G\u00dcN\u00dc\u201d M\u00dcNASEBET\u0130 LE D\u00dcZENLENEN \u0130FTAR YEME\u011e\u0130NE KATILDI.KAYMAKAM \u00c7EL\u0130K  PEYGAMBER EFEND\u0130M\u0130Z, &#8216;ALLAH RIZASI \u0130\u00c7\u0130N B\u0130R YET\u0130M\u0130N BA\u015eINI OK\u015eAYAN, ONUN SA\u00c7ININ TEL\u0130 KADAR M\u00dcK\u00c2FATLANDIRILACAKTIR.&#8217;<\/p>\n\n\n\n<p class=\"has-luminous-vivid-amber-background-color has-background\">(TERCAN B\u00d6LGE HABER )HAYDAR CO\u015eKUNFIRAT<\/p>\n\n\n\n<figure class=\"wp-block-image size-full\"><img loading=\"lazy\" decoding=\"async\" width=\"960\" height=\"640\" src=\"http:\/\/www.tercanbolgehaber.com\/wp-content\/uploads\/2022\/04\/278597595_10227495202789367_7886544324957961257_n.jpg\" alt=\"\" class=\"wp-image-460\" srcset=\"https:\/\/www.tercanbolgehaber.com\/wp-content\/uploads\/2022\/04\/278597595_10227495202789367_7886544324957961257_n.jpg 960w, https:\/\/www.tercanbolgehaber.com\/wp-content\/uploads\/2022\/04\/278597595_10227495202789367_7886544324957961257_n-300x200.jpg 300w, https:\/\/www.tercanbolgehaber.com\/wp-content\/uploads\/2022\/04\/278597595_10227495202789367_7886544324957961257_n-768x512.jpg 768w, https:\/\/www.tercanbolgehaber.com\/wp-content\/uploads\/2022\/04\/278597595_10227495202789367_7886544324957961257_n-696x464.jpg 696w\" sizes=\"auto, (max-width: 960px) 100vw, 960px\" \/><\/figure>\n\n\n\n<p>TERCANDA &nbsp;\u201cD\u00fcnya Yetimler G\u00fcn\u00fc\u201d olarak kabul ediLEN. Bu vesileyle Tercan Kaymakaml\u0131\u011f\u0131nca il\u00e7e \u00d6\u011fretmen evinde \u00f6ks\u00fcz ve yetim \u00e7ocuklarla, ailelerine y\u00f6nelik iftar program\u0131 d\u00fczenlendi.<\/p>\n\n\n\n<p>D\u00fczenlenen iftar program\u0131nda konu\u015fan Kaymakam Musa Kaz\u0131m \u00c7elik \u201cRahmet kap\u0131lar\u0131n\u0131n ard\u0131na kadar a\u00e7\u0131k oldu\u011fu bu kutlu ayda, tuttu\u011fumuz oru\u00e7lar\u0131n yapt\u0131\u011f\u0131m\u0131z ve yapaca\u011f\u0131m\u0131z t\u00fcm ibadetlerin Cenab\u0131 hak kat\u0131nda kabul olmas\u0131n\u0131 niyaz ediyorum. Bildi\u011fimiz \u00fczere Peygamber Efendimiz Hz. Muhammed (S.A.V.) daha do\u011fmadan babas\u0131n\u0131 ve 6 ya\u015f\u0131ndayken de annesini kaybetmi\u015ftir. Peygamber Efendimiz, &#8216;Allah r\u0131zas\u0131 i\u00e7in bir yetimin ba\u015f\u0131n\u0131 ok\u015fayan, onun sa\u00e7\u0131n\u0131n teli kadar m\u00fck\u00e2fatland\u0131r\u0131lacakt\u0131r.&#8217; diyor.<\/p>\n\n\n\n<figure class=\"wp-block-image size-full\"><img loading=\"lazy\" decoding=\"async\" width=\"960\" height=\"640\" src=\"http:\/\/www.tercanbolgehaber.com\/wp-content\/uploads\/2022\/04\/278599738_10227495202029348_5505198459204801043_n.jpg\" alt=\"\" class=\"wp-image-461\" srcset=\"https:\/\/www.tercanbolgehaber.com\/wp-content\/uploads\/2022\/04\/278599738_10227495202029348_5505198459204801043_n.jpg 960w, https:\/\/www.tercanbolgehaber.com\/wp-content\/uploads\/2022\/04\/278599738_10227495202029348_5505198459204801043_n-300x200.jpg 300w, https:\/\/www.tercanbolgehaber.com\/wp-content\/uploads\/2022\/04\/278599738_10227495202029348_5505198459204801043_n-768x512.jpg 768w, https:\/\/www.tercanbolgehaber.com\/wp-content\/uploads\/2022\/04\/278599738_10227495202029348_5505198459204801043_n-696x464.jpg 696w\" sizes=\"auto, (max-width: 960px) 100vw, 960px\" \/><\/figure>\n\n\n\n<p> Yetim bir Peygamberin \u00dcmmetiyiz. Biz sizlerin hizmetinizdeyiz. Gerek Kaymakaml\u0131\u011f\u0131m\u0131z, gerek Belediye Ba\u015fkanl\u0131\u011f\u0131m\u0131z gerekse di\u011fer kurumlar\u0131m\u0131z ile her zaman d\u00fcn oldu\u011fu gibi bug\u00fcn ve yar\u0131nda bizler yetim ve \u00f6ks\u00fcz karde\u015flerimizin yan\u0131nday\u0131z, her zaman g\u00f6n\u00fcl rahatl\u0131\u011f\u0131yla Devletimizin kap\u0131s\u0131n\u0131 \u00e7alabilirsiniz, bir husus unutulmamal\u0131d\u0131r ki T\u00fcrkiye Cumhuriyetinin oldu\u011fu bir yer de kimse kimsesiz de\u011fildir\u201d diyerek yeme\u011fe kat\u0131l\u0131m sa\u011flayan t\u00fcm misafirlere te\u015fekk\u00fcrlerini iletti.<\/p>\n\n\n\n<figure class=\"wp-block-image size-full is-style-rounded\"><img loading=\"lazy\" decoding=\"async\" width=\"960\" height=\"640\" src=\"http:\/\/www.tercanbolgehaber.com\/wp-content\/uploads\/2022\/04\/278602488_10227495200829318_4058424840549745745_n.jpg\" alt=\"\" class=\"wp-image-462\" srcset=\"https:\/\/www.tercanbolgehaber.com\/wp-content\/uploads\/2022\/04\/278602488_10227495200829318_4058424840549745745_n.jpg 960w, https:\/\/www.tercanbolgehaber.com\/wp-content\/uploads\/2022\/04\/278602488_10227495200829318_4058424840549745745_n-300x200.jpg 300w, https:\/\/www.tercanbolgehaber.com\/wp-content\/uploads\/2022\/04\/278602488_10227495200829318_4058424840549745745_n-768x512.jpg 768w, https:\/\/www.tercanbolgehaber.com\/wp-content\/uploads\/2022\/04\/278602488_10227495200829318_4058424840549745745_n-696x464.jpg 696w\" sizes=\"auto, (max-width: 960px) 100vw, 960px\" \/><\/figure>\n\n\n\n<p>\u00d6ks\u00fcz ve yetim \u00e7ocuklar ad\u0131na d\u00fczenlenen iftar yeme\u011fi program\u0131na Kaymakam\u0131m\u0131z Musa Kaz\u0131m \u00c7elik , E\u015fi&nbsp; Sabah \u00c7elik , Tercan Belediye Ba\u015fkan\u0131 Lokman G\u00fcltekin&#8217;, Kurum Amirleri, \u00f6ks\u00fcz, yetim \u00e7ocuklar ve aileleri kat\u0131ld\u0131.<\/p>\n","protected":false},"excerpt":{"rendered":"<p>TERCAN \u0130L\u00c7ES\u0130NDE KAYMAKAM MUSA KAZIM \u00c7EL\u0130K VE E\u015e\u0130 SABAH \u201cD\u00dcNYA YET\u0130MLER G\u00dcN\u00dc\u201d M\u00dcNASEBET\u0130 LE D\u00dcZENLENEN \u0130FTAR YEME\u011e\u0130NE KATILDI.KAYMAKAM \u00c7EL\u0130K PEYGAMBER EFEND\u0130M\u0130Z, &#8216;ALLAH RIZASI \u0130\u00c7\u0130N B\u0130R YET\u0130M\u0130N BA\u015eINI OK\u015eAYAN, ONUN SA\u00c7ININ TEL\u0130 KADAR M\u00dcK\u00c2FATLANDIRILACAKTIR.&#8217; (TERCAN B\u00d6LGE HABER )HAYDAR CO\u015eKUNFIRAT TERCANDA &nbsp;\u201cD\u00fcnya Yetimler G\u00fcn\u00fc\u201d olarak kabul ediLEN. Bu vesileyle Tercan Kaymakaml\u0131\u011f\u0131nca il\u00e7e \u00d6\u011fretmen evinde \u00f6ks\u00fcz ve yetim [&hellip;]<\/p>\n","protected":false},"author":2,"featured_media":459,"comment_status":"open","ping_status":"open","sticky":false,"template":"","format":"standard","meta":{"footnotes":""},"categories":[31,35,36],"tags":[],"class_list":{"0":"post-458","1":"post","2":"type-post","3":"status-publish","4":"format-standard","5":"has-post-thumbnail","7":"category-cevre","8":"category-manset","9":"category-medya"},"yoast_head":"<!-- This site is optimized with the Yoast SEO plugin v27.2 - https:\/\/yoast.com\/product\/yoast-seo-wordpress\/ -->\n<title>KAYMAKAM \u00c7EL\u0130K YET\u0130MLER G\u00dcN\u00dcNDE YET\u0130MLERLE \u0130FTARINI A\u00c7TI - TERCAN B&Ouml;LGE HABER<\/title>\n<meta name=\"robots\" content=\"index, follow, max-snippet:-1, max-image-preview:large, max-video-preview:-1\" \/>\n<link rel=\"canonical\" href=\"https:\/\/www.tercanbolgehaber.com\/index.php\/2022\/04\/19\/kaymakam-celik-yetimler-gununde-yetimlerle-iftarini-acti\/\" \/>\n<meta property=\"og:locale\" content=\"tr_TR\" \/>\n<meta property=\"og:type\" content=\"article\" \/>\n<meta property=\"og:title\" content=\"KAYMAKAM \u00c7EL\u0130K YET\u0130MLER G\u00dcN\u00dcNDE YET\u0130MLERLE \u0130FTARINI A\u00c7TI - TERCAN B&Ouml;LGE HABER\" \/>\n<meta property=\"og:description\" content=\"TERCAN \u0130L\u00c7ES\u0130NDE KAYMAKAM MUSA KAZIM \u00c7EL\u0130K VE E\u015e\u0130 SABAH \u201cD\u00dcNYA YET\u0130MLER G\u00dcN\u00dc\u201d M\u00dcNASEBET\u0130 LE D\u00dcZENLENEN \u0130FTAR YEME\u011e\u0130NE KATILDI.KAYMAKAM \u00c7EL\u0130K PEYGAMBER EFEND\u0130M\u0130Z, &#8216;ALLAH RIZASI \u0130\u00c7\u0130N B\u0130R YET\u0130M\u0130N BA\u015eINI OK\u015eAYAN, ONUN SA\u00c7ININ TEL\u0130 KADAR M\u00dcK\u00c2FATLANDIRILACAKTIR.&#8217; (TERCAN B\u00d6LGE HABER )HAYDAR CO\u015eKUNFIRAT TERCANDA &nbsp;\u201cD\u00fcnya Yetimler G\u00fcn\u00fc\u201d olarak kabul ediLEN. Bu vesileyle Tercan Kaymakaml\u0131\u011f\u0131nca il\u00e7e \u00d6\u011fretmen evinde \u00f6ks\u00fcz ve yetim [&hellip;]\" \/>\n<meta property=\"og:url\" content=\"https:\/\/www.tercanbolgehaber.com\/index.php\/2022\/04\/19\/kaymakam-celik-yetimler-gununde-yetimlerle-iftarini-acti\/\" \/>\n<meta property=\"og:site_name\" content=\"TERCAN B&Ouml;LGE HABER\" \/>\n<meta property=\"article:published_time\" content=\"2022-04-19T09:30:21+00:00\" \/>\n<meta property=\"article:modified_time\" content=\"2022-04-19T09:30:23+00:00\" \/>\n<meta property=\"og:image\" content=\"https:\/\/www.tercanbolgehaber.com\/wp-content\/uploads\/2022\/04\/278584027_10227495199389282_6256961512748482351_n.jpg\" \/>\n\t<meta property=\"og:image:width\" content=\"960\" \/>\n\t<meta property=\"og:image:height\" content=\"640\" \/>\n\t<meta property=\"og:image:type\" content=\"image\/jpeg\" \/>\n<meta name=\"author\" content=\"Haydar Co\u015fkunf\u0131rat\" \/>\n<meta name=\"twitter:card\" content=\"summary_large_image\" \/>\n<meta name=\"twitter:label1\" content=\"Yazan:\" \/>\n\t<meta name=\"twitter:data1\" content=\"Haydar Co\u015fkunf\u0131rat\" \/>\n\t<meta name=\"twitter:label2\" content=\"Tahmini okuma s\u00fcresi\" \/>\n\t<meta name=\"twitter:data2\" content=\"2 dakika\" \/>\n<script type=\"application\/ld+json\" class=\"yoast-schema-graph\">{\"@context\":\"https:\/\/schema.org\",\"@graph\":[{\"@type\":\"Article\",\"@id\":\"https:\/\/www.tercanbolgehaber.com\/index.php\/2022\/04\/19\/kaymakam-celik-yetimler-gununde-yetimlerle-iftarini-acti\/#article\",\"isPartOf\":{\"@id\":\"https:\/\/www.tercanbolgehaber.com\/index.php\/2022\/04\/19\/kaymakam-celik-yetimler-gununde-yetimlerle-iftarini-acti\/\"},\"author\":{\"name\":\"Haydar Co\u015fkunf\u0131rat\",\"@id\":\"https:\/\/www.tercanbolgehaber.com\/#\/schema\/person\/588559f88c7997eaeefe12a53785fb5e\"},\"headline\":\"KAYMAKAM \u00c7EL\u0130K YET\u0130MLER G\u00dcN\u00dcNDE YET\u0130MLERLE \u0130FTARINI A\u00c7TI\",\"datePublished\":\"2022-04-19T09:30:21+00:00\",\"dateModified\":\"2022-04-19T09:30:23+00:00\",\"mainEntityOfPage\":{\"@id\":\"https:\/\/www.tercanbolgehaber.com\/index.php\/2022\/04\/19\/kaymakam-celik-yetimler-gununde-yetimlerle-iftarini-acti\/\"},\"wordCount\":338,\"commentCount\":0,\"publisher\":{\"@id\":\"https:\/\/www.tercanbolgehaber.com\/#organization\"},\"image\":{\"@id\":\"https:\/\/www.tercanbolgehaber.com\/index.php\/2022\/04\/19\/kaymakam-celik-yetimler-gununde-yetimlerle-iftarini-acti\/#primaryimage\"},\"thumbnailUrl\":\"https:\/\/www.tercanbolgehaber.com\/wp-content\/uploads\/2022\/04\/278584027_10227495199389282_6256961512748482351_n.jpg\",\"articleSection\":[\"\u00c7evre\",\"Man\u015fet\",\"Medya\"],\"inLanguage\":\"tr\",\"potentialAction\":[{\"@type\":\"CommentAction\",\"name\":\"Comment\",\"target\":[\"https:\/\/www.tercanbolgehaber.com\/index.php\/2022\/04\/19\/kaymakam-celik-yetimler-gununde-yetimlerle-iftarini-acti\/#respond\"]}]},{\"@type\":\"WebPage\",\"@id\":\"https:\/\/www.tercanbolgehaber.com\/index.php\/2022\/04\/19\/kaymakam-celik-yetimler-gununde-yetimlerle-iftarini-acti\/\",\"url\":\"https:\/\/www.tercanbolgehaber.com\/index.php\/2022\/04\/19\/kaymakam-celik-yetimler-gununde-yetimlerle-iftarini-acti\/\",\"name\":\"KAYMAKAM \u00c7EL\u0130K YET\u0130MLER G\u00dcN\u00dcNDE YET\u0130MLERLE \u0130FTARINI A\u00c7TI - TERCAN B&Ouml;LGE HABER\",\"isPartOf\":{\"@id\":\"https:\/\/www.tercanbolgehaber.com\/#website\"},\"primaryImageOfPage\":{\"@id\":\"https:\/\/www.tercanbolgehaber.com\/index.php\/2022\/04\/19\/kaymakam-celik-yetimler-gununde-yetimlerle-iftarini-acti\/#primaryimage\"},\"image\":{\"@id\":\"https:\/\/www.tercanbolgehaber.com\/index.php\/2022\/04\/19\/kaymakam-celik-yetimler-gununde-yetimlerle-iftarini-acti\/#primaryimage\"},\"thumbnailUrl\":\"https:\/\/www.tercanbolgehaber.com\/wp-content\/uploads\/2022\/04\/278584027_10227495199389282_6256961512748482351_n.jpg\",\"datePublished\":\"2022-04-19T09:30:21+00:00\",\"dateModified\":\"2022-04-19T09:30:23+00:00\",\"breadcrumb\":{\"@id\":\"https:\/\/www.tercanbolgehaber.com\/index.php\/2022\/04\/19\/kaymakam-celik-yetimler-gununde-yetimlerle-iftarini-acti\/#breadcrumb\"},\"inLanguage\":\"tr\",\"potentialAction\":[{\"@type\":\"ReadAction\",\"target\":[\"https:\/\/www.tercanbolgehaber.com\/index.php\/2022\/04\/19\/kaymakam-celik-yetimler-gununde-yetimlerle-iftarini-acti\/\"]}]},{\"@type\":\"ImageObject\",\"inLanguage\":\"tr\",\"@id\":\"https:\/\/www.tercanbolgehaber.com\/index.php\/2022\/04\/19\/kaymakam-celik-yetimler-gununde-yetimlerle-iftarini-acti\/#primaryimage\",\"url\":\"https:\/\/www.tercanbolgehaber.com\/wp-content\/uploads\/2022\/04\/278584027_10227495199389282_6256961512748482351_n.jpg\",\"contentUrl\":\"https:\/\/www.tercanbolgehaber.com\/wp-content\/uploads\/2022\/04\/278584027_10227495199389282_6256961512748482351_n.jpg\",\"width\":960,\"height\":640},{\"@type\":\"BreadcrumbList\",\"@id\":\"https:\/\/www.tercanbolgehaber.com\/index.php\/2022\/04\/19\/kaymakam-celik-yetimler-gununde-yetimlerle-iftarini-acti\/#breadcrumb\",\"itemListElement\":[{\"@type\":\"ListItem\",\"position\":1,\"name\":\"Anasayfa\",\"item\":\"https:\/\/www.tercanbolgehaber.com\/\"},{\"@type\":\"ListItem\",\"position\":2,\"name\":\"KAYMAKAM \u00c7EL\u0130K YET\u0130MLER G\u00dcN\u00dcNDE YET\u0130MLERLE \u0130FTARINI A\u00c7TI\"}]},{\"@type\":\"WebSite\",\"@id\":\"https:\/\/www.tercanbolgehaber.com\/#website\",\"url\":\"https:\/\/www.tercanbolgehaber.com\/\",\"name\":\"TERCAN B&Ouml;LGE HABER\",\"description\":\"HALK'IN HABER PORTALI\",\"publisher\":{\"@id\":\"https:\/\/www.tercanbolgehaber.com\/#organization\"},\"potentialAction\":[{\"@type\":\"SearchAction\",\"target\":{\"@type\":\"EntryPoint\",\"urlTemplate\":\"https:\/\/www.tercanbolgehaber.com\/?s={search_term_string}\"},\"query-input\":{\"@type\":\"PropertyValueSpecification\",\"valueRequired\":true,\"valueName\":\"search_term_string\"}}],\"inLanguage\":\"tr\"},{\"@type\":\"Organization\",\"@id\":\"https:\/\/www.tercanbolgehaber.com\/#organization\",\"name\":\"Tercan B\u00f6lge Haber\",\"url\":\"https:\/\/www.tercanbolgehaber.com\/\",\"logo\":{\"@type\":\"ImageObject\",\"inLanguage\":\"tr\",\"@id\":\"https:\/\/www.tercanbolgehaber.com\/#\/schema\/logo\/image\/\",\"url\":\"http:\/\/www.tercanbolgehaber.com\/wp-content\/uploads\/2022\/04\/logo_yeni.png\",\"contentUrl\":\"http:\/\/www.tercanbolgehaber.com\/wp-content\/uploads\/2022\/04\/logo_yeni.png\",\"width\":250,\"height\":123,\"caption\":\"Tercan B\u00f6lge Haber\"},\"image\":{\"@id\":\"https:\/\/www.tercanbolgehaber.com\/#\/schema\/logo\/image\/\"}},{\"@type\":\"Person\",\"@id\":\"https:\/\/www.tercanbolgehaber.com\/#\/schema\/person\/588559f88c7997eaeefe12a53785fb5e\",\"name\":\"Haydar Co\u015fkunf\u0131rat\",\"image\":{\"@type\":\"ImageObject\",\"inLanguage\":\"tr\",\"@id\":\"https:\/\/secure.gravatar.com\/avatar\/1992688ffa73c31cf68142c3401bd1f8b600612718310d5da53a0f7a4a562ace?s=96&d=mm&r=g\",\"url\":\"https:\/\/secure.gravatar.com\/avatar\/1992688ffa73c31cf68142c3401bd1f8b600612718310d5da53a0f7a4a562ace?s=96&d=mm&r=g\",\"contentUrl\":\"https:\/\/secure.gravatar.com\/avatar\/1992688ffa73c31cf68142c3401bd1f8b600612718310d5da53a0f7a4a562ace?s=96&d=mm&r=g\",\"caption\":\"Haydar Co\u015fkunf\u0131rat\"},\"url\":\"https:\/\/www.tercanbolgehaber.com\/index.php\/author\/haydar\/\"}]}<\/script>\n<!-- \/ Yoast SEO plugin. -->","yoast_head_json":{"title":"KAYMAKAM \u00c7EL\u0130K YET\u0130MLER G\u00dcN\u00dcNDE YET\u0130MLERLE \u0130FTARINI A\u00c7TI - TERCAN B&Ouml;LGE HABER","robots":{"index":"index","follow":"follow","max-snippet":"max-snippet:-1","max-image-preview":"max-image-preview:large","max-video-preview":"max-video-preview:-1"},"canonical":"https:\/\/www.tercanbolgehaber.com\/index.php\/2022\/04\/19\/kaymakam-celik-yetimler-gununde-yetimlerle-iftarini-acti\/","og_locale":"tr_TR","og_type":"article","og_title":"KAYMAKAM \u00c7EL\u0130K YET\u0130MLER G\u00dcN\u00dcNDE YET\u0130MLERLE \u0130FTARINI A\u00c7TI - TERCAN B&Ouml;LGE HABER","og_description":"TERCAN \u0130L\u00c7ES\u0130NDE KAYMAKAM MUSA KAZIM \u00c7EL\u0130K VE E\u015e\u0130 SABAH \u201cD\u00dcNYA YET\u0130MLER G\u00dcN\u00dc\u201d M\u00dcNASEBET\u0130 LE D\u00dcZENLENEN \u0130FTAR YEME\u011e\u0130NE KATILDI.KAYMAKAM \u00c7EL\u0130K PEYGAMBER EFEND\u0130M\u0130Z, &#8216;ALLAH RIZASI \u0130\u00c7\u0130N B\u0130R YET\u0130M\u0130N BA\u015eINI OK\u015eAYAN, ONUN SA\u00c7ININ TEL\u0130 KADAR M\u00dcK\u00c2FATLANDIRILACAKTIR.&#8217; (TERCAN B\u00d6LGE HABER )HAYDAR CO\u015eKUNFIRAT TERCANDA &nbsp;\u201cD\u00fcnya Yetimler G\u00fcn\u00fc\u201d olarak kabul ediLEN. Bu vesileyle Tercan Kaymakaml\u0131\u011f\u0131nca il\u00e7e \u00d6\u011fretmen evinde \u00f6ks\u00fcz ve yetim [&hellip;]","og_url":"https:\/\/www.tercanbolgehaber.com\/index.php\/2022\/04\/19\/kaymakam-celik-yetimler-gununde-yetimlerle-iftarini-acti\/","og_site_name":"TERCAN B&Ouml;LGE HABER","article_published_time":"2022-04-19T09:30:21+00:00","article_modified_time":"2022-04-19T09:30:23+00:00","og_image":[{"width":960,"height":640,"url":"https:\/\/www.tercanbolgehaber.com\/wp-content\/uploads\/2022\/04\/278584027_10227495199389282_6256961512748482351_n.jpg","type":"image\/jpeg"}],"author":"Haydar Co\u015fkunf\u0131rat","twitter_card":"summary_large_image","twitter_misc":{"Yazan:":"Haydar Co\u015fkunf\u0131rat","Tahmini okuma s\u00fcresi":"2 dakika"},"schema":{"@context":"https:\/\/schema.org","@graph":[{"@type":"Article","@id":"https:\/\/www.tercanbolgehaber.com\/index.php\/2022\/04\/19\/kaymakam-celik-yetimler-gununde-yetimlerle-iftarini-acti\/#article","isPartOf":{"@id":"https:\/\/www.tercanbolgehaber.com\/index.php\/2022\/04\/19\/kaymakam-celik-yetimler-gununde-yetimlerle-iftarini-acti\/"},"author":{"name":"Haydar Co\u015fkunf\u0131rat","@id":"https:\/\/www.tercanbolgehaber.com\/#\/schema\/person\/588559f88c7997eaeefe12a53785fb5e"},"headline":"KAYMAKAM \u00c7EL\u0130K YET\u0130MLER G\u00dcN\u00dcNDE YET\u0130MLERLE \u0130FTARINI A\u00c7TI","datePublished":"2022-04-19T09:30:21+00:00","dateModified":"2022-04-19T09:30:23+00:00","mainEntityOfPage":{"@id":"https:\/\/www.tercanbolgehaber.com\/index.php\/2022\/04\/19\/kaymakam-celik-yetimler-gununde-yetimlerle-iftarini-acti\/"},"wordCount":338,"commentCount":0,"publisher":{"@id":"https:\/\/www.tercanbolgehaber.com\/#organization"},"image":{"@id":"https:\/\/www.tercanbolgehaber.com\/index.php\/2022\/04\/19\/kaymakam-celik-yetimler-gununde-yetimlerle-iftarini-acti\/#primaryimage"},"thumbnailUrl":"https:\/\/www.tercanbolgehaber.com\/wp-content\/uploads\/2022\/04\/278584027_10227495199389282_6256961512748482351_n.jpg","articleSection":["\u00c7evre","Man\u015fet","Medya"],"inLanguage":"tr","potentialAction":[{"@type":"CommentAction","name":"Comment","target":["https:\/\/www.tercanbolgehaber.com\/index.php\/2022\/04\/19\/kaymakam-celik-yetimler-gununde-yetimlerle-iftarini-acti\/#respond"]}]},{"@type":"WebPage","@id":"https:\/\/www.tercanbolgehaber.com\/index.php\/2022\/04\/19\/kaymakam-celik-yetimler-gununde-yetimlerle-iftarini-acti\/","url":"https:\/\/www.tercanbolgehaber.com\/index.php\/2022\/04\/19\/kaymakam-celik-yetimler-gununde-yetimlerle-iftarini-acti\/","name":"KAYMAKAM \u00c7EL\u0130K YET\u0130MLER G\u00dcN\u00dcNDE YET\u0130MLERLE \u0130FTARINI A\u00c7TI - TERCAN B&Ouml;LGE HABER","isPartOf":{"@id":"https:\/\/www.tercanbolgehaber.com\/#website"},"primaryImageOfPage":{"@id":"https:\/\/www.tercanbolgehaber.com\/index.php\/2022\/04\/19\/kaymakam-celik-yetimler-gununde-yetimlerle-iftarini-acti\/#primaryimage"},"image":{"@id":"https:\/\/www.tercanbolgehaber.com\/index.php\/2022\/04\/19\/kaymakam-celik-yetimler-gununde-yetimlerle-iftarini-acti\/#primaryimage"},"thumbnailUrl":"https:\/\/www.tercanbolgehaber.com\/wp-content\/uploads\/2022\/04\/278584027_10227495199389282_6256961512748482351_n.jpg","datePublished":"2022-04-19T09:30:21+00:00","dateModified":"2022-04-19T09:30:23+00:00","breadcrumb":{"@id":"https:\/\/www.tercanbolgehaber.com\/index.php\/2022\/04\/19\/kaymakam-celik-yetimler-gununde-yetimlerle-iftarini-acti\/#breadcrumb"},"inLanguage":"tr","potentialAction":[{"@type":"ReadAction","target":["https:\/\/www.tercanbolgehaber.com\/index.php\/2022\/04\/19\/kaymakam-celik-yetimler-gununde-yetimlerle-iftarini-acti\/"]}]},{"@type":"ImageObject","inLanguage":"tr","@id":"https:\/\/www.tercanbolgehaber.com\/index.php\/2022\/04\/19\/kaymakam-celik-yetimler-gununde-yetimlerle-iftarini-acti\/#primaryimage","url":"https:\/\/www.tercanbolgehaber.com\/wp-content\/uploads\/2022\/04\/278584027_10227495199389282_6256961512748482351_n.jpg","contentUrl":"https:\/\/www.tercanbolgehaber.com\/wp-content\/uploads\/2022\/04\/278584027_10227495199389282_6256961512748482351_n.jpg","width":960,"height":640},{"@type":"BreadcrumbList","@id":"https:\/\/www.tercanbolgehaber.com\/index.php\/2022\/04\/19\/kaymakam-celik-yetimler-gununde-yetimlerle-iftarini-acti\/#breadcrumb","itemListElement":[{"@type":"ListItem","position":1,"name":"Anasayfa","item":"https:\/\/www.tercanbolgehaber.com\/"},{"@type":"ListItem","position":2,"name":"KAYMAKAM \u00c7EL\u0130K YET\u0130MLER G\u00dcN\u00dcNDE YET\u0130MLERLE \u0130FTARINI A\u00c7TI"}]},{"@type":"WebSite","@id":"https:\/\/www.tercanbolgehaber.com\/#website","url":"https:\/\/www.tercanbolgehaber.com\/","name":"TERCAN B&Ouml;LGE HABER","description":"HALK'IN HABER PORTALI","publisher":{"@id":"https:\/\/www.tercanbolgehaber.com\/#organization"},"potentialAction":[{"@type":"SearchAction","target":{"@type":"EntryPoint","urlTemplate":"https:\/\/www.tercanbolgehaber.com\/?s={search_term_string}"},"query-input":{"@type":"PropertyValueSpecification","valueRequired":true,"valueName":"search_term_string"}}],"inLanguage":"tr"},{"@type":"Organization","@id":"https:\/\/www.tercanbolgehaber.com\/#organization","name":"Tercan B\u00f6lge Haber","url":"https:\/\/www.tercanbolgehaber.com\/","logo":{"@type":"ImageObject","inLanguage":"tr","@id":"https:\/\/www.tercanbolgehaber.com\/#\/schema\/logo\/image\/","url":"http:\/\/www.tercanbolgehaber.com\/wp-content\/uploads\/2022\/04\/logo_yeni.png","contentUrl":"http:\/\/www.tercanbolgehaber.com\/wp-content\/uploads\/2022\/04\/logo_yeni.png","width":250,"height":123,"caption":"Tercan B\u00f6lge Haber"},"image":{"@id":"https:\/\/www.tercanbolgehaber.com\/#\/schema\/logo\/image\/"}},{"@type":"Person","@id":"https:\/\/www.tercanbolgehaber.com\/#\/schema\/person\/588559f88c7997eaeefe12a53785fb5e","name":"Haydar Co\u015fkunf\u0131rat","image":{"@type":"ImageObject","inLanguage":"tr","@id":"https:\/\/secure.gravatar.com\/avatar\/1992688ffa73c31cf68142c3401bd1f8b600612718310d5da53a0f7a4a562ace?s=96&d=mm&r=g","url":"https:\/\/secure.gravatar.com\/avatar\/1992688ffa73c31cf68142c3401bd1f8b600612718310d5da53a0f7a4a562ace?s=96&d=mm&r=g","contentUrl":"https:\/\/secure.gravatar.com\/avatar\/1992688ffa73c31cf68142c3401bd1f8b600612718310d5da53a0f7a4a562ace?s=96&d=mm&r=g","caption":"Haydar Co\u015fkunf\u0131rat"},"url":"https:\/\/www.tercanbolgehaber.com\/index.php\/author\/haydar\/"}]}},"_links":{"self":[{"href":"https:\/\/www.tercanbolgehaber.com\/index.php\/wp-json\/wp\/v2\/posts\/458","targetHints":{"allow":["GET"]}}],"collection":[{"href":"https:\/\/www.tercanbolgehaber.com\/index.php\/wp-json\/wp\/v2\/posts"}],"about":[{"href":"https:\/\/www.tercanbolgehaber.com\/index.php\/wp-json\/wp\/v2\/types\/post"}],"author":[{"embeddable":true,"href":"https:\/\/www.tercanbolgehaber.com\/index.php\/wp-json\/wp\/v2\/users\/2"}],"replies":[{"embeddable":true,"href":"https:\/\/www.tercanbolgehaber.com\/index.php\/wp-json\/wp\/v2\/comments?post=458"}],"version-history":[{"count":1,"href":"https:\/\/www.tercanbolgehaber.com\/index.php\/wp-json\/wp\/v2\/posts\/458\/revisions"}],"predecessor-version":[{"id":463,"href":"https:\/\/www.tercanbolgehaber.com\/index.php\/wp-json\/wp\/v2\/posts\/458\/revisions\/463"}],"wp:featuredmedia":[{"embeddable":true,"href":"https:\/\/www.tercanbolgehaber.com\/index.php\/wp-json\/wp\/v2\/media\/459"}],"wp:attachment":[{"href":"https:\/\/www.tercanbolgehaber.com\/index.php\/wp-json\/wp\/v2\/media?parent=458"}],"wp:term":[{"taxonomy":"category","embeddable":true,"href":"https:\/\/www.tercanbolgehaber.com\/index.php\/wp-json\/wp\/v2\/categories?post=458"},{"taxonomy":"post_tag","embeddable":true,"href":"https:\/\/www.tercanbolgehaber.com\/index.php\/wp-json\/wp\/v2\/tags?post=458"}],"curies":[{"name":"wp","href":"https:\/\/api.w.org\/{rel}","templated":true}]}}