{"id":435,"date":"2022-04-16T16:19:23","date_gmt":"2022-04-16T16:19:23","guid":{"rendered":"http:\/\/www.tercanbolgehaber.com\/?p=435"},"modified":"2022-04-16T16:19:35","modified_gmt":"2022-04-16T16:19:35","slug":"tercan-belediyesi-iftar-yemegi-verildi","status":"publish","type":"post","link":"https:\/\/www.tercanbolgehaber.com\/index.php\/2022\/04\/16\/tercan-belediyesi-iftar-yemegi-verildi\/","title":{"rendered":"TERCAN BELED\u0130YES\u0130 \u0130FTAR YEME\u011e\u0130 VER\u0130LD\u0130"},"content":{"rendered":"\n<p><\/p>\n\n\n\n<p class=\"has-vivid-cyan-blue-background-color has-background\">TERCAN \u0130L\u00c7ES\u0130 BELED\u0130YE BA\u015eKANI G\u00dcLTEK\u0130N, RAMAZAN AYI\u2019 KARDE\u015eL\u0130K, YARDIMLA\u015eMA, B\u0130RL\u0130K VE BERABERL\u0130KL\u0130\u011e\u0130N \u00d6NC\u00dcS\u00dcD\u00dcR DED\u0130.<\/p>\n\n\n\n<p class=\"has-luminous-vivid-amber-background-color has-background\">(TERCAN B\u00d6LGE HABER)HAYDAR CO\u015eKUNFIRAT<\/p>\n\n\n\n<p>Tercan il\u00e7esi Belediye Ba\u015fkanl\u0131\u011f\u0131 taraf\u0131ndan \u0130l\u00e7e halk\u0131na iftar yeme\u011fi verildi.<\/p>\n\n\n\n<figure class=\"wp-block-image size-full\"><img loading=\"lazy\" decoding=\"async\" width=\"960\" height=\"647\" src=\"http:\/\/www.tercanbolgehaber.com\/wp-content\/uploads\/2022\/04\/278495356_10227490670516063_4227789651300948928_n.jpg\" alt=\"\" class=\"wp-image-438\" srcset=\"https:\/\/www.tercanbolgehaber.com\/wp-content\/uploads\/2022\/04\/278495356_10227490670516063_4227789651300948928_n.jpg 960w, https:\/\/www.tercanbolgehaber.com\/wp-content\/uploads\/2022\/04\/278495356_10227490670516063_4227789651300948928_n-300x202.jpg 300w, https:\/\/www.tercanbolgehaber.com\/wp-content\/uploads\/2022\/04\/278495356_10227490670516063_4227789651300948928_n-768x518.jpg 768w, https:\/\/www.tercanbolgehaber.com\/wp-content\/uploads\/2022\/04\/278495356_10227490670516063_4227789651300948928_n-696x469.jpg 696w\" sizes=\"auto, (max-width: 960px) 100vw, 960px\" \/><\/figure>\n\n\n\n<p>Tercan kapal\u0131 spor salonunda d\u00fczenlenen iftar yeme\u011finde konu\u015fan Tercan Belediye Ba\u015fkan\u0131 Lokman G\u00fcltekin ve Kaymakam Musa Kaz\u0131m \u00c7elik , Ramazan Ay\u0131\u2019nda karde\u015flik, yard\u0131mla\u015fma, birlik ve beraberlik duygular\u0131n\u0131n \u00f6n planda olmas\u0131 gerekti\u011fini belirterek, vatanda\u015flar\u0131m\u0131zla birlikte bir arada olman\u0131n mutlulu\u011funu dile getirdiler.<\/p>\n\n\n\n<figure class=\"wp-block-image size-full\"><img loading=\"lazy\" decoding=\"async\" width=\"960\" height=\"631\" src=\"http:\/\/www.tercanbolgehaber.com\/wp-content\/uploads\/2022\/04\/278480156_10227490669356034_6411250670471464990_n.jpg\" alt=\"\" class=\"wp-image-439\" srcset=\"https:\/\/www.tercanbolgehaber.com\/wp-content\/uploads\/2022\/04\/278480156_10227490669356034_6411250670471464990_n.jpg 960w, https:\/\/www.tercanbolgehaber.com\/wp-content\/uploads\/2022\/04\/278480156_10227490669356034_6411250670471464990_n-300x197.jpg 300w, https:\/\/www.tercanbolgehaber.com\/wp-content\/uploads\/2022\/04\/278480156_10227490669356034_6411250670471464990_n-768x505.jpg 768w, https:\/\/www.tercanbolgehaber.com\/wp-content\/uploads\/2022\/04\/278480156_10227490669356034_6411250670471464990_n-696x457.jpg 696w\" sizes=\"auto, (max-width: 960px) 100vw, 960px\" \/><\/figure>\n\n\n\n<p>D\u00fczenlenen iftar yeme\u011fine; Kaymakam\u0131 Musa Kaz\u0131m \u00c7elik , Erzincan Milletvekili Burhan \u00c7ak\u0131r , Belediye Ba\u015fkan\u0131 Lokman G\u00fcltekin , \u0130l\u00e7e Emniyet M\u00fcd\u00fcr\u00fc O\u011fuzhan Ayk\u0131r\u0131 AK Parti il\u00e7e ba\u015fkan\u0131 Levent Seven Kurum amirleri ve \u00e7al\u0131\u015fanlar\u0131, Siyasi Parti Temsilcileri, Sivil Toplum Kurulu\u015fu Temsilcileri ve vatanda\u015flar kat\u0131ld\u0131.<\/p>\n\n\n\n<figure class=\"wp-block-image size-full\"><img loading=\"lazy\" decoding=\"async\" width=\"960\" height=\"644\" src=\"http:\/\/www.tercanbolgehaber.com\/wp-content\/uploads\/2022\/04\/278434351_10227490671356084_1712797048420890162_n.jpg\" alt=\"\" class=\"wp-image-440\" srcset=\"https:\/\/www.tercanbolgehaber.com\/wp-content\/uploads\/2022\/04\/278434351_10227490671356084_1712797048420890162_n.jpg 960w, https:\/\/www.tercanbolgehaber.com\/wp-content\/uploads\/2022\/04\/278434351_10227490671356084_1712797048420890162_n-300x201.jpg 300w, https:\/\/www.tercanbolgehaber.com\/wp-content\/uploads\/2022\/04\/278434351_10227490671356084_1712797048420890162_n-768x515.jpg 768w, https:\/\/www.tercanbolgehaber.com\/wp-content\/uploads\/2022\/04\/278434351_10227490671356084_1712797048420890162_n-696x467.jpg 696w\" sizes=\"auto, (max-width: 960px) 100vw, 960px\" \/><\/figure>\n","protected":false},"excerpt":{"rendered":"<p>TERCAN \u0130L\u00c7ES\u0130 BELED\u0130YE BA\u015eKANI G\u00dcLTEK\u0130N, RAMAZAN AYI\u2019 KARDE\u015eL\u0130K, YARDIMLA\u015eMA, B\u0130RL\u0130K VE BERABERL\u0130KL\u0130\u011e\u0130N \u00d6NC\u00dcS\u00dcD\u00dcR DED\u0130. (TERCAN B\u00d6LGE HABER)HAYDAR CO\u015eKUNFIRAT Tercan il\u00e7esi Belediye Ba\u015fkanl\u0131\u011f\u0131 taraf\u0131ndan \u0130l\u00e7e halk\u0131na iftar yeme\u011fi verildi. Tercan kapal\u0131 spor salonunda d\u00fczenlenen iftar yeme\u011finde konu\u015fan Tercan Belediye Ba\u015fkan\u0131 Lokman G\u00fcltekin ve Kaymakam Musa Kaz\u0131m \u00c7elik , Ramazan Ay\u0131\u2019nda karde\u015flik, yard\u0131mla\u015fma, birlik ve beraberlik duygular\u0131n\u0131n [&hellip;]<\/p>\n","protected":false},"author":2,"featured_media":437,"comment_status":"open","ping_status":"open","sticky":false,"template":"","format":"standard","meta":{"footnotes":""},"categories":[35,37],"tags":[],"class_list":{"0":"post-435","1":"post","2":"type-post","3":"status-publish","4":"format-standard","5":"has-post-thumbnail","7":"category-manset","8":"category-modern-hayat"},"yoast_head":"<!-- This site is optimized with the Yoast SEO plugin v27.2 - https:\/\/yoast.com\/product\/yoast-seo-wordpress\/ -->\n<title>TERCAN BELED\u0130YES\u0130 \u0130FTAR YEME\u011e\u0130 VER\u0130LD\u0130 - TERCAN B&Ouml;LGE HABER<\/title>\n<meta name=\"robots\" content=\"index, follow, max-snippet:-1, max-image-preview:large, max-video-preview:-1\" \/>\n<link rel=\"canonical\" href=\"https:\/\/www.tercanbolgehaber.com\/index.php\/2022\/04\/16\/tercan-belediyesi-iftar-yemegi-verildi\/\" \/>\n<meta property=\"og:locale\" content=\"tr_TR\" \/>\n<meta property=\"og:type\" content=\"article\" \/>\n<meta property=\"og:title\" content=\"TERCAN BELED\u0130YES\u0130 \u0130FTAR YEME\u011e\u0130 VER\u0130LD\u0130 - TERCAN B&Ouml;LGE HABER\" \/>\n<meta property=\"og:description\" content=\"TERCAN \u0130L\u00c7ES\u0130 BELED\u0130YE BA\u015eKANI G\u00dcLTEK\u0130N, RAMAZAN AYI\u2019 KARDE\u015eL\u0130K, YARDIMLA\u015eMA, B\u0130RL\u0130K VE BERABERL\u0130KL\u0130\u011e\u0130N \u00d6NC\u00dcS\u00dcD\u00dcR DED\u0130. (TERCAN B\u00d6LGE HABER)HAYDAR CO\u015eKUNFIRAT Tercan il\u00e7esi Belediye Ba\u015fkanl\u0131\u011f\u0131 taraf\u0131ndan \u0130l\u00e7e halk\u0131na iftar yeme\u011fi verildi. Tercan kapal\u0131 spor salonunda d\u00fczenlenen iftar yeme\u011finde konu\u015fan Tercan Belediye Ba\u015fkan\u0131 Lokman G\u00fcltekin ve Kaymakam Musa Kaz\u0131m \u00c7elik , Ramazan Ay\u0131\u2019nda karde\u015flik, yard\u0131mla\u015fma, birlik ve beraberlik duygular\u0131n\u0131n [&hellip;]\" \/>\n<meta property=\"og:url\" content=\"https:\/\/www.tercanbolgehaber.com\/index.php\/2022\/04\/16\/tercan-belediyesi-iftar-yemegi-verildi\/\" \/>\n<meta property=\"og:site_name\" content=\"TERCAN B&Ouml;LGE HABER\" \/>\n<meta property=\"article:published_time\" content=\"2022-04-16T16:19:23+00:00\" \/>\n<meta property=\"article:modified_time\" content=\"2022-04-16T16:19:35+00:00\" \/>\n<meta property=\"og:image\" content=\"https:\/\/www.tercanbolgehaber.com\/wp-content\/uploads\/2022\/04\/278415373_10227490668516013_6798753461206939579_n.jpg\" \/>\n\t<meta property=\"og:image:width\" content=\"960\" \/>\n\t<meta property=\"og:image:height\" content=\"638\" \/>\n\t<meta property=\"og:image:type\" content=\"image\/jpeg\" \/>\n<meta name=\"author\" content=\"Haydar Co\u015fkunf\u0131rat\" \/>\n<meta name=\"twitter:card\" content=\"summary_large_image\" \/>\n<meta name=\"twitter:label1\" content=\"Yazan:\" \/>\n\t<meta name=\"twitter:data1\" content=\"Haydar Co\u015fkunf\u0131rat\" \/>\n\t<meta name=\"twitter:label2\" content=\"Tahmini okuma s\u00fcresi\" \/>\n\t<meta name=\"twitter:data2\" content=\"1 dakika\" \/>\n<script type=\"application\/ld+json\" class=\"yoast-schema-graph\">{\"@context\":\"https:\/\/schema.org\",\"@graph\":[{\"@type\":\"Article\",\"@id\":\"https:\/\/www.tercanbolgehaber.com\/index.php\/2022\/04\/16\/tercan-belediyesi-iftar-yemegi-verildi\/#article\",\"isPartOf\":{\"@id\":\"https:\/\/www.tercanbolgehaber.com\/index.php\/2022\/04\/16\/tercan-belediyesi-iftar-yemegi-verildi\/\"},\"author\":{\"name\":\"Haydar Co\u015fkunf\u0131rat\",\"@id\":\"https:\/\/www.tercanbolgehaber.com\/#\/schema\/person\/588559f88c7997eaeefe12a53785fb5e\"},\"headline\":\"TERCAN BELED\u0130YES\u0130 \u0130FTAR YEME\u011e\u0130 VER\u0130LD\u0130\",\"datePublished\":\"2022-04-16T16:19:23+00:00\",\"dateModified\":\"2022-04-16T16:19:35+00:00\",\"mainEntityOfPage\":{\"@id\":\"https:\/\/www.tercanbolgehaber.com\/index.php\/2022\/04\/16\/tercan-belediyesi-iftar-yemegi-verildi\/\"},\"wordCount\":173,\"commentCount\":0,\"publisher\":{\"@id\":\"https:\/\/www.tercanbolgehaber.com\/#organization\"},\"image\":{\"@id\":\"https:\/\/www.tercanbolgehaber.com\/index.php\/2022\/04\/16\/tercan-belediyesi-iftar-yemegi-verildi\/#primaryimage\"},\"thumbnailUrl\":\"https:\/\/www.tercanbolgehaber.com\/wp-content\/uploads\/2022\/04\/278415373_10227490668516013_6798753461206939579_n.jpg\",\"articleSection\":[\"Man\u015fet\",\"Modern Hayat\"],\"inLanguage\":\"tr\",\"potentialAction\":[{\"@type\":\"CommentAction\",\"name\":\"Comment\",\"target\":[\"https:\/\/www.tercanbolgehaber.com\/index.php\/2022\/04\/16\/tercan-belediyesi-iftar-yemegi-verildi\/#respond\"]}]},{\"@type\":\"WebPage\",\"@id\":\"https:\/\/www.tercanbolgehaber.com\/index.php\/2022\/04\/16\/tercan-belediyesi-iftar-yemegi-verildi\/\",\"url\":\"https:\/\/www.tercanbolgehaber.com\/index.php\/2022\/04\/16\/tercan-belediyesi-iftar-yemegi-verildi\/\",\"name\":\"TERCAN BELED\u0130YES\u0130 \u0130FTAR YEME\u011e\u0130 VER\u0130LD\u0130 - TERCAN B&Ouml;LGE HABER\",\"isPartOf\":{\"@id\":\"https:\/\/www.tercanbolgehaber.com\/#website\"},\"primaryImageOfPage\":{\"@id\":\"https:\/\/www.tercanbolgehaber.com\/index.php\/2022\/04\/16\/tercan-belediyesi-iftar-yemegi-verildi\/#primaryimage\"},\"image\":{\"@id\":\"https:\/\/www.tercanbolgehaber.com\/index.php\/2022\/04\/16\/tercan-belediyesi-iftar-yemegi-verildi\/#primaryimage\"},\"thumbnailUrl\":\"https:\/\/www.tercanbolgehaber.com\/wp-content\/uploads\/2022\/04\/278415373_10227490668516013_6798753461206939579_n.jpg\",\"datePublished\":\"2022-04-16T16:19:23+00:00\",\"dateModified\":\"2022-04-16T16:19:35+00:00\",\"breadcrumb\":{\"@id\":\"https:\/\/www.tercanbolgehaber.com\/index.php\/2022\/04\/16\/tercan-belediyesi-iftar-yemegi-verildi\/#breadcrumb\"},\"inLanguage\":\"tr\",\"potentialAction\":[{\"@type\":\"ReadAction\",\"target\":[\"https:\/\/www.tercanbolgehaber.com\/index.php\/2022\/04\/16\/tercan-belediyesi-iftar-yemegi-verildi\/\"]}]},{\"@type\":\"ImageObject\",\"inLanguage\":\"tr\",\"@id\":\"https:\/\/www.tercanbolgehaber.com\/index.php\/2022\/04\/16\/tercan-belediyesi-iftar-yemegi-verildi\/#primaryimage\",\"url\":\"https:\/\/www.tercanbolgehaber.com\/wp-content\/uploads\/2022\/04\/278415373_10227490668516013_6798753461206939579_n.jpg\",\"contentUrl\":\"https:\/\/www.tercanbolgehaber.com\/wp-content\/uploads\/2022\/04\/278415373_10227490668516013_6798753461206939579_n.jpg\",\"width\":960,\"height\":638},{\"@type\":\"BreadcrumbList\",\"@id\":\"https:\/\/www.tercanbolgehaber.com\/index.php\/2022\/04\/16\/tercan-belediyesi-iftar-yemegi-verildi\/#breadcrumb\",\"itemListElement\":[{\"@type\":\"ListItem\",\"position\":1,\"name\":\"Anasayfa\",\"item\":\"https:\/\/www.tercanbolgehaber.com\/\"},{\"@type\":\"ListItem\",\"position\":2,\"name\":\"TERCAN BELED\u0130YES\u0130 \u0130FTAR YEME\u011e\u0130 VER\u0130LD\u0130\"}]},{\"@type\":\"WebSite\",\"@id\":\"https:\/\/www.tercanbolgehaber.com\/#website\",\"url\":\"https:\/\/www.tercanbolgehaber.com\/\",\"name\":\"TERCAN B&Ouml;LGE HABER\",\"description\":\"HALK'IN HABER PORTALI\",\"publisher\":{\"@id\":\"https:\/\/www.tercanbolgehaber.com\/#organization\"},\"potentialAction\":[{\"@type\":\"SearchAction\",\"target\":{\"@type\":\"EntryPoint\",\"urlTemplate\":\"https:\/\/www.tercanbolgehaber.com\/?s={search_term_string}\"},\"query-input\":{\"@type\":\"PropertyValueSpecification\",\"valueRequired\":true,\"valueName\":\"search_term_string\"}}],\"inLanguage\":\"tr\"},{\"@type\":\"Organization\",\"@id\":\"https:\/\/www.tercanbolgehaber.com\/#organization\",\"name\":\"Tercan B\u00f6lge Haber\",\"url\":\"https:\/\/www.tercanbolgehaber.com\/\",\"logo\":{\"@type\":\"ImageObject\",\"inLanguage\":\"tr\",\"@id\":\"https:\/\/www.tercanbolgehaber.com\/#\/schema\/logo\/image\/\",\"url\":\"http:\/\/www.tercanbolgehaber.com\/wp-content\/uploads\/2022\/04\/logo_yeni.png\",\"contentUrl\":\"http:\/\/www.tercanbolgehaber.com\/wp-content\/uploads\/2022\/04\/logo_yeni.png\",\"width\":250,\"height\":123,\"caption\":\"Tercan B\u00f6lge Haber\"},\"image\":{\"@id\":\"https:\/\/www.tercanbolgehaber.com\/#\/schema\/logo\/image\/\"}},{\"@type\":\"Person\",\"@id\":\"https:\/\/www.tercanbolgehaber.com\/#\/schema\/person\/588559f88c7997eaeefe12a53785fb5e\",\"name\":\"Haydar Co\u015fkunf\u0131rat\",\"image\":{\"@type\":\"ImageObject\",\"inLanguage\":\"tr\",\"@id\":\"https:\/\/secure.gravatar.com\/avatar\/1992688ffa73c31cf68142c3401bd1f8b600612718310d5da53a0f7a4a562ace?s=96&d=mm&r=g\",\"url\":\"https:\/\/secure.gravatar.com\/avatar\/1992688ffa73c31cf68142c3401bd1f8b600612718310d5da53a0f7a4a562ace?s=96&d=mm&r=g\",\"contentUrl\":\"https:\/\/secure.gravatar.com\/avatar\/1992688ffa73c31cf68142c3401bd1f8b600612718310d5da53a0f7a4a562ace?s=96&d=mm&r=g\",\"caption\":\"Haydar Co\u015fkunf\u0131rat\"},\"url\":\"https:\/\/www.tercanbolgehaber.com\/index.php\/author\/haydar\/\"}]}<\/script>\n<!-- \/ Yoast SEO plugin. -->","yoast_head_json":{"title":"TERCAN BELED\u0130YES\u0130 \u0130FTAR YEME\u011e\u0130 VER\u0130LD\u0130 - TERCAN B&Ouml;LGE HABER","robots":{"index":"index","follow":"follow","max-snippet":"max-snippet:-1","max-image-preview":"max-image-preview:large","max-video-preview":"max-video-preview:-1"},"canonical":"https:\/\/www.tercanbolgehaber.com\/index.php\/2022\/04\/16\/tercan-belediyesi-iftar-yemegi-verildi\/","og_locale":"tr_TR","og_type":"article","og_title":"TERCAN BELED\u0130YES\u0130 \u0130FTAR YEME\u011e\u0130 VER\u0130LD\u0130 - TERCAN B&Ouml;LGE HABER","og_description":"TERCAN \u0130L\u00c7ES\u0130 BELED\u0130YE BA\u015eKANI G\u00dcLTEK\u0130N, RAMAZAN AYI\u2019 KARDE\u015eL\u0130K, YARDIMLA\u015eMA, B\u0130RL\u0130K VE BERABERL\u0130KL\u0130\u011e\u0130N \u00d6NC\u00dcS\u00dcD\u00dcR DED\u0130. (TERCAN B\u00d6LGE HABER)HAYDAR CO\u015eKUNFIRAT Tercan il\u00e7esi Belediye Ba\u015fkanl\u0131\u011f\u0131 taraf\u0131ndan \u0130l\u00e7e halk\u0131na iftar yeme\u011fi verildi. Tercan kapal\u0131 spor salonunda d\u00fczenlenen iftar yeme\u011finde konu\u015fan Tercan Belediye Ba\u015fkan\u0131 Lokman G\u00fcltekin ve Kaymakam Musa Kaz\u0131m \u00c7elik , Ramazan Ay\u0131\u2019nda karde\u015flik, yard\u0131mla\u015fma, birlik ve beraberlik duygular\u0131n\u0131n [&hellip;]","og_url":"https:\/\/www.tercanbolgehaber.com\/index.php\/2022\/04\/16\/tercan-belediyesi-iftar-yemegi-verildi\/","og_site_name":"TERCAN B&Ouml;LGE HABER","article_published_time":"2022-04-16T16:19:23+00:00","article_modified_time":"2022-04-16T16:19:35+00:00","og_image":[{"width":960,"height":638,"url":"https:\/\/www.tercanbolgehaber.com\/wp-content\/uploads\/2022\/04\/278415373_10227490668516013_6798753461206939579_n.jpg","type":"image\/jpeg"}],"author":"Haydar Co\u015fkunf\u0131rat","twitter_card":"summary_large_image","twitter_misc":{"Yazan:":"Haydar Co\u015fkunf\u0131rat","Tahmini okuma s\u00fcresi":"1 dakika"},"schema":{"@context":"https:\/\/schema.org","@graph":[{"@type":"Article","@id":"https:\/\/www.tercanbolgehaber.com\/index.php\/2022\/04\/16\/tercan-belediyesi-iftar-yemegi-verildi\/#article","isPartOf":{"@id":"https:\/\/www.tercanbolgehaber.com\/index.php\/2022\/04\/16\/tercan-belediyesi-iftar-yemegi-verildi\/"},"author":{"name":"Haydar Co\u015fkunf\u0131rat","@id":"https:\/\/www.tercanbolgehaber.com\/#\/schema\/person\/588559f88c7997eaeefe12a53785fb5e"},"headline":"TERCAN BELED\u0130YES\u0130 \u0130FTAR YEME\u011e\u0130 VER\u0130LD\u0130","datePublished":"2022-04-16T16:19:23+00:00","dateModified":"2022-04-16T16:19:35+00:00","mainEntityOfPage":{"@id":"https:\/\/www.tercanbolgehaber.com\/index.php\/2022\/04\/16\/tercan-belediyesi-iftar-yemegi-verildi\/"},"wordCount":173,"commentCount":0,"publisher":{"@id":"https:\/\/www.tercanbolgehaber.com\/#organization"},"image":{"@id":"https:\/\/www.tercanbolgehaber.com\/index.php\/2022\/04\/16\/tercan-belediyesi-iftar-yemegi-verildi\/#primaryimage"},"thumbnailUrl":"https:\/\/www.tercanbolgehaber.com\/wp-content\/uploads\/2022\/04\/278415373_10227490668516013_6798753461206939579_n.jpg","articleSection":["Man\u015fet","Modern Hayat"],"inLanguage":"tr","potentialAction":[{"@type":"CommentAction","name":"Comment","target":["https:\/\/www.tercanbolgehaber.com\/index.php\/2022\/04\/16\/tercan-belediyesi-iftar-yemegi-verildi\/#respond"]}]},{"@type":"WebPage","@id":"https:\/\/www.tercanbolgehaber.com\/index.php\/2022\/04\/16\/tercan-belediyesi-iftar-yemegi-verildi\/","url":"https:\/\/www.tercanbolgehaber.com\/index.php\/2022\/04\/16\/tercan-belediyesi-iftar-yemegi-verildi\/","name":"TERCAN BELED\u0130YES\u0130 \u0130FTAR YEME\u011e\u0130 VER\u0130LD\u0130 - TERCAN B&Ouml;LGE HABER","isPartOf":{"@id":"https:\/\/www.tercanbolgehaber.com\/#website"},"primaryImageOfPage":{"@id":"https:\/\/www.tercanbolgehaber.com\/index.php\/2022\/04\/16\/tercan-belediyesi-iftar-yemegi-verildi\/#primaryimage"},"image":{"@id":"https:\/\/www.tercanbolgehaber.com\/index.php\/2022\/04\/16\/tercan-belediyesi-iftar-yemegi-verildi\/#primaryimage"},"thumbnailUrl":"https:\/\/www.tercanbolgehaber.com\/wp-content\/uploads\/2022\/04\/278415373_10227490668516013_6798753461206939579_n.jpg","datePublished":"2022-04-16T16:19:23+00:00","dateModified":"2022-04-16T16:19:35+00:00","breadcrumb":{"@id":"https:\/\/www.tercanbolgehaber.com\/index.php\/2022\/04\/16\/tercan-belediyesi-iftar-yemegi-verildi\/#breadcrumb"},"inLanguage":"tr","potentialAction":[{"@type":"ReadAction","target":["https:\/\/www.tercanbolgehaber.com\/index.php\/2022\/04\/16\/tercan-belediyesi-iftar-yemegi-verildi\/"]}]},{"@type":"ImageObject","inLanguage":"tr","@id":"https:\/\/www.tercanbolgehaber.com\/index.php\/2022\/04\/16\/tercan-belediyesi-iftar-yemegi-verildi\/#primaryimage","url":"https:\/\/www.tercanbolgehaber.com\/wp-content\/uploads\/2022\/04\/278415373_10227490668516013_6798753461206939579_n.jpg","contentUrl":"https:\/\/www.tercanbolgehaber.com\/wp-content\/uploads\/2022\/04\/278415373_10227490668516013_6798753461206939579_n.jpg","width":960,"height":638},{"@type":"BreadcrumbList","@id":"https:\/\/www.tercanbolgehaber.com\/index.php\/2022\/04\/16\/tercan-belediyesi-iftar-yemegi-verildi\/#breadcrumb","itemListElement":[{"@type":"ListItem","position":1,"name":"Anasayfa","item":"https:\/\/www.tercanbolgehaber.com\/"},{"@type":"ListItem","position":2,"name":"TERCAN BELED\u0130YES\u0130 \u0130FTAR YEME\u011e\u0130 VER\u0130LD\u0130"}]},{"@type":"WebSite","@id":"https:\/\/www.tercanbolgehaber.com\/#website","url":"https:\/\/www.tercanbolgehaber.com\/","name":"TERCAN B&Ouml;LGE HABER","description":"HALK'IN HABER PORTALI","publisher":{"@id":"https:\/\/www.tercanbolgehaber.com\/#organization"},"potentialAction":[{"@type":"SearchAction","target":{"@type":"EntryPoint","urlTemplate":"https:\/\/www.tercanbolgehaber.com\/?s={search_term_string}"},"query-input":{"@type":"PropertyValueSpecification","valueRequired":true,"valueName":"search_term_string"}}],"inLanguage":"tr"},{"@type":"Organization","@id":"https:\/\/www.tercanbolgehaber.com\/#organization","name":"Tercan B\u00f6lge Haber","url":"https:\/\/www.tercanbolgehaber.com\/","logo":{"@type":"ImageObject","inLanguage":"tr","@id":"https:\/\/www.tercanbolgehaber.com\/#\/schema\/logo\/image\/","url":"http:\/\/www.tercanbolgehaber.com\/wp-content\/uploads\/2022\/04\/logo_yeni.png","contentUrl":"http:\/\/www.tercanbolgehaber.com\/wp-content\/uploads\/2022\/04\/logo_yeni.png","width":250,"height":123,"caption":"Tercan B\u00f6lge Haber"},"image":{"@id":"https:\/\/www.tercanbolgehaber.com\/#\/schema\/logo\/image\/"}},{"@type":"Person","@id":"https:\/\/www.tercanbolgehaber.com\/#\/schema\/person\/588559f88c7997eaeefe12a53785fb5e","name":"Haydar Co\u015fkunf\u0131rat","image":{"@type":"ImageObject","inLanguage":"tr","@id":"https:\/\/secure.gravatar.com\/avatar\/1992688ffa73c31cf68142c3401bd1f8b600612718310d5da53a0f7a4a562ace?s=96&d=mm&r=g","url":"https:\/\/secure.gravatar.com\/avatar\/1992688ffa73c31cf68142c3401bd1f8b600612718310d5da53a0f7a4a562ace?s=96&d=mm&r=g","contentUrl":"https:\/\/secure.gravatar.com\/avatar\/1992688ffa73c31cf68142c3401bd1f8b600612718310d5da53a0f7a4a562ace?s=96&d=mm&r=g","caption":"Haydar Co\u015fkunf\u0131rat"},"url":"https:\/\/www.tercanbolgehaber.com\/index.php\/author\/haydar\/"}]}},"_links":{"self":[{"href":"https:\/\/www.tercanbolgehaber.com\/index.php\/wp-json\/wp\/v2\/posts\/435","targetHints":{"allow":["GET"]}}],"collection":[{"href":"https:\/\/www.tercanbolgehaber.com\/index.php\/wp-json\/wp\/v2\/posts"}],"about":[{"href":"https:\/\/www.tercanbolgehaber.com\/index.php\/wp-json\/wp\/v2\/types\/post"}],"author":[{"embeddable":true,"href":"https:\/\/www.tercanbolgehaber.com\/index.php\/wp-json\/wp\/v2\/users\/2"}],"replies":[{"embeddable":true,"href":"https:\/\/www.tercanbolgehaber.com\/index.php\/wp-json\/wp\/v2\/comments?post=435"}],"version-history":[{"count":1,"href":"https:\/\/www.tercanbolgehaber.com\/index.php\/wp-json\/wp\/v2\/posts\/435\/revisions"}],"predecessor-version":[{"id":441,"href":"https:\/\/www.tercanbolgehaber.com\/index.php\/wp-json\/wp\/v2\/posts\/435\/revisions\/441"}],"wp:featuredmedia":[{"embeddable":true,"href":"https:\/\/www.tercanbolgehaber.com\/index.php\/wp-json\/wp\/v2\/media\/437"}],"wp:attachment":[{"href":"https:\/\/www.tercanbolgehaber.com\/index.php\/wp-json\/wp\/v2\/media?parent=435"}],"wp:term":[{"taxonomy":"category","embeddable":true,"href":"https:\/\/www.tercanbolgehaber.com\/index.php\/wp-json\/wp\/v2\/categories?post=435"},{"taxonomy":"post_tag","embeddable":true,"href":"https:\/\/www.tercanbolgehaber.com\/index.php\/wp-json\/wp\/v2\/tags?post=435"}],"curies":[{"name":"wp","href":"https:\/\/api.w.org\/{rel}","templated":true}]}}