{"id":4069,"date":"2024-02-24T09:24:18","date_gmt":"2024-02-24T09:24:18","guid":{"rendered":"https:\/\/www.tercanbolgehaber.com\/?p=4069"},"modified":"2024-02-24T09:24:20","modified_gmt":"2024-02-24T09:24:20","slug":"berat-kandilinin-tum-dunyada-barisin-kardesligin-sevginin-simgesidir","status":"publish","type":"post","link":"https:\/\/www.tercanbolgehaber.com\/index.php\/2024\/02\/24\/berat-kandilinin-tum-dunyada-barisin-kardesligin-sevginin-simgesidir\/","title":{"rendered":"BERAT KAND\u0130L\u2019\u0130N\u0130N T\u00dcM D\u00dcNYADA BARI\u015eIN, KARDE\u015eL\u0130\u011e\u0130N, SEVG\u0130N\u0130N S\u0130MGES\u0130D\u0130R"},"content":{"rendered":"\n<p class=\"has-vivid-red-background-color has-background\">\u00a0AKDEN\u0130Z BASIN B\u0130RL\u0130\u011e\u0130. BA\u015eKANI \u00a0VE TERCAN B\u00d6LGE HABER GAZETES\u0130 \u0130MT\u0130YAZ SAH\u0130B\u0130 BERAT KAND\u0130L\u0130 DOLAYISIYLA YAYINLADI\u011eI MESAJINDA RAMAZAN AYININ M\u00dcJDEC\u0130S\u0130 BERAT KAND\u0130L\u0130NE ULA\u015eMI\u015e OLMANIN HUZUR VE MUTLULU\u011eUNU YA\u015eIYORUZ DED\u0130.<\/p>\n\n\n\n<figure class=\"wp-block-image size-full is-resized\"><img loading=\"lazy\" decoding=\"async\" width=\"640\" height=\"310\" src=\"https:\/\/www.tercanbolgehaber.com\/wp-content\/uploads\/2024\/02\/4e08b16b-8a4e-4328-9339-368c2c3ffba4.jpg\" alt=\"\" class=\"wp-image-4071\" style=\"aspect-ratio:2.064516129032258;width:749px;height:auto\" srcset=\"https:\/\/www.tercanbolgehaber.com\/wp-content\/uploads\/2024\/02\/4e08b16b-8a4e-4328-9339-368c2c3ffba4.jpg 640w, https:\/\/www.tercanbolgehaber.com\/wp-content\/uploads\/2024\/02\/4e08b16b-8a4e-4328-9339-368c2c3ffba4-300x145.jpg 300w\" sizes=\"auto, (max-width: 640px) 100vw, 640px\" \/><\/figure>\n\n\n\n<p>Co\u015fkunf\u0131rat Berat Kandili Kurtulu\u015f, af ve ar\u0131nma anlam\u0131na gelen Berat Kandili, bizlere bilerek veya bilmeyerek i\u015fledi\u011fimiz hatalardan ve g\u00fcnahlardan t\u00f6vbe ederek, Y\u00fcce Rabbimizin rahmet ve ma\u011ffiretine s\u0131\u011f\u0131nma f\u0131rsat\u0131 sunar.<\/p>\n\n\n\n<p>Bu gecede ibadet ve dualarla Rabbimize yak\u0131nla\u015fmal\u0131, Y\u00fcce Mevla\u2019ya, ailemize, \u00e7ocuklar\u0131m\u0131za, \u00e7evremize ve t\u00fcm insanl\u0131\u011fa kar\u015f\u0131 olan g\u00f6rev ve sorumluluklar\u0131m\u0131z\u0131 yeniden hat\u0131rlayarak, yeni bir \u00fcmit ve kararl\u0131l\u0131kla gelece\u011fimizi \u015fekillendirmeye \u00e7al\u0131\u015fmal\u0131y\u0131z. Berat Kandil\u2019inin t\u00fcm d\u00fcnyada bar\u0131\u015f\u0131n, karde\u015fli\u011fin, sevginin ve sayg\u0131n\u0131n simgesidir<\/p>\n\n\n\n<p>Co\u015fkunf\u0131rat Berat Kandil\u2019inin t\u00fcm d\u00fcnyada bar\u0131\u015f\u0131n, karde\u015fli\u011fin, sevginin ve sayg\u0131n\u0131n h\u00e2kimiyetine vesile olmas\u0131n\u0131 diler; yurti\u00e7i ve yurtd\u0131\u015f\u0131nda bulunan t\u00fcm hem\u015ferilerimin ve \u0130slam \u00c2leminin Berat Kandilini kutlar\u0131m dedi.<\/p>\n","protected":false},"excerpt":{"rendered":"<p>\u00a0AKDEN\u0130Z BASIN B\u0130RL\u0130\u011e\u0130. BA\u015eKANI \u00a0VE TERCAN B\u00d6LGE HABER GAZETES\u0130 \u0130MT\u0130YAZ SAH\u0130B\u0130 BERAT KAND\u0130L\u0130 DOLAYISIYLA YAYINLADI\u011eI MESAJINDA RAMAZAN AYININ M\u00dcJDEC\u0130S\u0130 BERAT KAND\u0130L\u0130NE ULA\u015eMI\u015e OLMANIN HUZUR VE MUTLULU\u011eUNU YA\u015eIYORUZ DED\u0130. Co\u015fkunf\u0131rat Berat Kandili Kurtulu\u015f, af ve ar\u0131nma anlam\u0131na gelen Berat Kandili, bizlere bilerek veya bilmeyerek i\u015fledi\u011fimiz hatalardan ve g\u00fcnahlardan t\u00f6vbe ederek, Y\u00fcce Rabbimizin rahmet ve ma\u011ffiretine s\u0131\u011f\u0131nma [&hellip;]<\/p>\n","protected":false},"author":2,"featured_media":4070,"comment_status":"closed","ping_status":"open","sticky":false,"template":"","format":"standard","meta":{"footnotes":""},"categories":[35],"tags":[],"class_list":{"0":"post-4069","1":"post","2":"type-post","3":"status-publish","4":"format-standard","5":"has-post-thumbnail","7":"category-manset"},"yoast_head":"<!-- This site is optimized with the Yoast SEO plugin v27.2 - https:\/\/yoast.com\/product\/yoast-seo-wordpress\/ -->\n<title>BERAT KAND\u0130L\u2019\u0130N\u0130N T\u00dcM D\u00dcNYADA BARI\u015eIN, KARDE\u015eL\u0130\u011e\u0130N, SEVG\u0130N\u0130N S\u0130MGES\u0130D\u0130R - TERCAN B&Ouml;LGE HABER<\/title>\n<meta name=\"robots\" content=\"index, follow, max-snippet:-1, max-image-preview:large, max-video-preview:-1\" \/>\n<link rel=\"canonical\" href=\"https:\/\/www.tercanbolgehaber.com\/index.php\/2024\/02\/24\/berat-kandilinin-tum-dunyada-barisin-kardesligin-sevginin-simgesidir\/\" \/>\n<meta property=\"og:locale\" content=\"tr_TR\" \/>\n<meta property=\"og:type\" content=\"article\" \/>\n<meta property=\"og:title\" content=\"BERAT KAND\u0130L\u2019\u0130N\u0130N T\u00dcM D\u00dcNYADA BARI\u015eIN, KARDE\u015eL\u0130\u011e\u0130N, SEVG\u0130N\u0130N S\u0130MGES\u0130D\u0130R - TERCAN B&Ouml;LGE HABER\" \/>\n<meta property=\"og:description\" content=\"\u00a0AKDEN\u0130Z BASIN B\u0130RL\u0130\u011e\u0130. BA\u015eKANI \u00a0VE TERCAN B\u00d6LGE HABER GAZETES\u0130 \u0130MT\u0130YAZ SAH\u0130B\u0130 BERAT KAND\u0130L\u0130 DOLAYISIYLA YAYINLADI\u011eI MESAJINDA RAMAZAN AYININ M\u00dcJDEC\u0130S\u0130 BERAT KAND\u0130L\u0130NE ULA\u015eMI\u015e OLMANIN HUZUR VE MUTLULU\u011eUNU YA\u015eIYORUZ DED\u0130. Co\u015fkunf\u0131rat Berat Kandili Kurtulu\u015f, af ve ar\u0131nma anlam\u0131na gelen Berat Kandili, bizlere bilerek veya bilmeyerek i\u015fledi\u011fimiz hatalardan ve g\u00fcnahlardan t\u00f6vbe ederek, Y\u00fcce Rabbimizin rahmet ve ma\u011ffiretine s\u0131\u011f\u0131nma [&hellip;]\" \/>\n<meta property=\"og:url\" content=\"https:\/\/www.tercanbolgehaber.com\/index.php\/2024\/02\/24\/berat-kandilinin-tum-dunyada-barisin-kardesligin-sevginin-simgesidir\/\" \/>\n<meta property=\"og:site_name\" content=\"TERCAN B&Ouml;LGE HABER\" \/>\n<meta property=\"article:published_time\" content=\"2024-02-24T09:24:18+00:00\" \/>\n<meta property=\"article:modified_time\" content=\"2024-02-24T09:24:20+00:00\" \/>\n<meta property=\"og:image\" content=\"http:\/\/www.tercanbolgehaber.com\/wp-content\/uploads\/2024\/02\/e0346f22-1314-46f0-8498-ae99c03ebac2.jpg\" \/>\n\t<meta property=\"og:image:width\" content=\"1080\" \/>\n\t<meta property=\"og:image:height\" content=\"1150\" \/>\n\t<meta property=\"og:image:type\" content=\"image\/jpeg\" \/>\n<meta name=\"author\" content=\"Haydar Co\u015fkunf\u0131rat\" \/>\n<meta name=\"twitter:card\" content=\"summary_large_image\" \/>\n<meta name=\"twitter:label1\" content=\"Yazan:\" \/>\n\t<meta name=\"twitter:data1\" content=\"Haydar Co\u015fkunf\u0131rat\" \/>\n\t<meta name=\"twitter:label2\" content=\"Tahmini okuma s\u00fcresi\" \/>\n\t<meta name=\"twitter:data2\" content=\"1 dakika\" \/>\n<script type=\"application\/ld+json\" class=\"yoast-schema-graph\">{\"@context\":\"https:\/\/schema.org\",\"@graph\":[{\"@type\":\"Article\",\"@id\":\"https:\/\/www.tercanbolgehaber.com\/index.php\/2024\/02\/24\/berat-kandilinin-tum-dunyada-barisin-kardesligin-sevginin-simgesidir\/#article\",\"isPartOf\":{\"@id\":\"https:\/\/www.tercanbolgehaber.com\/index.php\/2024\/02\/24\/berat-kandilinin-tum-dunyada-barisin-kardesligin-sevginin-simgesidir\/\"},\"author\":{\"name\":\"Haydar Co\u015fkunf\u0131rat\",\"@id\":\"https:\/\/www.tercanbolgehaber.com\/#\/schema\/person\/588559f88c7997eaeefe12a53785fb5e\"},\"headline\":\"BERAT KAND\u0130L\u2019\u0130N\u0130N T\u00dcM D\u00dcNYADA BARI\u015eIN, KARDE\u015eL\u0130\u011e\u0130N, SEVG\u0130N\u0130N S\u0130MGES\u0130D\u0130R\",\"datePublished\":\"2024-02-24T09:24:18+00:00\",\"dateModified\":\"2024-02-24T09:24:20+00:00\",\"mainEntityOfPage\":{\"@id\":\"https:\/\/www.tercanbolgehaber.com\/index.php\/2024\/02\/24\/berat-kandilinin-tum-dunyada-barisin-kardesligin-sevginin-simgesidir\/\"},\"wordCount\":215,\"publisher\":{\"@id\":\"https:\/\/www.tercanbolgehaber.com\/#organization\"},\"image\":{\"@id\":\"https:\/\/www.tercanbolgehaber.com\/index.php\/2024\/02\/24\/berat-kandilinin-tum-dunyada-barisin-kardesligin-sevginin-simgesidir\/#primaryimage\"},\"thumbnailUrl\":\"https:\/\/www.tercanbolgehaber.com\/wp-content\/uploads\/2024\/02\/e0346f22-1314-46f0-8498-ae99c03ebac2.jpg\",\"articleSection\":[\"Man\u015fet\"],\"inLanguage\":\"tr\"},{\"@type\":\"WebPage\",\"@id\":\"https:\/\/www.tercanbolgehaber.com\/index.php\/2024\/02\/24\/berat-kandilinin-tum-dunyada-barisin-kardesligin-sevginin-simgesidir\/\",\"url\":\"https:\/\/www.tercanbolgehaber.com\/index.php\/2024\/02\/24\/berat-kandilinin-tum-dunyada-barisin-kardesligin-sevginin-simgesidir\/\",\"name\":\"BERAT KAND\u0130L\u2019\u0130N\u0130N T\u00dcM D\u00dcNYADA BARI\u015eIN, KARDE\u015eL\u0130\u011e\u0130N, SEVG\u0130N\u0130N S\u0130MGES\u0130D\u0130R - TERCAN B&Ouml;LGE HABER\",\"isPartOf\":{\"@id\":\"https:\/\/www.tercanbolgehaber.com\/#website\"},\"primaryImageOfPage\":{\"@id\":\"https:\/\/www.tercanbolgehaber.com\/index.php\/2024\/02\/24\/berat-kandilinin-tum-dunyada-barisin-kardesligin-sevginin-simgesidir\/#primaryimage\"},\"image\":{\"@id\":\"https:\/\/www.tercanbolgehaber.com\/index.php\/2024\/02\/24\/berat-kandilinin-tum-dunyada-barisin-kardesligin-sevginin-simgesidir\/#primaryimage\"},\"thumbnailUrl\":\"https:\/\/www.tercanbolgehaber.com\/wp-content\/uploads\/2024\/02\/e0346f22-1314-46f0-8498-ae99c03ebac2.jpg\",\"datePublished\":\"2024-02-24T09:24:18+00:00\",\"dateModified\":\"2024-02-24T09:24:20+00:00\",\"breadcrumb\":{\"@id\":\"https:\/\/www.tercanbolgehaber.com\/index.php\/2024\/02\/24\/berat-kandilinin-tum-dunyada-barisin-kardesligin-sevginin-simgesidir\/#breadcrumb\"},\"inLanguage\":\"tr\",\"potentialAction\":[{\"@type\":\"ReadAction\",\"target\":[\"https:\/\/www.tercanbolgehaber.com\/index.php\/2024\/02\/24\/berat-kandilinin-tum-dunyada-barisin-kardesligin-sevginin-simgesidir\/\"]}]},{\"@type\":\"ImageObject\",\"inLanguage\":\"tr\",\"@id\":\"https:\/\/www.tercanbolgehaber.com\/index.php\/2024\/02\/24\/berat-kandilinin-tum-dunyada-barisin-kardesligin-sevginin-simgesidir\/#primaryimage\",\"url\":\"https:\/\/www.tercanbolgehaber.com\/wp-content\/uploads\/2024\/02\/e0346f22-1314-46f0-8498-ae99c03ebac2.jpg\",\"contentUrl\":\"https:\/\/www.tercanbolgehaber.com\/wp-content\/uploads\/2024\/02\/e0346f22-1314-46f0-8498-ae99c03ebac2.jpg\",\"width\":1080,\"height\":1150},{\"@type\":\"BreadcrumbList\",\"@id\":\"https:\/\/www.tercanbolgehaber.com\/index.php\/2024\/02\/24\/berat-kandilinin-tum-dunyada-barisin-kardesligin-sevginin-simgesidir\/#breadcrumb\",\"itemListElement\":[{\"@type\":\"ListItem\",\"position\":1,\"name\":\"Anasayfa\",\"item\":\"https:\/\/www.tercanbolgehaber.com\/\"},{\"@type\":\"ListItem\",\"position\":2,\"name\":\"BERAT KAND\u0130L\u2019\u0130N\u0130N T\u00dcM D\u00dcNYADA BARI\u015eIN, KARDE\u015eL\u0130\u011e\u0130N, SEVG\u0130N\u0130N S\u0130MGES\u0130D\u0130R\"}]},{\"@type\":\"WebSite\",\"@id\":\"https:\/\/www.tercanbolgehaber.com\/#website\",\"url\":\"https:\/\/www.tercanbolgehaber.com\/\",\"name\":\"TERCAN B&Ouml;LGE HABER\",\"description\":\"HALK'IN HABER PORTALI\",\"publisher\":{\"@id\":\"https:\/\/www.tercanbolgehaber.com\/#organization\"},\"potentialAction\":[{\"@type\":\"SearchAction\",\"target\":{\"@type\":\"EntryPoint\",\"urlTemplate\":\"https:\/\/www.tercanbolgehaber.com\/?s={search_term_string}\"},\"query-input\":{\"@type\":\"PropertyValueSpecification\",\"valueRequired\":true,\"valueName\":\"search_term_string\"}}],\"inLanguage\":\"tr\"},{\"@type\":\"Organization\",\"@id\":\"https:\/\/www.tercanbolgehaber.com\/#organization\",\"name\":\"Tercan B\u00f6lge Haber\",\"url\":\"https:\/\/www.tercanbolgehaber.com\/\",\"logo\":{\"@type\":\"ImageObject\",\"inLanguage\":\"tr\",\"@id\":\"https:\/\/www.tercanbolgehaber.com\/#\/schema\/logo\/image\/\",\"url\":\"http:\/\/www.tercanbolgehaber.com\/wp-content\/uploads\/2022\/04\/logo_yeni.png\",\"contentUrl\":\"http:\/\/www.tercanbolgehaber.com\/wp-content\/uploads\/2022\/04\/logo_yeni.png\",\"width\":250,\"height\":123,\"caption\":\"Tercan B\u00f6lge Haber\"},\"image\":{\"@id\":\"https:\/\/www.tercanbolgehaber.com\/#\/schema\/logo\/image\/\"}},{\"@type\":\"Person\",\"@id\":\"https:\/\/www.tercanbolgehaber.com\/#\/schema\/person\/588559f88c7997eaeefe12a53785fb5e\",\"name\":\"Haydar Co\u015fkunf\u0131rat\",\"image\":{\"@type\":\"ImageObject\",\"inLanguage\":\"tr\",\"@id\":\"https:\/\/secure.gravatar.com\/avatar\/1992688ffa73c31cf68142c3401bd1f8b600612718310d5da53a0f7a4a562ace?s=96&d=mm&r=g\",\"url\":\"https:\/\/secure.gravatar.com\/avatar\/1992688ffa73c31cf68142c3401bd1f8b600612718310d5da53a0f7a4a562ace?s=96&d=mm&r=g\",\"contentUrl\":\"https:\/\/secure.gravatar.com\/avatar\/1992688ffa73c31cf68142c3401bd1f8b600612718310d5da53a0f7a4a562ace?s=96&d=mm&r=g\",\"caption\":\"Haydar Co\u015fkunf\u0131rat\"},\"url\":\"https:\/\/www.tercanbolgehaber.com\/index.php\/author\/haydar\/\"}]}<\/script>\n<!-- \/ Yoast SEO plugin. -->","yoast_head_json":{"title":"BERAT KAND\u0130L\u2019\u0130N\u0130N T\u00dcM D\u00dcNYADA BARI\u015eIN, KARDE\u015eL\u0130\u011e\u0130N, SEVG\u0130N\u0130N S\u0130MGES\u0130D\u0130R - TERCAN B&Ouml;LGE HABER","robots":{"index":"index","follow":"follow","max-snippet":"max-snippet:-1","max-image-preview":"max-image-preview:large","max-video-preview":"max-video-preview:-1"},"canonical":"https:\/\/www.tercanbolgehaber.com\/index.php\/2024\/02\/24\/berat-kandilinin-tum-dunyada-barisin-kardesligin-sevginin-simgesidir\/","og_locale":"tr_TR","og_type":"article","og_title":"BERAT KAND\u0130L\u2019\u0130N\u0130N T\u00dcM D\u00dcNYADA BARI\u015eIN, KARDE\u015eL\u0130\u011e\u0130N, SEVG\u0130N\u0130N S\u0130MGES\u0130D\u0130R - TERCAN B&Ouml;LGE HABER","og_description":"\u00a0AKDEN\u0130Z BASIN B\u0130RL\u0130\u011e\u0130. BA\u015eKANI \u00a0VE TERCAN B\u00d6LGE HABER GAZETES\u0130 \u0130MT\u0130YAZ SAH\u0130B\u0130 BERAT KAND\u0130L\u0130 DOLAYISIYLA YAYINLADI\u011eI MESAJINDA RAMAZAN AYININ M\u00dcJDEC\u0130S\u0130 BERAT KAND\u0130L\u0130NE ULA\u015eMI\u015e OLMANIN HUZUR VE MUTLULU\u011eUNU YA\u015eIYORUZ DED\u0130. Co\u015fkunf\u0131rat Berat Kandili Kurtulu\u015f, af ve ar\u0131nma anlam\u0131na gelen Berat Kandili, bizlere bilerek veya bilmeyerek i\u015fledi\u011fimiz hatalardan ve g\u00fcnahlardan t\u00f6vbe ederek, Y\u00fcce Rabbimizin rahmet ve ma\u011ffiretine s\u0131\u011f\u0131nma [&hellip;]","og_url":"https:\/\/www.tercanbolgehaber.com\/index.php\/2024\/02\/24\/berat-kandilinin-tum-dunyada-barisin-kardesligin-sevginin-simgesidir\/","og_site_name":"TERCAN B&Ouml;LGE HABER","article_published_time":"2024-02-24T09:24:18+00:00","article_modified_time":"2024-02-24T09:24:20+00:00","og_image":[{"width":1080,"height":1150,"url":"http:\/\/www.tercanbolgehaber.com\/wp-content\/uploads\/2024\/02\/e0346f22-1314-46f0-8498-ae99c03ebac2.jpg","type":"image\/jpeg"}],"author":"Haydar Co\u015fkunf\u0131rat","twitter_card":"summary_large_image","twitter_misc":{"Yazan:":"Haydar Co\u015fkunf\u0131rat","Tahmini okuma s\u00fcresi":"1 dakika"},"schema":{"@context":"https:\/\/schema.org","@graph":[{"@type":"Article","@id":"https:\/\/www.tercanbolgehaber.com\/index.php\/2024\/02\/24\/berat-kandilinin-tum-dunyada-barisin-kardesligin-sevginin-simgesidir\/#article","isPartOf":{"@id":"https:\/\/www.tercanbolgehaber.com\/index.php\/2024\/02\/24\/berat-kandilinin-tum-dunyada-barisin-kardesligin-sevginin-simgesidir\/"},"author":{"name":"Haydar Co\u015fkunf\u0131rat","@id":"https:\/\/www.tercanbolgehaber.com\/#\/schema\/person\/588559f88c7997eaeefe12a53785fb5e"},"headline":"BERAT KAND\u0130L\u2019\u0130N\u0130N T\u00dcM D\u00dcNYADA BARI\u015eIN, KARDE\u015eL\u0130\u011e\u0130N, SEVG\u0130N\u0130N S\u0130MGES\u0130D\u0130R","datePublished":"2024-02-24T09:24:18+00:00","dateModified":"2024-02-24T09:24:20+00:00","mainEntityOfPage":{"@id":"https:\/\/www.tercanbolgehaber.com\/index.php\/2024\/02\/24\/berat-kandilinin-tum-dunyada-barisin-kardesligin-sevginin-simgesidir\/"},"wordCount":215,"publisher":{"@id":"https:\/\/www.tercanbolgehaber.com\/#organization"},"image":{"@id":"https:\/\/www.tercanbolgehaber.com\/index.php\/2024\/02\/24\/berat-kandilinin-tum-dunyada-barisin-kardesligin-sevginin-simgesidir\/#primaryimage"},"thumbnailUrl":"https:\/\/www.tercanbolgehaber.com\/wp-content\/uploads\/2024\/02\/e0346f22-1314-46f0-8498-ae99c03ebac2.jpg","articleSection":["Man\u015fet"],"inLanguage":"tr"},{"@type":"WebPage","@id":"https:\/\/www.tercanbolgehaber.com\/index.php\/2024\/02\/24\/berat-kandilinin-tum-dunyada-barisin-kardesligin-sevginin-simgesidir\/","url":"https:\/\/www.tercanbolgehaber.com\/index.php\/2024\/02\/24\/berat-kandilinin-tum-dunyada-barisin-kardesligin-sevginin-simgesidir\/","name":"BERAT KAND\u0130L\u2019\u0130N\u0130N T\u00dcM D\u00dcNYADA BARI\u015eIN, KARDE\u015eL\u0130\u011e\u0130N, SEVG\u0130N\u0130N S\u0130MGES\u0130D\u0130R - TERCAN B&Ouml;LGE HABER","isPartOf":{"@id":"https:\/\/www.tercanbolgehaber.com\/#website"},"primaryImageOfPage":{"@id":"https:\/\/www.tercanbolgehaber.com\/index.php\/2024\/02\/24\/berat-kandilinin-tum-dunyada-barisin-kardesligin-sevginin-simgesidir\/#primaryimage"},"image":{"@id":"https:\/\/www.tercanbolgehaber.com\/index.php\/2024\/02\/24\/berat-kandilinin-tum-dunyada-barisin-kardesligin-sevginin-simgesidir\/#primaryimage"},"thumbnailUrl":"https:\/\/www.tercanbolgehaber.com\/wp-content\/uploads\/2024\/02\/e0346f22-1314-46f0-8498-ae99c03ebac2.jpg","datePublished":"2024-02-24T09:24:18+00:00","dateModified":"2024-02-24T09:24:20+00:00","breadcrumb":{"@id":"https:\/\/www.tercanbolgehaber.com\/index.php\/2024\/02\/24\/berat-kandilinin-tum-dunyada-barisin-kardesligin-sevginin-simgesidir\/#breadcrumb"},"inLanguage":"tr","potentialAction":[{"@type":"ReadAction","target":["https:\/\/www.tercanbolgehaber.com\/index.php\/2024\/02\/24\/berat-kandilinin-tum-dunyada-barisin-kardesligin-sevginin-simgesidir\/"]}]},{"@type":"ImageObject","inLanguage":"tr","@id":"https:\/\/www.tercanbolgehaber.com\/index.php\/2024\/02\/24\/berat-kandilinin-tum-dunyada-barisin-kardesligin-sevginin-simgesidir\/#primaryimage","url":"https:\/\/www.tercanbolgehaber.com\/wp-content\/uploads\/2024\/02\/e0346f22-1314-46f0-8498-ae99c03ebac2.jpg","contentUrl":"https:\/\/www.tercanbolgehaber.com\/wp-content\/uploads\/2024\/02\/e0346f22-1314-46f0-8498-ae99c03ebac2.jpg","width":1080,"height":1150},{"@type":"BreadcrumbList","@id":"https:\/\/www.tercanbolgehaber.com\/index.php\/2024\/02\/24\/berat-kandilinin-tum-dunyada-barisin-kardesligin-sevginin-simgesidir\/#breadcrumb","itemListElement":[{"@type":"ListItem","position":1,"name":"Anasayfa","item":"https:\/\/www.tercanbolgehaber.com\/"},{"@type":"ListItem","position":2,"name":"BERAT KAND\u0130L\u2019\u0130N\u0130N T\u00dcM D\u00dcNYADA BARI\u015eIN, KARDE\u015eL\u0130\u011e\u0130N, SEVG\u0130N\u0130N S\u0130MGES\u0130D\u0130R"}]},{"@type":"WebSite","@id":"https:\/\/www.tercanbolgehaber.com\/#website","url":"https:\/\/www.tercanbolgehaber.com\/","name":"TERCAN B&Ouml;LGE HABER","description":"HALK'IN HABER PORTALI","publisher":{"@id":"https:\/\/www.tercanbolgehaber.com\/#organization"},"potentialAction":[{"@type":"SearchAction","target":{"@type":"EntryPoint","urlTemplate":"https:\/\/www.tercanbolgehaber.com\/?s={search_term_string}"},"query-input":{"@type":"PropertyValueSpecification","valueRequired":true,"valueName":"search_term_string"}}],"inLanguage":"tr"},{"@type":"Organization","@id":"https:\/\/www.tercanbolgehaber.com\/#organization","name":"Tercan B\u00f6lge Haber","url":"https:\/\/www.tercanbolgehaber.com\/","logo":{"@type":"ImageObject","inLanguage":"tr","@id":"https:\/\/www.tercanbolgehaber.com\/#\/schema\/logo\/image\/","url":"http:\/\/www.tercanbolgehaber.com\/wp-content\/uploads\/2022\/04\/logo_yeni.png","contentUrl":"http:\/\/www.tercanbolgehaber.com\/wp-content\/uploads\/2022\/04\/logo_yeni.png","width":250,"height":123,"caption":"Tercan B\u00f6lge Haber"},"image":{"@id":"https:\/\/www.tercanbolgehaber.com\/#\/schema\/logo\/image\/"}},{"@type":"Person","@id":"https:\/\/www.tercanbolgehaber.com\/#\/schema\/person\/588559f88c7997eaeefe12a53785fb5e","name":"Haydar Co\u015fkunf\u0131rat","image":{"@type":"ImageObject","inLanguage":"tr","@id":"https:\/\/secure.gravatar.com\/avatar\/1992688ffa73c31cf68142c3401bd1f8b600612718310d5da53a0f7a4a562ace?s=96&d=mm&r=g","url":"https:\/\/secure.gravatar.com\/avatar\/1992688ffa73c31cf68142c3401bd1f8b600612718310d5da53a0f7a4a562ace?s=96&d=mm&r=g","contentUrl":"https:\/\/secure.gravatar.com\/avatar\/1992688ffa73c31cf68142c3401bd1f8b600612718310d5da53a0f7a4a562ace?s=96&d=mm&r=g","caption":"Haydar Co\u015fkunf\u0131rat"},"url":"https:\/\/www.tercanbolgehaber.com\/index.php\/author\/haydar\/"}]}},"_links":{"self":[{"href":"https:\/\/www.tercanbolgehaber.com\/index.php\/wp-json\/wp\/v2\/posts\/4069","targetHints":{"allow":["GET"]}}],"collection":[{"href":"https:\/\/www.tercanbolgehaber.com\/index.php\/wp-json\/wp\/v2\/posts"}],"about":[{"href":"https:\/\/www.tercanbolgehaber.com\/index.php\/wp-json\/wp\/v2\/types\/post"}],"author":[{"embeddable":true,"href":"https:\/\/www.tercanbolgehaber.com\/index.php\/wp-json\/wp\/v2\/users\/2"}],"replies":[{"embeddable":true,"href":"https:\/\/www.tercanbolgehaber.com\/index.php\/wp-json\/wp\/v2\/comments?post=4069"}],"version-history":[{"count":1,"href":"https:\/\/www.tercanbolgehaber.com\/index.php\/wp-json\/wp\/v2\/posts\/4069\/revisions"}],"predecessor-version":[{"id":4072,"href":"https:\/\/www.tercanbolgehaber.com\/index.php\/wp-json\/wp\/v2\/posts\/4069\/revisions\/4072"}],"wp:featuredmedia":[{"embeddable":true,"href":"https:\/\/www.tercanbolgehaber.com\/index.php\/wp-json\/wp\/v2\/media\/4070"}],"wp:attachment":[{"href":"https:\/\/www.tercanbolgehaber.com\/index.php\/wp-json\/wp\/v2\/media?parent=4069"}],"wp:term":[{"taxonomy":"category","embeddable":true,"href":"https:\/\/www.tercanbolgehaber.com\/index.php\/wp-json\/wp\/v2\/categories?post=4069"},{"taxonomy":"post_tag","embeddable":true,"href":"https:\/\/www.tercanbolgehaber.com\/index.php\/wp-json\/wp\/v2\/tags?post=4069"}],"curies":[{"name":"wp","href":"https:\/\/api.w.org\/{rel}","templated":true}]}}