{"id":4060,"date":"2024-02-23T10:13:55","date_gmt":"2024-02-23T10:13:55","guid":{"rendered":"https:\/\/www.tercanbolgehaber.com\/?p=4060"},"modified":"2024-02-23T10:13:57","modified_gmt":"2024-02-23T10:13:57","slug":"chp-erzincan-belediye-baskan-adayi-ozege-martin-sonu-bahar","status":"publish","type":"post","link":"https:\/\/www.tercanbolgehaber.com\/index.php\/2024\/02\/23\/chp-erzincan-belediye-baskan-adayi-ozege-martin-sonu-bahar\/","title":{"rendered":"CHP ERZ\u0130NCAN BELED\u0130YE BA\u015eKAN ADAYI \u00d6ZEGE, \u2018\u2019MARTIN SONU BAHAR\u2019\u2019"},"content":{"rendered":"\n<p class=\"has-vivid-cyan-blue-background-color has-background\">CHP ERZ\u0130NCAN BELED\u0130YE BA\u015eKAN ADAYI \u00d6ZGE VATANER \u00d6ZEGE, YO\u011eUN \u0130LG\u0130 GE\u00c7\u0130T,\u00a0\u00a0 MAHALLES\u0130NDE SE\u00c7MENLER\u0130YLE BULU\u015eTU ERZ\u0130NCAN\u2019DA TAR\u0130H YAZACA\u011eIZ DED\u0130.<\/p>\n\n\n\n<p class=\"has-luminous-vivid-amber-background-color has-background\">(TERCAN B\u00d6LGE HABER)HAYDAR CO\u015eKUNFIRAT<\/p>\n\n\n\n<figure class=\"wp-block-image size-full\"><img loading=\"lazy\" decoding=\"async\" width=\"900\" height=\"900\" src=\"https:\/\/www.tercanbolgehaber.com\/wp-content\/uploads\/2024\/02\/428607938_3693775370893331_2525714443615603606_n.jpg\" alt=\"\" class=\"wp-image-4062\" srcset=\"https:\/\/www.tercanbolgehaber.com\/wp-content\/uploads\/2024\/02\/428607938_3693775370893331_2525714443615603606_n.jpg 900w, https:\/\/www.tercanbolgehaber.com\/wp-content\/uploads\/2024\/02\/428607938_3693775370893331_2525714443615603606_n-300x300.jpg 300w, https:\/\/www.tercanbolgehaber.com\/wp-content\/uploads\/2024\/02\/428607938_3693775370893331_2525714443615603606_n-150x150.jpg 150w, https:\/\/www.tercanbolgehaber.com\/wp-content\/uploads\/2024\/02\/428607938_3693775370893331_2525714443615603606_n-768x768.jpg 768w, https:\/\/www.tercanbolgehaber.com\/wp-content\/uploads\/2024\/02\/428607938_3693775370893331_2525714443615603606_n-696x696.jpg 696w\" sizes=\"auto, (max-width: 900px) 100vw, 900px\" \/><\/figure>\n\n\n\n<p>\u00d6zege&nbsp; Ge\u00e7it \u2019de Co\u015fkulu kar\u015f\u0131laman\u0131n ard\u0131nda&nbsp; Erzincan\u2019da Tarih Yazaca\u011f\u0131z .Refik Arastan sonra&nbsp; Erzincan\u2019da Belediye Ba\u015fkal\u0131\u011f\u0131n\u0131&nbsp; CHP Kazanacak Bu&nbsp; Karde\u015finiz Sizlerin Caba Gayretleri ile Erzincan\u2019\u0131n \u0130lk kad\u0131n Ba\u015fkan\u0131 olacak dedi.<\/p>\n\n\n\n<p class=\"has-vivid-red-background-color has-background\">CHP ERZ\u0130NCAN BELED\u0130YE BA\u015eKAN ADAYI \u00d6ZEGE MARTIN SONU BAHAR. BUNA BEN \u0130NANIYORUM ERZ\u0130NCAN \u0130NANIYOR\u201d<\/p>\n\n\n\n<figure class=\"wp-block-image size-large is-resized\"><img loading=\"lazy\" decoding=\"async\" width=\"1024\" height=\"791\" src=\"https:\/\/www.tercanbolgehaber.com\/wp-content\/uploads\/2024\/02\/428612534_3693775374226664_1237436771051390700_n-1024x791.jpg\" alt=\"\" class=\"wp-image-4063\" style=\"aspect-ratio:1.2945638432364097;width:763px;height:auto\" srcset=\"https:\/\/www.tercanbolgehaber.com\/wp-content\/uploads\/2024\/02\/428612534_3693775374226664_1237436771051390700_n-1024x791.jpg 1024w, https:\/\/www.tercanbolgehaber.com\/wp-content\/uploads\/2024\/02\/428612534_3693775374226664_1237436771051390700_n-300x232.jpg 300w, https:\/\/www.tercanbolgehaber.com\/wp-content\/uploads\/2024\/02\/428612534_3693775374226664_1237436771051390700_n-768x593.jpg 768w, https:\/\/www.tercanbolgehaber.com\/wp-content\/uploads\/2024\/02\/428612534_3693775374226664_1237436771051390700_n-696x537.jpg 696w, https:\/\/www.tercanbolgehaber.com\/wp-content\/uploads\/2024\/02\/428612534_3693775374226664_1237436771051390700_n-1068x825.jpg 1068w, https:\/\/www.tercanbolgehaber.com\/wp-content\/uploads\/2024\/02\/428612534_3693775374226664_1237436771051390700_n.jpg 1440w\" sizes=\"auto, (max-width: 1024px) 100vw, 1024px\" \/><\/figure>\n\n\n\n<p>CHP ERZ\u0130NCAN BELED\u0130YE BA\u015eKAN ADAYI \u00d6ZGE VATANER \u00d6ZEGE, Yapt\u0131\u011f\u0131 Konu\u015fmada \u201c\u0130nsanlar \u00e7ocuklar\u0131na i\u015f istiyor, a\u015f istiyor. Ye\u015fil alan istiyor, park istiyor. Kre\u015f istiyor. \u0130nsanlar h\u0131rs\u0131zlar\u0131 istemiyor. Halk i\u00e7in \u00e7al\u0131\u015facak ba\u015fkanlar istiyor. Halk\u0131n paras\u0131n\u0131 halk i\u00e7in harcayal\u0131m, nas\u0131l hizmet \u00fcretiliyor, nas\u0131l kaynak yarat\u0131l\u0131yor g\u00f6receksiniz\u201d dedi.<\/p>\n\n\n\n<figure class=\"wp-block-image size-large is-resized\"><img loading=\"lazy\" decoding=\"async\" width=\"1024\" height=\"581\" src=\"https:\/\/www.tercanbolgehaber.com\/wp-content\/uploads\/2024\/02\/428610119_3693775360893332_8773208109916708114_n-1024x581.jpg\" alt=\"\" class=\"wp-image-4064\" style=\"aspect-ratio:1.7638376383763839;width:764px;height:auto\" srcset=\"https:\/\/www.tercanbolgehaber.com\/wp-content\/uploads\/2024\/02\/428610119_3693775360893332_8773208109916708114_n-1024x581.jpg 1024w, https:\/\/www.tercanbolgehaber.com\/wp-content\/uploads\/2024\/02\/428610119_3693775360893332_8773208109916708114_n-300x170.jpg 300w, https:\/\/www.tercanbolgehaber.com\/wp-content\/uploads\/2024\/02\/428610119_3693775360893332_8773208109916708114_n-768x435.jpg 768w, https:\/\/www.tercanbolgehaber.com\/wp-content\/uploads\/2024\/02\/428610119_3693775360893332_8773208109916708114_n-696x395.jpg 696w, https:\/\/www.tercanbolgehaber.com\/wp-content\/uploads\/2024\/02\/428610119_3693775360893332_8773208109916708114_n-1068x605.jpg 1068w, https:\/\/www.tercanbolgehaber.com\/wp-content\/uploads\/2024\/02\/428610119_3693775360893332_8773208109916708114_n.jpg 1434w\" sizes=\"auto, (max-width: 1024px) 100vw, 1024px\" \/><\/figure>\n\n\n\n<p>Ba\u015fkan Aday\u0131 \u00d6ZEGEB \u201cFarkl\u0131 bir Erzincan olacak. Farkl\u0131 bir belediye ba\u015fkan\u0131 g\u00f6receksiniz. Yan gelip yatan de\u011fil, yanda\u015f\u0131n\u0131, kendisini o koltu\u011fa getirenleri kay\u0131ran de\u011fil, koltuk sevdal\u0131s\u0131 de\u011fil; halk i\u00e7in \u00e7al\u0131\u015fan bir belediye ba\u015fkan\u0131 g\u00f6receksiniz\u201d<\/p>\n\n\n\n<figure class=\"wp-block-image size-large is-resized\"><img loading=\"lazy\" decoding=\"async\" width=\"1024\" height=\"1024\" src=\"https:\/\/www.tercanbolgehaber.com\/wp-content\/uploads\/2024\/02\/428612791_3693775364226665_3232790966775884865_n-1024x1024.jpg\" alt=\"\" class=\"wp-image-4065\" style=\"aspect-ratio:1;width:747px;height:auto\" srcset=\"https:\/\/www.tercanbolgehaber.com\/wp-content\/uploads\/2024\/02\/428612791_3693775364226665_3232790966775884865_n-1024x1024.jpg 1024w, https:\/\/www.tercanbolgehaber.com\/wp-content\/uploads\/2024\/02\/428612791_3693775364226665_3232790966775884865_n-300x300.jpg 300w, https:\/\/www.tercanbolgehaber.com\/wp-content\/uploads\/2024\/02\/428612791_3693775364226665_3232790966775884865_n-150x150.jpg 150w, https:\/\/www.tercanbolgehaber.com\/wp-content\/uploads\/2024\/02\/428612791_3693775364226665_3232790966775884865_n-768x768.jpg 768w, https:\/\/www.tercanbolgehaber.com\/wp-content\/uploads\/2024\/02\/428612791_3693775364226665_3232790966775884865_n-696x696.jpg 696w, https:\/\/www.tercanbolgehaber.com\/wp-content\/uploads\/2024\/02\/428612791_3693775364226665_3232790966775884865_n-1068x1068.jpg 1068w, https:\/\/www.tercanbolgehaber.com\/wp-content\/uploads\/2024\/02\/428612791_3693775364226665_3232790966775884865_n.jpg 1440w\" sizes=\"auto, (max-width: 1024px) 100vw, 1024px\" \/><\/figure>\n\n\n\n<p>Ben bug\u00fcn\u00a0 Burdan\u00a0 Sesleniyorum Bug\u00fcne kadar CHP\u2019ye oy vermemi\u015f, bizim partimize Erzincanda\u00a0\u00a0 Belediye ba\u015fkanl\u0131\u011f\u0131da\u00a0 \u015fans\u0131 tan\u0131mam\u0131\u015f vatanda\u015flar\u0131m\u0131za sesleniyorum. Erzincan\u0131 kalk\u0131nd\u0131racak adaylara oy verin. Bizler de bu memleketin evlad\u0131y\u0131z. Bir kez de bize \u015fans verin, bizi de deneyin dedi<\/p>\n\n\n\n<figure class=\"wp-block-image size-large\"><img loading=\"lazy\" decoding=\"async\" width=\"1024\" height=\"714\" src=\"https:\/\/www.tercanbolgehaber.com\/wp-content\/uploads\/2024\/02\/428610559_3693775377559997_8774236102798935605_n-1024x714.jpg\" alt=\"\" class=\"wp-image-4066\" srcset=\"https:\/\/www.tercanbolgehaber.com\/wp-content\/uploads\/2024\/02\/428610559_3693775377559997_8774236102798935605_n-1024x714.jpg 1024w, https:\/\/www.tercanbolgehaber.com\/wp-content\/uploads\/2024\/02\/428610559_3693775377559997_8774236102798935605_n-300x209.jpg 300w, https:\/\/www.tercanbolgehaber.com\/wp-content\/uploads\/2024\/02\/428610559_3693775377559997_8774236102798935605_n-768x535.jpg 768w, https:\/\/www.tercanbolgehaber.com\/wp-content\/uploads\/2024\/02\/428610559_3693775377559997_8774236102798935605_n-696x485.jpg 696w, https:\/\/www.tercanbolgehaber.com\/wp-content\/uploads\/2024\/02\/428610559_3693775377559997_8774236102798935605_n-1068x745.jpg 1068w, https:\/\/www.tercanbolgehaber.com\/wp-content\/uploads\/2024\/02\/428610559_3693775377559997_8774236102798935605_n.jpg 1341w\" sizes=\"auto, (max-width: 1024px) 100vw, 1024px\" \/><\/figure>\n\n\n\n<p>Ba\u015fkan Aday\u0131 \u00d6ZEGE konu\u015fmas\u0131n\u0131n ard\u0131ndan gezisi kapsam\u0131nda esnaf ziyaretinde bulundu,<\/p>\n\n\n\n<figure class=\"wp-block-image size-full is-resized\"><img loading=\"lazy\" decoding=\"async\" width=\"350\" height=\"172\" src=\"https:\/\/www.tercanbolgehaber.com\/wp-content\/uploads\/2024\/02\/logo_yeni2-9.png\" alt=\"\" class=\"wp-image-4067\" style=\"aspect-ratio:2.0348837209302326;width:234px;height:auto\" srcset=\"https:\/\/www.tercanbolgehaber.com\/wp-content\/uploads\/2024\/02\/logo_yeni2-9.png 350w, https:\/\/www.tercanbolgehaber.com\/wp-content\/uploads\/2024\/02\/logo_yeni2-9-300x147.png 300w\" sizes=\"auto, (max-width: 350px) 100vw, 350px\" \/><\/figure>\n","protected":false},"excerpt":{"rendered":"<p>CHP ERZ\u0130NCAN BELED\u0130YE BA\u015eKAN ADAYI \u00d6ZGE VATANER \u00d6ZEGE, YO\u011eUN \u0130LG\u0130 GE\u00c7\u0130T,\u00a0\u00a0 MAHALLES\u0130NDE SE\u00c7MENLER\u0130YLE BULU\u015eTU ERZ\u0130NCAN\u2019DA TAR\u0130H YAZACA\u011eIZ DED\u0130. (TERCAN B\u00d6LGE HABER)HAYDAR CO\u015eKUNFIRAT \u00d6zege&nbsp; Ge\u00e7it \u2019de Co\u015fkulu kar\u015f\u0131laman\u0131n ard\u0131nda&nbsp; Erzincan\u2019da Tarih Yazaca\u011f\u0131z .Refik Arastan sonra&nbsp; Erzincan\u2019da Belediye Ba\u015fkal\u0131\u011f\u0131n\u0131&nbsp; CHP Kazanacak Bu&nbsp; Karde\u015finiz Sizlerin Caba Gayretleri ile Erzincan\u2019\u0131n \u0130lk kad\u0131n Ba\u015fkan\u0131 olacak dedi. CHP ERZ\u0130NCAN BELED\u0130YE BA\u015eKAN [&hellip;]<\/p>\n","protected":false},"author":2,"featured_media":4061,"comment_status":"closed","ping_status":"open","sticky":false,"template":"","format":"standard","meta":{"footnotes":""},"categories":[35,38],"tags":[],"class_list":{"0":"post-4060","1":"post","2":"type-post","3":"status-publish","4":"format-standard","5":"has-post-thumbnail","7":"category-manset","8":"category-politika"},"yoast_head":"<!-- This site is optimized with the Yoast SEO plugin v27.2 - https:\/\/yoast.com\/product\/yoast-seo-wordpress\/ -->\n<title>CHP ERZ\u0130NCAN BELED\u0130YE BA\u015eKAN ADAYI \u00d6ZEGE, \u2018\u2019MARTIN SONU BAHAR\u2019\u2019 - TERCAN B&Ouml;LGE HABER<\/title>\n<meta name=\"robots\" content=\"index, follow, max-snippet:-1, max-image-preview:large, max-video-preview:-1\" \/>\n<link rel=\"canonical\" href=\"https:\/\/www.tercanbolgehaber.com\/index.php\/2024\/02\/23\/chp-erzincan-belediye-baskan-adayi-ozege-martin-sonu-bahar\/\" \/>\n<meta property=\"og:locale\" content=\"tr_TR\" \/>\n<meta property=\"og:type\" content=\"article\" \/>\n<meta property=\"og:title\" content=\"CHP ERZ\u0130NCAN BELED\u0130YE BA\u015eKAN ADAYI \u00d6ZEGE, \u2018\u2019MARTIN SONU BAHAR\u2019\u2019 - TERCAN B&Ouml;LGE HABER\" \/>\n<meta property=\"og:description\" content=\"CHP ERZ\u0130NCAN BELED\u0130YE BA\u015eKAN ADAYI \u00d6ZGE VATANER \u00d6ZEGE, YO\u011eUN \u0130LG\u0130 GE\u00c7\u0130T,\u00a0\u00a0 MAHALLES\u0130NDE SE\u00c7MENLER\u0130YLE BULU\u015eTU ERZ\u0130NCAN\u2019DA TAR\u0130H YAZACA\u011eIZ DED\u0130. (TERCAN B\u00d6LGE HABER)HAYDAR CO\u015eKUNFIRAT \u00d6zege&nbsp; Ge\u00e7it \u2019de Co\u015fkulu kar\u015f\u0131laman\u0131n ard\u0131nda&nbsp; Erzincan\u2019da Tarih Yazaca\u011f\u0131z .Refik Arastan sonra&nbsp; Erzincan\u2019da Belediye Ba\u015fkal\u0131\u011f\u0131n\u0131&nbsp; CHP Kazanacak Bu&nbsp; Karde\u015finiz Sizlerin Caba Gayretleri ile Erzincan\u2019\u0131n \u0130lk kad\u0131n Ba\u015fkan\u0131 olacak dedi. CHP ERZ\u0130NCAN BELED\u0130YE BA\u015eKAN [&hellip;]\" \/>\n<meta property=\"og:url\" content=\"https:\/\/www.tercanbolgehaber.com\/index.php\/2024\/02\/23\/chp-erzincan-belediye-baskan-adayi-ozege-martin-sonu-bahar\/\" \/>\n<meta property=\"og:site_name\" content=\"TERCAN B&Ouml;LGE HABER\" \/>\n<meta property=\"article:published_time\" content=\"2024-02-23T10:13:55+00:00\" \/>\n<meta property=\"article:modified_time\" content=\"2024-02-23T10:13:57+00:00\" \/>\n<meta property=\"og:image\" content=\"http:\/\/www.tercanbolgehaber.com\/wp-content\/uploads\/2024\/02\/428616286_3693775367559998_7004972986127354675_n.jpg\" \/>\n\t<meta property=\"og:image:width\" content=\"1440\" \/>\n\t<meta property=\"og:image:height\" content=\"1440\" \/>\n\t<meta property=\"og:image:type\" content=\"image\/jpeg\" \/>\n<meta name=\"author\" content=\"Haydar Co\u015fkunf\u0131rat\" \/>\n<meta name=\"twitter:card\" content=\"summary_large_image\" \/>\n<meta name=\"twitter:label1\" content=\"Yazan:\" \/>\n\t<meta name=\"twitter:data1\" content=\"Haydar Co\u015fkunf\u0131rat\" \/>\n\t<meta name=\"twitter:label2\" content=\"Tahmini okuma s\u00fcresi\" \/>\n\t<meta name=\"twitter:data2\" content=\"1 dakika\" \/>\n<script type=\"application\/ld+json\" class=\"yoast-schema-graph\">{\"@context\":\"https:\/\/schema.org\",\"@graph\":[{\"@type\":\"Article\",\"@id\":\"https:\/\/www.tercanbolgehaber.com\/index.php\/2024\/02\/23\/chp-erzincan-belediye-baskan-adayi-ozege-martin-sonu-bahar\/#article\",\"isPartOf\":{\"@id\":\"https:\/\/www.tercanbolgehaber.com\/index.php\/2024\/02\/23\/chp-erzincan-belediye-baskan-adayi-ozege-martin-sonu-bahar\/\"},\"author\":{\"name\":\"Haydar Co\u015fkunf\u0131rat\",\"@id\":\"https:\/\/www.tercanbolgehaber.com\/#\/schema\/person\/588559f88c7997eaeefe12a53785fb5e\"},\"headline\":\"CHP ERZ\u0130NCAN BELED\u0130YE BA\u015eKAN ADAYI \u00d6ZEGE, \u2018\u2019MARTIN SONU BAHAR\u2019\u2019\",\"datePublished\":\"2024-02-23T10:13:55+00:00\",\"dateModified\":\"2024-02-23T10:13:57+00:00\",\"mainEntityOfPage\":{\"@id\":\"https:\/\/www.tercanbolgehaber.com\/index.php\/2024\/02\/23\/chp-erzincan-belediye-baskan-adayi-ozege-martin-sonu-bahar\/\"},\"wordCount\":294,\"publisher\":{\"@id\":\"https:\/\/www.tercanbolgehaber.com\/#organization\"},\"image\":{\"@id\":\"https:\/\/www.tercanbolgehaber.com\/index.php\/2024\/02\/23\/chp-erzincan-belediye-baskan-adayi-ozege-martin-sonu-bahar\/#primaryimage\"},\"thumbnailUrl\":\"https:\/\/www.tercanbolgehaber.com\/wp-content\/uploads\/2024\/02\/428616286_3693775367559998_7004972986127354675_n.jpg\",\"articleSection\":[\"Man\u015fet\",\"Politika\"],\"inLanguage\":\"tr\"},{\"@type\":\"WebPage\",\"@id\":\"https:\/\/www.tercanbolgehaber.com\/index.php\/2024\/02\/23\/chp-erzincan-belediye-baskan-adayi-ozege-martin-sonu-bahar\/\",\"url\":\"https:\/\/www.tercanbolgehaber.com\/index.php\/2024\/02\/23\/chp-erzincan-belediye-baskan-adayi-ozege-martin-sonu-bahar\/\",\"name\":\"CHP ERZ\u0130NCAN BELED\u0130YE BA\u015eKAN ADAYI \u00d6ZEGE, \u2018\u2019MARTIN SONU BAHAR\u2019\u2019 - TERCAN B&Ouml;LGE HABER\",\"isPartOf\":{\"@id\":\"https:\/\/www.tercanbolgehaber.com\/#website\"},\"primaryImageOfPage\":{\"@id\":\"https:\/\/www.tercanbolgehaber.com\/index.php\/2024\/02\/23\/chp-erzincan-belediye-baskan-adayi-ozege-martin-sonu-bahar\/#primaryimage\"},\"image\":{\"@id\":\"https:\/\/www.tercanbolgehaber.com\/index.php\/2024\/02\/23\/chp-erzincan-belediye-baskan-adayi-ozege-martin-sonu-bahar\/#primaryimage\"},\"thumbnailUrl\":\"https:\/\/www.tercanbolgehaber.com\/wp-content\/uploads\/2024\/02\/428616286_3693775367559998_7004972986127354675_n.jpg\",\"datePublished\":\"2024-02-23T10:13:55+00:00\",\"dateModified\":\"2024-02-23T10:13:57+00:00\",\"breadcrumb\":{\"@id\":\"https:\/\/www.tercanbolgehaber.com\/index.php\/2024\/02\/23\/chp-erzincan-belediye-baskan-adayi-ozege-martin-sonu-bahar\/#breadcrumb\"},\"inLanguage\":\"tr\",\"potentialAction\":[{\"@type\":\"ReadAction\",\"target\":[\"https:\/\/www.tercanbolgehaber.com\/index.php\/2024\/02\/23\/chp-erzincan-belediye-baskan-adayi-ozege-martin-sonu-bahar\/\"]}]},{\"@type\":\"ImageObject\",\"inLanguage\":\"tr\",\"@id\":\"https:\/\/www.tercanbolgehaber.com\/index.php\/2024\/02\/23\/chp-erzincan-belediye-baskan-adayi-ozege-martin-sonu-bahar\/#primaryimage\",\"url\":\"https:\/\/www.tercanbolgehaber.com\/wp-content\/uploads\/2024\/02\/428616286_3693775367559998_7004972986127354675_n.jpg\",\"contentUrl\":\"https:\/\/www.tercanbolgehaber.com\/wp-content\/uploads\/2024\/02\/428616286_3693775367559998_7004972986127354675_n.jpg\",\"width\":1440,\"height\":1440},{\"@type\":\"BreadcrumbList\",\"@id\":\"https:\/\/www.tercanbolgehaber.com\/index.php\/2024\/02\/23\/chp-erzincan-belediye-baskan-adayi-ozege-martin-sonu-bahar\/#breadcrumb\",\"itemListElement\":[{\"@type\":\"ListItem\",\"position\":1,\"name\":\"Anasayfa\",\"item\":\"https:\/\/www.tercanbolgehaber.com\/\"},{\"@type\":\"ListItem\",\"position\":2,\"name\":\"CHP ERZ\u0130NCAN BELED\u0130YE BA\u015eKAN ADAYI \u00d6ZEGE, \u2018\u2019MARTIN SONU BAHAR\u2019\u2019\"}]},{\"@type\":\"WebSite\",\"@id\":\"https:\/\/www.tercanbolgehaber.com\/#website\",\"url\":\"https:\/\/www.tercanbolgehaber.com\/\",\"name\":\"TERCAN B&Ouml;LGE HABER\",\"description\":\"HALK'IN HABER PORTALI\",\"publisher\":{\"@id\":\"https:\/\/www.tercanbolgehaber.com\/#organization\"},\"potentialAction\":[{\"@type\":\"SearchAction\",\"target\":{\"@type\":\"EntryPoint\",\"urlTemplate\":\"https:\/\/www.tercanbolgehaber.com\/?s={search_term_string}\"},\"query-input\":{\"@type\":\"PropertyValueSpecification\",\"valueRequired\":true,\"valueName\":\"search_term_string\"}}],\"inLanguage\":\"tr\"},{\"@type\":\"Organization\",\"@id\":\"https:\/\/www.tercanbolgehaber.com\/#organization\",\"name\":\"Tercan B\u00f6lge Haber\",\"url\":\"https:\/\/www.tercanbolgehaber.com\/\",\"logo\":{\"@type\":\"ImageObject\",\"inLanguage\":\"tr\",\"@id\":\"https:\/\/www.tercanbolgehaber.com\/#\/schema\/logo\/image\/\",\"url\":\"http:\/\/www.tercanbolgehaber.com\/wp-content\/uploads\/2022\/04\/logo_yeni.png\",\"contentUrl\":\"http:\/\/www.tercanbolgehaber.com\/wp-content\/uploads\/2022\/04\/logo_yeni.png\",\"width\":250,\"height\":123,\"caption\":\"Tercan B\u00f6lge Haber\"},\"image\":{\"@id\":\"https:\/\/www.tercanbolgehaber.com\/#\/schema\/logo\/image\/\"}},{\"@type\":\"Person\",\"@id\":\"https:\/\/www.tercanbolgehaber.com\/#\/schema\/person\/588559f88c7997eaeefe12a53785fb5e\",\"name\":\"Haydar Co\u015fkunf\u0131rat\",\"image\":{\"@type\":\"ImageObject\",\"inLanguage\":\"tr\",\"@id\":\"https:\/\/secure.gravatar.com\/avatar\/1992688ffa73c31cf68142c3401bd1f8b600612718310d5da53a0f7a4a562ace?s=96&d=mm&r=g\",\"url\":\"https:\/\/secure.gravatar.com\/avatar\/1992688ffa73c31cf68142c3401bd1f8b600612718310d5da53a0f7a4a562ace?s=96&d=mm&r=g\",\"contentUrl\":\"https:\/\/secure.gravatar.com\/avatar\/1992688ffa73c31cf68142c3401bd1f8b600612718310d5da53a0f7a4a562ace?s=96&d=mm&r=g\",\"caption\":\"Haydar Co\u015fkunf\u0131rat\"},\"url\":\"https:\/\/www.tercanbolgehaber.com\/index.php\/author\/haydar\/\"}]}<\/script>\n<!-- \/ Yoast SEO plugin. -->","yoast_head_json":{"title":"CHP ERZ\u0130NCAN BELED\u0130YE BA\u015eKAN ADAYI \u00d6ZEGE, \u2018\u2019MARTIN SONU BAHAR\u2019\u2019 - TERCAN B&Ouml;LGE HABER","robots":{"index":"index","follow":"follow","max-snippet":"max-snippet:-1","max-image-preview":"max-image-preview:large","max-video-preview":"max-video-preview:-1"},"canonical":"https:\/\/www.tercanbolgehaber.com\/index.php\/2024\/02\/23\/chp-erzincan-belediye-baskan-adayi-ozege-martin-sonu-bahar\/","og_locale":"tr_TR","og_type":"article","og_title":"CHP ERZ\u0130NCAN BELED\u0130YE BA\u015eKAN ADAYI \u00d6ZEGE, \u2018\u2019MARTIN SONU BAHAR\u2019\u2019 - TERCAN B&Ouml;LGE HABER","og_description":"CHP ERZ\u0130NCAN BELED\u0130YE BA\u015eKAN ADAYI \u00d6ZGE VATANER \u00d6ZEGE, YO\u011eUN \u0130LG\u0130 GE\u00c7\u0130T,\u00a0\u00a0 MAHALLES\u0130NDE SE\u00c7MENLER\u0130YLE BULU\u015eTU ERZ\u0130NCAN\u2019DA TAR\u0130H YAZACA\u011eIZ DED\u0130. (TERCAN B\u00d6LGE HABER)HAYDAR CO\u015eKUNFIRAT \u00d6zege&nbsp; Ge\u00e7it \u2019de Co\u015fkulu kar\u015f\u0131laman\u0131n ard\u0131nda&nbsp; Erzincan\u2019da Tarih Yazaca\u011f\u0131z .Refik Arastan sonra&nbsp; Erzincan\u2019da Belediye Ba\u015fkal\u0131\u011f\u0131n\u0131&nbsp; CHP Kazanacak Bu&nbsp; Karde\u015finiz Sizlerin Caba Gayretleri ile Erzincan\u2019\u0131n \u0130lk kad\u0131n Ba\u015fkan\u0131 olacak dedi. CHP ERZ\u0130NCAN BELED\u0130YE BA\u015eKAN [&hellip;]","og_url":"https:\/\/www.tercanbolgehaber.com\/index.php\/2024\/02\/23\/chp-erzincan-belediye-baskan-adayi-ozege-martin-sonu-bahar\/","og_site_name":"TERCAN B&Ouml;LGE HABER","article_published_time":"2024-02-23T10:13:55+00:00","article_modified_time":"2024-02-23T10:13:57+00:00","og_image":[{"width":1440,"height":1440,"url":"http:\/\/www.tercanbolgehaber.com\/wp-content\/uploads\/2024\/02\/428616286_3693775367559998_7004972986127354675_n.jpg","type":"image\/jpeg"}],"author":"Haydar Co\u015fkunf\u0131rat","twitter_card":"summary_large_image","twitter_misc":{"Yazan:":"Haydar Co\u015fkunf\u0131rat","Tahmini okuma s\u00fcresi":"1 dakika"},"schema":{"@context":"https:\/\/schema.org","@graph":[{"@type":"Article","@id":"https:\/\/www.tercanbolgehaber.com\/index.php\/2024\/02\/23\/chp-erzincan-belediye-baskan-adayi-ozege-martin-sonu-bahar\/#article","isPartOf":{"@id":"https:\/\/www.tercanbolgehaber.com\/index.php\/2024\/02\/23\/chp-erzincan-belediye-baskan-adayi-ozege-martin-sonu-bahar\/"},"author":{"name":"Haydar Co\u015fkunf\u0131rat","@id":"https:\/\/www.tercanbolgehaber.com\/#\/schema\/person\/588559f88c7997eaeefe12a53785fb5e"},"headline":"CHP ERZ\u0130NCAN BELED\u0130YE BA\u015eKAN ADAYI \u00d6ZEGE, \u2018\u2019MARTIN SONU BAHAR\u2019\u2019","datePublished":"2024-02-23T10:13:55+00:00","dateModified":"2024-02-23T10:13:57+00:00","mainEntityOfPage":{"@id":"https:\/\/www.tercanbolgehaber.com\/index.php\/2024\/02\/23\/chp-erzincan-belediye-baskan-adayi-ozege-martin-sonu-bahar\/"},"wordCount":294,"publisher":{"@id":"https:\/\/www.tercanbolgehaber.com\/#organization"},"image":{"@id":"https:\/\/www.tercanbolgehaber.com\/index.php\/2024\/02\/23\/chp-erzincan-belediye-baskan-adayi-ozege-martin-sonu-bahar\/#primaryimage"},"thumbnailUrl":"https:\/\/www.tercanbolgehaber.com\/wp-content\/uploads\/2024\/02\/428616286_3693775367559998_7004972986127354675_n.jpg","articleSection":["Man\u015fet","Politika"],"inLanguage":"tr"},{"@type":"WebPage","@id":"https:\/\/www.tercanbolgehaber.com\/index.php\/2024\/02\/23\/chp-erzincan-belediye-baskan-adayi-ozege-martin-sonu-bahar\/","url":"https:\/\/www.tercanbolgehaber.com\/index.php\/2024\/02\/23\/chp-erzincan-belediye-baskan-adayi-ozege-martin-sonu-bahar\/","name":"CHP ERZ\u0130NCAN BELED\u0130YE BA\u015eKAN ADAYI \u00d6ZEGE, \u2018\u2019MARTIN SONU BAHAR\u2019\u2019 - TERCAN B&Ouml;LGE HABER","isPartOf":{"@id":"https:\/\/www.tercanbolgehaber.com\/#website"},"primaryImageOfPage":{"@id":"https:\/\/www.tercanbolgehaber.com\/index.php\/2024\/02\/23\/chp-erzincan-belediye-baskan-adayi-ozege-martin-sonu-bahar\/#primaryimage"},"image":{"@id":"https:\/\/www.tercanbolgehaber.com\/index.php\/2024\/02\/23\/chp-erzincan-belediye-baskan-adayi-ozege-martin-sonu-bahar\/#primaryimage"},"thumbnailUrl":"https:\/\/www.tercanbolgehaber.com\/wp-content\/uploads\/2024\/02\/428616286_3693775367559998_7004972986127354675_n.jpg","datePublished":"2024-02-23T10:13:55+00:00","dateModified":"2024-02-23T10:13:57+00:00","breadcrumb":{"@id":"https:\/\/www.tercanbolgehaber.com\/index.php\/2024\/02\/23\/chp-erzincan-belediye-baskan-adayi-ozege-martin-sonu-bahar\/#breadcrumb"},"inLanguage":"tr","potentialAction":[{"@type":"ReadAction","target":["https:\/\/www.tercanbolgehaber.com\/index.php\/2024\/02\/23\/chp-erzincan-belediye-baskan-adayi-ozege-martin-sonu-bahar\/"]}]},{"@type":"ImageObject","inLanguage":"tr","@id":"https:\/\/www.tercanbolgehaber.com\/index.php\/2024\/02\/23\/chp-erzincan-belediye-baskan-adayi-ozege-martin-sonu-bahar\/#primaryimage","url":"https:\/\/www.tercanbolgehaber.com\/wp-content\/uploads\/2024\/02\/428616286_3693775367559998_7004972986127354675_n.jpg","contentUrl":"https:\/\/www.tercanbolgehaber.com\/wp-content\/uploads\/2024\/02\/428616286_3693775367559998_7004972986127354675_n.jpg","width":1440,"height":1440},{"@type":"BreadcrumbList","@id":"https:\/\/www.tercanbolgehaber.com\/index.php\/2024\/02\/23\/chp-erzincan-belediye-baskan-adayi-ozege-martin-sonu-bahar\/#breadcrumb","itemListElement":[{"@type":"ListItem","position":1,"name":"Anasayfa","item":"https:\/\/www.tercanbolgehaber.com\/"},{"@type":"ListItem","position":2,"name":"CHP ERZ\u0130NCAN BELED\u0130YE BA\u015eKAN ADAYI \u00d6ZEGE, \u2018\u2019MARTIN SONU BAHAR\u2019\u2019"}]},{"@type":"WebSite","@id":"https:\/\/www.tercanbolgehaber.com\/#website","url":"https:\/\/www.tercanbolgehaber.com\/","name":"TERCAN B&Ouml;LGE HABER","description":"HALK'IN HABER PORTALI","publisher":{"@id":"https:\/\/www.tercanbolgehaber.com\/#organization"},"potentialAction":[{"@type":"SearchAction","target":{"@type":"EntryPoint","urlTemplate":"https:\/\/www.tercanbolgehaber.com\/?s={search_term_string}"},"query-input":{"@type":"PropertyValueSpecification","valueRequired":true,"valueName":"search_term_string"}}],"inLanguage":"tr"},{"@type":"Organization","@id":"https:\/\/www.tercanbolgehaber.com\/#organization","name":"Tercan B\u00f6lge Haber","url":"https:\/\/www.tercanbolgehaber.com\/","logo":{"@type":"ImageObject","inLanguage":"tr","@id":"https:\/\/www.tercanbolgehaber.com\/#\/schema\/logo\/image\/","url":"http:\/\/www.tercanbolgehaber.com\/wp-content\/uploads\/2022\/04\/logo_yeni.png","contentUrl":"http:\/\/www.tercanbolgehaber.com\/wp-content\/uploads\/2022\/04\/logo_yeni.png","width":250,"height":123,"caption":"Tercan B\u00f6lge Haber"},"image":{"@id":"https:\/\/www.tercanbolgehaber.com\/#\/schema\/logo\/image\/"}},{"@type":"Person","@id":"https:\/\/www.tercanbolgehaber.com\/#\/schema\/person\/588559f88c7997eaeefe12a53785fb5e","name":"Haydar Co\u015fkunf\u0131rat","image":{"@type":"ImageObject","inLanguage":"tr","@id":"https:\/\/secure.gravatar.com\/avatar\/1992688ffa73c31cf68142c3401bd1f8b600612718310d5da53a0f7a4a562ace?s=96&d=mm&r=g","url":"https:\/\/secure.gravatar.com\/avatar\/1992688ffa73c31cf68142c3401bd1f8b600612718310d5da53a0f7a4a562ace?s=96&d=mm&r=g","contentUrl":"https:\/\/secure.gravatar.com\/avatar\/1992688ffa73c31cf68142c3401bd1f8b600612718310d5da53a0f7a4a562ace?s=96&d=mm&r=g","caption":"Haydar Co\u015fkunf\u0131rat"},"url":"https:\/\/www.tercanbolgehaber.com\/index.php\/author\/haydar\/"}]}},"_links":{"self":[{"href":"https:\/\/www.tercanbolgehaber.com\/index.php\/wp-json\/wp\/v2\/posts\/4060","targetHints":{"allow":["GET"]}}],"collection":[{"href":"https:\/\/www.tercanbolgehaber.com\/index.php\/wp-json\/wp\/v2\/posts"}],"about":[{"href":"https:\/\/www.tercanbolgehaber.com\/index.php\/wp-json\/wp\/v2\/types\/post"}],"author":[{"embeddable":true,"href":"https:\/\/www.tercanbolgehaber.com\/index.php\/wp-json\/wp\/v2\/users\/2"}],"replies":[{"embeddable":true,"href":"https:\/\/www.tercanbolgehaber.com\/index.php\/wp-json\/wp\/v2\/comments?post=4060"}],"version-history":[{"count":1,"href":"https:\/\/www.tercanbolgehaber.com\/index.php\/wp-json\/wp\/v2\/posts\/4060\/revisions"}],"predecessor-version":[{"id":4068,"href":"https:\/\/www.tercanbolgehaber.com\/index.php\/wp-json\/wp\/v2\/posts\/4060\/revisions\/4068"}],"wp:featuredmedia":[{"embeddable":true,"href":"https:\/\/www.tercanbolgehaber.com\/index.php\/wp-json\/wp\/v2\/media\/4061"}],"wp:attachment":[{"href":"https:\/\/www.tercanbolgehaber.com\/index.php\/wp-json\/wp\/v2\/media?parent=4060"}],"wp:term":[{"taxonomy":"category","embeddable":true,"href":"https:\/\/www.tercanbolgehaber.com\/index.php\/wp-json\/wp\/v2\/categories?post=4060"},{"taxonomy":"post_tag","embeddable":true,"href":"https:\/\/www.tercanbolgehaber.com\/index.php\/wp-json\/wp\/v2\/tags?post=4060"}],"curies":[{"name":"wp","href":"https:\/\/api.w.org\/{rel}","templated":true}]}}