{"id":4054,"date":"2024-02-21T07:17:45","date_gmt":"2024-02-21T07:17:45","guid":{"rendered":"https:\/\/www.tercanbolgehaber.com\/?p=4054"},"modified":"2024-02-21T07:17:47","modified_gmt":"2024-02-21T07:17:47","slug":"ak-parti-erzincan-il-baskanligina-cetin-ozyurt-atandi","status":"publish","type":"post","link":"https:\/\/www.tercanbolgehaber.com\/index.php\/2024\/02\/21\/ak-parti-erzincan-il-baskanligina-cetin-ozyurt-atandi\/","title":{"rendered":"AK PART\u0130 ERZ\u0130NCAN \u0130L BA\u015eKANLI\u011eINA \u00c7ET\u0130N \u00d6ZYURT ATANDI"},"content":{"rendered":"\n<p class=\"has-luminous-vivid-orange-background-color has-background\">31 MART MAHALL\u0130 \u0130DARELER YEREL SE\u00c7\u0130MLER\u0130NDE AK PART\u0130 \u0130L GENEL MECL\u0130S\u0130NDE ADAYLI\u011eI BULUNAN AK PART\u0130 ERZ\u0130NCAN \u0130L BA\u015eKANI MEHMET CAV\u0130T \u015e\u0130REC\u0130 G\u00d6REV\u0130N\u0130 YEN\u0130 \u0130L BA\u015eKANI \u00c7ET\u0130N \u00d6ZYURT\u2019A DEVRETT\u0130. \u00d6ZYURT \u00a015 TEMMUZ HA\u0130N DARBE G\u0130R\u0130\u015e\u0130M\u0130NDE KURDUKLARI \u0130TT\u0130FAK RUHUYLA HAREKET EDECE\u011e\u0130Z DED\u0130.<\/p>\n\n\n\n<p class=\"has-vivid-cyan-blue-background-color has-background\">(TERCAN B\u00d6LGE HABER)HAYDAR CO\u015eKUNFIRAT<\/p>\n\n\n\n<p>\u00c7i\u00e7e\u011fi burnunda yeni \u0130l Ba\u015fkan\u0131 \u00c7ET\u0130NYURT Yerel Se\u00e7imlere ili\u015fkin&nbsp; yapt\u0131\u011f\u0131 a\u00e7\u0131klamada Erzincan Merkez\u2019de AK Kadrolar olarak bizler mensubu oldu\u011fumuz partimize sadakat g\u00f6stererek Liderimiz Cumhurba\u015fkan\u0131m\u0131z Say\u0131n Recep Tayyip ERDO\u011eAN\u2019\u0131n ve \u0130ttifak orta\u011f\u0131m\u0131z Say\u0131n Devlet BAH\u00c7EL\u0130\u2019nin 15 Temmuz hain darbe giri\u015fiminde kurduklar\u0131 ittifak ruhuyla hareket edece\u011fiz.\u201d \u0130fadelerine yer verdi.<\/p>\n\n\n\n<p>\u00c7ET\u0130NYURT Yerel Se\u00e7imlere ili\u015fkin g\u00fcndemi de\u011ferlendirdi. \u00c7ET\u0130NYURT g\u00f6reve geldi\u011fi ilk g\u00fcn yapt\u0131\u011f\u0131 bir a\u00e7\u0131klamas\u0131nda; Erzincan Merkez\u2019de AK Kadrolar olarak bizler mensubu oldu\u011fumuz partimize sadakat g\u00f6stererek Liderimiz Cumhurba\u015fkan\u0131m\u0131z Say\u0131n Recep Tayyip ERDO\u011eAN\u2019\u0131n ve \u0130ttifak orta\u011f\u0131m\u0131z Say\u0131n Devlet BAH\u00c7EL\u0130\u2019nin 15 Temmuz hain darbe giri\u015fiminde kurduklar\u0131 ittifak ruhuyla hareket edece\u011fiz.\u201d Sadece Cumhur \u0130ttifak\u0131m\u0131z Var<\/p>\n\n\n\n<p>Bizlerin AK Parti te\u015fkilatlar\u0131 olarak Erzincan Merkez\u2019de AK Kadrolar olarak bizler mensubu oldu\u011fumuz partimize sadakat g\u00f6stererek Liderimiz Cumhurba\u015fkan\u0131m\u0131z Say\u0131n Recep Tayyip ERDO\u011eAN\u2019\u0131n ve \u0130ttifak orta\u011f\u0131m\u0131z Say\u0131n Devlet BAH\u00c7EL\u0130\u2019nin 15 Temmuz hain darbe giri\u015fiminde kurduklar\u0131 ittifak ruhuyla hareket edece\u011fiz dedi<\/p>\n\n\n\n<p>Bizler ile organik ba\u011f\u0131 kalmayan AK Parti siyaseti \u00fczerine,&nbsp; kendi siyasetini in\u015fa etmeye \u00e7al\u0131\u015fanlar ve bug\u00fcn adayl\u0131\u011f\u0131n\u0131 a\u00e7\u0131klayan ba\u011f\u0131ms\u0131z belediye ba\u015fkan aday\u0131n\u0131n da bug\u00fcn itibari ile AK Partimiz ile herhangi bir ba\u011f\u0131 kalmam\u0131\u015ft\u0131r. T\u00fcm hem\u015ferilerimize sayg\u0131 ile duyurulur.<\/p>\n","protected":false},"excerpt":{"rendered":"<p>31 MART MAHALL\u0130 \u0130DARELER YEREL SE\u00c7\u0130MLER\u0130NDE AK PART\u0130 \u0130L GENEL MECL\u0130S\u0130NDE ADAYLI\u011eI BULUNAN AK PART\u0130 ERZ\u0130NCAN \u0130L BA\u015eKANI MEHMET CAV\u0130T \u015e\u0130REC\u0130 G\u00d6REV\u0130N\u0130 YEN\u0130 \u0130L BA\u015eKANI \u00c7ET\u0130N \u00d6ZYURT\u2019A DEVRETT\u0130. \u00d6ZYURT \u00a015 TEMMUZ HA\u0130N DARBE G\u0130R\u0130\u015e\u0130M\u0130NDE KURDUKLARI \u0130TT\u0130FAK RUHUYLA HAREKET EDECE\u011e\u0130Z DED\u0130. (TERCAN B\u00d6LGE HABER)HAYDAR CO\u015eKUNFIRAT \u00c7i\u00e7e\u011fi burnunda yeni \u0130l Ba\u015fkan\u0131 \u00c7ET\u0130NYURT Yerel Se\u00e7imlere ili\u015fkin&nbsp; yapt\u0131\u011f\u0131 a\u00e7\u0131klamada [&hellip;]<\/p>\n","protected":false},"author":2,"featured_media":4055,"comment_status":"closed","ping_status":"open","sticky":false,"template":"","format":"standard","meta":{"footnotes":""},"categories":[35],"tags":[],"class_list":{"0":"post-4054","1":"post","2":"type-post","3":"status-publish","4":"format-standard","5":"has-post-thumbnail","7":"category-manset"},"yoast_head":"<!-- This site is optimized with the Yoast SEO plugin v27.2 - https:\/\/yoast.com\/product\/yoast-seo-wordpress\/ -->\n<title>AK PART\u0130 ERZ\u0130NCAN \u0130L BA\u015eKANLI\u011eINA \u00c7ET\u0130N \u00d6ZYURT ATANDI - TERCAN B&Ouml;LGE HABER<\/title>\n<meta name=\"robots\" content=\"index, follow, max-snippet:-1, max-image-preview:large, max-video-preview:-1\" \/>\n<link rel=\"canonical\" href=\"https:\/\/www.tercanbolgehaber.com\/index.php\/2024\/02\/21\/ak-parti-erzincan-il-baskanligina-cetin-ozyurt-atandi\/\" \/>\n<meta property=\"og:locale\" content=\"tr_TR\" \/>\n<meta property=\"og:type\" content=\"article\" \/>\n<meta property=\"og:title\" content=\"AK PART\u0130 ERZ\u0130NCAN \u0130L BA\u015eKANLI\u011eINA \u00c7ET\u0130N \u00d6ZYURT ATANDI - TERCAN B&Ouml;LGE HABER\" \/>\n<meta property=\"og:description\" content=\"31 MART MAHALL\u0130 \u0130DARELER YEREL SE\u00c7\u0130MLER\u0130NDE AK PART\u0130 \u0130L GENEL MECL\u0130S\u0130NDE ADAYLI\u011eI BULUNAN AK PART\u0130 ERZ\u0130NCAN \u0130L BA\u015eKANI MEHMET CAV\u0130T \u015e\u0130REC\u0130 G\u00d6REV\u0130N\u0130 YEN\u0130 \u0130L BA\u015eKANI \u00c7ET\u0130N \u00d6ZYURT\u2019A DEVRETT\u0130. \u00d6ZYURT \u00a015 TEMMUZ HA\u0130N DARBE G\u0130R\u0130\u015e\u0130M\u0130NDE KURDUKLARI \u0130TT\u0130FAK RUHUYLA HAREKET EDECE\u011e\u0130Z DED\u0130. (TERCAN B\u00d6LGE HABER)HAYDAR CO\u015eKUNFIRAT \u00c7i\u00e7e\u011fi burnunda yeni \u0130l Ba\u015fkan\u0131 \u00c7ET\u0130NYURT Yerel Se\u00e7imlere ili\u015fkin&nbsp; yapt\u0131\u011f\u0131 a\u00e7\u0131klamada [&hellip;]\" \/>\n<meta property=\"og:url\" content=\"https:\/\/www.tercanbolgehaber.com\/index.php\/2024\/02\/21\/ak-parti-erzincan-il-baskanligina-cetin-ozyurt-atandi\/\" \/>\n<meta property=\"og:site_name\" content=\"TERCAN B&Ouml;LGE HABER\" \/>\n<meta property=\"article:published_time\" content=\"2024-02-21T07:17:45+00:00\" \/>\n<meta property=\"article:modified_time\" content=\"2024-02-21T07:17:47+00:00\" \/>\n<meta property=\"og:image\" content=\"http:\/\/www.tercanbolgehaber.com\/wp-content\/uploads\/2024\/02\/AK-PARTI-ERZINCAN-IL-BASKANI-CETIN-OZYURT-OLDU-1.jpg\" \/>\n\t<meta property=\"og:image:width\" content=\"860\" \/>\n\t<meta property=\"og:image:height\" content=\"505\" \/>\n\t<meta property=\"og:image:type\" content=\"image\/jpeg\" \/>\n<meta name=\"author\" content=\"Haydar Co\u015fkunf\u0131rat\" \/>\n<meta name=\"twitter:card\" content=\"summary_large_image\" \/>\n<meta name=\"twitter:label1\" content=\"Yazan:\" \/>\n\t<meta name=\"twitter:data1\" content=\"Haydar Co\u015fkunf\u0131rat\" \/>\n\t<meta name=\"twitter:label2\" content=\"Tahmini okuma s\u00fcresi\" \/>\n\t<meta name=\"twitter:data2\" content=\"2 dakika\" \/>\n<script type=\"application\/ld+json\" class=\"yoast-schema-graph\">{\"@context\":\"https:\/\/schema.org\",\"@graph\":[{\"@type\":\"Article\",\"@id\":\"https:\/\/www.tercanbolgehaber.com\/index.php\/2024\/02\/21\/ak-parti-erzincan-il-baskanligina-cetin-ozyurt-atandi\/#article\",\"isPartOf\":{\"@id\":\"https:\/\/www.tercanbolgehaber.com\/index.php\/2024\/02\/21\/ak-parti-erzincan-il-baskanligina-cetin-ozyurt-atandi\/\"},\"author\":{\"name\":\"Haydar Co\u015fkunf\u0131rat\",\"@id\":\"https:\/\/www.tercanbolgehaber.com\/#\/schema\/person\/588559f88c7997eaeefe12a53785fb5e\"},\"headline\":\"AK PART\u0130 ERZ\u0130NCAN \u0130L BA\u015eKANLI\u011eINA \u00c7ET\u0130N \u00d6ZYURT ATANDI\",\"datePublished\":\"2024-02-21T07:17:45+00:00\",\"dateModified\":\"2024-02-21T07:17:47+00:00\",\"mainEntityOfPage\":{\"@id\":\"https:\/\/www.tercanbolgehaber.com\/index.php\/2024\/02\/21\/ak-parti-erzincan-il-baskanligina-cetin-ozyurt-atandi\/\"},\"wordCount\":334,\"publisher\":{\"@id\":\"https:\/\/www.tercanbolgehaber.com\/#organization\"},\"image\":{\"@id\":\"https:\/\/www.tercanbolgehaber.com\/index.php\/2024\/02\/21\/ak-parti-erzincan-il-baskanligina-cetin-ozyurt-atandi\/#primaryimage\"},\"thumbnailUrl\":\"https:\/\/www.tercanbolgehaber.com\/wp-content\/uploads\/2024\/02\/AK-PARTI-ERZINCAN-IL-BASKANI-CETIN-OZYURT-OLDU-1.jpg\",\"articleSection\":[\"Man\u015fet\"],\"inLanguage\":\"tr\"},{\"@type\":\"WebPage\",\"@id\":\"https:\/\/www.tercanbolgehaber.com\/index.php\/2024\/02\/21\/ak-parti-erzincan-il-baskanligina-cetin-ozyurt-atandi\/\",\"url\":\"https:\/\/www.tercanbolgehaber.com\/index.php\/2024\/02\/21\/ak-parti-erzincan-il-baskanligina-cetin-ozyurt-atandi\/\",\"name\":\"AK PART\u0130 ERZ\u0130NCAN \u0130L BA\u015eKANLI\u011eINA \u00c7ET\u0130N \u00d6ZYURT ATANDI - TERCAN B&Ouml;LGE HABER\",\"isPartOf\":{\"@id\":\"https:\/\/www.tercanbolgehaber.com\/#website\"},\"primaryImageOfPage\":{\"@id\":\"https:\/\/www.tercanbolgehaber.com\/index.php\/2024\/02\/21\/ak-parti-erzincan-il-baskanligina-cetin-ozyurt-atandi\/#primaryimage\"},\"image\":{\"@id\":\"https:\/\/www.tercanbolgehaber.com\/index.php\/2024\/02\/21\/ak-parti-erzincan-il-baskanligina-cetin-ozyurt-atandi\/#primaryimage\"},\"thumbnailUrl\":\"https:\/\/www.tercanbolgehaber.com\/wp-content\/uploads\/2024\/02\/AK-PARTI-ERZINCAN-IL-BASKANI-CETIN-OZYURT-OLDU-1.jpg\",\"datePublished\":\"2024-02-21T07:17:45+00:00\",\"dateModified\":\"2024-02-21T07:17:47+00:00\",\"breadcrumb\":{\"@id\":\"https:\/\/www.tercanbolgehaber.com\/index.php\/2024\/02\/21\/ak-parti-erzincan-il-baskanligina-cetin-ozyurt-atandi\/#breadcrumb\"},\"inLanguage\":\"tr\",\"potentialAction\":[{\"@type\":\"ReadAction\",\"target\":[\"https:\/\/www.tercanbolgehaber.com\/index.php\/2024\/02\/21\/ak-parti-erzincan-il-baskanligina-cetin-ozyurt-atandi\/\"]}]},{\"@type\":\"ImageObject\",\"inLanguage\":\"tr\",\"@id\":\"https:\/\/www.tercanbolgehaber.com\/index.php\/2024\/02\/21\/ak-parti-erzincan-il-baskanligina-cetin-ozyurt-atandi\/#primaryimage\",\"url\":\"https:\/\/www.tercanbolgehaber.com\/wp-content\/uploads\/2024\/02\/AK-PARTI-ERZINCAN-IL-BASKANI-CETIN-OZYURT-OLDU-1.jpg\",\"contentUrl\":\"https:\/\/www.tercanbolgehaber.com\/wp-content\/uploads\/2024\/02\/AK-PARTI-ERZINCAN-IL-BASKANI-CETIN-OZYURT-OLDU-1.jpg\",\"width\":860,\"height\":505},{\"@type\":\"BreadcrumbList\",\"@id\":\"https:\/\/www.tercanbolgehaber.com\/index.php\/2024\/02\/21\/ak-parti-erzincan-il-baskanligina-cetin-ozyurt-atandi\/#breadcrumb\",\"itemListElement\":[{\"@type\":\"ListItem\",\"position\":1,\"name\":\"Anasayfa\",\"item\":\"https:\/\/www.tercanbolgehaber.com\/\"},{\"@type\":\"ListItem\",\"position\":2,\"name\":\"AK PART\u0130 ERZ\u0130NCAN \u0130L BA\u015eKANLI\u011eINA \u00c7ET\u0130N \u00d6ZYURT ATANDI\"}]},{\"@type\":\"WebSite\",\"@id\":\"https:\/\/www.tercanbolgehaber.com\/#website\",\"url\":\"https:\/\/www.tercanbolgehaber.com\/\",\"name\":\"TERCAN B&Ouml;LGE HABER\",\"description\":\"HALK'IN HABER PORTALI\",\"publisher\":{\"@id\":\"https:\/\/www.tercanbolgehaber.com\/#organization\"},\"potentialAction\":[{\"@type\":\"SearchAction\",\"target\":{\"@type\":\"EntryPoint\",\"urlTemplate\":\"https:\/\/www.tercanbolgehaber.com\/?s={search_term_string}\"},\"query-input\":{\"@type\":\"PropertyValueSpecification\",\"valueRequired\":true,\"valueName\":\"search_term_string\"}}],\"inLanguage\":\"tr\"},{\"@type\":\"Organization\",\"@id\":\"https:\/\/www.tercanbolgehaber.com\/#organization\",\"name\":\"Tercan B\u00f6lge Haber\",\"url\":\"https:\/\/www.tercanbolgehaber.com\/\",\"logo\":{\"@type\":\"ImageObject\",\"inLanguage\":\"tr\",\"@id\":\"https:\/\/www.tercanbolgehaber.com\/#\/schema\/logo\/image\/\",\"url\":\"http:\/\/www.tercanbolgehaber.com\/wp-content\/uploads\/2022\/04\/logo_yeni.png\",\"contentUrl\":\"http:\/\/www.tercanbolgehaber.com\/wp-content\/uploads\/2022\/04\/logo_yeni.png\",\"width\":250,\"height\":123,\"caption\":\"Tercan B\u00f6lge Haber\"},\"image\":{\"@id\":\"https:\/\/www.tercanbolgehaber.com\/#\/schema\/logo\/image\/\"}},{\"@type\":\"Person\",\"@id\":\"https:\/\/www.tercanbolgehaber.com\/#\/schema\/person\/588559f88c7997eaeefe12a53785fb5e\",\"name\":\"Haydar Co\u015fkunf\u0131rat\",\"image\":{\"@type\":\"ImageObject\",\"inLanguage\":\"tr\",\"@id\":\"https:\/\/secure.gravatar.com\/avatar\/1992688ffa73c31cf68142c3401bd1f8b600612718310d5da53a0f7a4a562ace?s=96&d=mm&r=g\",\"url\":\"https:\/\/secure.gravatar.com\/avatar\/1992688ffa73c31cf68142c3401bd1f8b600612718310d5da53a0f7a4a562ace?s=96&d=mm&r=g\",\"contentUrl\":\"https:\/\/secure.gravatar.com\/avatar\/1992688ffa73c31cf68142c3401bd1f8b600612718310d5da53a0f7a4a562ace?s=96&d=mm&r=g\",\"caption\":\"Haydar Co\u015fkunf\u0131rat\"},\"url\":\"https:\/\/www.tercanbolgehaber.com\/index.php\/author\/haydar\/\"}]}<\/script>\n<!-- \/ Yoast SEO plugin. -->","yoast_head_json":{"title":"AK PART\u0130 ERZ\u0130NCAN \u0130L BA\u015eKANLI\u011eINA \u00c7ET\u0130N \u00d6ZYURT ATANDI - TERCAN B&Ouml;LGE HABER","robots":{"index":"index","follow":"follow","max-snippet":"max-snippet:-1","max-image-preview":"max-image-preview:large","max-video-preview":"max-video-preview:-1"},"canonical":"https:\/\/www.tercanbolgehaber.com\/index.php\/2024\/02\/21\/ak-parti-erzincan-il-baskanligina-cetin-ozyurt-atandi\/","og_locale":"tr_TR","og_type":"article","og_title":"AK PART\u0130 ERZ\u0130NCAN \u0130L BA\u015eKANLI\u011eINA \u00c7ET\u0130N \u00d6ZYURT ATANDI - TERCAN B&Ouml;LGE HABER","og_description":"31 MART MAHALL\u0130 \u0130DARELER YEREL SE\u00c7\u0130MLER\u0130NDE AK PART\u0130 \u0130L GENEL MECL\u0130S\u0130NDE ADAYLI\u011eI BULUNAN AK PART\u0130 ERZ\u0130NCAN \u0130L BA\u015eKANI MEHMET CAV\u0130T \u015e\u0130REC\u0130 G\u00d6REV\u0130N\u0130 YEN\u0130 \u0130L BA\u015eKANI \u00c7ET\u0130N \u00d6ZYURT\u2019A DEVRETT\u0130. \u00d6ZYURT \u00a015 TEMMUZ HA\u0130N DARBE G\u0130R\u0130\u015e\u0130M\u0130NDE KURDUKLARI \u0130TT\u0130FAK RUHUYLA HAREKET EDECE\u011e\u0130Z DED\u0130. (TERCAN B\u00d6LGE HABER)HAYDAR CO\u015eKUNFIRAT \u00c7i\u00e7e\u011fi burnunda yeni \u0130l Ba\u015fkan\u0131 \u00c7ET\u0130NYURT Yerel Se\u00e7imlere ili\u015fkin&nbsp; yapt\u0131\u011f\u0131 a\u00e7\u0131klamada [&hellip;]","og_url":"https:\/\/www.tercanbolgehaber.com\/index.php\/2024\/02\/21\/ak-parti-erzincan-il-baskanligina-cetin-ozyurt-atandi\/","og_site_name":"TERCAN B&Ouml;LGE HABER","article_published_time":"2024-02-21T07:17:45+00:00","article_modified_time":"2024-02-21T07:17:47+00:00","og_image":[{"width":860,"height":505,"url":"http:\/\/www.tercanbolgehaber.com\/wp-content\/uploads\/2024\/02\/AK-PARTI-ERZINCAN-IL-BASKANI-CETIN-OZYURT-OLDU-1.jpg","type":"image\/jpeg"}],"author":"Haydar Co\u015fkunf\u0131rat","twitter_card":"summary_large_image","twitter_misc":{"Yazan:":"Haydar Co\u015fkunf\u0131rat","Tahmini okuma s\u00fcresi":"2 dakika"},"schema":{"@context":"https:\/\/schema.org","@graph":[{"@type":"Article","@id":"https:\/\/www.tercanbolgehaber.com\/index.php\/2024\/02\/21\/ak-parti-erzincan-il-baskanligina-cetin-ozyurt-atandi\/#article","isPartOf":{"@id":"https:\/\/www.tercanbolgehaber.com\/index.php\/2024\/02\/21\/ak-parti-erzincan-il-baskanligina-cetin-ozyurt-atandi\/"},"author":{"name":"Haydar Co\u015fkunf\u0131rat","@id":"https:\/\/www.tercanbolgehaber.com\/#\/schema\/person\/588559f88c7997eaeefe12a53785fb5e"},"headline":"AK PART\u0130 ERZ\u0130NCAN \u0130L BA\u015eKANLI\u011eINA \u00c7ET\u0130N \u00d6ZYURT ATANDI","datePublished":"2024-02-21T07:17:45+00:00","dateModified":"2024-02-21T07:17:47+00:00","mainEntityOfPage":{"@id":"https:\/\/www.tercanbolgehaber.com\/index.php\/2024\/02\/21\/ak-parti-erzincan-il-baskanligina-cetin-ozyurt-atandi\/"},"wordCount":334,"publisher":{"@id":"https:\/\/www.tercanbolgehaber.com\/#organization"},"image":{"@id":"https:\/\/www.tercanbolgehaber.com\/index.php\/2024\/02\/21\/ak-parti-erzincan-il-baskanligina-cetin-ozyurt-atandi\/#primaryimage"},"thumbnailUrl":"https:\/\/www.tercanbolgehaber.com\/wp-content\/uploads\/2024\/02\/AK-PARTI-ERZINCAN-IL-BASKANI-CETIN-OZYURT-OLDU-1.jpg","articleSection":["Man\u015fet"],"inLanguage":"tr"},{"@type":"WebPage","@id":"https:\/\/www.tercanbolgehaber.com\/index.php\/2024\/02\/21\/ak-parti-erzincan-il-baskanligina-cetin-ozyurt-atandi\/","url":"https:\/\/www.tercanbolgehaber.com\/index.php\/2024\/02\/21\/ak-parti-erzincan-il-baskanligina-cetin-ozyurt-atandi\/","name":"AK PART\u0130 ERZ\u0130NCAN \u0130L BA\u015eKANLI\u011eINA \u00c7ET\u0130N \u00d6ZYURT ATANDI - TERCAN B&Ouml;LGE HABER","isPartOf":{"@id":"https:\/\/www.tercanbolgehaber.com\/#website"},"primaryImageOfPage":{"@id":"https:\/\/www.tercanbolgehaber.com\/index.php\/2024\/02\/21\/ak-parti-erzincan-il-baskanligina-cetin-ozyurt-atandi\/#primaryimage"},"image":{"@id":"https:\/\/www.tercanbolgehaber.com\/index.php\/2024\/02\/21\/ak-parti-erzincan-il-baskanligina-cetin-ozyurt-atandi\/#primaryimage"},"thumbnailUrl":"https:\/\/www.tercanbolgehaber.com\/wp-content\/uploads\/2024\/02\/AK-PARTI-ERZINCAN-IL-BASKANI-CETIN-OZYURT-OLDU-1.jpg","datePublished":"2024-02-21T07:17:45+00:00","dateModified":"2024-02-21T07:17:47+00:00","breadcrumb":{"@id":"https:\/\/www.tercanbolgehaber.com\/index.php\/2024\/02\/21\/ak-parti-erzincan-il-baskanligina-cetin-ozyurt-atandi\/#breadcrumb"},"inLanguage":"tr","potentialAction":[{"@type":"ReadAction","target":["https:\/\/www.tercanbolgehaber.com\/index.php\/2024\/02\/21\/ak-parti-erzincan-il-baskanligina-cetin-ozyurt-atandi\/"]}]},{"@type":"ImageObject","inLanguage":"tr","@id":"https:\/\/www.tercanbolgehaber.com\/index.php\/2024\/02\/21\/ak-parti-erzincan-il-baskanligina-cetin-ozyurt-atandi\/#primaryimage","url":"https:\/\/www.tercanbolgehaber.com\/wp-content\/uploads\/2024\/02\/AK-PARTI-ERZINCAN-IL-BASKANI-CETIN-OZYURT-OLDU-1.jpg","contentUrl":"https:\/\/www.tercanbolgehaber.com\/wp-content\/uploads\/2024\/02\/AK-PARTI-ERZINCAN-IL-BASKANI-CETIN-OZYURT-OLDU-1.jpg","width":860,"height":505},{"@type":"BreadcrumbList","@id":"https:\/\/www.tercanbolgehaber.com\/index.php\/2024\/02\/21\/ak-parti-erzincan-il-baskanligina-cetin-ozyurt-atandi\/#breadcrumb","itemListElement":[{"@type":"ListItem","position":1,"name":"Anasayfa","item":"https:\/\/www.tercanbolgehaber.com\/"},{"@type":"ListItem","position":2,"name":"AK PART\u0130 ERZ\u0130NCAN \u0130L BA\u015eKANLI\u011eINA \u00c7ET\u0130N \u00d6ZYURT ATANDI"}]},{"@type":"WebSite","@id":"https:\/\/www.tercanbolgehaber.com\/#website","url":"https:\/\/www.tercanbolgehaber.com\/","name":"TERCAN B&Ouml;LGE HABER","description":"HALK'IN HABER PORTALI","publisher":{"@id":"https:\/\/www.tercanbolgehaber.com\/#organization"},"potentialAction":[{"@type":"SearchAction","target":{"@type":"EntryPoint","urlTemplate":"https:\/\/www.tercanbolgehaber.com\/?s={search_term_string}"},"query-input":{"@type":"PropertyValueSpecification","valueRequired":true,"valueName":"search_term_string"}}],"inLanguage":"tr"},{"@type":"Organization","@id":"https:\/\/www.tercanbolgehaber.com\/#organization","name":"Tercan B\u00f6lge Haber","url":"https:\/\/www.tercanbolgehaber.com\/","logo":{"@type":"ImageObject","inLanguage":"tr","@id":"https:\/\/www.tercanbolgehaber.com\/#\/schema\/logo\/image\/","url":"http:\/\/www.tercanbolgehaber.com\/wp-content\/uploads\/2022\/04\/logo_yeni.png","contentUrl":"http:\/\/www.tercanbolgehaber.com\/wp-content\/uploads\/2022\/04\/logo_yeni.png","width":250,"height":123,"caption":"Tercan B\u00f6lge Haber"},"image":{"@id":"https:\/\/www.tercanbolgehaber.com\/#\/schema\/logo\/image\/"}},{"@type":"Person","@id":"https:\/\/www.tercanbolgehaber.com\/#\/schema\/person\/588559f88c7997eaeefe12a53785fb5e","name":"Haydar Co\u015fkunf\u0131rat","image":{"@type":"ImageObject","inLanguage":"tr","@id":"https:\/\/secure.gravatar.com\/avatar\/1992688ffa73c31cf68142c3401bd1f8b600612718310d5da53a0f7a4a562ace?s=96&d=mm&r=g","url":"https:\/\/secure.gravatar.com\/avatar\/1992688ffa73c31cf68142c3401bd1f8b600612718310d5da53a0f7a4a562ace?s=96&d=mm&r=g","contentUrl":"https:\/\/secure.gravatar.com\/avatar\/1992688ffa73c31cf68142c3401bd1f8b600612718310d5da53a0f7a4a562ace?s=96&d=mm&r=g","caption":"Haydar Co\u015fkunf\u0131rat"},"url":"https:\/\/www.tercanbolgehaber.com\/index.php\/author\/haydar\/"}]}},"_links":{"self":[{"href":"https:\/\/www.tercanbolgehaber.com\/index.php\/wp-json\/wp\/v2\/posts\/4054","targetHints":{"allow":["GET"]}}],"collection":[{"href":"https:\/\/www.tercanbolgehaber.com\/index.php\/wp-json\/wp\/v2\/posts"}],"about":[{"href":"https:\/\/www.tercanbolgehaber.com\/index.php\/wp-json\/wp\/v2\/types\/post"}],"author":[{"embeddable":true,"href":"https:\/\/www.tercanbolgehaber.com\/index.php\/wp-json\/wp\/v2\/users\/2"}],"replies":[{"embeddable":true,"href":"https:\/\/www.tercanbolgehaber.com\/index.php\/wp-json\/wp\/v2\/comments?post=4054"}],"version-history":[{"count":1,"href":"https:\/\/www.tercanbolgehaber.com\/index.php\/wp-json\/wp\/v2\/posts\/4054\/revisions"}],"predecessor-version":[{"id":4056,"href":"https:\/\/www.tercanbolgehaber.com\/index.php\/wp-json\/wp\/v2\/posts\/4054\/revisions\/4056"}],"wp:featuredmedia":[{"embeddable":true,"href":"https:\/\/www.tercanbolgehaber.com\/index.php\/wp-json\/wp\/v2\/media\/4055"}],"wp:attachment":[{"href":"https:\/\/www.tercanbolgehaber.com\/index.php\/wp-json\/wp\/v2\/media?parent=4054"}],"wp:term":[{"taxonomy":"category","embeddable":true,"href":"https:\/\/www.tercanbolgehaber.com\/index.php\/wp-json\/wp\/v2\/categories?post=4054"},{"taxonomy":"post_tag","embeddable":true,"href":"https:\/\/www.tercanbolgehaber.com\/index.php\/wp-json\/wp\/v2\/tags?post=4054"}],"curies":[{"name":"wp","href":"https:\/\/api.w.org\/{rel}","templated":true}]}}