{"id":4050,"date":"2024-02-20T09:01:28","date_gmt":"2024-02-20T09:01:28","guid":{"rendered":"https:\/\/www.tercanbolgehaber.com\/?p=4050"},"modified":"2024-02-20T09:01:30","modified_gmt":"2024-02-20T09:01:30","slug":"buyuk-birlik-partisinin-refahiye-belediye-baskan-adayi-fatih-kok-oldu","status":"publish","type":"post","link":"https:\/\/www.tercanbolgehaber.com\/index.php\/2024\/02\/20\/buyuk-birlik-partisinin-refahiye-belediye-baskan-adayi-fatih-kok-oldu\/","title":{"rendered":"B\u00dcY\u00dcK B\u0130RL\u0130K PART\u0130S\u0130&#8217;N\u0130N REFAH\u0130YE BELED\u0130YE BA\u015eKAN ADAYI FAT\u0130H K\u00d6K OLDU"},"content":{"rendered":"\n<p class=\"has-vivid-cyan-blue-background-color has-background\">M\u0130LL\u0130YET\u00c7\u0130 HAREKET PART\u0130S\u0130&#8217;NDEN REFAH\u0130YE BELED\u0130YE BA\u015eKAN ADAYI OLARAK BEL\u0130RLENEN \u0130S\u0130M, CUMHUR \u0130TT\u0130FAKI \u00c7ER\u00c7EVES\u0130NDE ALINAN KARARLA ADAY G\u00d6STER\u0130LMEM\u0130\u015eT\u0130 MHP BELED\u0130YE BA\u015eKAN ADAYI OLARAK BEL\u0130RLENEN FAT\u0130H K\u00d6K, B\u00dcY\u00dcK B\u0130RL\u0130K PART\u0130S\u0130&#8217;NDEN ADAY OLDU\u011eUNU DUYURDU.<\/p>\n\n\n\n<p class=\"has-luminous-vivid-amber-background-color has-background\">(TERCAN B\u00d6LGE HABER)HAYDAR CO\u015eKUNFIRAT<\/p>\n\n\n\n<figure class=\"wp-block-image size-large\"><img loading=\"lazy\" decoding=\"async\" width=\"1024\" height=\"576\" src=\"https:\/\/www.tercanbolgehaber.com\/wp-content\/uploads\/2024\/02\/Cumhur-Ittifaki-AKP-MHP-BBP-YRP-1024x576.jpg\" alt=\"\" class=\"wp-image-4052\" srcset=\"https:\/\/www.tercanbolgehaber.com\/wp-content\/uploads\/2024\/02\/Cumhur-Ittifaki-AKP-MHP-BBP-YRP-1024x576.jpg 1024w, https:\/\/www.tercanbolgehaber.com\/wp-content\/uploads\/2024\/02\/Cumhur-Ittifaki-AKP-MHP-BBP-YRP-300x169.jpg 300w, https:\/\/www.tercanbolgehaber.com\/wp-content\/uploads\/2024\/02\/Cumhur-Ittifaki-AKP-MHP-BBP-YRP-768x432.jpg 768w, https:\/\/www.tercanbolgehaber.com\/wp-content\/uploads\/2024\/02\/Cumhur-Ittifaki-AKP-MHP-BBP-YRP-696x392.jpg 696w, https:\/\/www.tercanbolgehaber.com\/wp-content\/uploads\/2024\/02\/Cumhur-Ittifaki-AKP-MHP-BBP-YRP-1068x601.jpg 1068w, https:\/\/www.tercanbolgehaber.com\/wp-content\/uploads\/2024\/02\/Cumhur-Ittifaki-AKP-MHP-BBP-YRP.jpg 1333w\" sizes=\"auto, (max-width: 1024px) 100vw, 1024px\" \/><\/figure>\n\n\n\n<p>Milliyet\u00e7i Hareket Partisi&#8217;nden Refahiye Belediye Ba\u015fkan aday\u0131 olarak belirlenen isim, Cumhur \u0130ttifak\u0131 \u00e7er\u00e7evesinde al\u0131nan kararla aday g\u00f6sterilmemi\u015fti. Ancak, MHP&#8217;nin aday \u00e7\u0131karmama karar\u0131na ra\u011fmen, beklenmedik bir geli\u015fme ya\u015fand\u0131. MHP aday\u0131 olarak belirlenen Fatih K\u00f6k, B\u00fcy\u00fck Birlik Partisi&#8217;nden aday oldu\u011funu duyurdu.<\/p>\n\n\n\n<p>B\u00fcy\u00fck Birlik Partisi&#8217;nin Refahiye Belediye Ba\u015fkan Aday\u0131 Fatih K\u00f6k, yapm\u0131\u015f oldu\u011fu a\u00e7\u0131klamada&#8221; De\u011ferli Hem\u015fehrilerim;<\/p>\n\n\n\n<p>Hep birlikte daha iyiye ve daha ileriye \u015fiar\u0131yla \u00e7\u0131kt\u0131\u011f\u0131m\u0131z bu kutlu yolda, hem\u015fehrilerimin talep ve tavsiyeleri ba\u015f\u0131m\u0131n \u00fcst\u00fcndedir. Art\u0131k zaman\u0131 gelmi\u015ftir. Sevgiyle y\u00fcr\u00fcyece\u011fiz, gizli ve s\u0131rl\u0131 duay\u0131 arayaca\u011f\u0131z. G\u00fcc\u00fcm\u00fcz\u00fc makamdan de\u011fil, halktan alaca\u011f\u0131z. Hak olan\u0131 konu\u015fup, hakk\u0131 tutup kald\u0131raca\u011f\u0131z. Refahiye&#8217;ye s\u00f6z veriyorum; \u00f6n\u00fcm\u00fcze konulan hedefe ay\u0131rmadan ve ayr\u0131\u015ft\u0131rmadan y\u00fcr\u00fcyece\u011fimize s\u00f6z veriyoruz. Gerek burada ya\u015fayan gerekse gurbette ya\u015fayan t\u00fcm hem\u015fehrilerime sayg\u0131, sevgi ve muhabbetlerimi sunuyorum.&#8221; dedi.<\/p>\n","protected":false},"excerpt":{"rendered":"<p>M\u0130LL\u0130YET\u00c7\u0130 HAREKET PART\u0130S\u0130&#8217;NDEN REFAH\u0130YE BELED\u0130YE BA\u015eKAN ADAYI OLARAK BEL\u0130RLENEN \u0130S\u0130M, CUMHUR \u0130TT\u0130FAKI \u00c7ER\u00c7EVES\u0130NDE ALINAN KARARLA ADAY G\u00d6STER\u0130LMEM\u0130\u015eT\u0130 MHP BELED\u0130YE BA\u015eKAN ADAYI OLARAK BEL\u0130RLENEN FAT\u0130H K\u00d6K, B\u00dcY\u00dcK B\u0130RL\u0130K PART\u0130S\u0130&#8217;NDEN ADAY OLDU\u011eUNU DUYURDU. (TERCAN B\u00d6LGE HABER)HAYDAR CO\u015eKUNFIRAT Milliyet\u00e7i Hareket Partisi&#8217;nden Refahiye Belediye Ba\u015fkan aday\u0131 olarak belirlenen isim, Cumhur \u0130ttifak\u0131 \u00e7er\u00e7evesinde al\u0131nan kararla aday g\u00f6sterilmemi\u015fti. Ancak, MHP&#8217;nin aday [&hellip;]<\/p>\n","protected":false},"author":2,"featured_media":4051,"comment_status":"closed","ping_status":"open","sticky":false,"template":"","format":"standard","meta":{"footnotes":""},"categories":[35,38],"tags":[],"class_list":{"0":"post-4050","1":"post","2":"type-post","3":"status-publish","4":"format-standard","5":"has-post-thumbnail","7":"category-manset","8":"category-politika"},"yoast_head":"<!-- This site is optimized with the Yoast SEO plugin v27.2 - https:\/\/yoast.com\/product\/yoast-seo-wordpress\/ -->\n<title>B\u00dcY\u00dcK B\u0130RL\u0130K PART\u0130S\u0130&#039;N\u0130N REFAH\u0130YE BELED\u0130YE BA\u015eKAN ADAYI FAT\u0130H K\u00d6K OLDU - TERCAN B&Ouml;LGE HABER<\/title>\n<meta name=\"robots\" content=\"index, follow, max-snippet:-1, max-image-preview:large, max-video-preview:-1\" \/>\n<link rel=\"canonical\" href=\"https:\/\/www.tercanbolgehaber.com\/index.php\/2024\/02\/20\/buyuk-birlik-partisinin-refahiye-belediye-baskan-adayi-fatih-kok-oldu\/\" \/>\n<meta property=\"og:locale\" content=\"tr_TR\" \/>\n<meta property=\"og:type\" content=\"article\" \/>\n<meta property=\"og:title\" content=\"B\u00dcY\u00dcK B\u0130RL\u0130K PART\u0130S\u0130&#039;N\u0130N REFAH\u0130YE BELED\u0130YE BA\u015eKAN ADAYI FAT\u0130H K\u00d6K OLDU - TERCAN B&Ouml;LGE HABER\" \/>\n<meta property=\"og:description\" content=\"M\u0130LL\u0130YET\u00c7\u0130 HAREKET PART\u0130S\u0130&#8217;NDEN REFAH\u0130YE BELED\u0130YE BA\u015eKAN ADAYI OLARAK BEL\u0130RLENEN \u0130S\u0130M, CUMHUR \u0130TT\u0130FAKI \u00c7ER\u00c7EVES\u0130NDE ALINAN KARARLA ADAY G\u00d6STER\u0130LMEM\u0130\u015eT\u0130 MHP BELED\u0130YE BA\u015eKAN ADAYI OLARAK BEL\u0130RLENEN FAT\u0130H K\u00d6K, B\u00dcY\u00dcK B\u0130RL\u0130K PART\u0130S\u0130&#8217;NDEN ADAY OLDU\u011eUNU DUYURDU. (TERCAN B\u00d6LGE HABER)HAYDAR CO\u015eKUNFIRAT Milliyet\u00e7i Hareket Partisi&#8217;nden Refahiye Belediye Ba\u015fkan aday\u0131 olarak belirlenen isim, Cumhur \u0130ttifak\u0131 \u00e7er\u00e7evesinde al\u0131nan kararla aday g\u00f6sterilmemi\u015fti. Ancak, MHP&#8217;nin aday [&hellip;]\" \/>\n<meta property=\"og:url\" content=\"https:\/\/www.tercanbolgehaber.com\/index.php\/2024\/02\/20\/buyuk-birlik-partisinin-refahiye-belediye-baskan-adayi-fatih-kok-oldu\/\" \/>\n<meta property=\"og:site_name\" content=\"TERCAN B&Ouml;LGE HABER\" \/>\n<meta property=\"article:published_time\" content=\"2024-02-20T09:01:28+00:00\" \/>\n<meta property=\"article:modified_time\" content=\"2024-02-20T09:01:30+00:00\" \/>\n<meta property=\"og:image\" content=\"http:\/\/www.tercanbolgehaber.com\/wp-content\/uploads\/2024\/02\/indir-8.jpg\" \/>\n\t<meta property=\"og:image:width\" content=\"300\" \/>\n\t<meta property=\"og:image:height\" content=\"168\" \/>\n\t<meta property=\"og:image:type\" content=\"image\/jpeg\" \/>\n<meta name=\"author\" content=\"Haydar Co\u015fkunf\u0131rat\" \/>\n<meta name=\"twitter:card\" content=\"summary_large_image\" \/>\n<meta name=\"twitter:label1\" content=\"Yazan:\" \/>\n\t<meta name=\"twitter:data1\" content=\"Haydar Co\u015fkunf\u0131rat\" \/>\n\t<meta name=\"twitter:label2\" content=\"Tahmini okuma s\u00fcresi\" \/>\n\t<meta name=\"twitter:data2\" content=\"1 dakika\" \/>\n<script type=\"application\/ld+json\" class=\"yoast-schema-graph\">{\"@context\":\"https:\/\/schema.org\",\"@graph\":[{\"@type\":\"Article\",\"@id\":\"https:\/\/www.tercanbolgehaber.com\/index.php\/2024\/02\/20\/buyuk-birlik-partisinin-refahiye-belediye-baskan-adayi-fatih-kok-oldu\/#article\",\"isPartOf\":{\"@id\":\"https:\/\/www.tercanbolgehaber.com\/index.php\/2024\/02\/20\/buyuk-birlik-partisinin-refahiye-belediye-baskan-adayi-fatih-kok-oldu\/\"},\"author\":{\"name\":\"Haydar Co\u015fkunf\u0131rat\",\"@id\":\"https:\/\/www.tercanbolgehaber.com\/#\/schema\/person\/588559f88c7997eaeefe12a53785fb5e\"},\"headline\":\"B\u00dcY\u00dcK B\u0130RL\u0130K PART\u0130S\u0130&#8217;N\u0130N REFAH\u0130YE BELED\u0130YE BA\u015eKAN ADAYI FAT\u0130H K\u00d6K OLDU\",\"datePublished\":\"2024-02-20T09:01:28+00:00\",\"dateModified\":\"2024-02-20T09:01:30+00:00\",\"mainEntityOfPage\":{\"@id\":\"https:\/\/www.tercanbolgehaber.com\/index.php\/2024\/02\/20\/buyuk-birlik-partisinin-refahiye-belediye-baskan-adayi-fatih-kok-oldu\/\"},\"wordCount\":268,\"publisher\":{\"@id\":\"https:\/\/www.tercanbolgehaber.com\/#organization\"},\"image\":{\"@id\":\"https:\/\/www.tercanbolgehaber.com\/index.php\/2024\/02\/20\/buyuk-birlik-partisinin-refahiye-belediye-baskan-adayi-fatih-kok-oldu\/#primaryimage\"},\"thumbnailUrl\":\"https:\/\/www.tercanbolgehaber.com\/wp-content\/uploads\/2024\/02\/indir-8.jpg\",\"articleSection\":[\"Man\u015fet\",\"Politika\"],\"inLanguage\":\"tr\"},{\"@type\":\"WebPage\",\"@id\":\"https:\/\/www.tercanbolgehaber.com\/index.php\/2024\/02\/20\/buyuk-birlik-partisinin-refahiye-belediye-baskan-adayi-fatih-kok-oldu\/\",\"url\":\"https:\/\/www.tercanbolgehaber.com\/index.php\/2024\/02\/20\/buyuk-birlik-partisinin-refahiye-belediye-baskan-adayi-fatih-kok-oldu\/\",\"name\":\"B\u00dcY\u00dcK B\u0130RL\u0130K PART\u0130S\u0130'N\u0130N REFAH\u0130YE BELED\u0130YE BA\u015eKAN ADAYI FAT\u0130H K\u00d6K OLDU - TERCAN B&Ouml;LGE HABER\",\"isPartOf\":{\"@id\":\"https:\/\/www.tercanbolgehaber.com\/#website\"},\"primaryImageOfPage\":{\"@id\":\"https:\/\/www.tercanbolgehaber.com\/index.php\/2024\/02\/20\/buyuk-birlik-partisinin-refahiye-belediye-baskan-adayi-fatih-kok-oldu\/#primaryimage\"},\"image\":{\"@id\":\"https:\/\/www.tercanbolgehaber.com\/index.php\/2024\/02\/20\/buyuk-birlik-partisinin-refahiye-belediye-baskan-adayi-fatih-kok-oldu\/#primaryimage\"},\"thumbnailUrl\":\"https:\/\/www.tercanbolgehaber.com\/wp-content\/uploads\/2024\/02\/indir-8.jpg\",\"datePublished\":\"2024-02-20T09:01:28+00:00\",\"dateModified\":\"2024-02-20T09:01:30+00:00\",\"breadcrumb\":{\"@id\":\"https:\/\/www.tercanbolgehaber.com\/index.php\/2024\/02\/20\/buyuk-birlik-partisinin-refahiye-belediye-baskan-adayi-fatih-kok-oldu\/#breadcrumb\"},\"inLanguage\":\"tr\",\"potentialAction\":[{\"@type\":\"ReadAction\",\"target\":[\"https:\/\/www.tercanbolgehaber.com\/index.php\/2024\/02\/20\/buyuk-birlik-partisinin-refahiye-belediye-baskan-adayi-fatih-kok-oldu\/\"]}]},{\"@type\":\"ImageObject\",\"inLanguage\":\"tr\",\"@id\":\"https:\/\/www.tercanbolgehaber.com\/index.php\/2024\/02\/20\/buyuk-birlik-partisinin-refahiye-belediye-baskan-adayi-fatih-kok-oldu\/#primaryimage\",\"url\":\"https:\/\/www.tercanbolgehaber.com\/wp-content\/uploads\/2024\/02\/indir-8.jpg\",\"contentUrl\":\"https:\/\/www.tercanbolgehaber.com\/wp-content\/uploads\/2024\/02\/indir-8.jpg\",\"width\":300,\"height\":168},{\"@type\":\"BreadcrumbList\",\"@id\":\"https:\/\/www.tercanbolgehaber.com\/index.php\/2024\/02\/20\/buyuk-birlik-partisinin-refahiye-belediye-baskan-adayi-fatih-kok-oldu\/#breadcrumb\",\"itemListElement\":[{\"@type\":\"ListItem\",\"position\":1,\"name\":\"Anasayfa\",\"item\":\"https:\/\/www.tercanbolgehaber.com\/\"},{\"@type\":\"ListItem\",\"position\":2,\"name\":\"B\u00dcY\u00dcK B\u0130RL\u0130K PART\u0130S\u0130&#8217;N\u0130N REFAH\u0130YE BELED\u0130YE BA\u015eKAN ADAYI FAT\u0130H K\u00d6K OLDU\"}]},{\"@type\":\"WebSite\",\"@id\":\"https:\/\/www.tercanbolgehaber.com\/#website\",\"url\":\"https:\/\/www.tercanbolgehaber.com\/\",\"name\":\"TERCAN B&Ouml;LGE HABER\",\"description\":\"HALK'IN HABER PORTALI\",\"publisher\":{\"@id\":\"https:\/\/www.tercanbolgehaber.com\/#organization\"},\"potentialAction\":[{\"@type\":\"SearchAction\",\"target\":{\"@type\":\"EntryPoint\",\"urlTemplate\":\"https:\/\/www.tercanbolgehaber.com\/?s={search_term_string}\"},\"query-input\":{\"@type\":\"PropertyValueSpecification\",\"valueRequired\":true,\"valueName\":\"search_term_string\"}}],\"inLanguage\":\"tr\"},{\"@type\":\"Organization\",\"@id\":\"https:\/\/www.tercanbolgehaber.com\/#organization\",\"name\":\"Tercan B\u00f6lge Haber\",\"url\":\"https:\/\/www.tercanbolgehaber.com\/\",\"logo\":{\"@type\":\"ImageObject\",\"inLanguage\":\"tr\",\"@id\":\"https:\/\/www.tercanbolgehaber.com\/#\/schema\/logo\/image\/\",\"url\":\"http:\/\/www.tercanbolgehaber.com\/wp-content\/uploads\/2022\/04\/logo_yeni.png\",\"contentUrl\":\"http:\/\/www.tercanbolgehaber.com\/wp-content\/uploads\/2022\/04\/logo_yeni.png\",\"width\":250,\"height\":123,\"caption\":\"Tercan B\u00f6lge Haber\"},\"image\":{\"@id\":\"https:\/\/www.tercanbolgehaber.com\/#\/schema\/logo\/image\/\"}},{\"@type\":\"Person\",\"@id\":\"https:\/\/www.tercanbolgehaber.com\/#\/schema\/person\/588559f88c7997eaeefe12a53785fb5e\",\"name\":\"Haydar Co\u015fkunf\u0131rat\",\"image\":{\"@type\":\"ImageObject\",\"inLanguage\":\"tr\",\"@id\":\"https:\/\/secure.gravatar.com\/avatar\/1992688ffa73c31cf68142c3401bd1f8b600612718310d5da53a0f7a4a562ace?s=96&d=mm&r=g\",\"url\":\"https:\/\/secure.gravatar.com\/avatar\/1992688ffa73c31cf68142c3401bd1f8b600612718310d5da53a0f7a4a562ace?s=96&d=mm&r=g\",\"contentUrl\":\"https:\/\/secure.gravatar.com\/avatar\/1992688ffa73c31cf68142c3401bd1f8b600612718310d5da53a0f7a4a562ace?s=96&d=mm&r=g\",\"caption\":\"Haydar Co\u015fkunf\u0131rat\"},\"url\":\"https:\/\/www.tercanbolgehaber.com\/index.php\/author\/haydar\/\"}]}<\/script>\n<!-- \/ Yoast SEO plugin. -->","yoast_head_json":{"title":"B\u00dcY\u00dcK B\u0130RL\u0130K PART\u0130S\u0130'N\u0130N REFAH\u0130YE BELED\u0130YE BA\u015eKAN ADAYI FAT\u0130H K\u00d6K OLDU - TERCAN B&Ouml;LGE HABER","robots":{"index":"index","follow":"follow","max-snippet":"max-snippet:-1","max-image-preview":"max-image-preview:large","max-video-preview":"max-video-preview:-1"},"canonical":"https:\/\/www.tercanbolgehaber.com\/index.php\/2024\/02\/20\/buyuk-birlik-partisinin-refahiye-belediye-baskan-adayi-fatih-kok-oldu\/","og_locale":"tr_TR","og_type":"article","og_title":"B\u00dcY\u00dcK B\u0130RL\u0130K PART\u0130S\u0130'N\u0130N REFAH\u0130YE BELED\u0130YE BA\u015eKAN ADAYI FAT\u0130H K\u00d6K OLDU - TERCAN B&Ouml;LGE HABER","og_description":"M\u0130LL\u0130YET\u00c7\u0130 HAREKET PART\u0130S\u0130&#8217;NDEN REFAH\u0130YE BELED\u0130YE BA\u015eKAN ADAYI OLARAK BEL\u0130RLENEN \u0130S\u0130M, CUMHUR \u0130TT\u0130FAKI \u00c7ER\u00c7EVES\u0130NDE ALINAN KARARLA ADAY G\u00d6STER\u0130LMEM\u0130\u015eT\u0130 MHP BELED\u0130YE BA\u015eKAN ADAYI OLARAK BEL\u0130RLENEN FAT\u0130H K\u00d6K, B\u00dcY\u00dcK B\u0130RL\u0130K PART\u0130S\u0130&#8217;NDEN ADAY OLDU\u011eUNU DUYURDU. (TERCAN B\u00d6LGE HABER)HAYDAR CO\u015eKUNFIRAT Milliyet\u00e7i Hareket Partisi&#8217;nden Refahiye Belediye Ba\u015fkan aday\u0131 olarak belirlenen isim, Cumhur \u0130ttifak\u0131 \u00e7er\u00e7evesinde al\u0131nan kararla aday g\u00f6sterilmemi\u015fti. Ancak, MHP&#8217;nin aday [&hellip;]","og_url":"https:\/\/www.tercanbolgehaber.com\/index.php\/2024\/02\/20\/buyuk-birlik-partisinin-refahiye-belediye-baskan-adayi-fatih-kok-oldu\/","og_site_name":"TERCAN B&Ouml;LGE HABER","article_published_time":"2024-02-20T09:01:28+00:00","article_modified_time":"2024-02-20T09:01:30+00:00","og_image":[{"width":300,"height":168,"url":"http:\/\/www.tercanbolgehaber.com\/wp-content\/uploads\/2024\/02\/indir-8.jpg","type":"image\/jpeg"}],"author":"Haydar Co\u015fkunf\u0131rat","twitter_card":"summary_large_image","twitter_misc":{"Yazan:":"Haydar Co\u015fkunf\u0131rat","Tahmini okuma s\u00fcresi":"1 dakika"},"schema":{"@context":"https:\/\/schema.org","@graph":[{"@type":"Article","@id":"https:\/\/www.tercanbolgehaber.com\/index.php\/2024\/02\/20\/buyuk-birlik-partisinin-refahiye-belediye-baskan-adayi-fatih-kok-oldu\/#article","isPartOf":{"@id":"https:\/\/www.tercanbolgehaber.com\/index.php\/2024\/02\/20\/buyuk-birlik-partisinin-refahiye-belediye-baskan-adayi-fatih-kok-oldu\/"},"author":{"name":"Haydar Co\u015fkunf\u0131rat","@id":"https:\/\/www.tercanbolgehaber.com\/#\/schema\/person\/588559f88c7997eaeefe12a53785fb5e"},"headline":"B\u00dcY\u00dcK B\u0130RL\u0130K PART\u0130S\u0130&#8217;N\u0130N REFAH\u0130YE BELED\u0130YE BA\u015eKAN ADAYI FAT\u0130H K\u00d6K OLDU","datePublished":"2024-02-20T09:01:28+00:00","dateModified":"2024-02-20T09:01:30+00:00","mainEntityOfPage":{"@id":"https:\/\/www.tercanbolgehaber.com\/index.php\/2024\/02\/20\/buyuk-birlik-partisinin-refahiye-belediye-baskan-adayi-fatih-kok-oldu\/"},"wordCount":268,"publisher":{"@id":"https:\/\/www.tercanbolgehaber.com\/#organization"},"image":{"@id":"https:\/\/www.tercanbolgehaber.com\/index.php\/2024\/02\/20\/buyuk-birlik-partisinin-refahiye-belediye-baskan-adayi-fatih-kok-oldu\/#primaryimage"},"thumbnailUrl":"https:\/\/www.tercanbolgehaber.com\/wp-content\/uploads\/2024\/02\/indir-8.jpg","articleSection":["Man\u015fet","Politika"],"inLanguage":"tr"},{"@type":"WebPage","@id":"https:\/\/www.tercanbolgehaber.com\/index.php\/2024\/02\/20\/buyuk-birlik-partisinin-refahiye-belediye-baskan-adayi-fatih-kok-oldu\/","url":"https:\/\/www.tercanbolgehaber.com\/index.php\/2024\/02\/20\/buyuk-birlik-partisinin-refahiye-belediye-baskan-adayi-fatih-kok-oldu\/","name":"B\u00dcY\u00dcK B\u0130RL\u0130K PART\u0130S\u0130'N\u0130N REFAH\u0130YE BELED\u0130YE BA\u015eKAN ADAYI FAT\u0130H K\u00d6K OLDU - TERCAN B&Ouml;LGE HABER","isPartOf":{"@id":"https:\/\/www.tercanbolgehaber.com\/#website"},"primaryImageOfPage":{"@id":"https:\/\/www.tercanbolgehaber.com\/index.php\/2024\/02\/20\/buyuk-birlik-partisinin-refahiye-belediye-baskan-adayi-fatih-kok-oldu\/#primaryimage"},"image":{"@id":"https:\/\/www.tercanbolgehaber.com\/index.php\/2024\/02\/20\/buyuk-birlik-partisinin-refahiye-belediye-baskan-adayi-fatih-kok-oldu\/#primaryimage"},"thumbnailUrl":"https:\/\/www.tercanbolgehaber.com\/wp-content\/uploads\/2024\/02\/indir-8.jpg","datePublished":"2024-02-20T09:01:28+00:00","dateModified":"2024-02-20T09:01:30+00:00","breadcrumb":{"@id":"https:\/\/www.tercanbolgehaber.com\/index.php\/2024\/02\/20\/buyuk-birlik-partisinin-refahiye-belediye-baskan-adayi-fatih-kok-oldu\/#breadcrumb"},"inLanguage":"tr","potentialAction":[{"@type":"ReadAction","target":["https:\/\/www.tercanbolgehaber.com\/index.php\/2024\/02\/20\/buyuk-birlik-partisinin-refahiye-belediye-baskan-adayi-fatih-kok-oldu\/"]}]},{"@type":"ImageObject","inLanguage":"tr","@id":"https:\/\/www.tercanbolgehaber.com\/index.php\/2024\/02\/20\/buyuk-birlik-partisinin-refahiye-belediye-baskan-adayi-fatih-kok-oldu\/#primaryimage","url":"https:\/\/www.tercanbolgehaber.com\/wp-content\/uploads\/2024\/02\/indir-8.jpg","contentUrl":"https:\/\/www.tercanbolgehaber.com\/wp-content\/uploads\/2024\/02\/indir-8.jpg","width":300,"height":168},{"@type":"BreadcrumbList","@id":"https:\/\/www.tercanbolgehaber.com\/index.php\/2024\/02\/20\/buyuk-birlik-partisinin-refahiye-belediye-baskan-adayi-fatih-kok-oldu\/#breadcrumb","itemListElement":[{"@type":"ListItem","position":1,"name":"Anasayfa","item":"https:\/\/www.tercanbolgehaber.com\/"},{"@type":"ListItem","position":2,"name":"B\u00dcY\u00dcK B\u0130RL\u0130K PART\u0130S\u0130&#8217;N\u0130N REFAH\u0130YE BELED\u0130YE BA\u015eKAN ADAYI FAT\u0130H K\u00d6K OLDU"}]},{"@type":"WebSite","@id":"https:\/\/www.tercanbolgehaber.com\/#website","url":"https:\/\/www.tercanbolgehaber.com\/","name":"TERCAN B&Ouml;LGE HABER","description":"HALK'IN HABER PORTALI","publisher":{"@id":"https:\/\/www.tercanbolgehaber.com\/#organization"},"potentialAction":[{"@type":"SearchAction","target":{"@type":"EntryPoint","urlTemplate":"https:\/\/www.tercanbolgehaber.com\/?s={search_term_string}"},"query-input":{"@type":"PropertyValueSpecification","valueRequired":true,"valueName":"search_term_string"}}],"inLanguage":"tr"},{"@type":"Organization","@id":"https:\/\/www.tercanbolgehaber.com\/#organization","name":"Tercan B\u00f6lge Haber","url":"https:\/\/www.tercanbolgehaber.com\/","logo":{"@type":"ImageObject","inLanguage":"tr","@id":"https:\/\/www.tercanbolgehaber.com\/#\/schema\/logo\/image\/","url":"http:\/\/www.tercanbolgehaber.com\/wp-content\/uploads\/2022\/04\/logo_yeni.png","contentUrl":"http:\/\/www.tercanbolgehaber.com\/wp-content\/uploads\/2022\/04\/logo_yeni.png","width":250,"height":123,"caption":"Tercan B\u00f6lge Haber"},"image":{"@id":"https:\/\/www.tercanbolgehaber.com\/#\/schema\/logo\/image\/"}},{"@type":"Person","@id":"https:\/\/www.tercanbolgehaber.com\/#\/schema\/person\/588559f88c7997eaeefe12a53785fb5e","name":"Haydar Co\u015fkunf\u0131rat","image":{"@type":"ImageObject","inLanguage":"tr","@id":"https:\/\/secure.gravatar.com\/avatar\/1992688ffa73c31cf68142c3401bd1f8b600612718310d5da53a0f7a4a562ace?s=96&d=mm&r=g","url":"https:\/\/secure.gravatar.com\/avatar\/1992688ffa73c31cf68142c3401bd1f8b600612718310d5da53a0f7a4a562ace?s=96&d=mm&r=g","contentUrl":"https:\/\/secure.gravatar.com\/avatar\/1992688ffa73c31cf68142c3401bd1f8b600612718310d5da53a0f7a4a562ace?s=96&d=mm&r=g","caption":"Haydar Co\u015fkunf\u0131rat"},"url":"https:\/\/www.tercanbolgehaber.com\/index.php\/author\/haydar\/"}]}},"_links":{"self":[{"href":"https:\/\/www.tercanbolgehaber.com\/index.php\/wp-json\/wp\/v2\/posts\/4050","targetHints":{"allow":["GET"]}}],"collection":[{"href":"https:\/\/www.tercanbolgehaber.com\/index.php\/wp-json\/wp\/v2\/posts"}],"about":[{"href":"https:\/\/www.tercanbolgehaber.com\/index.php\/wp-json\/wp\/v2\/types\/post"}],"author":[{"embeddable":true,"href":"https:\/\/www.tercanbolgehaber.com\/index.php\/wp-json\/wp\/v2\/users\/2"}],"replies":[{"embeddable":true,"href":"https:\/\/www.tercanbolgehaber.com\/index.php\/wp-json\/wp\/v2\/comments?post=4050"}],"version-history":[{"count":1,"href":"https:\/\/www.tercanbolgehaber.com\/index.php\/wp-json\/wp\/v2\/posts\/4050\/revisions"}],"predecessor-version":[{"id":4053,"href":"https:\/\/www.tercanbolgehaber.com\/index.php\/wp-json\/wp\/v2\/posts\/4050\/revisions\/4053"}],"wp:featuredmedia":[{"embeddable":true,"href":"https:\/\/www.tercanbolgehaber.com\/index.php\/wp-json\/wp\/v2\/media\/4051"}],"wp:attachment":[{"href":"https:\/\/www.tercanbolgehaber.com\/index.php\/wp-json\/wp\/v2\/media?parent=4050"}],"wp:term":[{"taxonomy":"category","embeddable":true,"href":"https:\/\/www.tercanbolgehaber.com\/index.php\/wp-json\/wp\/v2\/categories?post=4050"},{"taxonomy":"post_tag","embeddable":true,"href":"https:\/\/www.tercanbolgehaber.com\/index.php\/wp-json\/wp\/v2\/tags?post=4050"}],"curies":[{"name":"wp","href":"https:\/\/api.w.org\/{rel}","templated":true}]}}