{"id":405,"date":"2022-04-10T10:01:11","date_gmt":"2022-04-10T10:01:11","guid":{"rendered":"http:\/\/www.tercanbolgehaber.com\/?p=405"},"modified":"2022-04-11T08:52:28","modified_gmt":"2022-04-11T08:52:28","slug":"baskan-ozyigit-3-yilda-hizmet-uretmeye-calistik","status":"publish","type":"post","link":"https:\/\/www.tercanbolgehaber.com\/index.php\/2022\/04\/10\/baskan-ozyigit-3-yilda-hizmet-uretmeye-calistik\/","title":{"rendered":"BA\u015eKAN \u00d6ZY\u0130\u011e\u0130T &#8220;3 YILDA H\u0130ZMET \u00dcRETMEYE \u00c7ALI\u015eTIK&#8221;"},"content":{"rendered":"\n<p class=\"has-luminous-vivid-orange-background-color has-background\">YEN\u0130\u015eEH\u0130R BELED\u0130YE MECL\u0130S\u0130 N\u0130SAN AYI OLA\u011eAN MECL\u0130S TOPLANTISININ \u0130K\u0130NC\u0130 B\u0130RLE\u015e\u0130M\u0130NDE KONU\u015eAN YEN\u0130\u015eEH\u0130R BELED\u0130YE BA\u015eKANI ABDULLAH \u00d6ZY\u0130\u011e\u0130T, GER\u0130DE BIRAKTIKLARI 3 YILLIK H\u0130ZMET S\u00dcRES\u0130 BOYUNCA SAM\u0130M\u0130YETLE \u00c7ALI\u015eTIKLARINI VE \u00d6N\u00dcM\u00dcZDEK\u0130 S\u00dcRE\u00c7TE DE YEN\u0130\u015eEH\u0130R\u2019E EN \u0130Y\u0130 H\u0130ZMET\u0130 SUNMAYA \u00c7ALI\u015eACAKLARINI S\u00d6YLED\u0130. YEN\u0130\u015eEH\u0130R\u2019DE T\u00dcRK\u0130YE\u2019N\u0130N EN KAL\u0130TEL\u0130 B\u0130NALARI YAPILIYOR<\/p>\n\n\n\n<p class=\"has-light-green-cyan-background-color has-background\">(YET\u0130\u015e HALK HABER)HAYDARCO\u015eKUNFIRAT<\/p>\n\n\n\n<p>Ba\u015fkan \u00d6zyi\u011fit \u201cGe\u00e7en y\u0131l kulland\u0131\u011f\u0131m\u0131z yak\u0131t 3 milyon 700 bin TL iken, bu y\u0131l ayn\u0131 miktarda yak\u0131t\u0131 kulland\u0131\u011f\u0131m\u0131zda bu rakam tam olarak 14 milyon TL\u2019ye tekab\u00fcl ediyor.\u201d Kat\u0131l\u0131mc\u0131l\u0131kla haz\u0131rlad\u0131klar\u0131 stratejik planlar\u0131 do\u011frultusunda \u00e7al\u0131\u015fmaya devam ettiklerini dile getiren Ba\u015fkan Abdullah \u00d6zyi\u011fit, \u015fu ifadeleri kulland\u0131 2021 y\u0131l\u0131nda gelir ve gider b\u00fct\u00e7emizi y\u00fczde 96 realize ettik.<\/p>\n\n\n\n<p>&nbsp;Kat\u0131l\u0131mc\u0131l\u0131kla haz\u0131rlad\u0131\u011f\u0131m\u0131z stratejik plan\u0131m\u0131z do\u011frultusunda 3 y\u0131ll\u0131k d\u00f6nemimizi tamamlad\u0131k. Bu s\u00fcre\u00e7te b\u00fcy\u00fck bir \u00f6zveri ve samimiyetle \u00e7al\u0131\u015ft\u0131k, en az hatayla ba\u015far\u0131l\u0131 i\u015flere imza at\u0131yoruz. Katk\u0131 sunan t\u00fcm arkada\u015flar\u0131m\u0131za te\u015fekk\u00fcr ediyorum.\u201d \u00d6zyi\u011fit, \u201cBas\u0131na Verilen Beyanat Mesnetsiz Ve Eksik\u201d Ge\u00e7ti\u011fimiz g\u00fcn bir meclis \u00fcyesi taraf\u0131ndan ortaya at\u0131lan iddialara ili\u015fkin Ba\u015fkan Abdullah \u00d6zyi\u011fit, \u201cBurada hep s\u00f6yledi\u011fim bir \u015fey var. Musa Bey de az \u00f6nce ifade etti. Bas\u0131nda bazen yorum yap\u0131labiliyor. Elbette ki bas\u0131n bizim her \u015feyimiz. Onlar bizim \u00e7al\u0131\u015fmalar\u0131m\u0131z\u0131 halka duyuruyor. Ancak yanl\u0131\u015f anla\u015f\u0131lmalar\u0131 ortadan kald\u0131rmak i\u00e7in bu ileti\u015fimin tek tarafl\u0131 y\u00fcr\u00fct\u00fclmemesi gerekti\u011fini her seferinde dile getiririm. Biri ortaya bir iddia atarsa ve o iddia bir kurumu ilgilendiriyorsa kurumun da g\u00f6r\u00fc\u015f\u00fc al\u0131nmal\u0131.&nbsp; Ge\u00e7en g\u00fcn bas\u0131na bir beyanat verilmi\u015f, bu beyanat mesnetsiz ve eksik. \u00d6rne\u011fin \u2018Emlak vergisi toplans\u0131n\u2019 \u00f6nergesi olmaz.<\/p>\n\n\n\n<p>&nbsp;\u00c7\u00fcnk\u00fc bu zaten kurumun g\u00f6revi. Bir de i\u00e7 hiyerar\u015fi var, bir kurumun mensubuysan\u0131z orada s\u00fczge\u00e7ten ge\u00e7er, o ba\u015f\u0131m\u0131z\u0131n tac\u0131 ama zaten yasal olarak yapmak zorunda oldu\u011fumuz ve yapt\u0131\u011f\u0131m\u0131z i\u015fleri siz \u00f6nerge olarak oradan yaz\u0131p verirseniz benim g\u00fcndeme almama gerek kalmaz. \u00c7\u00fcnk\u00fc zaten yap\u0131lmas\u0131 zorunlu i\u015flerdir.&nbsp; Burada bir \u00f6nerge veriyorsunuz, b\u00f6yle bir \u00f6nergeyi belirli bir kademeden ge\u00e7irmeniz gerekiyor.&nbsp; Mektup yazar gibi tek imzayla g\u00f6ndermeniz ciddiyetle ba\u011fda\u015f\u0131r bir \u015fey de\u011fil. Sonra da \u2018Efendim halk\u0131n hakk\u0131n\u0131 koruyacakt\u0131k ama buna izin verilmedi\u2019 diye payla\u015f\u0131m yaparsan\u0131z, bas\u0131na deme\u00e7 verirseniz, bu di\u011fer meclis \u00fcyelerine b\u00fcy\u00fck bir hakaret ve ayr\u0131ca kamuoyunu yanl\u0131\u015f bilgilendirme olur.\u201d ifadelerini kulland\u0131. \u201cYeni\u015fehir\u2019de T\u00fcrkiye\u2019nin En Kaliteli Binalar\u0131 Yap\u0131l\u0131yor\u201d Ayn\u0131 meclis \u00fcyesinin ba\u015fka bir a\u00e7\u0131klamas\u0131na ili\u015fkin yap\u0131lan bir haber ile ilgili de konu\u015fan Ba\u015fkan \u00d6zyi\u011fit, \u201cMesela az \u00f6nce g\u00f6rd\u00fc\u011f\u00fcm bir haberin ba\u015fl\u0131\u011f\u0131 \u015fu \u015fekilde; \u2018Yeni\u015fehir\u2019de y\u00fcksek katl\u0131 binalarda yang\u0131n tedbiri yok\u2019 denilmi\u015f. Biz diyoruz ki bilgiyi do\u011fru kaynaktan alal\u0131m, \u2018Yeni\u015fehir\u2019de y\u00fcksek katl\u0131 binalarda yang\u0131n tedbiri yok\u2019 diye bir habere sebebiyet vermek asl\u0131nda bir \u00f6zr\u00fc de gerektirir. \u0130nsanlar\u0131n can g\u00fcvenli\u011finin hi\u00e7e say\u0131ld\u0131\u011f\u0131 ve bizim buna g\u00f6z yumdu\u011fumuz \u015feklinde manip\u00fclasyon i\u00e7eren bir habere altyap\u0131 olu\u015fturuyorsunuz.&nbsp; Arkada\u015flar, biz burada anlatt\u0131k, \u0130mardan Sorumlu Ba\u015fkan Yard\u0131mc\u0131m\u0131z kalkt\u0131, anlatt\u0131. Binalar 15 kat\u0131n \u00fczerine \u00e7\u0131kt\u0131\u011f\u0131nda \u00f6zel tedbirler al\u0131n\u0131yor, kullan\u0131lan malzemeden kendi i\u00e7 yang\u0131n tertibat\u0131n\u0131 alacak uygulamalara kadar, yani ak\u0131ll\u0131 bina uygulamas\u0131 ger\u00e7ekle\u015fiyor. \u015eimdi bunu anlatm\u0131\u015f olmam\u0131za ra\u011fmen b\u00f6yle bir tedbirin olmad\u0131\u011f\u0131 \u015fekilde haber yapt\u0131r\u0131rsan olmaz, haberi yapan ki\u015finin de kendini sorgulamas\u0131 laz\u0131m. Yeni\u015fehir\u2019de yap\u0131lan binalar ak\u0131ll\u0131 binalard\u0131r ve bu binalarda gerekli tedbirler al\u0131n\u0131r, bunlar birimlerimiz taraf\u0131ndan en ince ayr\u0131nt\u0131s\u0131na kadar denetlenir. Yeni\u015fehir, 0,90\u2019la Mersin\u2019in emsali en d\u00fc\u015f\u00fck b\u00f6lgesidir, Mezitli\u2019de 1.5\u2019ten ba\u015flar, Toroslar\u2019da 3. 40\u2019lara kadar \u00e7\u0131kar.&nbsp; Mevcut ko\u015fullar i\u00e7erisinde en iyiye en fazla ele\u015ftiriyi yapm\u0131\u015f\u0131z. Pop\u00fclizmden uzak durmam\u0131z gerekiyor. Siz yetkili biri olarak beyanat veriyorsunuz, haber yap\u0131l\u0131yor. Kamuoyunu do\u011fru bilgilendirmemiz laz\u0131m. Eksik bir \u015fey varsa sonuna kadar konu\u015fal\u0131m. 52 katl\u0131 bina var Mersin\u2019de. Orada da benzer tedbirler vard\u0131r. Ama o binan\u0131n yap\u0131ld\u0131\u011f\u0131 g\u00fcnden bu yana teknoloji \u00e7ok geli\u015fti ve art\u0131k o teknolojiler kullan\u0131l\u0131yor.<\/p>\n\n\n\n<p>&nbsp;Yeni\u015fehir\u2019de T\u00fcrkiye\u2019nin en kaliteli binalar\u0131 yap\u0131l\u0131yor. \u015euan Yeni\u015fehir\u2019de LEED Sertifikal\u0131 binalar yap\u0131l\u0131yor. Bu Mersin\u2019de sadece Yeni\u015fehir\u2019de var. Bir ba\u015fka il\u00e7ede LEED Sertifikal\u0131 bina oldu\u011funu g\u00f6steremezsiniz. Bu kadar hassas bir y\u00f6netim varken, tutup da \u2018Yeni\u015fehir\u2019de binalarda yang\u0131n g\u00fcvenli\u011fi yok\u2019 dersen yanl\u0131\u015f oluyor. Bu konuda elbette bir ele\u015ftiri yap\u0131labilir, ama sadece Yeni\u015fehir\u2019i buna mahk\u00fbm edersen bu do\u011fru de\u011fil.\u201d dedi.<\/p>\n","protected":false},"excerpt":{"rendered":"<p>YEN\u0130\u015eEH\u0130R BELED\u0130YE MECL\u0130S\u0130 N\u0130SAN AYI OLA\u011eAN MECL\u0130S TOPLANTISININ \u0130K\u0130NC\u0130 B\u0130RLE\u015e\u0130M\u0130NDE KONU\u015eAN YEN\u0130\u015eEH\u0130R BELED\u0130YE BA\u015eKANI ABDULLAH \u00d6ZY\u0130\u011e\u0130T, GER\u0130DE BIRAKTIKLARI 3 YILLIK H\u0130ZMET S\u00dcRES\u0130 BOYUNCA SAM\u0130M\u0130YETLE \u00c7ALI\u015eTIKLARINI VE \u00d6N\u00dcM\u00dcZDEK\u0130 S\u00dcRE\u00c7TE DE YEN\u0130\u015eEH\u0130R\u2019E EN \u0130Y\u0130 H\u0130ZMET\u0130 SUNMAYA \u00c7ALI\u015eACAKLARINI S\u00d6YLED\u0130. YEN\u0130\u015eEH\u0130R\u2019DE T\u00dcRK\u0130YE\u2019N\u0130N EN KAL\u0130TEL\u0130 B\u0130NALARI YAPILIYOR (YET\u0130\u015e HALK HABER)HAYDARCO\u015eKUNFIRAT Ba\u015fkan \u00d6zyi\u011fit \u201cGe\u00e7en y\u0131l kulland\u0131\u011f\u0131m\u0131z yak\u0131t 3 milyon 700 bin [&hellip;]<\/p>\n","protected":false},"author":2,"featured_media":406,"comment_status":"open","ping_status":"open","sticky":false,"template":"","format":"standard","meta":{"footnotes":""},"categories":[35],"tags":[],"class_list":{"0":"post-405","1":"post","2":"type-post","3":"status-publish","4":"format-standard","5":"has-post-thumbnail","7":"category-manset"},"yoast_head":"<!-- This site is optimized with the Yoast SEO plugin v27.2 - https:\/\/yoast.com\/product\/yoast-seo-wordpress\/ -->\n<title>BA\u015eKAN \u00d6ZY\u0130\u011e\u0130T &quot;3 YILDA H\u0130ZMET \u00dcRETMEYE \u00c7ALI\u015eTIK&quot; - TERCAN B&Ouml;LGE HABER<\/title>\n<meta name=\"robots\" content=\"index, follow, max-snippet:-1, max-image-preview:large, max-video-preview:-1\" \/>\n<link rel=\"canonical\" href=\"https:\/\/www.tercanbolgehaber.com\/index.php\/2022\/04\/10\/baskan-ozyigit-3-yilda-hizmet-uretmeye-calistik\/\" \/>\n<meta property=\"og:locale\" content=\"tr_TR\" \/>\n<meta property=\"og:type\" content=\"article\" \/>\n<meta property=\"og:title\" content=\"BA\u015eKAN \u00d6ZY\u0130\u011e\u0130T &quot;3 YILDA H\u0130ZMET \u00dcRETMEYE \u00c7ALI\u015eTIK&quot; - TERCAN B&Ouml;LGE HABER\" \/>\n<meta property=\"og:description\" content=\"YEN\u0130\u015eEH\u0130R BELED\u0130YE MECL\u0130S\u0130 N\u0130SAN AYI OLA\u011eAN MECL\u0130S TOPLANTISININ \u0130K\u0130NC\u0130 B\u0130RLE\u015e\u0130M\u0130NDE KONU\u015eAN YEN\u0130\u015eEH\u0130R BELED\u0130YE BA\u015eKANI ABDULLAH \u00d6ZY\u0130\u011e\u0130T, GER\u0130DE BIRAKTIKLARI 3 YILLIK H\u0130ZMET S\u00dcRES\u0130 BOYUNCA SAM\u0130M\u0130YETLE \u00c7ALI\u015eTIKLARINI VE \u00d6N\u00dcM\u00dcZDEK\u0130 S\u00dcRE\u00c7TE DE YEN\u0130\u015eEH\u0130R\u2019E EN \u0130Y\u0130 H\u0130ZMET\u0130 SUNMAYA \u00c7ALI\u015eACAKLARINI S\u00d6YLED\u0130. YEN\u0130\u015eEH\u0130R\u2019DE T\u00dcRK\u0130YE\u2019N\u0130N EN KAL\u0130TEL\u0130 B\u0130NALARI YAPILIYOR (YET\u0130\u015e HALK HABER)HAYDARCO\u015eKUNFIRAT Ba\u015fkan \u00d6zyi\u011fit \u201cGe\u00e7en y\u0131l kulland\u0131\u011f\u0131m\u0131z yak\u0131t 3 milyon 700 bin [&hellip;]\" \/>\n<meta property=\"og:url\" content=\"https:\/\/www.tercanbolgehaber.com\/index.php\/2022\/04\/10\/baskan-ozyigit-3-yilda-hizmet-uretmeye-calistik\/\" \/>\n<meta property=\"og:site_name\" content=\"TERCAN B&Ouml;LGE HABER\" \/>\n<meta property=\"article:published_time\" content=\"2022-04-10T10:01:11+00:00\" \/>\n<meta property=\"article:modified_time\" content=\"2022-04-11T08:52:28+00:00\" \/>\n<meta property=\"og:image\" content=\"https:\/\/www.tercanbolgehaber.com\/wp-content\/uploads\/2022\/04\/Baskan-Ozyigit-3-yilda-samimiyetle-hizmet-uretmeye-calistik-3.jpg\" \/>\n\t<meta property=\"og:image:width\" content=\"1600\" \/>\n\t<meta property=\"og:image:height\" content=\"1066\" \/>\n\t<meta property=\"og:image:type\" content=\"image\/jpeg\" \/>\n<meta name=\"author\" content=\"Haydar Co\u015fkunf\u0131rat\" \/>\n<meta name=\"twitter:card\" content=\"summary_large_image\" \/>\n<meta name=\"twitter:label1\" content=\"Yazan:\" \/>\n\t<meta name=\"twitter:data1\" content=\"Haydar Co\u015fkunf\u0131rat\" \/>\n\t<meta name=\"twitter:label2\" content=\"Tahmini okuma s\u00fcresi\" \/>\n\t<meta name=\"twitter:data2\" content=\"4 dakika\" \/>\n<script type=\"application\/ld+json\" class=\"yoast-schema-graph\">{\"@context\":\"https:\/\/schema.org\",\"@graph\":[{\"@type\":\"Article\",\"@id\":\"https:\/\/www.tercanbolgehaber.com\/index.php\/2022\/04\/10\/baskan-ozyigit-3-yilda-hizmet-uretmeye-calistik\/#article\",\"isPartOf\":{\"@id\":\"https:\/\/www.tercanbolgehaber.com\/index.php\/2022\/04\/10\/baskan-ozyigit-3-yilda-hizmet-uretmeye-calistik\/\"},\"author\":{\"name\":\"Haydar Co\u015fkunf\u0131rat\",\"@id\":\"https:\/\/www.tercanbolgehaber.com\/#\/schema\/person\/588559f88c7997eaeefe12a53785fb5e\"},\"headline\":\"BA\u015eKAN \u00d6ZY\u0130\u011e\u0130T &#8220;3 YILDA H\u0130ZMET \u00dcRETMEYE \u00c7ALI\u015eTIK&#8221;\",\"datePublished\":\"2022-04-10T10:01:11+00:00\",\"dateModified\":\"2022-04-11T08:52:28+00:00\",\"mainEntityOfPage\":{\"@id\":\"https:\/\/www.tercanbolgehaber.com\/index.php\/2022\/04\/10\/baskan-ozyigit-3-yilda-hizmet-uretmeye-calistik\/\"},\"wordCount\":909,\"commentCount\":0,\"publisher\":{\"@id\":\"https:\/\/www.tercanbolgehaber.com\/#organization\"},\"image\":{\"@id\":\"https:\/\/www.tercanbolgehaber.com\/index.php\/2022\/04\/10\/baskan-ozyigit-3-yilda-hizmet-uretmeye-calistik\/#primaryimage\"},\"thumbnailUrl\":\"https:\/\/www.tercanbolgehaber.com\/wp-content\/uploads\/2022\/04\/Baskan-Ozyigit-3-yilda-samimiyetle-hizmet-uretmeye-calistik-3.jpg\",\"articleSection\":[\"Man\u015fet\"],\"inLanguage\":\"tr\",\"potentialAction\":[{\"@type\":\"CommentAction\",\"name\":\"Comment\",\"target\":[\"https:\/\/www.tercanbolgehaber.com\/index.php\/2022\/04\/10\/baskan-ozyigit-3-yilda-hizmet-uretmeye-calistik\/#respond\"]}]},{\"@type\":\"WebPage\",\"@id\":\"https:\/\/www.tercanbolgehaber.com\/index.php\/2022\/04\/10\/baskan-ozyigit-3-yilda-hizmet-uretmeye-calistik\/\",\"url\":\"https:\/\/www.tercanbolgehaber.com\/index.php\/2022\/04\/10\/baskan-ozyigit-3-yilda-hizmet-uretmeye-calistik\/\",\"name\":\"BA\u015eKAN \u00d6ZY\u0130\u011e\u0130T \\\"3 YILDA H\u0130ZMET \u00dcRETMEYE \u00c7ALI\u015eTIK\\\" - TERCAN B&Ouml;LGE HABER\",\"isPartOf\":{\"@id\":\"https:\/\/www.tercanbolgehaber.com\/#website\"},\"primaryImageOfPage\":{\"@id\":\"https:\/\/www.tercanbolgehaber.com\/index.php\/2022\/04\/10\/baskan-ozyigit-3-yilda-hizmet-uretmeye-calistik\/#primaryimage\"},\"image\":{\"@id\":\"https:\/\/www.tercanbolgehaber.com\/index.php\/2022\/04\/10\/baskan-ozyigit-3-yilda-hizmet-uretmeye-calistik\/#primaryimage\"},\"thumbnailUrl\":\"https:\/\/www.tercanbolgehaber.com\/wp-content\/uploads\/2022\/04\/Baskan-Ozyigit-3-yilda-samimiyetle-hizmet-uretmeye-calistik-3.jpg\",\"datePublished\":\"2022-04-10T10:01:11+00:00\",\"dateModified\":\"2022-04-11T08:52:28+00:00\",\"breadcrumb\":{\"@id\":\"https:\/\/www.tercanbolgehaber.com\/index.php\/2022\/04\/10\/baskan-ozyigit-3-yilda-hizmet-uretmeye-calistik\/#breadcrumb\"},\"inLanguage\":\"tr\",\"potentialAction\":[{\"@type\":\"ReadAction\",\"target\":[\"https:\/\/www.tercanbolgehaber.com\/index.php\/2022\/04\/10\/baskan-ozyigit-3-yilda-hizmet-uretmeye-calistik\/\"]}]},{\"@type\":\"ImageObject\",\"inLanguage\":\"tr\",\"@id\":\"https:\/\/www.tercanbolgehaber.com\/index.php\/2022\/04\/10\/baskan-ozyigit-3-yilda-hizmet-uretmeye-calistik\/#primaryimage\",\"url\":\"https:\/\/www.tercanbolgehaber.com\/wp-content\/uploads\/2022\/04\/Baskan-Ozyigit-3-yilda-samimiyetle-hizmet-uretmeye-calistik-3.jpg\",\"contentUrl\":\"https:\/\/www.tercanbolgehaber.com\/wp-content\/uploads\/2022\/04\/Baskan-Ozyigit-3-yilda-samimiyetle-hizmet-uretmeye-calistik-3.jpg\",\"width\":1600,\"height\":1066},{\"@type\":\"BreadcrumbList\",\"@id\":\"https:\/\/www.tercanbolgehaber.com\/index.php\/2022\/04\/10\/baskan-ozyigit-3-yilda-hizmet-uretmeye-calistik\/#breadcrumb\",\"itemListElement\":[{\"@type\":\"ListItem\",\"position\":1,\"name\":\"Anasayfa\",\"item\":\"https:\/\/www.tercanbolgehaber.com\/\"},{\"@type\":\"ListItem\",\"position\":2,\"name\":\"BA\u015eKAN \u00d6ZY\u0130\u011e\u0130T &#8220;3 YILDA H\u0130ZMET \u00dcRETMEYE \u00c7ALI\u015eTIK&#8221;\"}]},{\"@type\":\"WebSite\",\"@id\":\"https:\/\/www.tercanbolgehaber.com\/#website\",\"url\":\"https:\/\/www.tercanbolgehaber.com\/\",\"name\":\"TERCAN B&Ouml;LGE HABER\",\"description\":\"HALK'IN HABER PORTALI\",\"publisher\":{\"@id\":\"https:\/\/www.tercanbolgehaber.com\/#organization\"},\"potentialAction\":[{\"@type\":\"SearchAction\",\"target\":{\"@type\":\"EntryPoint\",\"urlTemplate\":\"https:\/\/www.tercanbolgehaber.com\/?s={search_term_string}\"},\"query-input\":{\"@type\":\"PropertyValueSpecification\",\"valueRequired\":true,\"valueName\":\"search_term_string\"}}],\"inLanguage\":\"tr\"},{\"@type\":\"Organization\",\"@id\":\"https:\/\/www.tercanbolgehaber.com\/#organization\",\"name\":\"Tercan B\u00f6lge Haber\",\"url\":\"https:\/\/www.tercanbolgehaber.com\/\",\"logo\":{\"@type\":\"ImageObject\",\"inLanguage\":\"tr\",\"@id\":\"https:\/\/www.tercanbolgehaber.com\/#\/schema\/logo\/image\/\",\"url\":\"http:\/\/www.tercanbolgehaber.com\/wp-content\/uploads\/2022\/04\/logo_yeni.png\",\"contentUrl\":\"http:\/\/www.tercanbolgehaber.com\/wp-content\/uploads\/2022\/04\/logo_yeni.png\",\"width\":250,\"height\":123,\"caption\":\"Tercan B\u00f6lge Haber\"},\"image\":{\"@id\":\"https:\/\/www.tercanbolgehaber.com\/#\/schema\/logo\/image\/\"}},{\"@type\":\"Person\",\"@id\":\"https:\/\/www.tercanbolgehaber.com\/#\/schema\/person\/588559f88c7997eaeefe12a53785fb5e\",\"name\":\"Haydar Co\u015fkunf\u0131rat\",\"image\":{\"@type\":\"ImageObject\",\"inLanguage\":\"tr\",\"@id\":\"https:\/\/secure.gravatar.com\/avatar\/1992688ffa73c31cf68142c3401bd1f8b600612718310d5da53a0f7a4a562ace?s=96&d=mm&r=g\",\"url\":\"https:\/\/secure.gravatar.com\/avatar\/1992688ffa73c31cf68142c3401bd1f8b600612718310d5da53a0f7a4a562ace?s=96&d=mm&r=g\",\"contentUrl\":\"https:\/\/secure.gravatar.com\/avatar\/1992688ffa73c31cf68142c3401bd1f8b600612718310d5da53a0f7a4a562ace?s=96&d=mm&r=g\",\"caption\":\"Haydar Co\u015fkunf\u0131rat\"},\"url\":\"https:\/\/www.tercanbolgehaber.com\/index.php\/author\/haydar\/\"}]}<\/script>\n<!-- \/ Yoast SEO plugin. -->","yoast_head_json":{"title":"BA\u015eKAN \u00d6ZY\u0130\u011e\u0130T \"3 YILDA H\u0130ZMET \u00dcRETMEYE \u00c7ALI\u015eTIK\" - TERCAN B&Ouml;LGE HABER","robots":{"index":"index","follow":"follow","max-snippet":"max-snippet:-1","max-image-preview":"max-image-preview:large","max-video-preview":"max-video-preview:-1"},"canonical":"https:\/\/www.tercanbolgehaber.com\/index.php\/2022\/04\/10\/baskan-ozyigit-3-yilda-hizmet-uretmeye-calistik\/","og_locale":"tr_TR","og_type":"article","og_title":"BA\u015eKAN \u00d6ZY\u0130\u011e\u0130T \"3 YILDA H\u0130ZMET \u00dcRETMEYE \u00c7ALI\u015eTIK\" - TERCAN B&Ouml;LGE HABER","og_description":"YEN\u0130\u015eEH\u0130R BELED\u0130YE MECL\u0130S\u0130 N\u0130SAN AYI OLA\u011eAN MECL\u0130S TOPLANTISININ \u0130K\u0130NC\u0130 B\u0130RLE\u015e\u0130M\u0130NDE KONU\u015eAN YEN\u0130\u015eEH\u0130R BELED\u0130YE BA\u015eKANI ABDULLAH \u00d6ZY\u0130\u011e\u0130T, GER\u0130DE BIRAKTIKLARI 3 YILLIK H\u0130ZMET S\u00dcRES\u0130 BOYUNCA SAM\u0130M\u0130YETLE \u00c7ALI\u015eTIKLARINI VE \u00d6N\u00dcM\u00dcZDEK\u0130 S\u00dcRE\u00c7TE DE YEN\u0130\u015eEH\u0130R\u2019E EN \u0130Y\u0130 H\u0130ZMET\u0130 SUNMAYA \u00c7ALI\u015eACAKLARINI S\u00d6YLED\u0130. YEN\u0130\u015eEH\u0130R\u2019DE T\u00dcRK\u0130YE\u2019N\u0130N EN KAL\u0130TEL\u0130 B\u0130NALARI YAPILIYOR (YET\u0130\u015e HALK HABER)HAYDARCO\u015eKUNFIRAT Ba\u015fkan \u00d6zyi\u011fit \u201cGe\u00e7en y\u0131l kulland\u0131\u011f\u0131m\u0131z yak\u0131t 3 milyon 700 bin [&hellip;]","og_url":"https:\/\/www.tercanbolgehaber.com\/index.php\/2022\/04\/10\/baskan-ozyigit-3-yilda-hizmet-uretmeye-calistik\/","og_site_name":"TERCAN B&Ouml;LGE HABER","article_published_time":"2022-04-10T10:01:11+00:00","article_modified_time":"2022-04-11T08:52:28+00:00","og_image":[{"width":1600,"height":1066,"url":"https:\/\/www.tercanbolgehaber.com\/wp-content\/uploads\/2022\/04\/Baskan-Ozyigit-3-yilda-samimiyetle-hizmet-uretmeye-calistik-3.jpg","type":"image\/jpeg"}],"author":"Haydar Co\u015fkunf\u0131rat","twitter_card":"summary_large_image","twitter_misc":{"Yazan:":"Haydar Co\u015fkunf\u0131rat","Tahmini okuma s\u00fcresi":"4 dakika"},"schema":{"@context":"https:\/\/schema.org","@graph":[{"@type":"Article","@id":"https:\/\/www.tercanbolgehaber.com\/index.php\/2022\/04\/10\/baskan-ozyigit-3-yilda-hizmet-uretmeye-calistik\/#article","isPartOf":{"@id":"https:\/\/www.tercanbolgehaber.com\/index.php\/2022\/04\/10\/baskan-ozyigit-3-yilda-hizmet-uretmeye-calistik\/"},"author":{"name":"Haydar Co\u015fkunf\u0131rat","@id":"https:\/\/www.tercanbolgehaber.com\/#\/schema\/person\/588559f88c7997eaeefe12a53785fb5e"},"headline":"BA\u015eKAN \u00d6ZY\u0130\u011e\u0130T &#8220;3 YILDA H\u0130ZMET \u00dcRETMEYE \u00c7ALI\u015eTIK&#8221;","datePublished":"2022-04-10T10:01:11+00:00","dateModified":"2022-04-11T08:52:28+00:00","mainEntityOfPage":{"@id":"https:\/\/www.tercanbolgehaber.com\/index.php\/2022\/04\/10\/baskan-ozyigit-3-yilda-hizmet-uretmeye-calistik\/"},"wordCount":909,"commentCount":0,"publisher":{"@id":"https:\/\/www.tercanbolgehaber.com\/#organization"},"image":{"@id":"https:\/\/www.tercanbolgehaber.com\/index.php\/2022\/04\/10\/baskan-ozyigit-3-yilda-hizmet-uretmeye-calistik\/#primaryimage"},"thumbnailUrl":"https:\/\/www.tercanbolgehaber.com\/wp-content\/uploads\/2022\/04\/Baskan-Ozyigit-3-yilda-samimiyetle-hizmet-uretmeye-calistik-3.jpg","articleSection":["Man\u015fet"],"inLanguage":"tr","potentialAction":[{"@type":"CommentAction","name":"Comment","target":["https:\/\/www.tercanbolgehaber.com\/index.php\/2022\/04\/10\/baskan-ozyigit-3-yilda-hizmet-uretmeye-calistik\/#respond"]}]},{"@type":"WebPage","@id":"https:\/\/www.tercanbolgehaber.com\/index.php\/2022\/04\/10\/baskan-ozyigit-3-yilda-hizmet-uretmeye-calistik\/","url":"https:\/\/www.tercanbolgehaber.com\/index.php\/2022\/04\/10\/baskan-ozyigit-3-yilda-hizmet-uretmeye-calistik\/","name":"BA\u015eKAN \u00d6ZY\u0130\u011e\u0130T \"3 YILDA H\u0130ZMET \u00dcRETMEYE \u00c7ALI\u015eTIK\" - TERCAN B&Ouml;LGE HABER","isPartOf":{"@id":"https:\/\/www.tercanbolgehaber.com\/#website"},"primaryImageOfPage":{"@id":"https:\/\/www.tercanbolgehaber.com\/index.php\/2022\/04\/10\/baskan-ozyigit-3-yilda-hizmet-uretmeye-calistik\/#primaryimage"},"image":{"@id":"https:\/\/www.tercanbolgehaber.com\/index.php\/2022\/04\/10\/baskan-ozyigit-3-yilda-hizmet-uretmeye-calistik\/#primaryimage"},"thumbnailUrl":"https:\/\/www.tercanbolgehaber.com\/wp-content\/uploads\/2022\/04\/Baskan-Ozyigit-3-yilda-samimiyetle-hizmet-uretmeye-calistik-3.jpg","datePublished":"2022-04-10T10:01:11+00:00","dateModified":"2022-04-11T08:52:28+00:00","breadcrumb":{"@id":"https:\/\/www.tercanbolgehaber.com\/index.php\/2022\/04\/10\/baskan-ozyigit-3-yilda-hizmet-uretmeye-calistik\/#breadcrumb"},"inLanguage":"tr","potentialAction":[{"@type":"ReadAction","target":["https:\/\/www.tercanbolgehaber.com\/index.php\/2022\/04\/10\/baskan-ozyigit-3-yilda-hizmet-uretmeye-calistik\/"]}]},{"@type":"ImageObject","inLanguage":"tr","@id":"https:\/\/www.tercanbolgehaber.com\/index.php\/2022\/04\/10\/baskan-ozyigit-3-yilda-hizmet-uretmeye-calistik\/#primaryimage","url":"https:\/\/www.tercanbolgehaber.com\/wp-content\/uploads\/2022\/04\/Baskan-Ozyigit-3-yilda-samimiyetle-hizmet-uretmeye-calistik-3.jpg","contentUrl":"https:\/\/www.tercanbolgehaber.com\/wp-content\/uploads\/2022\/04\/Baskan-Ozyigit-3-yilda-samimiyetle-hizmet-uretmeye-calistik-3.jpg","width":1600,"height":1066},{"@type":"BreadcrumbList","@id":"https:\/\/www.tercanbolgehaber.com\/index.php\/2022\/04\/10\/baskan-ozyigit-3-yilda-hizmet-uretmeye-calistik\/#breadcrumb","itemListElement":[{"@type":"ListItem","position":1,"name":"Anasayfa","item":"https:\/\/www.tercanbolgehaber.com\/"},{"@type":"ListItem","position":2,"name":"BA\u015eKAN \u00d6ZY\u0130\u011e\u0130T &#8220;3 YILDA H\u0130ZMET \u00dcRETMEYE \u00c7ALI\u015eTIK&#8221;"}]},{"@type":"WebSite","@id":"https:\/\/www.tercanbolgehaber.com\/#website","url":"https:\/\/www.tercanbolgehaber.com\/","name":"TERCAN B&Ouml;LGE HABER","description":"HALK'IN HABER PORTALI","publisher":{"@id":"https:\/\/www.tercanbolgehaber.com\/#organization"},"potentialAction":[{"@type":"SearchAction","target":{"@type":"EntryPoint","urlTemplate":"https:\/\/www.tercanbolgehaber.com\/?s={search_term_string}"},"query-input":{"@type":"PropertyValueSpecification","valueRequired":true,"valueName":"search_term_string"}}],"inLanguage":"tr"},{"@type":"Organization","@id":"https:\/\/www.tercanbolgehaber.com\/#organization","name":"Tercan B\u00f6lge Haber","url":"https:\/\/www.tercanbolgehaber.com\/","logo":{"@type":"ImageObject","inLanguage":"tr","@id":"https:\/\/www.tercanbolgehaber.com\/#\/schema\/logo\/image\/","url":"http:\/\/www.tercanbolgehaber.com\/wp-content\/uploads\/2022\/04\/logo_yeni.png","contentUrl":"http:\/\/www.tercanbolgehaber.com\/wp-content\/uploads\/2022\/04\/logo_yeni.png","width":250,"height":123,"caption":"Tercan B\u00f6lge Haber"},"image":{"@id":"https:\/\/www.tercanbolgehaber.com\/#\/schema\/logo\/image\/"}},{"@type":"Person","@id":"https:\/\/www.tercanbolgehaber.com\/#\/schema\/person\/588559f88c7997eaeefe12a53785fb5e","name":"Haydar Co\u015fkunf\u0131rat","image":{"@type":"ImageObject","inLanguage":"tr","@id":"https:\/\/secure.gravatar.com\/avatar\/1992688ffa73c31cf68142c3401bd1f8b600612718310d5da53a0f7a4a562ace?s=96&d=mm&r=g","url":"https:\/\/secure.gravatar.com\/avatar\/1992688ffa73c31cf68142c3401bd1f8b600612718310d5da53a0f7a4a562ace?s=96&d=mm&r=g","contentUrl":"https:\/\/secure.gravatar.com\/avatar\/1992688ffa73c31cf68142c3401bd1f8b600612718310d5da53a0f7a4a562ace?s=96&d=mm&r=g","caption":"Haydar Co\u015fkunf\u0131rat"},"url":"https:\/\/www.tercanbolgehaber.com\/index.php\/author\/haydar\/"}]}},"_links":{"self":[{"href":"https:\/\/www.tercanbolgehaber.com\/index.php\/wp-json\/wp\/v2\/posts\/405","targetHints":{"allow":["GET"]}}],"collection":[{"href":"https:\/\/www.tercanbolgehaber.com\/index.php\/wp-json\/wp\/v2\/posts"}],"about":[{"href":"https:\/\/www.tercanbolgehaber.com\/index.php\/wp-json\/wp\/v2\/types\/post"}],"author":[{"embeddable":true,"href":"https:\/\/www.tercanbolgehaber.com\/index.php\/wp-json\/wp\/v2\/users\/2"}],"replies":[{"embeddable":true,"href":"https:\/\/www.tercanbolgehaber.com\/index.php\/wp-json\/wp\/v2\/comments?post=405"}],"version-history":[{"count":2,"href":"https:\/\/www.tercanbolgehaber.com\/index.php\/wp-json\/wp\/v2\/posts\/405\/revisions"}],"predecessor-version":[{"id":416,"href":"https:\/\/www.tercanbolgehaber.com\/index.php\/wp-json\/wp\/v2\/posts\/405\/revisions\/416"}],"wp:featuredmedia":[{"embeddable":true,"href":"https:\/\/www.tercanbolgehaber.com\/index.php\/wp-json\/wp\/v2\/media\/406"}],"wp:attachment":[{"href":"https:\/\/www.tercanbolgehaber.com\/index.php\/wp-json\/wp\/v2\/media?parent=405"}],"wp:term":[{"taxonomy":"category","embeddable":true,"href":"https:\/\/www.tercanbolgehaber.com\/index.php\/wp-json\/wp\/v2\/categories?post=405"},{"taxonomy":"post_tag","embeddable":true,"href":"https:\/\/www.tercanbolgehaber.com\/index.php\/wp-json\/wp\/v2\/tags?post=405"}],"curies":[{"name":"wp","href":"https:\/\/api.w.org\/{rel}","templated":true}]}}