{"id":4023,"date":"2024-02-18T08:31:28","date_gmt":"2024-02-18T08:31:28","guid":{"rendered":"https:\/\/www.tercanbolgehaber.com\/?p=4023"},"modified":"2024-02-18T08:31:48","modified_gmt":"2024-02-18T08:31:48","slug":"maden-felaketleri-sonrasinda-neler-oluyor-tema-vakfi-sebinkarahisar-ornegiyle-acikladi","status":"publish","type":"post","link":"https:\/\/www.tercanbolgehaber.com\/index.php\/2024\/02\/18\/maden-felaketleri-sonrasinda-neler-oluyor-tema-vakfi-sebinkarahisar-ornegiyle-acikladi\/","title":{"rendered":"MADEN FELAKETLER\u0130 SONRASINDA NELER OLUYOR? TEMA VAKFI \u015eEB\u0130NKARAH\u0130SAR \u00d6RNE\u011e\u0130YLE A\u00c7IKLADI"},"content":{"rendered":"\n<p class=\"has-vivid-cyan-blue-background-color has-background\"><em><strong>TEMA VAKFI, ERZ\u0130NCAN \u0130L\u0130\u00c7\u2019TEK\u0130 ALTIN MADEN\u0130NDE MEYDANA GELEN \u00c7EVRE FELAKET\u0130N\u0130N SEBEP OLDU\u011eU TAHR\u0130BATI VE OLASI TEHL\u0130KELER\u0130 G\u0130RESUN \u015eEB\u0130NKARAH\u0130SAR\u2019DA YA\u015eANAN \u00c7EVRE FAC\u0130ASI \u00d6RNE\u011e\u0130 \u00dcZER\u0130NDEN ANLATTI. B\u00d6LGEDEK\u0130 A\u011eIR METAL K\u0130RL\u0130L\u0130\u011e\u0130 \u2018Y\u00dcKSEK KANSER R\u0130SK\u0130\u2019 OLU\u015eTURUYOR<\/strong><\/em><\/p>\n\n\n\n<p class=\"has-luminous-vivid-amber-background-color has-background\"><strong>(TE<em>RCAN B\u00d6LGE HABER)HAYDAR CO\u015eKUNFIRAT<\/em><\/strong><\/p>\n\n\n\n<figure class=\"wp-block-image size-full is-resized\"><img loading=\"lazy\" decoding=\"async\" width=\"623\" height=\"214\" src=\"https:\/\/www.tercanbolgehaber.com\/wp-content\/uploads\/2024\/02\/screenshot-5-eoqp.jpg\" alt=\"\" class=\"wp-image-4025\" style=\"aspect-ratio:2.911214953271028;width:750px;height:auto\" srcset=\"https:\/\/www.tercanbolgehaber.com\/wp-content\/uploads\/2024\/02\/screenshot-5-eoqp.jpg 623w, https:\/\/www.tercanbolgehaber.com\/wp-content\/uploads\/2024\/02\/screenshot-5-eoqp-300x103.jpg 300w\" sizes=\"auto, (max-width: 623px) 100vw, 623px\" \/><\/figure>\n\n\n\n<p>TEMA Vakf\u0131, Erzincan \u0130li\u00e7\u2019te ya\u015fanan \u00e7evre felaketi sonras\u0131nda; Giresun, \u015eebinkarahisar\u2019da maden at\u0131k baraj\u0131n\u0131n \u00e7\u00f6kmesi (2021) ile olu\u015fan kirlilik hakk\u0131nda yapt\u0131\u011f\u0131 \u00e7al\u0131\u015fmay\u0131 kamuoyuyla payla\u015ft\u0131. Maden facialar\u0131n\u0131n uzun vadede yaratt\u0131\u011f\u0131 tahribat\u0131 ortaya koyan \u00e7al\u0131\u015fma, Bakanl\u0131\u011f\u0131n zehirli at\u0131\u011f\u0131 kald\u0131rm\u0131\u015f olmas\u0131na ve aradan ge\u00e7en zamana ra\u011fmen b\u00f6lgede hala tehlikenin devam etti\u011fini g\u00f6steriyor.<\/p>\n\n\n\n<p>18 Kas\u0131m 2021 tarihinde, Giresun\u2019un \u015eebinkarahisar il\u00e7esi, Yedikarde\u015f k\u00f6y\u00fc yak\u0131nlar\u0131nda faaliyet g\u00f6steren kur\u015fun, \u00e7inko, bak\u0131r oca\u011f\u0131na ait tesisin maden at\u0131klar\u0131n\u0131n depoland\u0131\u011f\u0131 at\u0131k baraj\u0131 duvar\u0131nda \u00e7\u00f6kme ya\u015fanm\u0131\u015f, binlerce ton a\u011f\u0131r metal i\u00e7erikli kimyasal at\u0131k \u00f6nce Darabul Deresi\u2019ne ard\u0131ndan da Kelkit Vadisi\u2019ne yay\u0131larak K\u0131l\u0131\u00e7kaya Baraj\u0131\u2019na ula\u015fm\u0131\u015ft\u0131.<\/p>\n\n\n\n<p>TEMA Vakf\u0131, felaketin hemen ard\u0131ndan 22 Kas\u0131m 2021\u2019de \u00e7evre felaketinin ya\u015fand\u0131\u011f\u0131 b\u00f6lgede 3\u2019\u00fc kontrol numunesi olmak \u00fczere toplam 9 noktadan \u00f6rnek alarak incelemelerde bulunmu\u015ftu.<\/p>\n\n\n\n<p>Kimyasal kirlilik devam ediyor<\/p>\n\n\n\n<figure class=\"wp-block-image size-large is-resized\"><img loading=\"lazy\" decoding=\"async\" width=\"1024\" height=\"576\" src=\"https:\/\/www.tercanbolgehaber.com\/wp-content\/uploads\/2024\/02\/1708153396_01__3_-scaled-1-1024x576.jpg\" alt=\"\" class=\"wp-image-4026\" style=\"aspect-ratio:1.7777777777777777;width:803px;height:auto\" srcset=\"https:\/\/www.tercanbolgehaber.com\/wp-content\/uploads\/2024\/02\/1708153396_01__3_-scaled-1-1024x576.jpg 1024w, https:\/\/www.tercanbolgehaber.com\/wp-content\/uploads\/2024\/02\/1708153396_01__3_-scaled-1-300x169.jpg 300w, https:\/\/www.tercanbolgehaber.com\/wp-content\/uploads\/2024\/02\/1708153396_01__3_-scaled-1-768x432.jpg 768w, https:\/\/www.tercanbolgehaber.com\/wp-content\/uploads\/2024\/02\/1708153396_01__3_-scaled-1-1536x864.jpg 1536w, https:\/\/www.tercanbolgehaber.com\/wp-content\/uploads\/2024\/02\/1708153396_01__3_-scaled-1-2048x1152.jpg 2048w, https:\/\/www.tercanbolgehaber.com\/wp-content\/uploads\/2024\/02\/1708153396_01__3_-scaled-1-696x392.jpg 696w, https:\/\/www.tercanbolgehaber.com\/wp-content\/uploads\/2024\/02\/1708153396_01__3_-scaled-1-1068x601.jpg 1068w, https:\/\/www.tercanbolgehaber.com\/wp-content\/uploads\/2024\/02\/1708153396_01__3_-scaled-1-1920x1080.jpg 1920w\" sizes=\"auto, (max-width: 1024px) 100vw, 1024px\" \/><\/figure>\n\n\n\n<p>\u00c7evre felaketinin ard\u0131ndan, at\u0131k baraj\u0131ndan \u00e7evredeki tarlalara ve su yataklar\u0131na akan kimyasal at\u0131\u011f\u0131n kald\u0131r\u0131lmas\u0131 i\u00e7in \u00c7evre, \u015eehircilik ve \u0130klim De\u011fi\u015fikli\u011fi Bakanl\u0131\u011f\u0131 (\u00c7\u015e\u0130DB) taraf\u0131ndan \u00e7al\u0131\u015fma yap\u0131lm\u0131\u015ft\u0131. Bakanl\u0131\u011f\u0131n \u00e7al\u0131\u015fmas\u0131ndan 9 ay sonra 30 A\u011fustos 2022\u2019de TEMA Vakf\u0131 ayn\u0131 noktalardan ikinci numuneleri alm\u0131\u015f ve analiz ettirmi\u015fti.<\/p>\n\n\n\n<p>Vakf\u0131n raporlarla da ortaya koydu\u011fu \u00e7al\u0131\u015fma; \u015eebinkarahisar maden felaketi sonras\u0131nda Bakanl\u0131k\u00e7a yap\u0131lan \u00e7al\u0131\u015fmalara ra\u011fmen do\u011fal varl\u0131klar \u00fczerindeki kirlili\u011fin s\u0131n\u0131r de\u011ferlerin alt\u0131na indirilemedi\u011fini g\u00f6sterdi. Numuneler \u00fczerinde yap\u0131lan laboratuvar analizleri sonucunda; felaketin \u00fczerinden 9 ay ge\u00e7mi\u015f olmas\u0131na ra\u011fmen a\u011f\u0131r metallerin, a\u011f\u0131rl\u0131kl\u0131 olarak limitlerin \u00e7ok \u00fczerinde oldu\u011fu tespit edildi.<\/p>\n\n\n\n<p>B\u00f6lgedeki a\u011f\u0131r metal kirlili\u011fi \u2018y\u00fcksek kanser riski\u2019 olu\u015fturuyor<\/p>\n\n\n\n<p>Analiz sonu\u00e7lar\u0131n\u0131 de\u011ferlendiren TEMA Vakf\u0131 Y\u00f6netim Kurulu Ba\u015fkan\u0131 Deniz Ata\u00e7, \u201cBu sonu\u00e7lar; do\u011fan\u0131n, zehirli kimyasallar ile kirlendi\u011fini ve halen ekosistemdeki t\u00fcm canl\u0131lar\u0131 tehdit edecek d\u00fczeyde zehirli at\u0131k bulundu\u011funu, yeti\u015fkinler i\u00e7in \u2018dikkat \u00e7ekici\u2019, \u00e7ocuklar i\u00e7in ise \u2018y\u00fcksek kanser riski\u2019 olu\u015ftu\u011funu g\u00f6stermektedir. \u00dcstelik \u00e7al\u0131\u015fmay\u0131 y\u00fcr\u00fcten uzmanlar b\u00f6lgedeki kirlili\u011fin ve kanser riskinin uzun y\u0131llar boyunca devam edecek d\u00fczeyde oldu\u011funu belirtiyor. \u015eebinkarahisar vakas\u0131 \u0130li\u00e7\u2019te de ayn\u0131 s\u00fcre\u00e7lerin ya\u015fanaca\u011f\u0131n\u0131, ekosistem ve halk sa\u011fl\u0131\u011f\u0131 \u00fczerindeki tehdidin uzun s\u00fcre devam edece\u011fini g\u00f6stermektedir\u201d dedi.<\/p>\n\n\n\n<p class=\"has-vivid-red-background-color has-background\">&nbsp;\u201cGEREKL\u0130 D\u00dcZENLEMELER YAPILMAZSA \u0130L\u0130\u00c7\u2019TE YA\u015eANAN FELAKET SON OLMAYACAK\u201d<\/p>\n\n\n\n<p>Ata\u00e7, at\u0131lmas\u0131 gereken ad\u0131mlar\u0131; \u201cBa\u015fta toprak olmak \u00fczere t\u00fcm do\u011fal varl\u0131klar\u0131, tar\u0131m, i\u00e7me ve kullanma suyu havzalar\u0131n\u0131, yerle\u015fim alanlar\u0131n\u0131 madencilik faaliyetlerinden koruyacak yasal d\u00fczenlemeler yap\u0131lmal\u0131d\u0131r. \u00c7evre mevzuat\u0131 yeniden d\u00fczenlenerek \u00f6zellikle IV. Grup Madencilik faaliyetleri i\u00e7in ge\u00e7erli olan \u00c7ED Gerekli De\u011fildir h\u00fck\u00fcmleri mevzuattan kald\u0131r\u0131lmal\u0131d\u0131r. \u00c7ED mevzuat\u0131 y\u00fcr\u00fcrl\u00fc\u011fe girmeden \u00f6nce kurulmas\u0131 sebebiyle \u00c7ED s\u00fcre\u00e7lerinden muaf olan maden i\u015fletmeleri i\u00e7in bu istisnai hak kald\u0131r\u0131lmal\u0131d\u0131r.&nbsp; Madencilik faaliyetlerine y\u00f6nelik denetim, izleme-de\u011ferlendirme \u00e7al\u0131\u015fmalar\u0131n\u0131n s\u0131kl\u0131\u011f\u0131 art\u0131r\u0131lmal\u0131 ve kamuoyuyla \u015feffaf bir \u015fekilde payla\u015f\u0131lmal\u0131d\u0131r. Ayr\u0131ca mevcut tesislerde i\u015f sa\u011fl\u0131\u011f\u0131 ve g\u00fcvenli\u011fi denetimleri art\u0131r\u0131lmal\u0131, i\u015f\u00e7ilerin ya\u015fam hakk\u0131 korunmal\u0131d\u0131r. \u00c7\u015e\u0130DB denetim ve izin s\u00fcre\u00e7lerinin etkin i\u015fletilebilmesi i\u00e7in yeterli say\u0131da ve uzmanl\u0131kta personel istihdam etmelidir. Ayr\u0131ca Bakanl\u0131\u011f\u0131n y\u00f6netim kadrolar\u0131 \u015fehircili\u011fi de\u011fil \u00f6ncelikle \u00e7evreyi esas alacak uzmanl\u0131k alanlar\u0131ndan olu\u015fturulmal\u0131d\u0131r \u201d \u015feklinde \u00f6zetledi.<\/p>\n\n\n\n<p>Ata\u00e7 s\u00f6zlerini, \u201cMadene Kapal\u0131 Alanlar Yasas\u0131 Meclis\u2019ten ge\u00e7irilerek ivedilikle y\u00fcr\u00fcrl\u00fc\u011fe konulmal\u0131d\u0131r. Ne yaz\u0131k ki gerekli yasal d\u00fczenlemeler yap\u0131lmazsa li\u00e7 y\u00f6ntemiyle \u00e7al\u0131\u015fan madenlerdeki felaketlerin ard\u0131 arkas\u0131 kesilmeyecektir\u201d diyerek noktalad\u0131.<\/p>\n","protected":false},"excerpt":{"rendered":"<p>TEMA VAKFI, ERZ\u0130NCAN \u0130L\u0130\u00c7\u2019TEK\u0130 ALTIN MADEN\u0130NDE MEYDANA GELEN \u00c7EVRE FELAKET\u0130N\u0130N SEBEP OLDU\u011eU TAHR\u0130BATI VE OLASI TEHL\u0130KELER\u0130 G\u0130RESUN \u015eEB\u0130NKARAH\u0130SAR\u2019DA YA\u015eANAN \u00c7EVRE FAC\u0130ASI \u00d6RNE\u011e\u0130 \u00dcZER\u0130NDEN ANLATTI. B\u00d6LGEDEK\u0130 A\u011eIR METAL K\u0130RL\u0130L\u0130\u011e\u0130 \u2018Y\u00dcKSEK KANSER R\u0130SK\u0130\u2019 OLU\u015eTURUYOR (TERCAN B\u00d6LGE HABER)HAYDAR CO\u015eKUNFIRAT TEMA Vakf\u0131, Erzincan \u0130li\u00e7\u2019te ya\u015fanan \u00e7evre felaketi sonras\u0131nda; Giresun, \u015eebinkarahisar\u2019da maden at\u0131k baraj\u0131n\u0131n \u00e7\u00f6kmesi (2021) ile olu\u015fan kirlilik hakk\u0131nda [&hellip;]<\/p>\n","protected":false},"author":2,"featured_media":4024,"comment_status":"closed","ping_status":"open","sticky":false,"template":"","format":"standard","meta":{"footnotes":""},"categories":[31,35],"tags":[],"class_list":{"0":"post-4023","1":"post","2":"type-post","3":"status-publish","4":"format-standard","5":"has-post-thumbnail","7":"category-cevre","8":"category-manset"},"yoast_head":"<!-- This site is optimized with the Yoast SEO plugin v27.2 - https:\/\/yoast.com\/product\/yoast-seo-wordpress\/ -->\n<title>MADEN FELAKETLER\u0130 SONRASINDA NELER OLUYOR? TEMA VAKFI \u015eEB\u0130NKARAH\u0130SAR \u00d6RNE\u011e\u0130YLE A\u00c7IKLADI - TERCAN B&Ouml;LGE HABER<\/title>\n<meta name=\"robots\" content=\"index, follow, max-snippet:-1, max-image-preview:large, max-video-preview:-1\" \/>\n<link rel=\"canonical\" href=\"https:\/\/www.tercanbolgehaber.com\/index.php\/2024\/02\/18\/maden-felaketleri-sonrasinda-neler-oluyor-tema-vakfi-sebinkarahisar-ornegiyle-acikladi\/\" \/>\n<meta property=\"og:locale\" content=\"tr_TR\" \/>\n<meta property=\"og:type\" content=\"article\" \/>\n<meta property=\"og:title\" content=\"MADEN FELAKETLER\u0130 SONRASINDA NELER OLUYOR? TEMA VAKFI \u015eEB\u0130NKARAH\u0130SAR \u00d6RNE\u011e\u0130YLE A\u00c7IKLADI - TERCAN B&Ouml;LGE HABER\" \/>\n<meta property=\"og:description\" content=\"TEMA VAKFI, ERZ\u0130NCAN \u0130L\u0130\u00c7\u2019TEK\u0130 ALTIN MADEN\u0130NDE MEYDANA GELEN \u00c7EVRE FELAKET\u0130N\u0130N SEBEP OLDU\u011eU TAHR\u0130BATI VE OLASI TEHL\u0130KELER\u0130 G\u0130RESUN \u015eEB\u0130NKARAH\u0130SAR\u2019DA YA\u015eANAN \u00c7EVRE FAC\u0130ASI \u00d6RNE\u011e\u0130 \u00dcZER\u0130NDEN ANLATTI. B\u00d6LGEDEK\u0130 A\u011eIR METAL K\u0130RL\u0130L\u0130\u011e\u0130 \u2018Y\u00dcKSEK KANSER R\u0130SK\u0130\u2019 OLU\u015eTURUYOR (TERCAN B\u00d6LGE HABER)HAYDAR CO\u015eKUNFIRAT TEMA Vakf\u0131, Erzincan \u0130li\u00e7\u2019te ya\u015fanan \u00e7evre felaketi sonras\u0131nda; Giresun, \u015eebinkarahisar\u2019da maden at\u0131k baraj\u0131n\u0131n \u00e7\u00f6kmesi (2021) ile olu\u015fan kirlilik hakk\u0131nda [&hellip;]\" \/>\n<meta property=\"og:url\" content=\"https:\/\/www.tercanbolgehaber.com\/index.php\/2024\/02\/18\/maden-felaketleri-sonrasinda-neler-oluyor-tema-vakfi-sebinkarahisar-ornegiyle-acikladi\/\" \/>\n<meta property=\"og:site_name\" content=\"TERCAN B&Ouml;LGE HABER\" \/>\n<meta property=\"article:published_time\" content=\"2024-02-18T08:31:28+00:00\" \/>\n<meta property=\"article:modified_time\" content=\"2024-02-18T08:31:48+00:00\" \/>\n<meta property=\"og:image\" content=\"http:\/\/www.tercanbolgehaber.com\/wp-content\/uploads\/2024\/02\/siyanr.webp\" \/>\n\t<meta property=\"og:image:width\" content=\"760\" \/>\n\t<meta property=\"og:image:height\" content=\"450\" \/>\n\t<meta property=\"og:image:type\" content=\"image\/webp\" \/>\n<meta name=\"author\" content=\"Haydar Co\u015fkunf\u0131rat\" \/>\n<meta name=\"twitter:card\" content=\"summary_large_image\" \/>\n<meta name=\"twitter:label1\" content=\"Yazan:\" \/>\n\t<meta name=\"twitter:data1\" content=\"Haydar Co\u015fkunf\u0131rat\" \/>\n\t<meta name=\"twitter:label2\" content=\"Tahmini okuma s\u00fcresi\" \/>\n\t<meta name=\"twitter:data2\" content=\"4 dakika\" \/>\n<script type=\"application\/ld+json\" class=\"yoast-schema-graph\">{\"@context\":\"https:\/\/schema.org\",\"@graph\":[{\"@type\":\"Article\",\"@id\":\"https:\/\/www.tercanbolgehaber.com\/index.php\/2024\/02\/18\/maden-felaketleri-sonrasinda-neler-oluyor-tema-vakfi-sebinkarahisar-ornegiyle-acikladi\/#article\",\"isPartOf\":{\"@id\":\"https:\/\/www.tercanbolgehaber.com\/index.php\/2024\/02\/18\/maden-felaketleri-sonrasinda-neler-oluyor-tema-vakfi-sebinkarahisar-ornegiyle-acikladi\/\"},\"author\":{\"name\":\"Haydar Co\u015fkunf\u0131rat\",\"@id\":\"https:\/\/www.tercanbolgehaber.com\/#\/schema\/person\/588559f88c7997eaeefe12a53785fb5e\"},\"headline\":\"MADEN FELAKETLER\u0130 SONRASINDA NELER OLUYOR? TEMA VAKFI \u015eEB\u0130NKARAH\u0130SAR \u00d6RNE\u011e\u0130YLE A\u00c7IKLADI\",\"datePublished\":\"2024-02-18T08:31:28+00:00\",\"dateModified\":\"2024-02-18T08:31:48+00:00\",\"mainEntityOfPage\":{\"@id\":\"https:\/\/www.tercanbolgehaber.com\/index.php\/2024\/02\/18\/maden-felaketleri-sonrasinda-neler-oluyor-tema-vakfi-sebinkarahisar-ornegiyle-acikladi\/\"},\"wordCount\":748,\"publisher\":{\"@id\":\"https:\/\/www.tercanbolgehaber.com\/#organization\"},\"image\":{\"@id\":\"https:\/\/www.tercanbolgehaber.com\/index.php\/2024\/02\/18\/maden-felaketleri-sonrasinda-neler-oluyor-tema-vakfi-sebinkarahisar-ornegiyle-acikladi\/#primaryimage\"},\"thumbnailUrl\":\"https:\/\/www.tercanbolgehaber.com\/wp-content\/uploads\/2024\/02\/siyanr.webp\",\"articleSection\":[\"\u00c7evre\",\"Man\u015fet\"],\"inLanguage\":\"tr\"},{\"@type\":\"WebPage\",\"@id\":\"https:\/\/www.tercanbolgehaber.com\/index.php\/2024\/02\/18\/maden-felaketleri-sonrasinda-neler-oluyor-tema-vakfi-sebinkarahisar-ornegiyle-acikladi\/\",\"url\":\"https:\/\/www.tercanbolgehaber.com\/index.php\/2024\/02\/18\/maden-felaketleri-sonrasinda-neler-oluyor-tema-vakfi-sebinkarahisar-ornegiyle-acikladi\/\",\"name\":\"MADEN FELAKETLER\u0130 SONRASINDA NELER OLUYOR? TEMA VAKFI \u015eEB\u0130NKARAH\u0130SAR \u00d6RNE\u011e\u0130YLE A\u00c7IKLADI - TERCAN B&Ouml;LGE HABER\",\"isPartOf\":{\"@id\":\"https:\/\/www.tercanbolgehaber.com\/#website\"},\"primaryImageOfPage\":{\"@id\":\"https:\/\/www.tercanbolgehaber.com\/index.php\/2024\/02\/18\/maden-felaketleri-sonrasinda-neler-oluyor-tema-vakfi-sebinkarahisar-ornegiyle-acikladi\/#primaryimage\"},\"image\":{\"@id\":\"https:\/\/www.tercanbolgehaber.com\/index.php\/2024\/02\/18\/maden-felaketleri-sonrasinda-neler-oluyor-tema-vakfi-sebinkarahisar-ornegiyle-acikladi\/#primaryimage\"},\"thumbnailUrl\":\"https:\/\/www.tercanbolgehaber.com\/wp-content\/uploads\/2024\/02\/siyanr.webp\",\"datePublished\":\"2024-02-18T08:31:28+00:00\",\"dateModified\":\"2024-02-18T08:31:48+00:00\",\"breadcrumb\":{\"@id\":\"https:\/\/www.tercanbolgehaber.com\/index.php\/2024\/02\/18\/maden-felaketleri-sonrasinda-neler-oluyor-tema-vakfi-sebinkarahisar-ornegiyle-acikladi\/#breadcrumb\"},\"inLanguage\":\"tr\",\"potentialAction\":[{\"@type\":\"ReadAction\",\"target\":[\"https:\/\/www.tercanbolgehaber.com\/index.php\/2024\/02\/18\/maden-felaketleri-sonrasinda-neler-oluyor-tema-vakfi-sebinkarahisar-ornegiyle-acikladi\/\"]}]},{\"@type\":\"ImageObject\",\"inLanguage\":\"tr\",\"@id\":\"https:\/\/www.tercanbolgehaber.com\/index.php\/2024\/02\/18\/maden-felaketleri-sonrasinda-neler-oluyor-tema-vakfi-sebinkarahisar-ornegiyle-acikladi\/#primaryimage\",\"url\":\"https:\/\/www.tercanbolgehaber.com\/wp-content\/uploads\/2024\/02\/siyanr.webp\",\"contentUrl\":\"https:\/\/www.tercanbolgehaber.com\/wp-content\/uploads\/2024\/02\/siyanr.webp\",\"width\":760,\"height\":450},{\"@type\":\"BreadcrumbList\",\"@id\":\"https:\/\/www.tercanbolgehaber.com\/index.php\/2024\/02\/18\/maden-felaketleri-sonrasinda-neler-oluyor-tema-vakfi-sebinkarahisar-ornegiyle-acikladi\/#breadcrumb\",\"itemListElement\":[{\"@type\":\"ListItem\",\"position\":1,\"name\":\"Anasayfa\",\"item\":\"https:\/\/www.tercanbolgehaber.com\/\"},{\"@type\":\"ListItem\",\"position\":2,\"name\":\"MADEN FELAKETLER\u0130 SONRASINDA NELER OLUYOR? TEMA VAKFI \u015eEB\u0130NKARAH\u0130SAR \u00d6RNE\u011e\u0130YLE A\u00c7IKLADI\"}]},{\"@type\":\"WebSite\",\"@id\":\"https:\/\/www.tercanbolgehaber.com\/#website\",\"url\":\"https:\/\/www.tercanbolgehaber.com\/\",\"name\":\"TERCAN B&Ouml;LGE HABER\",\"description\":\"HALK'IN HABER PORTALI\",\"publisher\":{\"@id\":\"https:\/\/www.tercanbolgehaber.com\/#organization\"},\"potentialAction\":[{\"@type\":\"SearchAction\",\"target\":{\"@type\":\"EntryPoint\",\"urlTemplate\":\"https:\/\/www.tercanbolgehaber.com\/?s={search_term_string}\"},\"query-input\":{\"@type\":\"PropertyValueSpecification\",\"valueRequired\":true,\"valueName\":\"search_term_string\"}}],\"inLanguage\":\"tr\"},{\"@type\":\"Organization\",\"@id\":\"https:\/\/www.tercanbolgehaber.com\/#organization\",\"name\":\"Tercan B\u00f6lge Haber\",\"url\":\"https:\/\/www.tercanbolgehaber.com\/\",\"logo\":{\"@type\":\"ImageObject\",\"inLanguage\":\"tr\",\"@id\":\"https:\/\/www.tercanbolgehaber.com\/#\/schema\/logo\/image\/\",\"url\":\"http:\/\/www.tercanbolgehaber.com\/wp-content\/uploads\/2022\/04\/logo_yeni.png\",\"contentUrl\":\"http:\/\/www.tercanbolgehaber.com\/wp-content\/uploads\/2022\/04\/logo_yeni.png\",\"width\":250,\"height\":123,\"caption\":\"Tercan B\u00f6lge Haber\"},\"image\":{\"@id\":\"https:\/\/www.tercanbolgehaber.com\/#\/schema\/logo\/image\/\"}},{\"@type\":\"Person\",\"@id\":\"https:\/\/www.tercanbolgehaber.com\/#\/schema\/person\/588559f88c7997eaeefe12a53785fb5e\",\"name\":\"Haydar Co\u015fkunf\u0131rat\",\"image\":{\"@type\":\"ImageObject\",\"inLanguage\":\"tr\",\"@id\":\"https:\/\/secure.gravatar.com\/avatar\/1992688ffa73c31cf68142c3401bd1f8b600612718310d5da53a0f7a4a562ace?s=96&d=mm&r=g\",\"url\":\"https:\/\/secure.gravatar.com\/avatar\/1992688ffa73c31cf68142c3401bd1f8b600612718310d5da53a0f7a4a562ace?s=96&d=mm&r=g\",\"contentUrl\":\"https:\/\/secure.gravatar.com\/avatar\/1992688ffa73c31cf68142c3401bd1f8b600612718310d5da53a0f7a4a562ace?s=96&d=mm&r=g\",\"caption\":\"Haydar Co\u015fkunf\u0131rat\"},\"url\":\"https:\/\/www.tercanbolgehaber.com\/index.php\/author\/haydar\/\"}]}<\/script>\n<!-- \/ Yoast SEO plugin. -->","yoast_head_json":{"title":"MADEN FELAKETLER\u0130 SONRASINDA NELER OLUYOR? TEMA VAKFI \u015eEB\u0130NKARAH\u0130SAR \u00d6RNE\u011e\u0130YLE A\u00c7IKLADI - TERCAN B&Ouml;LGE HABER","robots":{"index":"index","follow":"follow","max-snippet":"max-snippet:-1","max-image-preview":"max-image-preview:large","max-video-preview":"max-video-preview:-1"},"canonical":"https:\/\/www.tercanbolgehaber.com\/index.php\/2024\/02\/18\/maden-felaketleri-sonrasinda-neler-oluyor-tema-vakfi-sebinkarahisar-ornegiyle-acikladi\/","og_locale":"tr_TR","og_type":"article","og_title":"MADEN FELAKETLER\u0130 SONRASINDA NELER OLUYOR? TEMA VAKFI \u015eEB\u0130NKARAH\u0130SAR \u00d6RNE\u011e\u0130YLE A\u00c7IKLADI - TERCAN B&Ouml;LGE HABER","og_description":"TEMA VAKFI, ERZ\u0130NCAN \u0130L\u0130\u00c7\u2019TEK\u0130 ALTIN MADEN\u0130NDE MEYDANA GELEN \u00c7EVRE FELAKET\u0130N\u0130N SEBEP OLDU\u011eU TAHR\u0130BATI VE OLASI TEHL\u0130KELER\u0130 G\u0130RESUN \u015eEB\u0130NKARAH\u0130SAR\u2019DA YA\u015eANAN \u00c7EVRE FAC\u0130ASI \u00d6RNE\u011e\u0130 \u00dcZER\u0130NDEN ANLATTI. B\u00d6LGEDEK\u0130 A\u011eIR METAL K\u0130RL\u0130L\u0130\u011e\u0130 \u2018Y\u00dcKSEK KANSER R\u0130SK\u0130\u2019 OLU\u015eTURUYOR (TERCAN B\u00d6LGE HABER)HAYDAR CO\u015eKUNFIRAT TEMA Vakf\u0131, Erzincan \u0130li\u00e7\u2019te ya\u015fanan \u00e7evre felaketi sonras\u0131nda; Giresun, \u015eebinkarahisar\u2019da maden at\u0131k baraj\u0131n\u0131n \u00e7\u00f6kmesi (2021) ile olu\u015fan kirlilik hakk\u0131nda [&hellip;]","og_url":"https:\/\/www.tercanbolgehaber.com\/index.php\/2024\/02\/18\/maden-felaketleri-sonrasinda-neler-oluyor-tema-vakfi-sebinkarahisar-ornegiyle-acikladi\/","og_site_name":"TERCAN B&Ouml;LGE HABER","article_published_time":"2024-02-18T08:31:28+00:00","article_modified_time":"2024-02-18T08:31:48+00:00","og_image":[{"width":760,"height":450,"url":"http:\/\/www.tercanbolgehaber.com\/wp-content\/uploads\/2024\/02\/siyanr.webp","type":"image\/webp"}],"author":"Haydar Co\u015fkunf\u0131rat","twitter_card":"summary_large_image","twitter_misc":{"Yazan:":"Haydar Co\u015fkunf\u0131rat","Tahmini okuma s\u00fcresi":"4 dakika"},"schema":{"@context":"https:\/\/schema.org","@graph":[{"@type":"Article","@id":"https:\/\/www.tercanbolgehaber.com\/index.php\/2024\/02\/18\/maden-felaketleri-sonrasinda-neler-oluyor-tema-vakfi-sebinkarahisar-ornegiyle-acikladi\/#article","isPartOf":{"@id":"https:\/\/www.tercanbolgehaber.com\/index.php\/2024\/02\/18\/maden-felaketleri-sonrasinda-neler-oluyor-tema-vakfi-sebinkarahisar-ornegiyle-acikladi\/"},"author":{"name":"Haydar Co\u015fkunf\u0131rat","@id":"https:\/\/www.tercanbolgehaber.com\/#\/schema\/person\/588559f88c7997eaeefe12a53785fb5e"},"headline":"MADEN FELAKETLER\u0130 SONRASINDA NELER OLUYOR? TEMA VAKFI \u015eEB\u0130NKARAH\u0130SAR \u00d6RNE\u011e\u0130YLE A\u00c7IKLADI","datePublished":"2024-02-18T08:31:28+00:00","dateModified":"2024-02-18T08:31:48+00:00","mainEntityOfPage":{"@id":"https:\/\/www.tercanbolgehaber.com\/index.php\/2024\/02\/18\/maden-felaketleri-sonrasinda-neler-oluyor-tema-vakfi-sebinkarahisar-ornegiyle-acikladi\/"},"wordCount":748,"publisher":{"@id":"https:\/\/www.tercanbolgehaber.com\/#organization"},"image":{"@id":"https:\/\/www.tercanbolgehaber.com\/index.php\/2024\/02\/18\/maden-felaketleri-sonrasinda-neler-oluyor-tema-vakfi-sebinkarahisar-ornegiyle-acikladi\/#primaryimage"},"thumbnailUrl":"https:\/\/www.tercanbolgehaber.com\/wp-content\/uploads\/2024\/02\/siyanr.webp","articleSection":["\u00c7evre","Man\u015fet"],"inLanguage":"tr"},{"@type":"WebPage","@id":"https:\/\/www.tercanbolgehaber.com\/index.php\/2024\/02\/18\/maden-felaketleri-sonrasinda-neler-oluyor-tema-vakfi-sebinkarahisar-ornegiyle-acikladi\/","url":"https:\/\/www.tercanbolgehaber.com\/index.php\/2024\/02\/18\/maden-felaketleri-sonrasinda-neler-oluyor-tema-vakfi-sebinkarahisar-ornegiyle-acikladi\/","name":"MADEN FELAKETLER\u0130 SONRASINDA NELER OLUYOR? TEMA VAKFI \u015eEB\u0130NKARAH\u0130SAR \u00d6RNE\u011e\u0130YLE A\u00c7IKLADI - TERCAN B&Ouml;LGE HABER","isPartOf":{"@id":"https:\/\/www.tercanbolgehaber.com\/#website"},"primaryImageOfPage":{"@id":"https:\/\/www.tercanbolgehaber.com\/index.php\/2024\/02\/18\/maden-felaketleri-sonrasinda-neler-oluyor-tema-vakfi-sebinkarahisar-ornegiyle-acikladi\/#primaryimage"},"image":{"@id":"https:\/\/www.tercanbolgehaber.com\/index.php\/2024\/02\/18\/maden-felaketleri-sonrasinda-neler-oluyor-tema-vakfi-sebinkarahisar-ornegiyle-acikladi\/#primaryimage"},"thumbnailUrl":"https:\/\/www.tercanbolgehaber.com\/wp-content\/uploads\/2024\/02\/siyanr.webp","datePublished":"2024-02-18T08:31:28+00:00","dateModified":"2024-02-18T08:31:48+00:00","breadcrumb":{"@id":"https:\/\/www.tercanbolgehaber.com\/index.php\/2024\/02\/18\/maden-felaketleri-sonrasinda-neler-oluyor-tema-vakfi-sebinkarahisar-ornegiyle-acikladi\/#breadcrumb"},"inLanguage":"tr","potentialAction":[{"@type":"ReadAction","target":["https:\/\/www.tercanbolgehaber.com\/index.php\/2024\/02\/18\/maden-felaketleri-sonrasinda-neler-oluyor-tema-vakfi-sebinkarahisar-ornegiyle-acikladi\/"]}]},{"@type":"ImageObject","inLanguage":"tr","@id":"https:\/\/www.tercanbolgehaber.com\/index.php\/2024\/02\/18\/maden-felaketleri-sonrasinda-neler-oluyor-tema-vakfi-sebinkarahisar-ornegiyle-acikladi\/#primaryimage","url":"https:\/\/www.tercanbolgehaber.com\/wp-content\/uploads\/2024\/02\/siyanr.webp","contentUrl":"https:\/\/www.tercanbolgehaber.com\/wp-content\/uploads\/2024\/02\/siyanr.webp","width":760,"height":450},{"@type":"BreadcrumbList","@id":"https:\/\/www.tercanbolgehaber.com\/index.php\/2024\/02\/18\/maden-felaketleri-sonrasinda-neler-oluyor-tema-vakfi-sebinkarahisar-ornegiyle-acikladi\/#breadcrumb","itemListElement":[{"@type":"ListItem","position":1,"name":"Anasayfa","item":"https:\/\/www.tercanbolgehaber.com\/"},{"@type":"ListItem","position":2,"name":"MADEN FELAKETLER\u0130 SONRASINDA NELER OLUYOR? TEMA VAKFI \u015eEB\u0130NKARAH\u0130SAR \u00d6RNE\u011e\u0130YLE A\u00c7IKLADI"}]},{"@type":"WebSite","@id":"https:\/\/www.tercanbolgehaber.com\/#website","url":"https:\/\/www.tercanbolgehaber.com\/","name":"TERCAN B&Ouml;LGE HABER","description":"HALK'IN HABER PORTALI","publisher":{"@id":"https:\/\/www.tercanbolgehaber.com\/#organization"},"potentialAction":[{"@type":"SearchAction","target":{"@type":"EntryPoint","urlTemplate":"https:\/\/www.tercanbolgehaber.com\/?s={search_term_string}"},"query-input":{"@type":"PropertyValueSpecification","valueRequired":true,"valueName":"search_term_string"}}],"inLanguage":"tr"},{"@type":"Organization","@id":"https:\/\/www.tercanbolgehaber.com\/#organization","name":"Tercan B\u00f6lge Haber","url":"https:\/\/www.tercanbolgehaber.com\/","logo":{"@type":"ImageObject","inLanguage":"tr","@id":"https:\/\/www.tercanbolgehaber.com\/#\/schema\/logo\/image\/","url":"http:\/\/www.tercanbolgehaber.com\/wp-content\/uploads\/2022\/04\/logo_yeni.png","contentUrl":"http:\/\/www.tercanbolgehaber.com\/wp-content\/uploads\/2022\/04\/logo_yeni.png","width":250,"height":123,"caption":"Tercan B\u00f6lge Haber"},"image":{"@id":"https:\/\/www.tercanbolgehaber.com\/#\/schema\/logo\/image\/"}},{"@type":"Person","@id":"https:\/\/www.tercanbolgehaber.com\/#\/schema\/person\/588559f88c7997eaeefe12a53785fb5e","name":"Haydar Co\u015fkunf\u0131rat","image":{"@type":"ImageObject","inLanguage":"tr","@id":"https:\/\/secure.gravatar.com\/avatar\/1992688ffa73c31cf68142c3401bd1f8b600612718310d5da53a0f7a4a562ace?s=96&d=mm&r=g","url":"https:\/\/secure.gravatar.com\/avatar\/1992688ffa73c31cf68142c3401bd1f8b600612718310d5da53a0f7a4a562ace?s=96&d=mm&r=g","contentUrl":"https:\/\/secure.gravatar.com\/avatar\/1992688ffa73c31cf68142c3401bd1f8b600612718310d5da53a0f7a4a562ace?s=96&d=mm&r=g","caption":"Haydar Co\u015fkunf\u0131rat"},"url":"https:\/\/www.tercanbolgehaber.com\/index.php\/author\/haydar\/"}]}},"_links":{"self":[{"href":"https:\/\/www.tercanbolgehaber.com\/index.php\/wp-json\/wp\/v2\/posts\/4023","targetHints":{"allow":["GET"]}}],"collection":[{"href":"https:\/\/www.tercanbolgehaber.com\/index.php\/wp-json\/wp\/v2\/posts"}],"about":[{"href":"https:\/\/www.tercanbolgehaber.com\/index.php\/wp-json\/wp\/v2\/types\/post"}],"author":[{"embeddable":true,"href":"https:\/\/www.tercanbolgehaber.com\/index.php\/wp-json\/wp\/v2\/users\/2"}],"replies":[{"embeddable":true,"href":"https:\/\/www.tercanbolgehaber.com\/index.php\/wp-json\/wp\/v2\/comments?post=4023"}],"version-history":[{"count":1,"href":"https:\/\/www.tercanbolgehaber.com\/index.php\/wp-json\/wp\/v2\/posts\/4023\/revisions"}],"predecessor-version":[{"id":4027,"href":"https:\/\/www.tercanbolgehaber.com\/index.php\/wp-json\/wp\/v2\/posts\/4023\/revisions\/4027"}],"wp:featuredmedia":[{"embeddable":true,"href":"https:\/\/www.tercanbolgehaber.com\/index.php\/wp-json\/wp\/v2\/media\/4024"}],"wp:attachment":[{"href":"https:\/\/www.tercanbolgehaber.com\/index.php\/wp-json\/wp\/v2\/media?parent=4023"}],"wp:term":[{"taxonomy":"category","embeddable":true,"href":"https:\/\/www.tercanbolgehaber.com\/index.php\/wp-json\/wp\/v2\/categories?post=4023"},{"taxonomy":"post_tag","embeddable":true,"href":"https:\/\/www.tercanbolgehaber.com\/index.php\/wp-json\/wp\/v2\/tags?post=4023"}],"curies":[{"name":"wp","href":"https:\/\/api.w.org\/{rel}","templated":true}]}}