{"id":402,"date":"2022-04-10T09:37:26","date_gmt":"2022-04-10T09:37:26","guid":{"rendered":"http:\/\/www.tercanbolgehaber.com\/?p=402"},"modified":"2022-04-10T09:37:28","modified_gmt":"2022-04-10T09:37:28","slug":"hayvancilik-ithal-yeme-mecbul-kalindi","status":"publish","type":"post","link":"https:\/\/www.tercanbolgehaber.com\/index.php\/2022\/04\/10\/hayvancilik-ithal-yeme-mecbul-kalindi\/","title":{"rendered":"HAYVANCILIK \u0130THAL YEME MECBUL KALINDI"},"content":{"rendered":"\n<p class=\"has-vivid-red-background-color has-background\">SON BE\u015e YILDA YEM\u0130N F\u0130YATI 8 KAT ARTTI VE YEM\u0130N F\u0130YATI \u00c7\u0130\u011e S\u00dcT\u00dcN F\u0130YATINI GE\u00c7T\u0130. \u0130THAL YEM\u0130N F\u0130YATIYLA BA\u015e EDEMEYEN S\u00dcT \u00dcRET\u0130C\u0130LER\u0130 HAYVANLARINI KES\u0130ME G\u00d6NDER\u0130YOR.<\/p>\n\n\n\n<p>TMMOB Mersin Ziraat M\u00fchendisleri Odas\u0131 Ba\u015fkan\u0131 Yusuf De\u011firmenci, \u201cYem \u00fcretimi yap\u0131lmazsa, devlet politikalar\u0131yla s\u00fctte bir fiyat politikas\u0131 olu\u015fturulmaz, s\u00fct \u00fcreticisine garanti ve destek verilmezse et ve s\u00fct \u00fcretimi her ge\u00e7en g\u00fcn artacak ve hayvanc\u0131l\u0131k bitme noktas\u0131na gelecek\u201d dedi.<\/p>\n\n\n\n<p>Tar\u0131mda girdi fiyatlar\u0131n\u0131n art\u0131\u015f\u0131yla birlikte son y\u0131llarda bir\u00e7ok \u00e7ift\u00e7i yem \u00fcretimini b\u0131rakmak zorunda kald\u0131. \u00dcretimin azalmas\u0131yla birlikte 5 y\u0131lda yemin yemin kilo fiyat\u0131 76 kuru\u015ftan, 6 liraya f\u0131rlayarak litresi 4 lira 70 kuru\u015f olan s\u00fct\u00fc ge\u00e7ti. Zarar\u0131n alt\u0131ndan kalkamayan bir\u00e7ok s\u00fct \u00fcreticisi ise hayvanlar\u0131n\u0131 kesime g\u00f6nderip \u00fcretimden vazge\u00e7mek zorunda kald\u0131. De\u011firmenci, devletin yerli \u00fcretime ve \u00fcreticiye destek vermemesi halinde \u00f6n\u00fcm\u00fczdeki s\u00fcre\u00e7te et ve s\u00fct fiyatlar\u0131nda \u00e7ok b\u00fcy\u00fck y\u00fckseli\u015fler ya\u015fanaca\u011f\u0131n\u0131 s\u00f6yledi.<\/p>\n\n\n\n<p>&nbsp;\u0130THAL YEME MECBUL KALINDI<\/p>\n\n\n\n<p>Hayvanc\u0131l\u0131kta hem et hem de s\u00fct besicili\u011fi i\u00e7in en b\u00fcy\u00fck girdi maliyetinin yem oldu\u011funu s\u00f6yleyen Yusuf De\u011firmenci, bu alanda \u00fcreticilerin ya\u015fad\u0131\u011f\u0131 en b\u00fcy\u00fck s\u0131k\u0131nt\u0131n\u0131n s\u00fcrekli artan yem fiyatlar\u0131 oldu\u011funu belirtti. Yemin tedarikinde s\u00fct \u00fcreticilerinin problem ya\u015fad\u0131\u011f\u0131n\u0131 belirten De\u011firmenci, \u201cYem bitkilerinin \u00fcretim sahalar\u0131 T\u00fcrkiye\u2019de azald\u0131. Tar\u0131m giderlerinin art\u0131\u015f\u0131yla beraber yem \u00fcretimi yapan \u00e7ift\u00e7ilerin bir\u00e7o\u011fu ya \u00fcretimden vazge\u00e7tiler ya da getirisi y\u00fcksek \u00fcr\u00fcnlere y\u00f6neldiler. Onun d\u0131\u015f\u0131nda tar\u0131m alanlar\u0131n\u0131n farkl\u0131 alanlara a\u00e7\u0131lmas\u0131n\u0131n ve her ge\u00e7en g\u00fcn bu alanlar\u0131n k\u00fc\u00e7\u00fclmesinin de yem \u00fcretiminin azalmas\u0131na sebep oldu. Devlette yem \u00fcretimini te\u015fvik edici giri\u015fim ve yeterli deste\u011fi vermeyince, \u00e7ift\u00e7i \u00fcretmedi ve ithal yeme mecbur kal\u0131nd\u0131.&nbsp; Yemin b\u00fcy\u00fck k\u0131sm\u0131 ithal ediliyor \u015fu an bu y\u00fczden yemle s\u00fct paritesi aras\u0131nda b\u00fcy\u00fck bir u\u00e7urum olu\u015ftu\u201d dedi.<\/p>\n\n\n\n<p>&nbsp;YEM S\u00dcTTEN PAHALI<\/p>\n\n\n\n<p>Yem ve s\u00fct fiyat\u0131 aras\u0131ndaki makas her ge\u00e7en y\u0131l artarak devam etmi\u015f. 2017\u2019de \u00e7i\u011f s\u00fct\u00fcn litresi 1 lirayken 50 kiloluk yemin \u00e7uval\u0131 38 liraym\u0131\u015f. 2022 y\u0131l\u0131nda ise \u00e7i\u011f s\u00fct\u00fcn litresi 4 lira 70 kuru\u015ftan, yemin \u00e7uval\u0131 ise 300 lira. Arada ge\u00e7en be\u015f y\u0131lda s\u00fct\u00fcn fiyat\u0131 4,5 kat artarken yemin fiyat\u0131 8 kat artt\u0131. Son y\u0131llarda fahi\u015f bir \u015fekilde yem fiyat\u0131n\u0131n art\u0131\u015f\u0131yla beraber bir\u00e7ok hayvan sahibinin zarar etti\u011fini ve hayvanlar\u0131 kesime g\u00f6nderdi\u011fini s\u00f6yleyen De\u011firmenci, \u00f6zellikle son bir ayda kesimde say\u0131n\u0131n bir hayli artt\u0131\u011f\u0131na dikkat \u00e7ekti. \u00dclkede ya\u015fanan kriz ve y\u00fcksek enflasyonun etkisiyle \u00f6n\u00fcm\u00fczdeki d\u00f6nemde yem fiyatlar\u0131n\u0131n daha da artaca\u011f\u0131n\u0131 belirten De\u011firmenci, besicileri daha zor g\u00fcnlerin bekledi\u011fini s\u00f6yledi. Yem fiyat\u0131n\u0131n art\u0131\u015f\u0131 ve hayvanlar\u0131n kesime g\u00f6nderilmesiyle birlikte son bir y\u0131lda markette sat\u0131lan bir litre s\u00fct\u00fcn fiyat\u0131n\u0131n bir y\u0131lda 4 liradan 14 liraya kadar y\u00fckseldi\u011fini s\u00f6yleyen De\u011firmenci, \u201cArtan yem fiyatlar\u0131 ile birlikte besi veya s\u00fct i\u00e7in hayvanc\u0131l\u0131k yapmak neredeyse imk\u00e2ns\u0131z hale geldi. Ortam \u00fcreticiler a\u00e7\u0131s\u0131ndan \u00e7ok k\u00f6t\u00fc bir hal ald\u0131.<\/p>\n\n\n\n<p>DEVLET M\u00dcDAHALES\u0130<\/p>\n\n\n\n<p>Hayvanc\u0131l\u0131kta girilen darbo\u011fazdan \u00e7\u0131kmak i\u00e7in devletin devreye girmesi gerekti\u011fini s\u00f6yleyen De\u011firmenci, \u201cTar\u0131m Bakanl\u0131\u011f\u0131\u2019n\u0131n uzun vade de yem \u00fcretimini te\u015fvik edecek hamleler yapmas\u0131 \u00e7ok \u00f6nemli. K\u0131sa vade de yem, akaryak\u0131t ve elektrik i\u00e7in \u00fcreticilere destek olmalar\u0131 gerekir. Eskiden Tar\u0131m Bakanl\u0131\u011f\u0131\u2019na ba\u011fl\u0131 Et ve S\u00fct Kurumu vard\u0131. La\u011fvedilen b\u00f6yle kurumlar\u0131n tekrar devreye girip piyasaya m\u00fcdahale edip, \u00fcretici lehine kararlar almal\u0131. \u00dcretici bir \u015feye g\u00fcvenerek \u00fcretime devam etmeli. Serbest piyasa ekonomisi ile bunlar\u0131n yap\u0131lmas\u0131 \u00e7ok zor. Bunlar yap\u0131lmad\u0131\u011f\u0131 takdirde bu kriz artarak devam edecek\u201d ifadelerini kulland\u0131.<\/p>\n\n\n\n<p>&nbsp;\u201cBU G\u0130D\u0130\u015eLE \u00dcRET\u0130M HER GE\u00c7EN G\u00dcN AZALACAK\u201d Enflasyonun art\u0131\u015f\u0131yla birlikte bir\u00e7ok \u00fcr\u00fcn fiyat\u0131n\u0131 katlarken, etin di\u011fer g\u0131da \u00fcr\u00fcnlerine nazaran fiyat\u0131 \u00e7ok fazla artmad\u0131. Etin fiyat\u0131n\u0131n artmamas\u0131nda, artan yem fiyatlar\u0131yla beraber kesime g\u00f6nderilen hayvanlar\u0131n etkisinin oldu\u011funu s\u00f6yleyen De\u011firmenci, \u201cEt fiyatlar\u0131 \u00e7ok y\u00fcksek de\u011fil ama bir s\u00fcreden sonra hayvanc\u0131l\u0131kta zorunlu olarak ithalata d\u00f6n\u00fclecek. Ama i\u015fin k\u00f6t\u00fc taraf\u0131 d\u00fcnyan\u0131n bir\u00e7ok yerinde hayvanc\u0131l\u0131kla alakal\u0131 s\u0131k\u0131nt\u0131lar var. Kesin \u00e7\u00f6z\u00fcm i\u00e7in yem \u00fcretimi te\u015fvik edilmeli, \u00fcreticiler desteklenmeli, en az\u0131ndan yem, s\u00fct ve ette kendimize yeterli hale gelmemiz gerekir. \u0130thalatla y\u00fcr\u00fcyecek bir i\u015f de\u011fil y\u0131llard\u0131r s\u00f6yl\u00fcyoruz\u201d dedi. De\u011firmenci, son olarak \u201cYem \u00fcretimi yap\u0131lmad\u0131\u011f\u0131 s\u00fcrece, devlet politikalar\u0131yla bir fiyat politikas\u0131 olu\u015fturulmad\u0131\u011f\u0131, \u00fcreticiye garanti ve destek verilmedi\u011fi s\u00fcrece bu insanlar \u00fcretmekten vazge\u00e7ecek. Bunun sonucunda; \u00fcretim her ge\u00e7en g\u00fcn azalacak ve b\u00f6yle giderse et fiyatlar\u0131 da, s\u00fct fiyatlar\u0131 da \u00e7ok y\u00fcksek \u015fekilde artacak\u201d s\u00f6zlerini ku<\/p>\n","protected":false},"excerpt":{"rendered":"<p>SON BE\u015e YILDA YEM\u0130N F\u0130YATI 8 KAT ARTTI VE YEM\u0130N F\u0130YATI \u00c7\u0130\u011e S\u00dcT\u00dcN F\u0130YATINI GE\u00c7T\u0130. \u0130THAL YEM\u0130N F\u0130YATIYLA BA\u015e EDEMEYEN S\u00dcT \u00dcRET\u0130C\u0130LER\u0130 HAYVANLARINI KES\u0130ME G\u00d6NDER\u0130YOR. TMMOB Mersin Ziraat M\u00fchendisleri Odas\u0131 Ba\u015fkan\u0131 Yusuf De\u011firmenci, \u201cYem \u00fcretimi yap\u0131lmazsa, devlet politikalar\u0131yla s\u00fctte bir fiyat politikas\u0131 olu\u015fturulmaz, s\u00fct \u00fcreticisine garanti ve destek verilmezse et ve s\u00fct \u00fcretimi her ge\u00e7en [&hellip;]<\/p>\n","protected":false},"author":2,"featured_media":403,"comment_status":"open","ping_status":"open","sticky":false,"template":"","format":"standard","meta":{"footnotes":""},"categories":[34,35],"tags":[],"class_list":{"0":"post-402","1":"post","2":"type-post","3":"status-publish","4":"format-standard","5":"has-post-thumbnail","7":"category-ekonomi","8":"category-manset"},"yoast_head":"<!-- This site is optimized with the Yoast SEO plugin v27.2 - https:\/\/yoast.com\/product\/yoast-seo-wordpress\/ -->\n<title>HAYVANCILIK \u0130THAL YEME MECBUL KALINDI - TERCAN B&Ouml;LGE HABER<\/title>\n<meta name=\"robots\" content=\"index, follow, max-snippet:-1, max-image-preview:large, max-video-preview:-1\" \/>\n<link rel=\"canonical\" href=\"https:\/\/www.tercanbolgehaber.com\/index.php\/2022\/04\/10\/hayvancilik-ithal-yeme-mecbul-kalindi\/\" \/>\n<meta property=\"og:locale\" content=\"tr_TR\" \/>\n<meta property=\"og:type\" content=\"article\" \/>\n<meta property=\"og:title\" content=\"HAYVANCILIK \u0130THAL YEME MECBUL KALINDI - TERCAN B&Ouml;LGE HABER\" \/>\n<meta property=\"og:description\" content=\"SON BE\u015e YILDA YEM\u0130N F\u0130YATI 8 KAT ARTTI VE YEM\u0130N F\u0130YATI \u00c7\u0130\u011e S\u00dcT\u00dcN F\u0130YATINI GE\u00c7T\u0130. \u0130THAL YEM\u0130N F\u0130YATIYLA BA\u015e EDEMEYEN S\u00dcT \u00dcRET\u0130C\u0130LER\u0130 HAYVANLARINI KES\u0130ME G\u00d6NDER\u0130YOR. TMMOB Mersin Ziraat M\u00fchendisleri Odas\u0131 Ba\u015fkan\u0131 Yusuf De\u011firmenci, \u201cYem \u00fcretimi yap\u0131lmazsa, devlet politikalar\u0131yla s\u00fctte bir fiyat politikas\u0131 olu\u015fturulmaz, s\u00fct \u00fcreticisine garanti ve destek verilmezse et ve s\u00fct \u00fcretimi her ge\u00e7en [&hellip;]\" \/>\n<meta property=\"og:url\" content=\"https:\/\/www.tercanbolgehaber.com\/index.php\/2022\/04\/10\/hayvancilik-ithal-yeme-mecbul-kalindi\/\" \/>\n<meta property=\"og:site_name\" content=\"TERCAN B&Ouml;LGE HABER\" \/>\n<meta property=\"article:published_time\" content=\"2022-04-10T09:37:26+00:00\" \/>\n<meta property=\"article:modified_time\" content=\"2022-04-10T09:37:28+00:00\" \/>\n<meta property=\"og:image\" content=\"https:\/\/www.tercanbolgehaber.com\/wp-content\/uploads\/2022\/04\/indir.jpg\" \/>\n\t<meta property=\"og:image:width\" content=\"288\" \/>\n\t<meta property=\"og:image:height\" content=\"175\" \/>\n\t<meta property=\"og:image:type\" content=\"image\/jpeg\" \/>\n<meta name=\"author\" content=\"Haydar Co\u015fkunf\u0131rat\" \/>\n<meta name=\"twitter:card\" content=\"summary_large_image\" \/>\n<meta name=\"twitter:label1\" content=\"Yazan:\" \/>\n\t<meta name=\"twitter:data1\" content=\"Haydar Co\u015fkunf\u0131rat\" \/>\n\t<meta name=\"twitter:label2\" content=\"Tahmini okuma s\u00fcresi\" \/>\n\t<meta name=\"twitter:data2\" content=\"5 dakika\" \/>\n<script type=\"application\/ld+json\" class=\"yoast-schema-graph\">{\"@context\":\"https:\/\/schema.org\",\"@graph\":[{\"@type\":\"Article\",\"@id\":\"https:\/\/www.tercanbolgehaber.com\/index.php\/2022\/04\/10\/hayvancilik-ithal-yeme-mecbul-kalindi\/#article\",\"isPartOf\":{\"@id\":\"https:\/\/www.tercanbolgehaber.com\/index.php\/2022\/04\/10\/hayvancilik-ithal-yeme-mecbul-kalindi\/\"},\"author\":{\"name\":\"Haydar Co\u015fkunf\u0131rat\",\"@id\":\"https:\/\/www.tercanbolgehaber.com\/#\/schema\/person\/588559f88c7997eaeefe12a53785fb5e\"},\"headline\":\"HAYVANCILIK \u0130THAL YEME MECBUL KALINDI\",\"datePublished\":\"2022-04-10T09:37:26+00:00\",\"dateModified\":\"2022-04-10T09:37:28+00:00\",\"mainEntityOfPage\":{\"@id\":\"https:\/\/www.tercanbolgehaber.com\/index.php\/2022\/04\/10\/hayvancilik-ithal-yeme-mecbul-kalindi\/\"},\"wordCount\":906,\"commentCount\":0,\"publisher\":{\"@id\":\"https:\/\/www.tercanbolgehaber.com\/#organization\"},\"image\":{\"@id\":\"https:\/\/www.tercanbolgehaber.com\/index.php\/2022\/04\/10\/hayvancilik-ithal-yeme-mecbul-kalindi\/#primaryimage\"},\"thumbnailUrl\":\"https:\/\/www.tercanbolgehaber.com\/wp-content\/uploads\/2022\/04\/indir.jpg\",\"articleSection\":[\"Ekonomi\",\"Man\u015fet\"],\"inLanguage\":\"tr\",\"potentialAction\":[{\"@type\":\"CommentAction\",\"name\":\"Comment\",\"target\":[\"https:\/\/www.tercanbolgehaber.com\/index.php\/2022\/04\/10\/hayvancilik-ithal-yeme-mecbul-kalindi\/#respond\"]}]},{\"@type\":\"WebPage\",\"@id\":\"https:\/\/www.tercanbolgehaber.com\/index.php\/2022\/04\/10\/hayvancilik-ithal-yeme-mecbul-kalindi\/\",\"url\":\"https:\/\/www.tercanbolgehaber.com\/index.php\/2022\/04\/10\/hayvancilik-ithal-yeme-mecbul-kalindi\/\",\"name\":\"HAYVANCILIK \u0130THAL YEME MECBUL KALINDI - TERCAN B&Ouml;LGE HABER\",\"isPartOf\":{\"@id\":\"https:\/\/www.tercanbolgehaber.com\/#website\"},\"primaryImageOfPage\":{\"@id\":\"https:\/\/www.tercanbolgehaber.com\/index.php\/2022\/04\/10\/hayvancilik-ithal-yeme-mecbul-kalindi\/#primaryimage\"},\"image\":{\"@id\":\"https:\/\/www.tercanbolgehaber.com\/index.php\/2022\/04\/10\/hayvancilik-ithal-yeme-mecbul-kalindi\/#primaryimage\"},\"thumbnailUrl\":\"https:\/\/www.tercanbolgehaber.com\/wp-content\/uploads\/2022\/04\/indir.jpg\",\"datePublished\":\"2022-04-10T09:37:26+00:00\",\"dateModified\":\"2022-04-10T09:37:28+00:00\",\"breadcrumb\":{\"@id\":\"https:\/\/www.tercanbolgehaber.com\/index.php\/2022\/04\/10\/hayvancilik-ithal-yeme-mecbul-kalindi\/#breadcrumb\"},\"inLanguage\":\"tr\",\"potentialAction\":[{\"@type\":\"ReadAction\",\"target\":[\"https:\/\/www.tercanbolgehaber.com\/index.php\/2022\/04\/10\/hayvancilik-ithal-yeme-mecbul-kalindi\/\"]}]},{\"@type\":\"ImageObject\",\"inLanguage\":\"tr\",\"@id\":\"https:\/\/www.tercanbolgehaber.com\/index.php\/2022\/04\/10\/hayvancilik-ithal-yeme-mecbul-kalindi\/#primaryimage\",\"url\":\"https:\/\/www.tercanbolgehaber.com\/wp-content\/uploads\/2022\/04\/indir.jpg\",\"contentUrl\":\"https:\/\/www.tercanbolgehaber.com\/wp-content\/uploads\/2022\/04\/indir.jpg\",\"width\":288,\"height\":175},{\"@type\":\"BreadcrumbList\",\"@id\":\"https:\/\/www.tercanbolgehaber.com\/index.php\/2022\/04\/10\/hayvancilik-ithal-yeme-mecbul-kalindi\/#breadcrumb\",\"itemListElement\":[{\"@type\":\"ListItem\",\"position\":1,\"name\":\"Anasayfa\",\"item\":\"https:\/\/www.tercanbolgehaber.com\/\"},{\"@type\":\"ListItem\",\"position\":2,\"name\":\"HAYVANCILIK \u0130THAL YEME MECBUL KALINDI\"}]},{\"@type\":\"WebSite\",\"@id\":\"https:\/\/www.tercanbolgehaber.com\/#website\",\"url\":\"https:\/\/www.tercanbolgehaber.com\/\",\"name\":\"TERCAN B&Ouml;LGE HABER\",\"description\":\"HALK'IN HABER PORTALI\",\"publisher\":{\"@id\":\"https:\/\/www.tercanbolgehaber.com\/#organization\"},\"potentialAction\":[{\"@type\":\"SearchAction\",\"target\":{\"@type\":\"EntryPoint\",\"urlTemplate\":\"https:\/\/www.tercanbolgehaber.com\/?s={search_term_string}\"},\"query-input\":{\"@type\":\"PropertyValueSpecification\",\"valueRequired\":true,\"valueName\":\"search_term_string\"}}],\"inLanguage\":\"tr\"},{\"@type\":\"Organization\",\"@id\":\"https:\/\/www.tercanbolgehaber.com\/#organization\",\"name\":\"Tercan B\u00f6lge Haber\",\"url\":\"https:\/\/www.tercanbolgehaber.com\/\",\"logo\":{\"@type\":\"ImageObject\",\"inLanguage\":\"tr\",\"@id\":\"https:\/\/www.tercanbolgehaber.com\/#\/schema\/logo\/image\/\",\"url\":\"http:\/\/www.tercanbolgehaber.com\/wp-content\/uploads\/2022\/04\/logo_yeni.png\",\"contentUrl\":\"http:\/\/www.tercanbolgehaber.com\/wp-content\/uploads\/2022\/04\/logo_yeni.png\",\"width\":250,\"height\":123,\"caption\":\"Tercan B\u00f6lge Haber\"},\"image\":{\"@id\":\"https:\/\/www.tercanbolgehaber.com\/#\/schema\/logo\/image\/\"}},{\"@type\":\"Person\",\"@id\":\"https:\/\/www.tercanbolgehaber.com\/#\/schema\/person\/588559f88c7997eaeefe12a53785fb5e\",\"name\":\"Haydar Co\u015fkunf\u0131rat\",\"image\":{\"@type\":\"ImageObject\",\"inLanguage\":\"tr\",\"@id\":\"https:\/\/secure.gravatar.com\/avatar\/1992688ffa73c31cf68142c3401bd1f8b600612718310d5da53a0f7a4a562ace?s=96&d=mm&r=g\",\"url\":\"https:\/\/secure.gravatar.com\/avatar\/1992688ffa73c31cf68142c3401bd1f8b600612718310d5da53a0f7a4a562ace?s=96&d=mm&r=g\",\"contentUrl\":\"https:\/\/secure.gravatar.com\/avatar\/1992688ffa73c31cf68142c3401bd1f8b600612718310d5da53a0f7a4a562ace?s=96&d=mm&r=g\",\"caption\":\"Haydar Co\u015fkunf\u0131rat\"},\"url\":\"https:\/\/www.tercanbolgehaber.com\/index.php\/author\/haydar\/\"}]}<\/script>\n<!-- \/ Yoast SEO plugin. -->","yoast_head_json":{"title":"HAYVANCILIK \u0130THAL YEME MECBUL KALINDI - TERCAN B&Ouml;LGE HABER","robots":{"index":"index","follow":"follow","max-snippet":"max-snippet:-1","max-image-preview":"max-image-preview:large","max-video-preview":"max-video-preview:-1"},"canonical":"https:\/\/www.tercanbolgehaber.com\/index.php\/2022\/04\/10\/hayvancilik-ithal-yeme-mecbul-kalindi\/","og_locale":"tr_TR","og_type":"article","og_title":"HAYVANCILIK \u0130THAL YEME MECBUL KALINDI - TERCAN B&Ouml;LGE HABER","og_description":"SON BE\u015e YILDA YEM\u0130N F\u0130YATI 8 KAT ARTTI VE YEM\u0130N F\u0130YATI \u00c7\u0130\u011e S\u00dcT\u00dcN F\u0130YATINI GE\u00c7T\u0130. \u0130THAL YEM\u0130N F\u0130YATIYLA BA\u015e EDEMEYEN S\u00dcT \u00dcRET\u0130C\u0130LER\u0130 HAYVANLARINI KES\u0130ME G\u00d6NDER\u0130YOR. TMMOB Mersin Ziraat M\u00fchendisleri Odas\u0131 Ba\u015fkan\u0131 Yusuf De\u011firmenci, \u201cYem \u00fcretimi yap\u0131lmazsa, devlet politikalar\u0131yla s\u00fctte bir fiyat politikas\u0131 olu\u015fturulmaz, s\u00fct \u00fcreticisine garanti ve destek verilmezse et ve s\u00fct \u00fcretimi her ge\u00e7en [&hellip;]","og_url":"https:\/\/www.tercanbolgehaber.com\/index.php\/2022\/04\/10\/hayvancilik-ithal-yeme-mecbul-kalindi\/","og_site_name":"TERCAN B&Ouml;LGE HABER","article_published_time":"2022-04-10T09:37:26+00:00","article_modified_time":"2022-04-10T09:37:28+00:00","og_image":[{"width":288,"height":175,"url":"https:\/\/www.tercanbolgehaber.com\/wp-content\/uploads\/2022\/04\/indir.jpg","type":"image\/jpeg"}],"author":"Haydar Co\u015fkunf\u0131rat","twitter_card":"summary_large_image","twitter_misc":{"Yazan:":"Haydar Co\u015fkunf\u0131rat","Tahmini okuma s\u00fcresi":"5 dakika"},"schema":{"@context":"https:\/\/schema.org","@graph":[{"@type":"Article","@id":"https:\/\/www.tercanbolgehaber.com\/index.php\/2022\/04\/10\/hayvancilik-ithal-yeme-mecbul-kalindi\/#article","isPartOf":{"@id":"https:\/\/www.tercanbolgehaber.com\/index.php\/2022\/04\/10\/hayvancilik-ithal-yeme-mecbul-kalindi\/"},"author":{"name":"Haydar Co\u015fkunf\u0131rat","@id":"https:\/\/www.tercanbolgehaber.com\/#\/schema\/person\/588559f88c7997eaeefe12a53785fb5e"},"headline":"HAYVANCILIK \u0130THAL YEME MECBUL KALINDI","datePublished":"2022-04-10T09:37:26+00:00","dateModified":"2022-04-10T09:37:28+00:00","mainEntityOfPage":{"@id":"https:\/\/www.tercanbolgehaber.com\/index.php\/2022\/04\/10\/hayvancilik-ithal-yeme-mecbul-kalindi\/"},"wordCount":906,"commentCount":0,"publisher":{"@id":"https:\/\/www.tercanbolgehaber.com\/#organization"},"image":{"@id":"https:\/\/www.tercanbolgehaber.com\/index.php\/2022\/04\/10\/hayvancilik-ithal-yeme-mecbul-kalindi\/#primaryimage"},"thumbnailUrl":"https:\/\/www.tercanbolgehaber.com\/wp-content\/uploads\/2022\/04\/indir.jpg","articleSection":["Ekonomi","Man\u015fet"],"inLanguage":"tr","potentialAction":[{"@type":"CommentAction","name":"Comment","target":["https:\/\/www.tercanbolgehaber.com\/index.php\/2022\/04\/10\/hayvancilik-ithal-yeme-mecbul-kalindi\/#respond"]}]},{"@type":"WebPage","@id":"https:\/\/www.tercanbolgehaber.com\/index.php\/2022\/04\/10\/hayvancilik-ithal-yeme-mecbul-kalindi\/","url":"https:\/\/www.tercanbolgehaber.com\/index.php\/2022\/04\/10\/hayvancilik-ithal-yeme-mecbul-kalindi\/","name":"HAYVANCILIK \u0130THAL YEME MECBUL KALINDI - TERCAN B&Ouml;LGE HABER","isPartOf":{"@id":"https:\/\/www.tercanbolgehaber.com\/#website"},"primaryImageOfPage":{"@id":"https:\/\/www.tercanbolgehaber.com\/index.php\/2022\/04\/10\/hayvancilik-ithal-yeme-mecbul-kalindi\/#primaryimage"},"image":{"@id":"https:\/\/www.tercanbolgehaber.com\/index.php\/2022\/04\/10\/hayvancilik-ithal-yeme-mecbul-kalindi\/#primaryimage"},"thumbnailUrl":"https:\/\/www.tercanbolgehaber.com\/wp-content\/uploads\/2022\/04\/indir.jpg","datePublished":"2022-04-10T09:37:26+00:00","dateModified":"2022-04-10T09:37:28+00:00","breadcrumb":{"@id":"https:\/\/www.tercanbolgehaber.com\/index.php\/2022\/04\/10\/hayvancilik-ithal-yeme-mecbul-kalindi\/#breadcrumb"},"inLanguage":"tr","potentialAction":[{"@type":"ReadAction","target":["https:\/\/www.tercanbolgehaber.com\/index.php\/2022\/04\/10\/hayvancilik-ithal-yeme-mecbul-kalindi\/"]}]},{"@type":"ImageObject","inLanguage":"tr","@id":"https:\/\/www.tercanbolgehaber.com\/index.php\/2022\/04\/10\/hayvancilik-ithal-yeme-mecbul-kalindi\/#primaryimage","url":"https:\/\/www.tercanbolgehaber.com\/wp-content\/uploads\/2022\/04\/indir.jpg","contentUrl":"https:\/\/www.tercanbolgehaber.com\/wp-content\/uploads\/2022\/04\/indir.jpg","width":288,"height":175},{"@type":"BreadcrumbList","@id":"https:\/\/www.tercanbolgehaber.com\/index.php\/2022\/04\/10\/hayvancilik-ithal-yeme-mecbul-kalindi\/#breadcrumb","itemListElement":[{"@type":"ListItem","position":1,"name":"Anasayfa","item":"https:\/\/www.tercanbolgehaber.com\/"},{"@type":"ListItem","position":2,"name":"HAYVANCILIK \u0130THAL YEME MECBUL KALINDI"}]},{"@type":"WebSite","@id":"https:\/\/www.tercanbolgehaber.com\/#website","url":"https:\/\/www.tercanbolgehaber.com\/","name":"TERCAN B&Ouml;LGE HABER","description":"HALK'IN HABER PORTALI","publisher":{"@id":"https:\/\/www.tercanbolgehaber.com\/#organization"},"potentialAction":[{"@type":"SearchAction","target":{"@type":"EntryPoint","urlTemplate":"https:\/\/www.tercanbolgehaber.com\/?s={search_term_string}"},"query-input":{"@type":"PropertyValueSpecification","valueRequired":true,"valueName":"search_term_string"}}],"inLanguage":"tr"},{"@type":"Organization","@id":"https:\/\/www.tercanbolgehaber.com\/#organization","name":"Tercan B\u00f6lge Haber","url":"https:\/\/www.tercanbolgehaber.com\/","logo":{"@type":"ImageObject","inLanguage":"tr","@id":"https:\/\/www.tercanbolgehaber.com\/#\/schema\/logo\/image\/","url":"http:\/\/www.tercanbolgehaber.com\/wp-content\/uploads\/2022\/04\/logo_yeni.png","contentUrl":"http:\/\/www.tercanbolgehaber.com\/wp-content\/uploads\/2022\/04\/logo_yeni.png","width":250,"height":123,"caption":"Tercan B\u00f6lge Haber"},"image":{"@id":"https:\/\/www.tercanbolgehaber.com\/#\/schema\/logo\/image\/"}},{"@type":"Person","@id":"https:\/\/www.tercanbolgehaber.com\/#\/schema\/person\/588559f88c7997eaeefe12a53785fb5e","name":"Haydar Co\u015fkunf\u0131rat","image":{"@type":"ImageObject","inLanguage":"tr","@id":"https:\/\/secure.gravatar.com\/avatar\/1992688ffa73c31cf68142c3401bd1f8b600612718310d5da53a0f7a4a562ace?s=96&d=mm&r=g","url":"https:\/\/secure.gravatar.com\/avatar\/1992688ffa73c31cf68142c3401bd1f8b600612718310d5da53a0f7a4a562ace?s=96&d=mm&r=g","contentUrl":"https:\/\/secure.gravatar.com\/avatar\/1992688ffa73c31cf68142c3401bd1f8b600612718310d5da53a0f7a4a562ace?s=96&d=mm&r=g","caption":"Haydar Co\u015fkunf\u0131rat"},"url":"https:\/\/www.tercanbolgehaber.com\/index.php\/author\/haydar\/"}]}},"_links":{"self":[{"href":"https:\/\/www.tercanbolgehaber.com\/index.php\/wp-json\/wp\/v2\/posts\/402","targetHints":{"allow":["GET"]}}],"collection":[{"href":"https:\/\/www.tercanbolgehaber.com\/index.php\/wp-json\/wp\/v2\/posts"}],"about":[{"href":"https:\/\/www.tercanbolgehaber.com\/index.php\/wp-json\/wp\/v2\/types\/post"}],"author":[{"embeddable":true,"href":"https:\/\/www.tercanbolgehaber.com\/index.php\/wp-json\/wp\/v2\/users\/2"}],"replies":[{"embeddable":true,"href":"https:\/\/www.tercanbolgehaber.com\/index.php\/wp-json\/wp\/v2\/comments?post=402"}],"version-history":[{"count":1,"href":"https:\/\/www.tercanbolgehaber.com\/index.php\/wp-json\/wp\/v2\/posts\/402\/revisions"}],"predecessor-version":[{"id":404,"href":"https:\/\/www.tercanbolgehaber.com\/index.php\/wp-json\/wp\/v2\/posts\/402\/revisions\/404"}],"wp:featuredmedia":[{"embeddable":true,"href":"https:\/\/www.tercanbolgehaber.com\/index.php\/wp-json\/wp\/v2\/media\/403"}],"wp:attachment":[{"href":"https:\/\/www.tercanbolgehaber.com\/index.php\/wp-json\/wp\/v2\/media?parent=402"}],"wp:term":[{"taxonomy":"category","embeddable":true,"href":"https:\/\/www.tercanbolgehaber.com\/index.php\/wp-json\/wp\/v2\/categories?post=402"},{"taxonomy":"post_tag","embeddable":true,"href":"https:\/\/www.tercanbolgehaber.com\/index.php\/wp-json\/wp\/v2\/tags?post=402"}],"curies":[{"name":"wp","href":"https:\/\/api.w.org\/{rel}","templated":true}]}}