{"id":4017,"date":"2024-02-17T18:33:46","date_gmt":"2024-02-17T18:33:46","guid":{"rendered":"https:\/\/www.tercanbolgehaber.com\/?p=4017"},"modified":"2024-02-17T18:33:47","modified_gmt":"2024-02-17T18:33:47","slug":"kuzey-irakta-yasanan-catismada-erzincanli-piyade-er-emrah-gunduz-sehit-oldu","status":"publish","type":"post","link":"https:\/\/www.tercanbolgehaber.com\/index.php\/2024\/02\/17\/kuzey-irakta-yasanan-catismada-erzincanli-piyade-er-emrah-gunduz-sehit-oldu\/","title":{"rendered":"KUZEY IRAK\u2019TA YA\u015eANAN \u00c7ATI\u015eMADA ERZ\u0130NCANLI P\u0130YADE ER EMRAH G\u00dcND\u00dcZ SEH\u0130T OLDU"},"content":{"rendered":"\n<p class=\"has-vivid-red-background-color has-background\">(TERCAN B\u00d6LGE HABER )HAYDAR CO\u015eKUNFIRAT<\/p>\n\n\n\n<p>Erzincan Valisi Hamza Aydo\u011fdu, Irak s\u0131n\u0131r\u0131nda \u015fehit olan Erzincanl\u0131 Piyade S\u00f6zle\u015fmeli Er Emrah G\u00fcnd\u00fcz\u2019\u00fcn ac\u0131 haberini sosyal medya hesab\u0131ndan, \u2019\u015eehidimiz var, Erzincan\u2019 ba\u015fl\u0131\u011f\u0131 ile duyurdu.<\/p>\n\n\n\n<p>Pen\u00e7e-Kilit operasyonu b\u00f6lgesinde, b\u00f6l\u00fcc\u00fc ter\u00f6r \u00f6rg\u00fct\u00fc mensuplar\u0131nca yap\u0131lan sald\u0131r\u0131 sonucu Piyade Astsubay \u00dcst\u00e7avu\u015f Necdet \u00c7al\u0131\u015f ve Piyade S\u00f6zle\u015fmeli Er Emrah G\u00fcnd\u00fcz \u015fehit oldu, 2 asker yaraland\u0131. Erzincan Valisi Hamza Aydo\u011fdu sosyal medya hesab\u0131ndan yapt\u0131\u011f\u0131 payla\u015f\u0131mda, &#8220;Refahiyeli hem\u015fehrimiz, Piyade S\u00f6zle\u015fmeli Er Emrah G\u00fcnd\u00fcz, vatan\u0131m\u0131z ve al bayra\u011f\u0131m\u0131z u\u011fruna \u015fehit olmu\u015ftur. Cesur y\u00fcre\u011fi ve kahramanl\u0131\u011f\u0131yla milletimizin kalbinde ebediyen ya\u015fayacakt\u0131r. \u015eehidimize Allah\u2019tan rahmet ailesine ve aziz milletimize ba\u015fsa\u011fl\u0131\u011f\u0131 diliyorum.<\/p>\n\n\n\n<p class=\"has-vivid-cyan-blue-background-color has-background\">TERCAN\u00a0 B\u00d6LGE HABER OLARAK \u00a0SEH\u0130T\u00a0 EMRAH G\u00dcND\u00dcZ\u2019\u00dcN \u00a0\u00a0\u00a0MEKANIN CENNET VE \u00dcL\u00dcLKEM\u0130Z\u0130N BA\u015eI SA\u011e OLSUN KEDERL\u0130 A\u0130LSINE SABIR VE BA\u015eSA\u011eLI\u011eI D\u0130L\u0130YORUM<\/p>\n\n\n\n<p class=\"has-vivid-cyan-blue-background-color has-background\">HAYDAR CO\u015eKUNFIRAT<\/p>\n","protected":false},"excerpt":{"rendered":"<p>(TERCAN B\u00d6LGE HABER )HAYDAR CO\u015eKUNFIRAT Erzincan Valisi Hamza Aydo\u011fdu, Irak s\u0131n\u0131r\u0131nda \u015fehit olan Erzincanl\u0131 Piyade S\u00f6zle\u015fmeli Er Emrah G\u00fcnd\u00fcz\u2019\u00fcn ac\u0131 haberini sosyal medya hesab\u0131ndan, \u2019\u015eehidimiz var, Erzincan\u2019 ba\u015fl\u0131\u011f\u0131 ile duyurdu. Pen\u00e7e-Kilit operasyonu b\u00f6lgesinde, b\u00f6l\u00fcc\u00fc ter\u00f6r \u00f6rg\u00fct\u00fc mensuplar\u0131nca yap\u0131lan sald\u0131r\u0131 sonucu Piyade Astsubay \u00dcst\u00e7avu\u015f Necdet \u00c7al\u0131\u015f ve Piyade S\u00f6zle\u015fmeli Er Emrah G\u00fcnd\u00fcz \u015fehit oldu, 2 asker [&hellip;]<\/p>\n","protected":false},"author":2,"featured_media":4018,"comment_status":"closed","ping_status":"open","sticky":false,"template":"","format":"standard","meta":{"footnotes":""},"categories":[35],"tags":[],"class_list":{"0":"post-4017","1":"post","2":"type-post","3":"status-publish","4":"format-standard","5":"has-post-thumbnail","7":"category-manset"},"yoast_head":"<!-- This site is optimized with the Yoast SEO plugin v27.2 - https:\/\/yoast.com\/product\/yoast-seo-wordpress\/ -->\n<title>KUZEY IRAK\u2019TA YA\u015eANAN \u00c7ATI\u015eMADA ERZ\u0130NCANLI P\u0130YADE ER EMRAH G\u00dcND\u00dcZ SEH\u0130T OLDU - TERCAN B&Ouml;LGE HABER<\/title>\n<meta name=\"robots\" content=\"index, follow, max-snippet:-1, max-image-preview:large, max-video-preview:-1\" \/>\n<link rel=\"canonical\" href=\"https:\/\/www.tercanbolgehaber.com\/index.php\/2024\/02\/17\/kuzey-irakta-yasanan-catismada-erzincanli-piyade-er-emrah-gunduz-sehit-oldu\/\" \/>\n<meta property=\"og:locale\" content=\"tr_TR\" \/>\n<meta property=\"og:type\" content=\"article\" \/>\n<meta property=\"og:title\" content=\"KUZEY IRAK\u2019TA YA\u015eANAN \u00c7ATI\u015eMADA ERZ\u0130NCANLI P\u0130YADE ER EMRAH G\u00dcND\u00dcZ SEH\u0130T OLDU - TERCAN B&Ouml;LGE HABER\" \/>\n<meta property=\"og:description\" content=\"(TERCAN B\u00d6LGE HABER )HAYDAR CO\u015eKUNFIRAT Erzincan Valisi Hamza Aydo\u011fdu, Irak s\u0131n\u0131r\u0131nda \u015fehit olan Erzincanl\u0131 Piyade S\u00f6zle\u015fmeli Er Emrah G\u00fcnd\u00fcz\u2019\u00fcn ac\u0131 haberini sosyal medya hesab\u0131ndan, \u2019\u015eehidimiz var, Erzincan\u2019 ba\u015fl\u0131\u011f\u0131 ile duyurdu. Pen\u00e7e-Kilit operasyonu b\u00f6lgesinde, b\u00f6l\u00fcc\u00fc ter\u00f6r \u00f6rg\u00fct\u00fc mensuplar\u0131nca yap\u0131lan sald\u0131r\u0131 sonucu Piyade Astsubay \u00dcst\u00e7avu\u015f Necdet \u00c7al\u0131\u015f ve Piyade S\u00f6zle\u015fmeli Er Emrah G\u00fcnd\u00fcz \u015fehit oldu, 2 asker [&hellip;]\" \/>\n<meta property=\"og:url\" content=\"https:\/\/www.tercanbolgehaber.com\/index.php\/2024\/02\/17\/kuzey-irakta-yasanan-catismada-erzincanli-piyade-er-emrah-gunduz-sehit-oldu\/\" \/>\n<meta property=\"og:site_name\" content=\"TERCAN B&Ouml;LGE HABER\" \/>\n<meta property=\"article:published_time\" content=\"2024-02-17T18:33:46+00:00\" \/>\n<meta property=\"article:modified_time\" content=\"2024-02-17T18:33:47+00:00\" \/>\n<meta property=\"og:image\" content=\"http:\/\/www.tercanbolgehaber.com\/wp-content\/uploads\/2024\/02\/erzincana-sehit-atesi-dustu.webp\" \/>\n\t<meta property=\"og:image:width\" content=\"1280\" \/>\n\t<meta property=\"og:image:height\" content=\"720\" \/>\n\t<meta property=\"og:image:type\" content=\"image\/webp\" \/>\n<meta name=\"author\" content=\"Haydar Co\u015fkunf\u0131rat\" \/>\n<meta name=\"twitter:card\" content=\"summary_large_image\" \/>\n<meta name=\"twitter:label1\" content=\"Yazan:\" \/>\n\t<meta name=\"twitter:data1\" content=\"Haydar Co\u015fkunf\u0131rat\" \/>\n\t<meta name=\"twitter:label2\" content=\"Tahmini okuma s\u00fcresi\" \/>\n\t<meta name=\"twitter:data2\" content=\"1 dakika\" \/>\n<script type=\"application\/ld+json\" class=\"yoast-schema-graph\">{\"@context\":\"https:\/\/schema.org\",\"@graph\":[{\"@type\":\"Article\",\"@id\":\"https:\/\/www.tercanbolgehaber.com\/index.php\/2024\/02\/17\/kuzey-irakta-yasanan-catismada-erzincanli-piyade-er-emrah-gunduz-sehit-oldu\/#article\",\"isPartOf\":{\"@id\":\"https:\/\/www.tercanbolgehaber.com\/index.php\/2024\/02\/17\/kuzey-irakta-yasanan-catismada-erzincanli-piyade-er-emrah-gunduz-sehit-oldu\/\"},\"author\":{\"name\":\"Haydar Co\u015fkunf\u0131rat\",\"@id\":\"https:\/\/www.tercanbolgehaber.com\/#\/schema\/person\/588559f88c7997eaeefe12a53785fb5e\"},\"headline\":\"KUZEY IRAK\u2019TA YA\u015eANAN \u00c7ATI\u015eMADA ERZ\u0130NCANLI P\u0130YADE ER EMRAH G\u00dcND\u00dcZ SEH\u0130T OLDU\",\"datePublished\":\"2024-02-17T18:33:46+00:00\",\"dateModified\":\"2024-02-17T18:33:47+00:00\",\"mainEntityOfPage\":{\"@id\":\"https:\/\/www.tercanbolgehaber.com\/index.php\/2024\/02\/17\/kuzey-irakta-yasanan-catismada-erzincanli-piyade-er-emrah-gunduz-sehit-oldu\/\"},\"wordCount\":201,\"publisher\":{\"@id\":\"https:\/\/www.tercanbolgehaber.com\/#organization\"},\"image\":{\"@id\":\"https:\/\/www.tercanbolgehaber.com\/index.php\/2024\/02\/17\/kuzey-irakta-yasanan-catismada-erzincanli-piyade-er-emrah-gunduz-sehit-oldu\/#primaryimage\"},\"thumbnailUrl\":\"https:\/\/www.tercanbolgehaber.com\/wp-content\/uploads\/2024\/02\/erzincana-sehit-atesi-dustu.webp\",\"articleSection\":[\"Man\u015fet\"],\"inLanguage\":\"tr\"},{\"@type\":\"WebPage\",\"@id\":\"https:\/\/www.tercanbolgehaber.com\/index.php\/2024\/02\/17\/kuzey-irakta-yasanan-catismada-erzincanli-piyade-er-emrah-gunduz-sehit-oldu\/\",\"url\":\"https:\/\/www.tercanbolgehaber.com\/index.php\/2024\/02\/17\/kuzey-irakta-yasanan-catismada-erzincanli-piyade-er-emrah-gunduz-sehit-oldu\/\",\"name\":\"KUZEY IRAK\u2019TA YA\u015eANAN \u00c7ATI\u015eMADA ERZ\u0130NCANLI P\u0130YADE ER EMRAH G\u00dcND\u00dcZ SEH\u0130T OLDU - TERCAN B&Ouml;LGE HABER\",\"isPartOf\":{\"@id\":\"https:\/\/www.tercanbolgehaber.com\/#website\"},\"primaryImageOfPage\":{\"@id\":\"https:\/\/www.tercanbolgehaber.com\/index.php\/2024\/02\/17\/kuzey-irakta-yasanan-catismada-erzincanli-piyade-er-emrah-gunduz-sehit-oldu\/#primaryimage\"},\"image\":{\"@id\":\"https:\/\/www.tercanbolgehaber.com\/index.php\/2024\/02\/17\/kuzey-irakta-yasanan-catismada-erzincanli-piyade-er-emrah-gunduz-sehit-oldu\/#primaryimage\"},\"thumbnailUrl\":\"https:\/\/www.tercanbolgehaber.com\/wp-content\/uploads\/2024\/02\/erzincana-sehit-atesi-dustu.webp\",\"datePublished\":\"2024-02-17T18:33:46+00:00\",\"dateModified\":\"2024-02-17T18:33:47+00:00\",\"breadcrumb\":{\"@id\":\"https:\/\/www.tercanbolgehaber.com\/index.php\/2024\/02\/17\/kuzey-irakta-yasanan-catismada-erzincanli-piyade-er-emrah-gunduz-sehit-oldu\/#breadcrumb\"},\"inLanguage\":\"tr\",\"potentialAction\":[{\"@type\":\"ReadAction\",\"target\":[\"https:\/\/www.tercanbolgehaber.com\/index.php\/2024\/02\/17\/kuzey-irakta-yasanan-catismada-erzincanli-piyade-er-emrah-gunduz-sehit-oldu\/\"]}]},{\"@type\":\"ImageObject\",\"inLanguage\":\"tr\",\"@id\":\"https:\/\/www.tercanbolgehaber.com\/index.php\/2024\/02\/17\/kuzey-irakta-yasanan-catismada-erzincanli-piyade-er-emrah-gunduz-sehit-oldu\/#primaryimage\",\"url\":\"https:\/\/www.tercanbolgehaber.com\/wp-content\/uploads\/2024\/02\/erzincana-sehit-atesi-dustu.webp\",\"contentUrl\":\"https:\/\/www.tercanbolgehaber.com\/wp-content\/uploads\/2024\/02\/erzincana-sehit-atesi-dustu.webp\",\"width\":1280,\"height\":720},{\"@type\":\"BreadcrumbList\",\"@id\":\"https:\/\/www.tercanbolgehaber.com\/index.php\/2024\/02\/17\/kuzey-irakta-yasanan-catismada-erzincanli-piyade-er-emrah-gunduz-sehit-oldu\/#breadcrumb\",\"itemListElement\":[{\"@type\":\"ListItem\",\"position\":1,\"name\":\"Anasayfa\",\"item\":\"https:\/\/www.tercanbolgehaber.com\/\"},{\"@type\":\"ListItem\",\"position\":2,\"name\":\"KUZEY IRAK\u2019TA YA\u015eANAN \u00c7ATI\u015eMADA ERZ\u0130NCANLI P\u0130YADE ER EMRAH G\u00dcND\u00dcZ SEH\u0130T OLDU\"}]},{\"@type\":\"WebSite\",\"@id\":\"https:\/\/www.tercanbolgehaber.com\/#website\",\"url\":\"https:\/\/www.tercanbolgehaber.com\/\",\"name\":\"TERCAN B&Ouml;LGE HABER\",\"description\":\"HALK'IN HABER PORTALI\",\"publisher\":{\"@id\":\"https:\/\/www.tercanbolgehaber.com\/#organization\"},\"potentialAction\":[{\"@type\":\"SearchAction\",\"target\":{\"@type\":\"EntryPoint\",\"urlTemplate\":\"https:\/\/www.tercanbolgehaber.com\/?s={search_term_string}\"},\"query-input\":{\"@type\":\"PropertyValueSpecification\",\"valueRequired\":true,\"valueName\":\"search_term_string\"}}],\"inLanguage\":\"tr\"},{\"@type\":\"Organization\",\"@id\":\"https:\/\/www.tercanbolgehaber.com\/#organization\",\"name\":\"Tercan B\u00f6lge Haber\",\"url\":\"https:\/\/www.tercanbolgehaber.com\/\",\"logo\":{\"@type\":\"ImageObject\",\"inLanguage\":\"tr\",\"@id\":\"https:\/\/www.tercanbolgehaber.com\/#\/schema\/logo\/image\/\",\"url\":\"http:\/\/www.tercanbolgehaber.com\/wp-content\/uploads\/2022\/04\/logo_yeni.png\",\"contentUrl\":\"http:\/\/www.tercanbolgehaber.com\/wp-content\/uploads\/2022\/04\/logo_yeni.png\",\"width\":250,\"height\":123,\"caption\":\"Tercan B\u00f6lge Haber\"},\"image\":{\"@id\":\"https:\/\/www.tercanbolgehaber.com\/#\/schema\/logo\/image\/\"}},{\"@type\":\"Person\",\"@id\":\"https:\/\/www.tercanbolgehaber.com\/#\/schema\/person\/588559f88c7997eaeefe12a53785fb5e\",\"name\":\"Haydar Co\u015fkunf\u0131rat\",\"image\":{\"@type\":\"ImageObject\",\"inLanguage\":\"tr\",\"@id\":\"https:\/\/secure.gravatar.com\/avatar\/1992688ffa73c31cf68142c3401bd1f8b600612718310d5da53a0f7a4a562ace?s=96&d=mm&r=g\",\"url\":\"https:\/\/secure.gravatar.com\/avatar\/1992688ffa73c31cf68142c3401bd1f8b600612718310d5da53a0f7a4a562ace?s=96&d=mm&r=g\",\"contentUrl\":\"https:\/\/secure.gravatar.com\/avatar\/1992688ffa73c31cf68142c3401bd1f8b600612718310d5da53a0f7a4a562ace?s=96&d=mm&r=g\",\"caption\":\"Haydar Co\u015fkunf\u0131rat\"},\"url\":\"https:\/\/www.tercanbolgehaber.com\/index.php\/author\/haydar\/\"}]}<\/script>\n<!-- \/ Yoast SEO plugin. -->","yoast_head_json":{"title":"KUZEY IRAK\u2019TA YA\u015eANAN \u00c7ATI\u015eMADA ERZ\u0130NCANLI P\u0130YADE ER EMRAH G\u00dcND\u00dcZ SEH\u0130T OLDU - TERCAN B&Ouml;LGE HABER","robots":{"index":"index","follow":"follow","max-snippet":"max-snippet:-1","max-image-preview":"max-image-preview:large","max-video-preview":"max-video-preview:-1"},"canonical":"https:\/\/www.tercanbolgehaber.com\/index.php\/2024\/02\/17\/kuzey-irakta-yasanan-catismada-erzincanli-piyade-er-emrah-gunduz-sehit-oldu\/","og_locale":"tr_TR","og_type":"article","og_title":"KUZEY IRAK\u2019TA YA\u015eANAN \u00c7ATI\u015eMADA ERZ\u0130NCANLI P\u0130YADE ER EMRAH G\u00dcND\u00dcZ SEH\u0130T OLDU - TERCAN B&Ouml;LGE HABER","og_description":"(TERCAN B\u00d6LGE HABER )HAYDAR CO\u015eKUNFIRAT Erzincan Valisi Hamza Aydo\u011fdu, Irak s\u0131n\u0131r\u0131nda \u015fehit olan Erzincanl\u0131 Piyade S\u00f6zle\u015fmeli Er Emrah G\u00fcnd\u00fcz\u2019\u00fcn ac\u0131 haberini sosyal medya hesab\u0131ndan, \u2019\u015eehidimiz var, Erzincan\u2019 ba\u015fl\u0131\u011f\u0131 ile duyurdu. Pen\u00e7e-Kilit operasyonu b\u00f6lgesinde, b\u00f6l\u00fcc\u00fc ter\u00f6r \u00f6rg\u00fct\u00fc mensuplar\u0131nca yap\u0131lan sald\u0131r\u0131 sonucu Piyade Astsubay \u00dcst\u00e7avu\u015f Necdet \u00c7al\u0131\u015f ve Piyade S\u00f6zle\u015fmeli Er Emrah G\u00fcnd\u00fcz \u015fehit oldu, 2 asker [&hellip;]","og_url":"https:\/\/www.tercanbolgehaber.com\/index.php\/2024\/02\/17\/kuzey-irakta-yasanan-catismada-erzincanli-piyade-er-emrah-gunduz-sehit-oldu\/","og_site_name":"TERCAN B&Ouml;LGE HABER","article_published_time":"2024-02-17T18:33:46+00:00","article_modified_time":"2024-02-17T18:33:47+00:00","og_image":[{"width":1280,"height":720,"url":"http:\/\/www.tercanbolgehaber.com\/wp-content\/uploads\/2024\/02\/erzincana-sehit-atesi-dustu.webp","type":"image\/webp"}],"author":"Haydar Co\u015fkunf\u0131rat","twitter_card":"summary_large_image","twitter_misc":{"Yazan:":"Haydar Co\u015fkunf\u0131rat","Tahmini okuma s\u00fcresi":"1 dakika"},"schema":{"@context":"https:\/\/schema.org","@graph":[{"@type":"Article","@id":"https:\/\/www.tercanbolgehaber.com\/index.php\/2024\/02\/17\/kuzey-irakta-yasanan-catismada-erzincanli-piyade-er-emrah-gunduz-sehit-oldu\/#article","isPartOf":{"@id":"https:\/\/www.tercanbolgehaber.com\/index.php\/2024\/02\/17\/kuzey-irakta-yasanan-catismada-erzincanli-piyade-er-emrah-gunduz-sehit-oldu\/"},"author":{"name":"Haydar Co\u015fkunf\u0131rat","@id":"https:\/\/www.tercanbolgehaber.com\/#\/schema\/person\/588559f88c7997eaeefe12a53785fb5e"},"headline":"KUZEY IRAK\u2019TA YA\u015eANAN \u00c7ATI\u015eMADA ERZ\u0130NCANLI P\u0130YADE ER EMRAH G\u00dcND\u00dcZ SEH\u0130T OLDU","datePublished":"2024-02-17T18:33:46+00:00","dateModified":"2024-02-17T18:33:47+00:00","mainEntityOfPage":{"@id":"https:\/\/www.tercanbolgehaber.com\/index.php\/2024\/02\/17\/kuzey-irakta-yasanan-catismada-erzincanli-piyade-er-emrah-gunduz-sehit-oldu\/"},"wordCount":201,"publisher":{"@id":"https:\/\/www.tercanbolgehaber.com\/#organization"},"image":{"@id":"https:\/\/www.tercanbolgehaber.com\/index.php\/2024\/02\/17\/kuzey-irakta-yasanan-catismada-erzincanli-piyade-er-emrah-gunduz-sehit-oldu\/#primaryimage"},"thumbnailUrl":"https:\/\/www.tercanbolgehaber.com\/wp-content\/uploads\/2024\/02\/erzincana-sehit-atesi-dustu.webp","articleSection":["Man\u015fet"],"inLanguage":"tr"},{"@type":"WebPage","@id":"https:\/\/www.tercanbolgehaber.com\/index.php\/2024\/02\/17\/kuzey-irakta-yasanan-catismada-erzincanli-piyade-er-emrah-gunduz-sehit-oldu\/","url":"https:\/\/www.tercanbolgehaber.com\/index.php\/2024\/02\/17\/kuzey-irakta-yasanan-catismada-erzincanli-piyade-er-emrah-gunduz-sehit-oldu\/","name":"KUZEY IRAK\u2019TA YA\u015eANAN \u00c7ATI\u015eMADA ERZ\u0130NCANLI P\u0130YADE ER EMRAH G\u00dcND\u00dcZ SEH\u0130T OLDU - TERCAN B&Ouml;LGE HABER","isPartOf":{"@id":"https:\/\/www.tercanbolgehaber.com\/#website"},"primaryImageOfPage":{"@id":"https:\/\/www.tercanbolgehaber.com\/index.php\/2024\/02\/17\/kuzey-irakta-yasanan-catismada-erzincanli-piyade-er-emrah-gunduz-sehit-oldu\/#primaryimage"},"image":{"@id":"https:\/\/www.tercanbolgehaber.com\/index.php\/2024\/02\/17\/kuzey-irakta-yasanan-catismada-erzincanli-piyade-er-emrah-gunduz-sehit-oldu\/#primaryimage"},"thumbnailUrl":"https:\/\/www.tercanbolgehaber.com\/wp-content\/uploads\/2024\/02\/erzincana-sehit-atesi-dustu.webp","datePublished":"2024-02-17T18:33:46+00:00","dateModified":"2024-02-17T18:33:47+00:00","breadcrumb":{"@id":"https:\/\/www.tercanbolgehaber.com\/index.php\/2024\/02\/17\/kuzey-irakta-yasanan-catismada-erzincanli-piyade-er-emrah-gunduz-sehit-oldu\/#breadcrumb"},"inLanguage":"tr","potentialAction":[{"@type":"ReadAction","target":["https:\/\/www.tercanbolgehaber.com\/index.php\/2024\/02\/17\/kuzey-irakta-yasanan-catismada-erzincanli-piyade-er-emrah-gunduz-sehit-oldu\/"]}]},{"@type":"ImageObject","inLanguage":"tr","@id":"https:\/\/www.tercanbolgehaber.com\/index.php\/2024\/02\/17\/kuzey-irakta-yasanan-catismada-erzincanli-piyade-er-emrah-gunduz-sehit-oldu\/#primaryimage","url":"https:\/\/www.tercanbolgehaber.com\/wp-content\/uploads\/2024\/02\/erzincana-sehit-atesi-dustu.webp","contentUrl":"https:\/\/www.tercanbolgehaber.com\/wp-content\/uploads\/2024\/02\/erzincana-sehit-atesi-dustu.webp","width":1280,"height":720},{"@type":"BreadcrumbList","@id":"https:\/\/www.tercanbolgehaber.com\/index.php\/2024\/02\/17\/kuzey-irakta-yasanan-catismada-erzincanli-piyade-er-emrah-gunduz-sehit-oldu\/#breadcrumb","itemListElement":[{"@type":"ListItem","position":1,"name":"Anasayfa","item":"https:\/\/www.tercanbolgehaber.com\/"},{"@type":"ListItem","position":2,"name":"KUZEY IRAK\u2019TA YA\u015eANAN \u00c7ATI\u015eMADA ERZ\u0130NCANLI P\u0130YADE ER EMRAH G\u00dcND\u00dcZ SEH\u0130T OLDU"}]},{"@type":"WebSite","@id":"https:\/\/www.tercanbolgehaber.com\/#website","url":"https:\/\/www.tercanbolgehaber.com\/","name":"TERCAN B&Ouml;LGE HABER","description":"HALK'IN HABER PORTALI","publisher":{"@id":"https:\/\/www.tercanbolgehaber.com\/#organization"},"potentialAction":[{"@type":"SearchAction","target":{"@type":"EntryPoint","urlTemplate":"https:\/\/www.tercanbolgehaber.com\/?s={search_term_string}"},"query-input":{"@type":"PropertyValueSpecification","valueRequired":true,"valueName":"search_term_string"}}],"inLanguage":"tr"},{"@type":"Organization","@id":"https:\/\/www.tercanbolgehaber.com\/#organization","name":"Tercan B\u00f6lge Haber","url":"https:\/\/www.tercanbolgehaber.com\/","logo":{"@type":"ImageObject","inLanguage":"tr","@id":"https:\/\/www.tercanbolgehaber.com\/#\/schema\/logo\/image\/","url":"http:\/\/www.tercanbolgehaber.com\/wp-content\/uploads\/2022\/04\/logo_yeni.png","contentUrl":"http:\/\/www.tercanbolgehaber.com\/wp-content\/uploads\/2022\/04\/logo_yeni.png","width":250,"height":123,"caption":"Tercan B\u00f6lge Haber"},"image":{"@id":"https:\/\/www.tercanbolgehaber.com\/#\/schema\/logo\/image\/"}},{"@type":"Person","@id":"https:\/\/www.tercanbolgehaber.com\/#\/schema\/person\/588559f88c7997eaeefe12a53785fb5e","name":"Haydar Co\u015fkunf\u0131rat","image":{"@type":"ImageObject","inLanguage":"tr","@id":"https:\/\/secure.gravatar.com\/avatar\/1992688ffa73c31cf68142c3401bd1f8b600612718310d5da53a0f7a4a562ace?s=96&d=mm&r=g","url":"https:\/\/secure.gravatar.com\/avatar\/1992688ffa73c31cf68142c3401bd1f8b600612718310d5da53a0f7a4a562ace?s=96&d=mm&r=g","contentUrl":"https:\/\/secure.gravatar.com\/avatar\/1992688ffa73c31cf68142c3401bd1f8b600612718310d5da53a0f7a4a562ace?s=96&d=mm&r=g","caption":"Haydar Co\u015fkunf\u0131rat"},"url":"https:\/\/www.tercanbolgehaber.com\/index.php\/author\/haydar\/"}]}},"_links":{"self":[{"href":"https:\/\/www.tercanbolgehaber.com\/index.php\/wp-json\/wp\/v2\/posts\/4017","targetHints":{"allow":["GET"]}}],"collection":[{"href":"https:\/\/www.tercanbolgehaber.com\/index.php\/wp-json\/wp\/v2\/posts"}],"about":[{"href":"https:\/\/www.tercanbolgehaber.com\/index.php\/wp-json\/wp\/v2\/types\/post"}],"author":[{"embeddable":true,"href":"https:\/\/www.tercanbolgehaber.com\/index.php\/wp-json\/wp\/v2\/users\/2"}],"replies":[{"embeddable":true,"href":"https:\/\/www.tercanbolgehaber.com\/index.php\/wp-json\/wp\/v2\/comments?post=4017"}],"version-history":[{"count":1,"href":"https:\/\/www.tercanbolgehaber.com\/index.php\/wp-json\/wp\/v2\/posts\/4017\/revisions"}],"predecessor-version":[{"id":4019,"href":"https:\/\/www.tercanbolgehaber.com\/index.php\/wp-json\/wp\/v2\/posts\/4017\/revisions\/4019"}],"wp:featuredmedia":[{"embeddable":true,"href":"https:\/\/www.tercanbolgehaber.com\/index.php\/wp-json\/wp\/v2\/media\/4018"}],"wp:attachment":[{"href":"https:\/\/www.tercanbolgehaber.com\/index.php\/wp-json\/wp\/v2\/media?parent=4017"}],"wp:term":[{"taxonomy":"category","embeddable":true,"href":"https:\/\/www.tercanbolgehaber.com\/index.php\/wp-json\/wp\/v2\/categories?post=4017"},{"taxonomy":"post_tag","embeddable":true,"href":"https:\/\/www.tercanbolgehaber.com\/index.php\/wp-json\/wp\/v2\/tags?post=4017"}],"curies":[{"name":"wp","href":"https:\/\/api.w.org\/{rel}","templated":true}]}}