{"id":4011,"date":"2024-02-16T07:28:40","date_gmt":"2024-02-16T07:28:40","guid":{"rendered":"https:\/\/www.tercanbolgehaber.com\/?p=4011"},"modified":"2024-02-16T07:28:43","modified_gmt":"2024-02-16T07:28:43","slug":"prof-dr-kumral-ilicteki-maden-sahasinda-incelemelerde-bulundu-risk-yok-dedi","status":"publish","type":"post","link":"https:\/\/www.tercanbolgehaber.com\/index.php\/2024\/02\/16\/prof-dr-kumral-ilicteki-maden-sahasinda-incelemelerde-bulundu-risk-yok-dedi\/","title":{"rendered":"PROF. DR. KUMRAL, \u00a0\u0130L\u0130\u00c7\u2019TEK\u0130 MADEN SAHASINDA \u0130NCELEMELERDE BULUNDU R\u0130SK YOK DED\u0130"},"content":{"rendered":"\n<p class=\"has-vivid-red-background-color has-background\">\u0130K\u0130 AYRI G\u00d6R\u00dc\u015e B\u0130L\u0130M ADAMLARI  B\u0130R\u0130 RISK YOK <\/p>\n\n\n\n<p class=\"has-vivid-red-background-color has-background\">D\u0130\u011eER B\u0130L\u0130M ADAMI\u201d6,5 B\u00dcY\u00dcKL\u00dc\u011e\u00dcNDE B\u0130R DEPREM YARATIR\u201d D\u0130YOR<\/p>\n\n\n\n<p class=\"has-vivid-cyan-blue-background-color has-background\">\u0130L\u0130\u00c7\u2019TE MEYDANA GELEN TOPRAK KAYMASINDA S\u0130YAN\u00dcR TEHD\u0130D\u0130 OLUP OLMADI\u011eI KONUSUNDA PROF. DR. KUMRAL, \u201cS\u0130YAN\u00dcR ORADA A\u00c7IKTA KULLANILAN B\u0130R MALZEME. BUG\u00dcNE KADAR HAVAYA KARI\u015eIP DA NEDEN B\u0130R R\u0130SK MEYDANA GET\u0130RMED\u0130 DE \u015e\u0130MD\u0130 GET\u0130RS\u0130N?. ATMOSFERE KARI\u015eMA G\u0130B\u0130 B\u0130R DURUM S\u00d6Z KONUSU DE\u011e\u0130L&#8221; \u0130FADELER\u0130N\u0130 KULLANDI.<\/p>\n\n\n\n<p class=\"has-vivid-red-background-color has-background\">PROF DR OKAN T\u00dcYS\u00dcZ \u0130L\u0130\u00c7\u2019TEK\u0130 MADEN FAC\u0130ASI HER AN DEPREM YARATAB\u0130L\u0130R!<\/p>\n\n\n\n<p class=\"has-luminous-vivid-orange-background-color has-background\">JEOLOJ\u0130 Y\u00dcKSEK M\u00dcHEND\u0130S\u0130 OLAN PROF.DR. OKAN T\u00dcYS\u00dcZE G\u00d6RE \u0130SE ERZ\u0130NCAN \u0130L\u0130\u00c7 \u0130L\u00c7ES\u0130NDE&nbsp; MEYDANA GELEN G\u00d6\u00c7\u00dcK FAC\u0130ASININ BULUNDU\u011eU B\u00d6LGEN\u0130N AKT\u0130F FAY HATTININ \u00dcZER\u0130NDE BULUNDU\u011eUNU,FAYIN UZUNLU\u011eUNUN 35 K\u0130LOMETRE OLDU\u011eUNA D\u0130KKAT \u00c7EKEREK ,\u201d6,5 B\u00dcY\u00dcKL\u00dc\u011e\u00dcNDE B\u0130R DEPREM YARATIR\u201dUYARISINDA BULUNDU.<\/p>\n\n\n\n<figure class=\"wp-block-image size-full is-resized\"><img loading=\"lazy\" decoding=\"async\" width=\"650\" height=\"360\" src=\"https:\/\/www.tercanbolgehaber.com\/wp-content\/uploads\/2024\/02\/maden-faciasi-sonrasi-okan-tuysuz-den-uyari-6-5-buyuklugunde-bir-deprem-yaratir.png\" alt=\"\" class=\"wp-image-4014\" style=\"aspect-ratio:1.8055555555555556;width:755px;height:auto\" srcset=\"https:\/\/www.tercanbolgehaber.com\/wp-content\/uploads\/2024\/02\/maden-faciasi-sonrasi-okan-tuysuz-den-uyari-6-5-buyuklugunde-bir-deprem-yaratir.png 650w, https:\/\/www.tercanbolgehaber.com\/wp-content\/uploads\/2024\/02\/maden-faciasi-sonrasi-okan-tuysuz-den-uyari-6-5-buyuklugunde-bir-deprem-yaratir-300x166.png 300w\" sizes=\"auto, (max-width: 650px) 100vw, 650px\" \/><\/figure>\n\n\n\n<p class=\"has-luminous-vivid-amber-background-color has-background\">(TERCAN B\u00d6LGE  HABER)HAYDAR CO\u015eKUNFIRAT<\/p>\n\n\n\n<p>\u00c7evre, \u015eehircilik ve \u0130klim De\u011fi\u015fikli\u011fi Bakanl\u0131\u011f\u0131n\u0131n daveti \u00fczerine \u00e7e\u015fitli \u00fcniversitelerden bilim adamlar\u0131, Erzincan\u2019\u0131n \u0130li\u00e7 il\u00e7esinde toprak kaymas\u0131 meydana gelen maden sahas\u0131nda incelemelerde bulundu.<\/p>\n\n\n\n<p><\/p>\n\n\n\n<p>Sabah saatlerinde olay\u0131n ger\u00e7ekle\u015fti\u011fi sahada incelemelerde bulunan bilim adamlar\u0131ndan \u0130T\u00dc Maden Fak\u00fcltesi Dekan\u0131 Prof. Dr. Mustafa Kumral, \u201cBug\u00fcn sabah itibar\u0131yla olay\u0131n oldu\u011fu b\u00f6lgeye gidip incelemelerde bulunduk, durum tespiti yapt\u0131k. Yap\u0131lanlar\u0131 bizzat g\u00f6zlemledik. Sonu\u00e7 olarak bizler devletimizin yetkili mercilerine uzmanl\u0131k alan\u0131m\u0131zda ortak hangi t\u00fcr \u00e7al\u0131\u015fmalar yap\u0131labilir, bunlar\u0131n durumunu ortaya koymaya \u00e7al\u0131\u015ft\u0131k. Burada b\u00fcy\u00fck bir kayma meydana gelmi\u015f durumda. Yakla\u015f\u0131k 800 metre uzunlu\u011funda, 30 metre derinli\u011finde, 50 metre geni\u015fli\u011finde bir alan kaym\u0131\u015f durumda. AFAD olduk\u00e7a kalabal\u0131k bir ekiple burada \u00e7al\u0131\u015fma y\u00fcr\u00fct\u00fcyor.<\/p>\n\n\n\n<p>M\u00fcmk\u00fcn oldu\u011fu kadar teknolojiyi kullan\u0131yorlar bizim g\u00f6zlemledi\u011fimiz. Uzaktan dronlarla manyetik olarak yer alt\u0131ndaki b\u00f6lgeleri tarama y\u00f6ntemiyle, ayn\u0131 zamanda da geni\u015f bir ekiple \u00e7al\u0131\u015farak, kendi canlar\u0131n\u0131 da tehlikeye atarak fiziksel arama da ger\u00e7ekle\u015ftiriyorlar. Toprak sahas\u0131n\u0131n hem \u00f6n\u00fcnde hem arkas\u0131nda bir at\u0131k sahas\u0131n\u0131n oldu\u011funu g\u00f6zlemliyoruz. Orada da baz\u0131 \u00e7atlamalar\u0131n oldu\u011funu g\u00f6zlemledik. Bu riski de g\u00f6z \u00f6n\u00fcnde bulundurarak \u00e7al\u0131\u015fmalar\u0131n biran \u00f6nce bitmesi gerekiyor\u201d dedi.<\/p>\n\n\n\n<p>\u0130li\u00e7\u2019te meydana gelen toprak kaymas\u0131nda siyan\u00fcr tehdidi olup olmad\u0131\u011f\u0131 konusunda Prof. Dr. Kumral, \u201cSiyan\u00fcr orada a\u00e7\u0131kta kullan\u0131lan bir malzeme. Bug\u00fcne kadar havaya kar\u0131\u015f\u0131p da neden bir risk meydana getirmedi de \u015fimdi getirsin?. Atmosfere kar\u0131\u015fma gibi bir durum s\u00f6z konusu de\u011fil&#8221; ifadelerini kulland\u0131.<\/p>\n\n\n\n<p>Prof. Dr. Kumral, \u201c\u00dcniversitemiz olarak 11 tane profes\u00f6r hocam\u0131zla buraya geldik. Konuya el att\u0131k ve gerekli tedbirlerin al\u0131nmas\u0131 konusunda burada \u015fu anda kriz masas\u0131nday\u0131z&#8221; dedi.<\/p>\n\n\n\n<p class=\"has-vivid-red-background-color has-background\">PROF DR OKAN T\u00dcYS\u00dcZ \u0130L\u0130\u00c7\u2019TEK\u0130 MADEN FAC\u0130ASI HER AN DEPREM YARATaAB\u0130L\u0130R!<\/p>\n\n\n\n<p>JEOLOJ\u0130 Y\u00dcKSEK M\u00dcHEND\u0130S\u0130 OLAN PROF.DR. OKAN T\u00dcYS\u00dcZE G\u00d6RE \u0130SE ERZ\u0130NCAN \u0130L\u0130\u00c7 \u0130L\u00c7ES\u0130NDE&nbsp; MEYDANA GELEN G\u00d6\u00c7\u00dcK FAC\u0130ASININ BULUNDU\u011eU B\u00d6LGEN\u0130N AKT\u0130F FAY HATTININ \u00dcZER\u0130NDE BULUNDU\u011eUNU,FAYIN UZUNLU\u011eUNUN 35 K\u0130LOMETRE OLDU\u011eUNA D\u0130KKAT \u00c7EKEREK ,\u201d6,5 B\u00dcY\u00dcKL\u00dc\u011e\u00dcNDE B\u0130R DEPREM YARATIR\u201dUYARISINDA BULUNDU.<\/p>\n\n\n\n<p>NTV&#8217;nin haberine g\u00f6re, \u0130li\u00e7\u2019teki&nbsp; maden facias\u0131yla ilgili bilim insanlar\u0131 \u00e7arp\u0131c\u0131 a\u00e7\u0131klamalarda bulundu.<\/p>\n\n\n\n<p>T\u00fcys\u00fcz:\u201d Maden Tetkik Arama Genel M\u00fcd\u00fcrl\u00fc\u011f\u00fc\u2019n\u00fcn alt\u0131n madeninin diri fay hatt\u0131n\u0131n \u00fczerine kuruldu\u011fu raporunda ortaya \u00e7\u0131kt\u0131\u011f\u0131n\u0131 fakat diri&nbsp; fay madenle ilgili haz\u0131rlanan raporlarda g\u00f6r\u00fcnmedi\u011fini iddia etti.\u201d<\/p>\n\n\n\n<p>Prof .Dr.T\u00fcys\u00fcz&nbsp; ise olas\u0131 bir depremde hem maden i\u015f\u00e7ilerinin hem de \u00e7evrenin zarar g\u00f6rebilece\u011fine vurgu yaparak uyar\u0131larda bulundu.<\/p>\n\n\n\n<p>T\u00fcys\u00fcz, in\u015faya y\u00f6nelik \u00e7al\u0131\u015fmalarda 2006 y\u00f6netmeli\u011finin dikkate al\u0131n\u0131p 2021 tarihindeki raporda bile eski verilerin kullan\u0131ld\u0131\u011f\u0131n\u0131 ifade etti. &#8220;B\u00f6ylesine kritik bir madenin diri fay \u00fczerinde yer almas\u0131 ileride olabilecek depremlerde ba\u015fka problemlere neden olabilir&#8221; diyen T\u00fcys\u00fcz, &#8220;Bunun ciddiyetle ara\u015ft\u0131r\u0131lmas\u0131 gerekir&#8221; ifadelerini kulland\u0131.<\/p>\n\n\n\n<p>&#8220;6,5 b\u00fcy\u00fckl\u00fc\u011f\u00fcnde bir deprem yarat\u0131r&#8221; uyar\u0131s\u0131<\/p>\n\n\n\n<p>T\u00fcys\u00fcz, olas\u0131 bir depremde hem maden i\u015f\u00e7ilerinin hem de \u00e7evrenin zarar g\u00f6rebilece\u011fine vurgu yapt\u0131.<\/p>\n\n\n\n<p>\u00c7\u00f6pler madeninin \u00fczerinde Munzur Segmenti olarak bilinen bir fay\u0131n havuzunun a\u015fa\u011f\u0131 yukar\u0131 300 metre yak\u0131n\u0131ndan ge\u00e7ti\u011fini dile getiren T\u00fcys\u00fcz, &#8220;Bu fay\u0131n uzunlu\u011fu 35 kilometredir. 35 kilometrelik bir fay da a\u015fa\u011f\u0131 yukar\u0131 6,5 b\u00fcy\u00fckl\u00fc\u011f\u00fcnde bir deprem yarat\u0131r&#8221; a\u00e7\u0131klamas\u0131nda bulundu.<\/p>\n\n\n\n<p>Ya\u015fanan toprak kaymas\u0131n\u0131n deprem s\u0131ras\u0131nda da meydana gelecebilece\u011finin alt\u0131n\u0131 \u00e7izen T\u00fcys\u00fcz, &#8220;Burada siyan\u00fcr havuz var. Bu havuzun y\u0131k\u0131lmas\u0131na neden olabilir. Hem madene hem de \u00e7evreye zarar verebilir&#8221; dedi.<\/p>\n","protected":false},"excerpt":{"rendered":"<p>\u0130K\u0130 AYRI G\u00d6R\u00dc\u015e B\u0130L\u0130M ADAMLARI B\u0130R\u0130 RISK YOK D\u0130\u011eER B\u0130L\u0130M ADAMI\u201d6,5 B\u00dcY\u00dcKL\u00dc\u011e\u00dcNDE B\u0130R DEPREM YARATIR\u201d D\u0130YOR \u0130L\u0130\u00c7\u2019TE MEYDANA GELEN TOPRAK KAYMASINDA S\u0130YAN\u00dcR TEHD\u0130D\u0130 OLUP OLMADI\u011eI KONUSUNDA PROF. DR. KUMRAL, \u201cS\u0130YAN\u00dcR ORADA A\u00c7IKTA KULLANILAN B\u0130R MALZEME. BUG\u00dcNE KADAR HAVAYA KARI\u015eIP DA NEDEN B\u0130R R\u0130SK MEYDANA GET\u0130RMED\u0130 DE \u015e\u0130MD\u0130 GET\u0130RS\u0130N?. ATMOSFERE KARI\u015eMA G\u0130B\u0130 B\u0130R DURUM S\u00d6Z KONUSU [&hellip;]<\/p>\n","protected":false},"author":2,"featured_media":4013,"comment_status":"closed","ping_status":"open","sticky":false,"template":"","format":"standard","meta":{"footnotes":""},"categories":[35,42,1],"tags":[],"class_list":{"0":"post-4011","1":"post","2":"type-post","3":"status-publish","4":"format-standard","5":"has-post-thumbnail","7":"category-manset","8":"category-teknoloji","9":"category-uncategorized"},"yoast_head":"<!-- This site is optimized with the Yoast SEO plugin v27.2 - https:\/\/yoast.com\/product\/yoast-seo-wordpress\/ -->\n<title>PROF. DR. KUMRAL, \u00a0\u0130L\u0130\u00c7\u2019TEK\u0130 MADEN SAHASINDA \u0130NCELEMELERDE BULUNDU R\u0130SK YOK DED\u0130 - TERCAN B&Ouml;LGE HABER<\/title>\n<meta name=\"robots\" content=\"index, follow, max-snippet:-1, max-image-preview:large, max-video-preview:-1\" \/>\n<link rel=\"canonical\" href=\"https:\/\/www.tercanbolgehaber.com\/index.php\/2024\/02\/16\/prof-dr-kumral-ilicteki-maden-sahasinda-incelemelerde-bulundu-risk-yok-dedi\/\" \/>\n<meta property=\"og:locale\" content=\"tr_TR\" \/>\n<meta property=\"og:type\" content=\"article\" \/>\n<meta property=\"og:title\" content=\"PROF. DR. KUMRAL, \u00a0\u0130L\u0130\u00c7\u2019TEK\u0130 MADEN SAHASINDA \u0130NCELEMELERDE BULUNDU R\u0130SK YOK DED\u0130 - TERCAN B&Ouml;LGE HABER\" \/>\n<meta property=\"og:description\" content=\"\u0130K\u0130 AYRI G\u00d6R\u00dc\u015e B\u0130L\u0130M ADAMLARI B\u0130R\u0130 RISK YOK D\u0130\u011eER B\u0130L\u0130M ADAMI\u201d6,5 B\u00dcY\u00dcKL\u00dc\u011e\u00dcNDE B\u0130R DEPREM YARATIR\u201d D\u0130YOR \u0130L\u0130\u00c7\u2019TE MEYDANA GELEN TOPRAK KAYMASINDA S\u0130YAN\u00dcR TEHD\u0130D\u0130 OLUP OLMADI\u011eI KONUSUNDA PROF. DR. KUMRAL, \u201cS\u0130YAN\u00dcR ORADA A\u00c7IKTA KULLANILAN B\u0130R MALZEME. BUG\u00dcNE KADAR HAVAYA KARI\u015eIP DA NEDEN B\u0130R R\u0130SK MEYDANA GET\u0130RMED\u0130 DE \u015e\u0130MD\u0130 GET\u0130RS\u0130N?. ATMOSFERE KARI\u015eMA G\u0130B\u0130 B\u0130R DURUM S\u00d6Z KONUSU [&hellip;]\" \/>\n<meta property=\"og:url\" content=\"https:\/\/www.tercanbolgehaber.com\/index.php\/2024\/02\/16\/prof-dr-kumral-ilicteki-maden-sahasinda-incelemelerde-bulundu-risk-yok-dedi\/\" \/>\n<meta property=\"og:site_name\" content=\"TERCAN B&Ouml;LGE HABER\" \/>\n<meta property=\"article:published_time\" content=\"2024-02-16T07:28:40+00:00\" \/>\n<meta property=\"article:modified_time\" content=\"2024-02-16T07:28:43+00:00\" \/>\n<meta property=\"og:image\" content=\"http:\/\/www.tercanbolgehaber.com\/wp-content\/uploads\/2024\/02\/T-1.jpg\" \/>\n\t<meta property=\"og:image:width\" content=\"641\" \/>\n\t<meta property=\"og:image:height\" content=\"380\" \/>\n\t<meta property=\"og:image:type\" content=\"image\/jpeg\" \/>\n<meta name=\"author\" content=\"Haydar Co\u015fkunf\u0131rat\" \/>\n<meta name=\"twitter:card\" content=\"summary_large_image\" \/>\n<meta name=\"twitter:label1\" content=\"Yazan:\" \/>\n\t<meta name=\"twitter:data1\" content=\"Haydar Co\u015fkunf\u0131rat\" \/>\n\t<meta name=\"twitter:label2\" content=\"Tahmini okuma s\u00fcresi\" \/>\n\t<meta name=\"twitter:data2\" content=\"4 dakika\" \/>\n<script type=\"application\/ld+json\" class=\"yoast-schema-graph\">{\"@context\":\"https:\/\/schema.org\",\"@graph\":[{\"@type\":\"Article\",\"@id\":\"https:\/\/www.tercanbolgehaber.com\/index.php\/2024\/02\/16\/prof-dr-kumral-ilicteki-maden-sahasinda-incelemelerde-bulundu-risk-yok-dedi\/#article\",\"isPartOf\":{\"@id\":\"https:\/\/www.tercanbolgehaber.com\/index.php\/2024\/02\/16\/prof-dr-kumral-ilicteki-maden-sahasinda-incelemelerde-bulundu-risk-yok-dedi\/\"},\"author\":{\"name\":\"Haydar Co\u015fkunf\u0131rat\",\"@id\":\"https:\/\/www.tercanbolgehaber.com\/#\/schema\/person\/588559f88c7997eaeefe12a53785fb5e\"},\"headline\":\"PROF. DR. KUMRAL, \u00a0\u0130L\u0130\u00c7\u2019TEK\u0130 MADEN SAHASINDA \u0130NCELEMELERDE BULUNDU R\u0130SK YOK DED\u0130\",\"datePublished\":\"2024-02-16T07:28:40+00:00\",\"dateModified\":\"2024-02-16T07:28:43+00:00\",\"mainEntityOfPage\":{\"@id\":\"https:\/\/www.tercanbolgehaber.com\/index.php\/2024\/02\/16\/prof-dr-kumral-ilicteki-maden-sahasinda-incelemelerde-bulundu-risk-yok-dedi\/\"},\"wordCount\":852,\"publisher\":{\"@id\":\"https:\/\/www.tercanbolgehaber.com\/#organization\"},\"image\":{\"@id\":\"https:\/\/www.tercanbolgehaber.com\/index.php\/2024\/02\/16\/prof-dr-kumral-ilicteki-maden-sahasinda-incelemelerde-bulundu-risk-yok-dedi\/#primaryimage\"},\"thumbnailUrl\":\"https:\/\/www.tercanbolgehaber.com\/wp-content\/uploads\/2024\/02\/T-1.jpg\",\"articleSection\":[\"Man\u015fet\",\"Teknoloji\",\"Uncategorized\"],\"inLanguage\":\"tr\"},{\"@type\":\"WebPage\",\"@id\":\"https:\/\/www.tercanbolgehaber.com\/index.php\/2024\/02\/16\/prof-dr-kumral-ilicteki-maden-sahasinda-incelemelerde-bulundu-risk-yok-dedi\/\",\"url\":\"https:\/\/www.tercanbolgehaber.com\/index.php\/2024\/02\/16\/prof-dr-kumral-ilicteki-maden-sahasinda-incelemelerde-bulundu-risk-yok-dedi\/\",\"name\":\"PROF. DR. KUMRAL, \u00a0\u0130L\u0130\u00c7\u2019TEK\u0130 MADEN SAHASINDA \u0130NCELEMELERDE BULUNDU R\u0130SK YOK DED\u0130 - TERCAN B&Ouml;LGE HABER\",\"isPartOf\":{\"@id\":\"https:\/\/www.tercanbolgehaber.com\/#website\"},\"primaryImageOfPage\":{\"@id\":\"https:\/\/www.tercanbolgehaber.com\/index.php\/2024\/02\/16\/prof-dr-kumral-ilicteki-maden-sahasinda-incelemelerde-bulundu-risk-yok-dedi\/#primaryimage\"},\"image\":{\"@id\":\"https:\/\/www.tercanbolgehaber.com\/index.php\/2024\/02\/16\/prof-dr-kumral-ilicteki-maden-sahasinda-incelemelerde-bulundu-risk-yok-dedi\/#primaryimage\"},\"thumbnailUrl\":\"https:\/\/www.tercanbolgehaber.com\/wp-content\/uploads\/2024\/02\/T-1.jpg\",\"datePublished\":\"2024-02-16T07:28:40+00:00\",\"dateModified\":\"2024-02-16T07:28:43+00:00\",\"breadcrumb\":{\"@id\":\"https:\/\/www.tercanbolgehaber.com\/index.php\/2024\/02\/16\/prof-dr-kumral-ilicteki-maden-sahasinda-incelemelerde-bulundu-risk-yok-dedi\/#breadcrumb\"},\"inLanguage\":\"tr\",\"potentialAction\":[{\"@type\":\"ReadAction\",\"target\":[\"https:\/\/www.tercanbolgehaber.com\/index.php\/2024\/02\/16\/prof-dr-kumral-ilicteki-maden-sahasinda-incelemelerde-bulundu-risk-yok-dedi\/\"]}]},{\"@type\":\"ImageObject\",\"inLanguage\":\"tr\",\"@id\":\"https:\/\/www.tercanbolgehaber.com\/index.php\/2024\/02\/16\/prof-dr-kumral-ilicteki-maden-sahasinda-incelemelerde-bulundu-risk-yok-dedi\/#primaryimage\",\"url\":\"https:\/\/www.tercanbolgehaber.com\/wp-content\/uploads\/2024\/02\/T-1.jpg\",\"contentUrl\":\"https:\/\/www.tercanbolgehaber.com\/wp-content\/uploads\/2024\/02\/T-1.jpg\",\"width\":641,\"height\":380},{\"@type\":\"BreadcrumbList\",\"@id\":\"https:\/\/www.tercanbolgehaber.com\/index.php\/2024\/02\/16\/prof-dr-kumral-ilicteki-maden-sahasinda-incelemelerde-bulundu-risk-yok-dedi\/#breadcrumb\",\"itemListElement\":[{\"@type\":\"ListItem\",\"position\":1,\"name\":\"Anasayfa\",\"item\":\"https:\/\/www.tercanbolgehaber.com\/\"},{\"@type\":\"ListItem\",\"position\":2,\"name\":\"PROF. DR. KUMRAL, \u00a0\u0130L\u0130\u00c7\u2019TEK\u0130 MADEN SAHASINDA \u0130NCELEMELERDE BULUNDU R\u0130SK YOK DED\u0130\"}]},{\"@type\":\"WebSite\",\"@id\":\"https:\/\/www.tercanbolgehaber.com\/#website\",\"url\":\"https:\/\/www.tercanbolgehaber.com\/\",\"name\":\"TERCAN B&Ouml;LGE HABER\",\"description\":\"HALK'IN HABER PORTALI\",\"publisher\":{\"@id\":\"https:\/\/www.tercanbolgehaber.com\/#organization\"},\"potentialAction\":[{\"@type\":\"SearchAction\",\"target\":{\"@type\":\"EntryPoint\",\"urlTemplate\":\"https:\/\/www.tercanbolgehaber.com\/?s={search_term_string}\"},\"query-input\":{\"@type\":\"PropertyValueSpecification\",\"valueRequired\":true,\"valueName\":\"search_term_string\"}}],\"inLanguage\":\"tr\"},{\"@type\":\"Organization\",\"@id\":\"https:\/\/www.tercanbolgehaber.com\/#organization\",\"name\":\"Tercan B\u00f6lge Haber\",\"url\":\"https:\/\/www.tercanbolgehaber.com\/\",\"logo\":{\"@type\":\"ImageObject\",\"inLanguage\":\"tr\",\"@id\":\"https:\/\/www.tercanbolgehaber.com\/#\/schema\/logo\/image\/\",\"url\":\"http:\/\/www.tercanbolgehaber.com\/wp-content\/uploads\/2022\/04\/logo_yeni.png\",\"contentUrl\":\"http:\/\/www.tercanbolgehaber.com\/wp-content\/uploads\/2022\/04\/logo_yeni.png\",\"width\":250,\"height\":123,\"caption\":\"Tercan B\u00f6lge Haber\"},\"image\":{\"@id\":\"https:\/\/www.tercanbolgehaber.com\/#\/schema\/logo\/image\/\"}},{\"@type\":\"Person\",\"@id\":\"https:\/\/www.tercanbolgehaber.com\/#\/schema\/person\/588559f88c7997eaeefe12a53785fb5e\",\"name\":\"Haydar Co\u015fkunf\u0131rat\",\"image\":{\"@type\":\"ImageObject\",\"inLanguage\":\"tr\",\"@id\":\"https:\/\/secure.gravatar.com\/avatar\/1992688ffa73c31cf68142c3401bd1f8b600612718310d5da53a0f7a4a562ace?s=96&d=mm&r=g\",\"url\":\"https:\/\/secure.gravatar.com\/avatar\/1992688ffa73c31cf68142c3401bd1f8b600612718310d5da53a0f7a4a562ace?s=96&d=mm&r=g\",\"contentUrl\":\"https:\/\/secure.gravatar.com\/avatar\/1992688ffa73c31cf68142c3401bd1f8b600612718310d5da53a0f7a4a562ace?s=96&d=mm&r=g\",\"caption\":\"Haydar Co\u015fkunf\u0131rat\"},\"url\":\"https:\/\/www.tercanbolgehaber.com\/index.php\/author\/haydar\/\"}]}<\/script>\n<!-- \/ Yoast SEO plugin. -->","yoast_head_json":{"title":"PROF. DR. KUMRAL, \u00a0\u0130L\u0130\u00c7\u2019TEK\u0130 MADEN SAHASINDA \u0130NCELEMELERDE BULUNDU R\u0130SK YOK DED\u0130 - TERCAN B&Ouml;LGE HABER","robots":{"index":"index","follow":"follow","max-snippet":"max-snippet:-1","max-image-preview":"max-image-preview:large","max-video-preview":"max-video-preview:-1"},"canonical":"https:\/\/www.tercanbolgehaber.com\/index.php\/2024\/02\/16\/prof-dr-kumral-ilicteki-maden-sahasinda-incelemelerde-bulundu-risk-yok-dedi\/","og_locale":"tr_TR","og_type":"article","og_title":"PROF. DR. KUMRAL, \u00a0\u0130L\u0130\u00c7\u2019TEK\u0130 MADEN SAHASINDA \u0130NCELEMELERDE BULUNDU R\u0130SK YOK DED\u0130 - TERCAN B&Ouml;LGE HABER","og_description":"\u0130K\u0130 AYRI G\u00d6R\u00dc\u015e B\u0130L\u0130M ADAMLARI B\u0130R\u0130 RISK YOK D\u0130\u011eER B\u0130L\u0130M ADAMI\u201d6,5 B\u00dcY\u00dcKL\u00dc\u011e\u00dcNDE B\u0130R DEPREM YARATIR\u201d D\u0130YOR \u0130L\u0130\u00c7\u2019TE MEYDANA GELEN TOPRAK KAYMASINDA S\u0130YAN\u00dcR TEHD\u0130D\u0130 OLUP OLMADI\u011eI KONUSUNDA PROF. DR. KUMRAL, \u201cS\u0130YAN\u00dcR ORADA A\u00c7IKTA KULLANILAN B\u0130R MALZEME. BUG\u00dcNE KADAR HAVAYA KARI\u015eIP DA NEDEN B\u0130R R\u0130SK MEYDANA GET\u0130RMED\u0130 DE \u015e\u0130MD\u0130 GET\u0130RS\u0130N?. ATMOSFERE KARI\u015eMA G\u0130B\u0130 B\u0130R DURUM S\u00d6Z KONUSU [&hellip;]","og_url":"https:\/\/www.tercanbolgehaber.com\/index.php\/2024\/02\/16\/prof-dr-kumral-ilicteki-maden-sahasinda-incelemelerde-bulundu-risk-yok-dedi\/","og_site_name":"TERCAN B&Ouml;LGE HABER","article_published_time":"2024-02-16T07:28:40+00:00","article_modified_time":"2024-02-16T07:28:43+00:00","og_image":[{"width":641,"height":380,"url":"http:\/\/www.tercanbolgehaber.com\/wp-content\/uploads\/2024\/02\/T-1.jpg","type":"image\/jpeg"}],"author":"Haydar Co\u015fkunf\u0131rat","twitter_card":"summary_large_image","twitter_misc":{"Yazan:":"Haydar Co\u015fkunf\u0131rat","Tahmini okuma s\u00fcresi":"4 dakika"},"schema":{"@context":"https:\/\/schema.org","@graph":[{"@type":"Article","@id":"https:\/\/www.tercanbolgehaber.com\/index.php\/2024\/02\/16\/prof-dr-kumral-ilicteki-maden-sahasinda-incelemelerde-bulundu-risk-yok-dedi\/#article","isPartOf":{"@id":"https:\/\/www.tercanbolgehaber.com\/index.php\/2024\/02\/16\/prof-dr-kumral-ilicteki-maden-sahasinda-incelemelerde-bulundu-risk-yok-dedi\/"},"author":{"name":"Haydar Co\u015fkunf\u0131rat","@id":"https:\/\/www.tercanbolgehaber.com\/#\/schema\/person\/588559f88c7997eaeefe12a53785fb5e"},"headline":"PROF. DR. KUMRAL, \u00a0\u0130L\u0130\u00c7\u2019TEK\u0130 MADEN SAHASINDA \u0130NCELEMELERDE BULUNDU R\u0130SK YOK DED\u0130","datePublished":"2024-02-16T07:28:40+00:00","dateModified":"2024-02-16T07:28:43+00:00","mainEntityOfPage":{"@id":"https:\/\/www.tercanbolgehaber.com\/index.php\/2024\/02\/16\/prof-dr-kumral-ilicteki-maden-sahasinda-incelemelerde-bulundu-risk-yok-dedi\/"},"wordCount":852,"publisher":{"@id":"https:\/\/www.tercanbolgehaber.com\/#organization"},"image":{"@id":"https:\/\/www.tercanbolgehaber.com\/index.php\/2024\/02\/16\/prof-dr-kumral-ilicteki-maden-sahasinda-incelemelerde-bulundu-risk-yok-dedi\/#primaryimage"},"thumbnailUrl":"https:\/\/www.tercanbolgehaber.com\/wp-content\/uploads\/2024\/02\/T-1.jpg","articleSection":["Man\u015fet","Teknoloji","Uncategorized"],"inLanguage":"tr"},{"@type":"WebPage","@id":"https:\/\/www.tercanbolgehaber.com\/index.php\/2024\/02\/16\/prof-dr-kumral-ilicteki-maden-sahasinda-incelemelerde-bulundu-risk-yok-dedi\/","url":"https:\/\/www.tercanbolgehaber.com\/index.php\/2024\/02\/16\/prof-dr-kumral-ilicteki-maden-sahasinda-incelemelerde-bulundu-risk-yok-dedi\/","name":"PROF. DR. KUMRAL, \u00a0\u0130L\u0130\u00c7\u2019TEK\u0130 MADEN SAHASINDA \u0130NCELEMELERDE BULUNDU R\u0130SK YOK DED\u0130 - TERCAN B&Ouml;LGE HABER","isPartOf":{"@id":"https:\/\/www.tercanbolgehaber.com\/#website"},"primaryImageOfPage":{"@id":"https:\/\/www.tercanbolgehaber.com\/index.php\/2024\/02\/16\/prof-dr-kumral-ilicteki-maden-sahasinda-incelemelerde-bulundu-risk-yok-dedi\/#primaryimage"},"image":{"@id":"https:\/\/www.tercanbolgehaber.com\/index.php\/2024\/02\/16\/prof-dr-kumral-ilicteki-maden-sahasinda-incelemelerde-bulundu-risk-yok-dedi\/#primaryimage"},"thumbnailUrl":"https:\/\/www.tercanbolgehaber.com\/wp-content\/uploads\/2024\/02\/T-1.jpg","datePublished":"2024-02-16T07:28:40+00:00","dateModified":"2024-02-16T07:28:43+00:00","breadcrumb":{"@id":"https:\/\/www.tercanbolgehaber.com\/index.php\/2024\/02\/16\/prof-dr-kumral-ilicteki-maden-sahasinda-incelemelerde-bulundu-risk-yok-dedi\/#breadcrumb"},"inLanguage":"tr","potentialAction":[{"@type":"ReadAction","target":["https:\/\/www.tercanbolgehaber.com\/index.php\/2024\/02\/16\/prof-dr-kumral-ilicteki-maden-sahasinda-incelemelerde-bulundu-risk-yok-dedi\/"]}]},{"@type":"ImageObject","inLanguage":"tr","@id":"https:\/\/www.tercanbolgehaber.com\/index.php\/2024\/02\/16\/prof-dr-kumral-ilicteki-maden-sahasinda-incelemelerde-bulundu-risk-yok-dedi\/#primaryimage","url":"https:\/\/www.tercanbolgehaber.com\/wp-content\/uploads\/2024\/02\/T-1.jpg","contentUrl":"https:\/\/www.tercanbolgehaber.com\/wp-content\/uploads\/2024\/02\/T-1.jpg","width":641,"height":380},{"@type":"BreadcrumbList","@id":"https:\/\/www.tercanbolgehaber.com\/index.php\/2024\/02\/16\/prof-dr-kumral-ilicteki-maden-sahasinda-incelemelerde-bulundu-risk-yok-dedi\/#breadcrumb","itemListElement":[{"@type":"ListItem","position":1,"name":"Anasayfa","item":"https:\/\/www.tercanbolgehaber.com\/"},{"@type":"ListItem","position":2,"name":"PROF. DR. KUMRAL, \u00a0\u0130L\u0130\u00c7\u2019TEK\u0130 MADEN SAHASINDA \u0130NCELEMELERDE BULUNDU R\u0130SK YOK DED\u0130"}]},{"@type":"WebSite","@id":"https:\/\/www.tercanbolgehaber.com\/#website","url":"https:\/\/www.tercanbolgehaber.com\/","name":"TERCAN B&Ouml;LGE HABER","description":"HALK'IN HABER PORTALI","publisher":{"@id":"https:\/\/www.tercanbolgehaber.com\/#organization"},"potentialAction":[{"@type":"SearchAction","target":{"@type":"EntryPoint","urlTemplate":"https:\/\/www.tercanbolgehaber.com\/?s={search_term_string}"},"query-input":{"@type":"PropertyValueSpecification","valueRequired":true,"valueName":"search_term_string"}}],"inLanguage":"tr"},{"@type":"Organization","@id":"https:\/\/www.tercanbolgehaber.com\/#organization","name":"Tercan B\u00f6lge Haber","url":"https:\/\/www.tercanbolgehaber.com\/","logo":{"@type":"ImageObject","inLanguage":"tr","@id":"https:\/\/www.tercanbolgehaber.com\/#\/schema\/logo\/image\/","url":"http:\/\/www.tercanbolgehaber.com\/wp-content\/uploads\/2022\/04\/logo_yeni.png","contentUrl":"http:\/\/www.tercanbolgehaber.com\/wp-content\/uploads\/2022\/04\/logo_yeni.png","width":250,"height":123,"caption":"Tercan B\u00f6lge Haber"},"image":{"@id":"https:\/\/www.tercanbolgehaber.com\/#\/schema\/logo\/image\/"}},{"@type":"Person","@id":"https:\/\/www.tercanbolgehaber.com\/#\/schema\/person\/588559f88c7997eaeefe12a53785fb5e","name":"Haydar Co\u015fkunf\u0131rat","image":{"@type":"ImageObject","inLanguage":"tr","@id":"https:\/\/secure.gravatar.com\/avatar\/1992688ffa73c31cf68142c3401bd1f8b600612718310d5da53a0f7a4a562ace?s=96&d=mm&r=g","url":"https:\/\/secure.gravatar.com\/avatar\/1992688ffa73c31cf68142c3401bd1f8b600612718310d5da53a0f7a4a562ace?s=96&d=mm&r=g","contentUrl":"https:\/\/secure.gravatar.com\/avatar\/1992688ffa73c31cf68142c3401bd1f8b600612718310d5da53a0f7a4a562ace?s=96&d=mm&r=g","caption":"Haydar Co\u015fkunf\u0131rat"},"url":"https:\/\/www.tercanbolgehaber.com\/index.php\/author\/haydar\/"}]}},"_links":{"self":[{"href":"https:\/\/www.tercanbolgehaber.com\/index.php\/wp-json\/wp\/v2\/posts\/4011","targetHints":{"allow":["GET"]}}],"collection":[{"href":"https:\/\/www.tercanbolgehaber.com\/index.php\/wp-json\/wp\/v2\/posts"}],"about":[{"href":"https:\/\/www.tercanbolgehaber.com\/index.php\/wp-json\/wp\/v2\/types\/post"}],"author":[{"embeddable":true,"href":"https:\/\/www.tercanbolgehaber.com\/index.php\/wp-json\/wp\/v2\/users\/2"}],"replies":[{"embeddable":true,"href":"https:\/\/www.tercanbolgehaber.com\/index.php\/wp-json\/wp\/v2\/comments?post=4011"}],"version-history":[{"count":2,"href":"https:\/\/www.tercanbolgehaber.com\/index.php\/wp-json\/wp\/v2\/posts\/4011\/revisions"}],"predecessor-version":[{"id":4015,"href":"https:\/\/www.tercanbolgehaber.com\/index.php\/wp-json\/wp\/v2\/posts\/4011\/revisions\/4015"}],"wp:featuredmedia":[{"embeddable":true,"href":"https:\/\/www.tercanbolgehaber.com\/index.php\/wp-json\/wp\/v2\/media\/4013"}],"wp:attachment":[{"href":"https:\/\/www.tercanbolgehaber.com\/index.php\/wp-json\/wp\/v2\/media?parent=4011"}],"wp:term":[{"taxonomy":"category","embeddable":true,"href":"https:\/\/www.tercanbolgehaber.com\/index.php\/wp-json\/wp\/v2\/categories?post=4011"},{"taxonomy":"post_tag","embeddable":true,"href":"https:\/\/www.tercanbolgehaber.com\/index.php\/wp-json\/wp\/v2\/tags?post=4011"}],"curies":[{"name":"wp","href":"https:\/\/api.w.org\/{rel}","templated":true}]}}