{"id":3992,"date":"2024-02-13T13:09:04","date_gmt":"2024-02-13T13:09:04","guid":{"rendered":"https:\/\/www.tercanbolgehaber.com\/?p=3992"},"modified":"2024-02-13T13:09:07","modified_gmt":"2024-02-13T13:09:07","slug":"erzincanin-kurtulusu-106-yildonumu-coskuyla-kutlandi","status":"publish","type":"post","link":"https:\/\/www.tercanbolgehaber.com\/index.php\/2024\/02\/13\/erzincanin-kurtulusu-106-yildonumu-coskuyla-kutlandi\/","title":{"rendered":"ERZ\u0130NCAN\u2019IN KURTULU\u015eU 106. YILD\u00d6N\u00dcM\u00dc CO\u015eKUYLA KUTLANDI"},"content":{"rendered":"\n<p class=\"has-vivid-cyan-blue-background-color has-background\">D\u00dcZENLENEN T\u00d6RENE ERZ\u0130NCAN VAL\u0130S\u0130 HAMZA AYDO\u011eDU, ERZ\u0130NCAN M\u0130LLETVEK\u0130L\u0130 S\u00dcLEYMAN KARAMAN, GARN\u0130ZON KOMUTAN VEK\u0130L\u0130 TU\u011eGENERAL \u0130SMA\u0130L YAYAN, ERZ\u0130NCAN BELED\u0130YE BA\u015eKANI BEK\u0130R AKSUN, \u0130L PROTOKOL\u00dc, S\u0130V\u0130L TOPLUM KURULU\u015eU TEMS\u0130LC\u0130LER\u0130, ASKER\u0130 ERK\u00c2N, EMN\u0130YET B\u0130R\u0130MLER\u0130, GAZ\u0130LER VE VATANDA\u015eLAR KATILDI.<\/p>\n\n\n\n<p class=\"has-luminous-vivid-amber-background-color has-background\">(TERCAN B\u00d6LGE HABER )HAYDAR CO\u015eKUNFIRAT<\/p>\n\n\n\n<figure class=\"wp-block-image size-large is-resized\"><img loading=\"lazy\" decoding=\"async\" width=\"1024\" height=\"576\" src=\"https:\/\/www.tercanbolgehaber.com\/wp-content\/uploads\/2024\/02\/13-subat-erzincanin-kurtulusunun-106-yildonumu-kutlaniyor-2-1024x576.webp\" alt=\"\" class=\"wp-image-3994\" style=\"aspect-ratio:1.7777777777777777;width:729px;height:auto\" srcset=\"https:\/\/www.tercanbolgehaber.com\/wp-content\/uploads\/2024\/02\/13-subat-erzincanin-kurtulusunun-106-yildonumu-kutlaniyor-2-1024x576.webp 1024w, https:\/\/www.tercanbolgehaber.com\/wp-content\/uploads\/2024\/02\/13-subat-erzincanin-kurtulusunun-106-yildonumu-kutlaniyor-2-300x169.webp 300w, https:\/\/www.tercanbolgehaber.com\/wp-content\/uploads\/2024\/02\/13-subat-erzincanin-kurtulusunun-106-yildonumu-kutlaniyor-2-768x432.webp 768w, https:\/\/www.tercanbolgehaber.com\/wp-content\/uploads\/2024\/02\/13-subat-erzincanin-kurtulusunun-106-yildonumu-kutlaniyor-2-696x392.webp 696w, https:\/\/www.tercanbolgehaber.com\/wp-content\/uploads\/2024\/02\/13-subat-erzincanin-kurtulusunun-106-yildonumu-kutlaniyor-2-1068x601.webp 1068w, https:\/\/www.tercanbolgehaber.com\/wp-content\/uploads\/2024\/02\/13-subat-erzincanin-kurtulusunun-106-yildonumu-kutlaniyor-2.webp 1280w\" sizes=\"auto, (max-width: 1024px) 100vw, 1024px\" \/><\/figure>\n\n\n\n<p>D\u00fczenlenen t\u00f6rende Erzincan Valili\u011fi, 3. Ordu Komutanl\u0131\u011f\u0131, Erzincan Belediyesi\u2019nin \u00e7elenklerinin sunumunun ard\u0131ndan sayg\u0131 duru\u015funda bulunularak, \u0130stiklal Mar\u015f\u0131 okundu. Daha sonra ise T\u00fcrkiye Cumhuriyeti Cumhurba\u015fkan\u0131 Recep Tayyip Erdo\u011fan\u2019\u0131n kutlama mesajlar\u0131 okundu.<\/p>\n\n\n\n<p>G\u00fcn\u00fcn anlam ve \u00f6nemini belirten Erzincan Belediye Ba\u015fkan\u0131 Bekir Aksun \u201c13 \u015eUBAT ERZ\u0130NCANLILAR \u0130\u00c7\u0130N \u0130ST\u0130KLALD\u0130R DED\u0130.<\/p>\n\n\n\n<figure class=\"wp-block-image size-full is-resized\"><img loading=\"lazy\" decoding=\"async\" width=\"1000\" height=\"666\" src=\"https:\/\/www.tercanbolgehaber.com\/wp-content\/uploads\/2024\/02\/erzincan-in-kurtulusu-coskuyla-kutlandi-niDjB.jpg\" alt=\"\" class=\"wp-image-3995\" style=\"aspect-ratio:1.5015015015015014;width:761px;height:auto\" srcset=\"https:\/\/www.tercanbolgehaber.com\/wp-content\/uploads\/2024\/02\/erzincan-in-kurtulusu-coskuyla-kutlandi-niDjB.jpg 1000w, https:\/\/www.tercanbolgehaber.com\/wp-content\/uploads\/2024\/02\/erzincan-in-kurtulusu-coskuyla-kutlandi-niDjB-300x200.jpg 300w, https:\/\/www.tercanbolgehaber.com\/wp-content\/uploads\/2024\/02\/erzincan-in-kurtulusu-coskuyla-kutlandi-niDjB-768x511.jpg 768w, https:\/\/www.tercanbolgehaber.com\/wp-content\/uploads\/2024\/02\/erzincan-in-kurtulusu-coskuyla-kutlandi-niDjB-696x464.jpg 696w\" sizes=\"auto, (max-width: 1000px) 100vw, 1000px\" \/><\/figure>\n\n\n\n<p>&nbsp;H\u00fcrriyettir! Cumhuriyettir! T\u00fcrk\u2019\u00fcn sars\u0131lmaz iradesinin, vatan ve bayrak sevgisinin \u00fcst\u00fcn cesaret ve kahramanl\u0131\u011f\u0131 ile tarihe alt\u0131n harflerle yaz\u0131ld\u0131\u011f\u0131 g\u00fcnd\u00fcr 13 \u015eubat. Tarihi binlerce y\u0131ll\u0131k ge\u00e7mi\u015fe dayanan, bir\u00e7ok medeniyete be\u015fiklik etmi\u015f Erzincan\u2019\u0131m\u0131z D\u00fcnya tarihinin en kanl\u0131 sava\u015f\u0131 esnas\u0131nda i\u015fgale u\u011fram\u0131\u015f destans\u0131 bir m\u00fccadele ile aziz milletimizin \u00fcst\u00fcn m\u00fccadelesi ve ba\u011f\u0131ms\u0131zl\u0131k \u00fclk\u00fcs\u00fc ile geri al\u0131nm\u0131\u015ft\u0131r. Bug\u00fcn bu kutlu g\u00fcn\u00fcn 106. Y\u0131l\u0131n\u0131 sizlerle birlikte co\u015fku ve gururla kutluyor olman\u0131n onuru i\u00e7erisindeyim. T\u00fcrk olmak, bu vatan\u0131n bu topraklar\u0131n evlad\u0131 olmak ayr\u0131cal\u0131kt\u0131r. Bunun bilincinde olan her fert \u015funu da bilmelidir ki \u00fczerimize d\u00fc\u015fen g\u00f6revlerde bir o kadar ayr\u0131cal\u0131k gerektirmektedir.<\/p>\n\n\n\n<p>Bizler bu vatan i\u00e7in can\u0131ndan, mal\u0131ndan, sevdas\u0131ndan vazge\u00e7mi\u015f ecdad\u0131m\u0131z\u0131n emaneti olan bu topraklar\u0131n neferi olmaya son nefesimizi verene kadar devam edece\u011fiz. 1071\u2019den 1918\u2019e, 1918\u2019den bug\u00fcne kadar bu topraklar i\u00e7in can veren, bedel \u00f6deyen, \u015fanl\u0131 ecdad\u0131m\u0131z\u0131n emanetine sahip \u00e7\u0131kmak bizlerin en \u00f6nemli g\u00f6revidir. O y\u00fczdendir ki, ilk olarak \u00e7ocuklar\u0131m\u0131za vatan sevgisini a\u015f\u0131lamal\u0131, onlar\u0131 ilim ve bilimle donat\u0131p bin y\u0131l \u00f6nce oldu\u011fu gibi bug\u00fcnde g\u00f6z\u00fc, birli\u011fimizi ve beraberli\u011fimizi bozma derdinde olan, g\u00f6z\u00fc topraklar\u0131m\u0131zda olan hainlere imanla g\u00f6\u011fs\u00fcm\u00fcz\u00fc siper etmeliyiz. Bu duygu ve d\u00fc\u015f\u00fcncelerle Erzincan\u2019\u0131m\u0131z\u0131n d\u00fc\u015fman i\u015fgalinden kurtulu\u015funun 106\u2019nc\u0131 y\u0131l\u0131nda, ba\u015fta Gazi Mustafa Kemal Atat\u00fcrk ve silah arkada\u015flar\u0131 olmak \u00fczere t\u00fcm \u015fehitlerimizi rahmet, minnet ve \u015f\u00fckranla an\u0131yorum.\u201d<\/p>\n","protected":false},"excerpt":{"rendered":"<p>D\u00dcZENLENEN T\u00d6RENE ERZ\u0130NCAN VAL\u0130S\u0130 HAMZA AYDO\u011eDU, ERZ\u0130NCAN M\u0130LLETVEK\u0130L\u0130 S\u00dcLEYMAN KARAMAN, GARN\u0130ZON KOMUTAN VEK\u0130L\u0130 TU\u011eGENERAL \u0130SMA\u0130L YAYAN, ERZ\u0130NCAN BELED\u0130YE BA\u015eKANI BEK\u0130R AKSUN, \u0130L PROTOKOL\u00dc, S\u0130V\u0130L TOPLUM KURULU\u015eU TEMS\u0130LC\u0130LER\u0130, ASKER\u0130 ERK\u00c2N, EMN\u0130YET B\u0130R\u0130MLER\u0130, GAZ\u0130LER VE VATANDA\u015eLAR KATILDI. (TERCAN B\u00d6LGE HABER )HAYDAR CO\u015eKUNFIRAT D\u00fczenlenen t\u00f6rende Erzincan Valili\u011fi, 3. Ordu Komutanl\u0131\u011f\u0131, Erzincan Belediyesi\u2019nin \u00e7elenklerinin sunumunun ard\u0131ndan sayg\u0131 duru\u015funda bulunularak, [&hellip;]<\/p>\n","protected":false},"author":2,"featured_media":3993,"comment_status":"closed","ping_status":"open","sticky":false,"template":"","format":"standard","meta":{"footnotes":""},"categories":[35],"tags":[],"class_list":{"0":"post-3992","1":"post","2":"type-post","3":"status-publish","4":"format-standard","5":"has-post-thumbnail","7":"category-manset"},"yoast_head":"<!-- This site is optimized with the Yoast SEO plugin v27.2 - https:\/\/yoast.com\/product\/yoast-seo-wordpress\/ -->\n<title>ERZ\u0130NCAN\u2019IN KURTULU\u015eU 106. YILD\u00d6N\u00dcM\u00dc CO\u015eKUYLA KUTLANDI - TERCAN B&Ouml;LGE HABER<\/title>\n<meta name=\"robots\" content=\"index, follow, max-snippet:-1, max-image-preview:large, max-video-preview:-1\" \/>\n<link rel=\"canonical\" href=\"https:\/\/www.tercanbolgehaber.com\/index.php\/2024\/02\/13\/erzincanin-kurtulusu-106-yildonumu-coskuyla-kutlandi\/\" \/>\n<meta property=\"og:locale\" content=\"tr_TR\" \/>\n<meta property=\"og:type\" content=\"article\" \/>\n<meta property=\"og:title\" content=\"ERZ\u0130NCAN\u2019IN KURTULU\u015eU 106. YILD\u00d6N\u00dcM\u00dc CO\u015eKUYLA KUTLANDI - TERCAN B&Ouml;LGE HABER\" \/>\n<meta property=\"og:description\" content=\"D\u00dcZENLENEN T\u00d6RENE ERZ\u0130NCAN VAL\u0130S\u0130 HAMZA AYDO\u011eDU, ERZ\u0130NCAN M\u0130LLETVEK\u0130L\u0130 S\u00dcLEYMAN KARAMAN, GARN\u0130ZON KOMUTAN VEK\u0130L\u0130 TU\u011eGENERAL \u0130SMA\u0130L YAYAN, ERZ\u0130NCAN BELED\u0130YE BA\u015eKANI BEK\u0130R AKSUN, \u0130L PROTOKOL\u00dc, S\u0130V\u0130L TOPLUM KURULU\u015eU TEMS\u0130LC\u0130LER\u0130, ASKER\u0130 ERK\u00c2N, EMN\u0130YET B\u0130R\u0130MLER\u0130, GAZ\u0130LER VE VATANDA\u015eLAR KATILDI. (TERCAN B\u00d6LGE HABER )HAYDAR CO\u015eKUNFIRAT D\u00fczenlenen t\u00f6rende Erzincan Valili\u011fi, 3. Ordu Komutanl\u0131\u011f\u0131, Erzincan Belediyesi\u2019nin \u00e7elenklerinin sunumunun ard\u0131ndan sayg\u0131 duru\u015funda bulunularak, [&hellip;]\" \/>\n<meta property=\"og:url\" content=\"https:\/\/www.tercanbolgehaber.com\/index.php\/2024\/02\/13\/erzincanin-kurtulusu-106-yildonumu-coskuyla-kutlandi\/\" \/>\n<meta property=\"og:site_name\" content=\"TERCAN B&Ouml;LGE HABER\" \/>\n<meta property=\"article:published_time\" content=\"2024-02-13T13:09:04+00:00\" \/>\n<meta property=\"article:modified_time\" content=\"2024-02-13T13:09:07+00:00\" \/>\n<meta property=\"og:image\" content=\"http:\/\/www.tercanbolgehaber.com\/wp-content\/uploads\/2024\/02\/427877500_711357811114379_231831181761795842_n-660x330-1.jpg\" \/>\n\t<meta property=\"og:image:width\" content=\"660\" \/>\n\t<meta property=\"og:image:height\" content=\"330\" \/>\n\t<meta property=\"og:image:type\" content=\"image\/jpeg\" \/>\n<meta name=\"author\" content=\"Haydar Co\u015fkunf\u0131rat\" \/>\n<meta name=\"twitter:card\" content=\"summary_large_image\" \/>\n<meta name=\"twitter:label1\" content=\"Yazan:\" \/>\n\t<meta name=\"twitter:data1\" content=\"Haydar Co\u015fkunf\u0131rat\" \/>\n\t<meta name=\"twitter:label2\" content=\"Tahmini okuma s\u00fcresi\" \/>\n\t<meta name=\"twitter:data2\" content=\"2 dakika\" \/>\n<script type=\"application\/ld+json\" class=\"yoast-schema-graph\">{\"@context\":\"https:\/\/schema.org\",\"@graph\":[{\"@type\":\"Article\",\"@id\":\"https:\/\/www.tercanbolgehaber.com\/index.php\/2024\/02\/13\/erzincanin-kurtulusu-106-yildonumu-coskuyla-kutlandi\/#article\",\"isPartOf\":{\"@id\":\"https:\/\/www.tercanbolgehaber.com\/index.php\/2024\/02\/13\/erzincanin-kurtulusu-106-yildonumu-coskuyla-kutlandi\/\"},\"author\":{\"name\":\"Haydar Co\u015fkunf\u0131rat\",\"@id\":\"https:\/\/www.tercanbolgehaber.com\/#\/schema\/person\/588559f88c7997eaeefe12a53785fb5e\"},\"headline\":\"ERZ\u0130NCAN\u2019IN KURTULU\u015eU 106. YILD\u00d6N\u00dcM\u00dc CO\u015eKUYLA KUTLANDI\",\"datePublished\":\"2024-02-13T13:09:04+00:00\",\"dateModified\":\"2024-02-13T13:09:07+00:00\",\"mainEntityOfPage\":{\"@id\":\"https:\/\/www.tercanbolgehaber.com\/index.php\/2024\/02\/13\/erzincanin-kurtulusu-106-yildonumu-coskuyla-kutlandi\/\"},\"wordCount\":434,\"publisher\":{\"@id\":\"https:\/\/www.tercanbolgehaber.com\/#organization\"},\"image\":{\"@id\":\"https:\/\/www.tercanbolgehaber.com\/index.php\/2024\/02\/13\/erzincanin-kurtulusu-106-yildonumu-coskuyla-kutlandi\/#primaryimage\"},\"thumbnailUrl\":\"https:\/\/www.tercanbolgehaber.com\/wp-content\/uploads\/2024\/02\/427877500_711357811114379_231831181761795842_n-660x330-1.jpg\",\"articleSection\":[\"Man\u015fet\"],\"inLanguage\":\"tr\"},{\"@type\":\"WebPage\",\"@id\":\"https:\/\/www.tercanbolgehaber.com\/index.php\/2024\/02\/13\/erzincanin-kurtulusu-106-yildonumu-coskuyla-kutlandi\/\",\"url\":\"https:\/\/www.tercanbolgehaber.com\/index.php\/2024\/02\/13\/erzincanin-kurtulusu-106-yildonumu-coskuyla-kutlandi\/\",\"name\":\"ERZ\u0130NCAN\u2019IN KURTULU\u015eU 106. YILD\u00d6N\u00dcM\u00dc CO\u015eKUYLA KUTLANDI - TERCAN B&Ouml;LGE HABER\",\"isPartOf\":{\"@id\":\"https:\/\/www.tercanbolgehaber.com\/#website\"},\"primaryImageOfPage\":{\"@id\":\"https:\/\/www.tercanbolgehaber.com\/index.php\/2024\/02\/13\/erzincanin-kurtulusu-106-yildonumu-coskuyla-kutlandi\/#primaryimage\"},\"image\":{\"@id\":\"https:\/\/www.tercanbolgehaber.com\/index.php\/2024\/02\/13\/erzincanin-kurtulusu-106-yildonumu-coskuyla-kutlandi\/#primaryimage\"},\"thumbnailUrl\":\"https:\/\/www.tercanbolgehaber.com\/wp-content\/uploads\/2024\/02\/427877500_711357811114379_231831181761795842_n-660x330-1.jpg\",\"datePublished\":\"2024-02-13T13:09:04+00:00\",\"dateModified\":\"2024-02-13T13:09:07+00:00\",\"breadcrumb\":{\"@id\":\"https:\/\/www.tercanbolgehaber.com\/index.php\/2024\/02\/13\/erzincanin-kurtulusu-106-yildonumu-coskuyla-kutlandi\/#breadcrumb\"},\"inLanguage\":\"tr\",\"potentialAction\":[{\"@type\":\"ReadAction\",\"target\":[\"https:\/\/www.tercanbolgehaber.com\/index.php\/2024\/02\/13\/erzincanin-kurtulusu-106-yildonumu-coskuyla-kutlandi\/\"]}]},{\"@type\":\"ImageObject\",\"inLanguage\":\"tr\",\"@id\":\"https:\/\/www.tercanbolgehaber.com\/index.php\/2024\/02\/13\/erzincanin-kurtulusu-106-yildonumu-coskuyla-kutlandi\/#primaryimage\",\"url\":\"https:\/\/www.tercanbolgehaber.com\/wp-content\/uploads\/2024\/02\/427877500_711357811114379_231831181761795842_n-660x330-1.jpg\",\"contentUrl\":\"https:\/\/www.tercanbolgehaber.com\/wp-content\/uploads\/2024\/02\/427877500_711357811114379_231831181761795842_n-660x330-1.jpg\",\"width\":660,\"height\":330},{\"@type\":\"BreadcrumbList\",\"@id\":\"https:\/\/www.tercanbolgehaber.com\/index.php\/2024\/02\/13\/erzincanin-kurtulusu-106-yildonumu-coskuyla-kutlandi\/#breadcrumb\",\"itemListElement\":[{\"@type\":\"ListItem\",\"position\":1,\"name\":\"Anasayfa\",\"item\":\"https:\/\/www.tercanbolgehaber.com\/\"},{\"@type\":\"ListItem\",\"position\":2,\"name\":\"ERZ\u0130NCAN\u2019IN KURTULU\u015eU 106. YILD\u00d6N\u00dcM\u00dc CO\u015eKUYLA KUTLANDI\"}]},{\"@type\":\"WebSite\",\"@id\":\"https:\/\/www.tercanbolgehaber.com\/#website\",\"url\":\"https:\/\/www.tercanbolgehaber.com\/\",\"name\":\"TERCAN B&Ouml;LGE HABER\",\"description\":\"HALK'IN HABER PORTALI\",\"publisher\":{\"@id\":\"https:\/\/www.tercanbolgehaber.com\/#organization\"},\"potentialAction\":[{\"@type\":\"SearchAction\",\"target\":{\"@type\":\"EntryPoint\",\"urlTemplate\":\"https:\/\/www.tercanbolgehaber.com\/?s={search_term_string}\"},\"query-input\":{\"@type\":\"PropertyValueSpecification\",\"valueRequired\":true,\"valueName\":\"search_term_string\"}}],\"inLanguage\":\"tr\"},{\"@type\":\"Organization\",\"@id\":\"https:\/\/www.tercanbolgehaber.com\/#organization\",\"name\":\"Tercan B\u00f6lge Haber\",\"url\":\"https:\/\/www.tercanbolgehaber.com\/\",\"logo\":{\"@type\":\"ImageObject\",\"inLanguage\":\"tr\",\"@id\":\"https:\/\/www.tercanbolgehaber.com\/#\/schema\/logo\/image\/\",\"url\":\"http:\/\/www.tercanbolgehaber.com\/wp-content\/uploads\/2022\/04\/logo_yeni.png\",\"contentUrl\":\"http:\/\/www.tercanbolgehaber.com\/wp-content\/uploads\/2022\/04\/logo_yeni.png\",\"width\":250,\"height\":123,\"caption\":\"Tercan B\u00f6lge Haber\"},\"image\":{\"@id\":\"https:\/\/www.tercanbolgehaber.com\/#\/schema\/logo\/image\/\"}},{\"@type\":\"Person\",\"@id\":\"https:\/\/www.tercanbolgehaber.com\/#\/schema\/person\/588559f88c7997eaeefe12a53785fb5e\",\"name\":\"Haydar Co\u015fkunf\u0131rat\",\"image\":{\"@type\":\"ImageObject\",\"inLanguage\":\"tr\",\"@id\":\"https:\/\/secure.gravatar.com\/avatar\/1992688ffa73c31cf68142c3401bd1f8b600612718310d5da53a0f7a4a562ace?s=96&d=mm&r=g\",\"url\":\"https:\/\/secure.gravatar.com\/avatar\/1992688ffa73c31cf68142c3401bd1f8b600612718310d5da53a0f7a4a562ace?s=96&d=mm&r=g\",\"contentUrl\":\"https:\/\/secure.gravatar.com\/avatar\/1992688ffa73c31cf68142c3401bd1f8b600612718310d5da53a0f7a4a562ace?s=96&d=mm&r=g\",\"caption\":\"Haydar Co\u015fkunf\u0131rat\"},\"url\":\"https:\/\/www.tercanbolgehaber.com\/index.php\/author\/haydar\/\"}]}<\/script>\n<!-- \/ Yoast SEO plugin. -->","yoast_head_json":{"title":"ERZ\u0130NCAN\u2019IN KURTULU\u015eU 106. YILD\u00d6N\u00dcM\u00dc CO\u015eKUYLA KUTLANDI - TERCAN B&Ouml;LGE HABER","robots":{"index":"index","follow":"follow","max-snippet":"max-snippet:-1","max-image-preview":"max-image-preview:large","max-video-preview":"max-video-preview:-1"},"canonical":"https:\/\/www.tercanbolgehaber.com\/index.php\/2024\/02\/13\/erzincanin-kurtulusu-106-yildonumu-coskuyla-kutlandi\/","og_locale":"tr_TR","og_type":"article","og_title":"ERZ\u0130NCAN\u2019IN KURTULU\u015eU 106. YILD\u00d6N\u00dcM\u00dc CO\u015eKUYLA KUTLANDI - TERCAN B&Ouml;LGE HABER","og_description":"D\u00dcZENLENEN T\u00d6RENE ERZ\u0130NCAN VAL\u0130S\u0130 HAMZA AYDO\u011eDU, ERZ\u0130NCAN M\u0130LLETVEK\u0130L\u0130 S\u00dcLEYMAN KARAMAN, GARN\u0130ZON KOMUTAN VEK\u0130L\u0130 TU\u011eGENERAL \u0130SMA\u0130L YAYAN, ERZ\u0130NCAN BELED\u0130YE BA\u015eKANI BEK\u0130R AKSUN, \u0130L PROTOKOL\u00dc, S\u0130V\u0130L TOPLUM KURULU\u015eU TEMS\u0130LC\u0130LER\u0130, ASKER\u0130 ERK\u00c2N, EMN\u0130YET B\u0130R\u0130MLER\u0130, GAZ\u0130LER VE VATANDA\u015eLAR KATILDI. (TERCAN B\u00d6LGE HABER )HAYDAR CO\u015eKUNFIRAT D\u00fczenlenen t\u00f6rende Erzincan Valili\u011fi, 3. Ordu Komutanl\u0131\u011f\u0131, Erzincan Belediyesi\u2019nin \u00e7elenklerinin sunumunun ard\u0131ndan sayg\u0131 duru\u015funda bulunularak, [&hellip;]","og_url":"https:\/\/www.tercanbolgehaber.com\/index.php\/2024\/02\/13\/erzincanin-kurtulusu-106-yildonumu-coskuyla-kutlandi\/","og_site_name":"TERCAN B&Ouml;LGE HABER","article_published_time":"2024-02-13T13:09:04+00:00","article_modified_time":"2024-02-13T13:09:07+00:00","og_image":[{"width":660,"height":330,"url":"http:\/\/www.tercanbolgehaber.com\/wp-content\/uploads\/2024\/02\/427877500_711357811114379_231831181761795842_n-660x330-1.jpg","type":"image\/jpeg"}],"author":"Haydar Co\u015fkunf\u0131rat","twitter_card":"summary_large_image","twitter_misc":{"Yazan:":"Haydar Co\u015fkunf\u0131rat","Tahmini okuma s\u00fcresi":"2 dakika"},"schema":{"@context":"https:\/\/schema.org","@graph":[{"@type":"Article","@id":"https:\/\/www.tercanbolgehaber.com\/index.php\/2024\/02\/13\/erzincanin-kurtulusu-106-yildonumu-coskuyla-kutlandi\/#article","isPartOf":{"@id":"https:\/\/www.tercanbolgehaber.com\/index.php\/2024\/02\/13\/erzincanin-kurtulusu-106-yildonumu-coskuyla-kutlandi\/"},"author":{"name":"Haydar Co\u015fkunf\u0131rat","@id":"https:\/\/www.tercanbolgehaber.com\/#\/schema\/person\/588559f88c7997eaeefe12a53785fb5e"},"headline":"ERZ\u0130NCAN\u2019IN KURTULU\u015eU 106. YILD\u00d6N\u00dcM\u00dc CO\u015eKUYLA KUTLANDI","datePublished":"2024-02-13T13:09:04+00:00","dateModified":"2024-02-13T13:09:07+00:00","mainEntityOfPage":{"@id":"https:\/\/www.tercanbolgehaber.com\/index.php\/2024\/02\/13\/erzincanin-kurtulusu-106-yildonumu-coskuyla-kutlandi\/"},"wordCount":434,"publisher":{"@id":"https:\/\/www.tercanbolgehaber.com\/#organization"},"image":{"@id":"https:\/\/www.tercanbolgehaber.com\/index.php\/2024\/02\/13\/erzincanin-kurtulusu-106-yildonumu-coskuyla-kutlandi\/#primaryimage"},"thumbnailUrl":"https:\/\/www.tercanbolgehaber.com\/wp-content\/uploads\/2024\/02\/427877500_711357811114379_231831181761795842_n-660x330-1.jpg","articleSection":["Man\u015fet"],"inLanguage":"tr"},{"@type":"WebPage","@id":"https:\/\/www.tercanbolgehaber.com\/index.php\/2024\/02\/13\/erzincanin-kurtulusu-106-yildonumu-coskuyla-kutlandi\/","url":"https:\/\/www.tercanbolgehaber.com\/index.php\/2024\/02\/13\/erzincanin-kurtulusu-106-yildonumu-coskuyla-kutlandi\/","name":"ERZ\u0130NCAN\u2019IN KURTULU\u015eU 106. YILD\u00d6N\u00dcM\u00dc CO\u015eKUYLA KUTLANDI - TERCAN B&Ouml;LGE HABER","isPartOf":{"@id":"https:\/\/www.tercanbolgehaber.com\/#website"},"primaryImageOfPage":{"@id":"https:\/\/www.tercanbolgehaber.com\/index.php\/2024\/02\/13\/erzincanin-kurtulusu-106-yildonumu-coskuyla-kutlandi\/#primaryimage"},"image":{"@id":"https:\/\/www.tercanbolgehaber.com\/index.php\/2024\/02\/13\/erzincanin-kurtulusu-106-yildonumu-coskuyla-kutlandi\/#primaryimage"},"thumbnailUrl":"https:\/\/www.tercanbolgehaber.com\/wp-content\/uploads\/2024\/02\/427877500_711357811114379_231831181761795842_n-660x330-1.jpg","datePublished":"2024-02-13T13:09:04+00:00","dateModified":"2024-02-13T13:09:07+00:00","breadcrumb":{"@id":"https:\/\/www.tercanbolgehaber.com\/index.php\/2024\/02\/13\/erzincanin-kurtulusu-106-yildonumu-coskuyla-kutlandi\/#breadcrumb"},"inLanguage":"tr","potentialAction":[{"@type":"ReadAction","target":["https:\/\/www.tercanbolgehaber.com\/index.php\/2024\/02\/13\/erzincanin-kurtulusu-106-yildonumu-coskuyla-kutlandi\/"]}]},{"@type":"ImageObject","inLanguage":"tr","@id":"https:\/\/www.tercanbolgehaber.com\/index.php\/2024\/02\/13\/erzincanin-kurtulusu-106-yildonumu-coskuyla-kutlandi\/#primaryimage","url":"https:\/\/www.tercanbolgehaber.com\/wp-content\/uploads\/2024\/02\/427877500_711357811114379_231831181761795842_n-660x330-1.jpg","contentUrl":"https:\/\/www.tercanbolgehaber.com\/wp-content\/uploads\/2024\/02\/427877500_711357811114379_231831181761795842_n-660x330-1.jpg","width":660,"height":330},{"@type":"BreadcrumbList","@id":"https:\/\/www.tercanbolgehaber.com\/index.php\/2024\/02\/13\/erzincanin-kurtulusu-106-yildonumu-coskuyla-kutlandi\/#breadcrumb","itemListElement":[{"@type":"ListItem","position":1,"name":"Anasayfa","item":"https:\/\/www.tercanbolgehaber.com\/"},{"@type":"ListItem","position":2,"name":"ERZ\u0130NCAN\u2019IN KURTULU\u015eU 106. YILD\u00d6N\u00dcM\u00dc CO\u015eKUYLA KUTLANDI"}]},{"@type":"WebSite","@id":"https:\/\/www.tercanbolgehaber.com\/#website","url":"https:\/\/www.tercanbolgehaber.com\/","name":"TERCAN B&Ouml;LGE HABER","description":"HALK'IN HABER PORTALI","publisher":{"@id":"https:\/\/www.tercanbolgehaber.com\/#organization"},"potentialAction":[{"@type":"SearchAction","target":{"@type":"EntryPoint","urlTemplate":"https:\/\/www.tercanbolgehaber.com\/?s={search_term_string}"},"query-input":{"@type":"PropertyValueSpecification","valueRequired":true,"valueName":"search_term_string"}}],"inLanguage":"tr"},{"@type":"Organization","@id":"https:\/\/www.tercanbolgehaber.com\/#organization","name":"Tercan B\u00f6lge Haber","url":"https:\/\/www.tercanbolgehaber.com\/","logo":{"@type":"ImageObject","inLanguage":"tr","@id":"https:\/\/www.tercanbolgehaber.com\/#\/schema\/logo\/image\/","url":"http:\/\/www.tercanbolgehaber.com\/wp-content\/uploads\/2022\/04\/logo_yeni.png","contentUrl":"http:\/\/www.tercanbolgehaber.com\/wp-content\/uploads\/2022\/04\/logo_yeni.png","width":250,"height":123,"caption":"Tercan B\u00f6lge Haber"},"image":{"@id":"https:\/\/www.tercanbolgehaber.com\/#\/schema\/logo\/image\/"}},{"@type":"Person","@id":"https:\/\/www.tercanbolgehaber.com\/#\/schema\/person\/588559f88c7997eaeefe12a53785fb5e","name":"Haydar Co\u015fkunf\u0131rat","image":{"@type":"ImageObject","inLanguage":"tr","@id":"https:\/\/secure.gravatar.com\/avatar\/1992688ffa73c31cf68142c3401bd1f8b600612718310d5da53a0f7a4a562ace?s=96&d=mm&r=g","url":"https:\/\/secure.gravatar.com\/avatar\/1992688ffa73c31cf68142c3401bd1f8b600612718310d5da53a0f7a4a562ace?s=96&d=mm&r=g","contentUrl":"https:\/\/secure.gravatar.com\/avatar\/1992688ffa73c31cf68142c3401bd1f8b600612718310d5da53a0f7a4a562ace?s=96&d=mm&r=g","caption":"Haydar Co\u015fkunf\u0131rat"},"url":"https:\/\/www.tercanbolgehaber.com\/index.php\/author\/haydar\/"}]}},"_links":{"self":[{"href":"https:\/\/www.tercanbolgehaber.com\/index.php\/wp-json\/wp\/v2\/posts\/3992","targetHints":{"allow":["GET"]}}],"collection":[{"href":"https:\/\/www.tercanbolgehaber.com\/index.php\/wp-json\/wp\/v2\/posts"}],"about":[{"href":"https:\/\/www.tercanbolgehaber.com\/index.php\/wp-json\/wp\/v2\/types\/post"}],"author":[{"embeddable":true,"href":"https:\/\/www.tercanbolgehaber.com\/index.php\/wp-json\/wp\/v2\/users\/2"}],"replies":[{"embeddable":true,"href":"https:\/\/www.tercanbolgehaber.com\/index.php\/wp-json\/wp\/v2\/comments?post=3992"}],"version-history":[{"count":1,"href":"https:\/\/www.tercanbolgehaber.com\/index.php\/wp-json\/wp\/v2\/posts\/3992\/revisions"}],"predecessor-version":[{"id":3996,"href":"https:\/\/www.tercanbolgehaber.com\/index.php\/wp-json\/wp\/v2\/posts\/3992\/revisions\/3996"}],"wp:featuredmedia":[{"embeddable":true,"href":"https:\/\/www.tercanbolgehaber.com\/index.php\/wp-json\/wp\/v2\/media\/3993"}],"wp:attachment":[{"href":"https:\/\/www.tercanbolgehaber.com\/index.php\/wp-json\/wp\/v2\/media?parent=3992"}],"wp:term":[{"taxonomy":"category","embeddable":true,"href":"https:\/\/www.tercanbolgehaber.com\/index.php\/wp-json\/wp\/v2\/categories?post=3992"},{"taxonomy":"post_tag","embeddable":true,"href":"https:\/\/www.tercanbolgehaber.com\/index.php\/wp-json\/wp\/v2\/tags?post=3992"}],"curies":[{"name":"wp","href":"https:\/\/api.w.org\/{rel}","templated":true}]}}