{"id":3977,"date":"2024-02-12T06:59:47","date_gmt":"2024-02-12T06:59:47","guid":{"rendered":"https:\/\/www.tercanbolgehaber.com\/?p=3977"},"modified":"2024-02-12T07:07:24","modified_gmt":"2024-02-12T07:07:24","slug":"tercanda-kardan-kapali-koy-yollari-ulasima-acildi","status":"publish","type":"post","link":"https:\/\/www.tercanbolgehaber.com\/index.php\/2024\/02\/12\/tercanda-kardan-kapali-koy-yollari-ulasima-acildi\/","title":{"rendered":"TERCAN\u2019DA KARDAN KAPALI K\u00d6Y YOLLARI ULA\u015eIMA A\u00c7ILDI"},"content":{"rendered":"\n<p class=\"has-vivid-cyan-blue-background-color has-background\">TERCAN \u0130L\u00c7ES\u0130NDE KAR VE T\u0130P\u0130 DOLAYISIYLA KAPANAN K\u00d6Y YOLLARI KONARLI, YAYLIM, KALEC\u0130K, BA\u015eBUDAK, ESENEVLER, OGULVEREN, KARACA\u00d6REN, KARACAKI\u015eLAK, AKTA\u015e, A\u011eVEREN, KAVAKLIK, ARMUTLU K\u00d6YLER\u0130N\u0130N YOLLARINI YEN\u0130DEN ULA\u015eIMA A\u00c7ILDI<\/p>\n\n\n\n<p class=\"has-luminous-vivid-amber-background-color has-background\">(TERCAN B\u00d6LGE HABER)HAYDAR CO\u015eKUNFIRAT<\/p>\n\n\n\n<figure class=\"wp-block-image size-large\"><img loading=\"lazy\" decoding=\"async\" width=\"1024\" height=\"379\" src=\"https:\/\/www.tercanbolgehaber.com\/wp-content\/uploads\/2024\/02\/426005684_885049100080661_2909701007646114073_n-1024x379.jpg\" alt=\"\" class=\"wp-image-3979\" srcset=\"https:\/\/www.tercanbolgehaber.com\/wp-content\/uploads\/2024\/02\/426005684_885049100080661_2909701007646114073_n-1024x379.jpg 1024w, https:\/\/www.tercanbolgehaber.com\/wp-content\/uploads\/2024\/02\/426005684_885049100080661_2909701007646114073_n-300x111.jpg 300w, https:\/\/www.tercanbolgehaber.com\/wp-content\/uploads\/2024\/02\/426005684_885049100080661_2909701007646114073_n-768x284.jpg 768w, https:\/\/www.tercanbolgehaber.com\/wp-content\/uploads\/2024\/02\/426005684_885049100080661_2909701007646114073_n-696x258.jpg 696w, https:\/\/www.tercanbolgehaber.com\/wp-content\/uploads\/2024\/02\/426005684_885049100080661_2909701007646114073_n-1068x395.jpg 1068w, https:\/\/www.tercanbolgehaber.com\/wp-content\/uploads\/2024\/02\/426005684_885049100080661_2909701007646114073_n.jpg 1264w\" sizes=\"auto, (max-width: 1024px) 100vw, 1024px\" \/><\/figure>\n\n\n\n<p>Tercan\u2019 \u0130l \u00d6zel \u0130daresine ba\u011fl\u0131 karla m\u00fccadele ekipleri; 2 greyder, 2 kep\u00e7e, 1 kar b\u0131\u00e7akl\u0131 kamyon ve 8 personelle Konarl\u0131, Yayl\u0131m, Kalecik, Ba\u015fbudak, Esenevler, Ogulveren, Karaca\u00f6ren, Karacak\u0131\u015flak, Akta\u015f, A\u011fveren, Kavakl\u0131k, Armutlu k\u00f6ylerinin yollar\u0131n\u0131 yeniden ula\u015f\u0131ma a\u00e7t\u0131. Yollar\u0131 ula\u015f\u0131ma a\u00e7\u0131lan k\u00f6y sakinleri Tercan \u00d6zel \u0130dare \u015eantiye \u015eefi Fahri Kaya ve ekip arkada\u015flar\u0131na te\u015fekk\u00fcr etti.<\/p>\n\n\n\n<figure class=\"wp-block-image size-large is-resized\"><img loading=\"lazy\" decoding=\"async\" width=\"1024\" height=\"212\" src=\"https:\/\/www.tercanbolgehaber.com\/wp-content\/uploads\/2024\/02\/insanlarla2-1024x212.png\" alt=\"\" class=\"wp-image-3980\" style=\"aspect-ratio:4.830188679245283;width:320px;height:auto\" srcset=\"https:\/\/www.tercanbolgehaber.com\/wp-content\/uploads\/2024\/02\/insanlarla2-1024x212.png 1024w, https:\/\/www.tercanbolgehaber.com\/wp-content\/uploads\/2024\/02\/insanlarla2-300x62.png 300w, https:\/\/www.tercanbolgehaber.com\/wp-content\/uploads\/2024\/02\/insanlarla2-768x159.png 768w, https:\/\/www.tercanbolgehaber.com\/wp-content\/uploads\/2024\/02\/insanlarla2-1536x318.png 1536w, https:\/\/www.tercanbolgehaber.com\/wp-content\/uploads\/2024\/02\/insanlarla2-2048x424.png 2048w, https:\/\/www.tercanbolgehaber.com\/wp-content\/uploads\/2024\/02\/insanlarla2-696x144.png 696w, https:\/\/www.tercanbolgehaber.com\/wp-content\/uploads\/2024\/02\/insanlarla2-1068x221.png 1068w, https:\/\/www.tercanbolgehaber.com\/wp-content\/uploads\/2024\/02\/insanlarla2-1920x397.png 1920w\" sizes=\"auto, (max-width: 1024px) 100vw, 1024px\" \/><\/figure>\n","protected":false},"excerpt":{"rendered":"<p>TERCAN \u0130L\u00c7ES\u0130NDE KAR VE T\u0130P\u0130 DOLAYISIYLA KAPANAN K\u00d6Y YOLLARI KONARLI, YAYLIM, KALEC\u0130K, BA\u015eBUDAK, ESENEVLER, OGULVEREN, KARACA\u00d6REN, KARACAKI\u015eLAK, AKTA\u015e, A\u011eVEREN, KAVAKLIK, ARMUTLU K\u00d6YLER\u0130N\u0130N YOLLARINI YEN\u0130DEN ULA\u015eIMA A\u00c7ILDI (TERCAN B\u00d6LGE HABER)HAYDAR CO\u015eKUNFIRAT Tercan\u2019 \u0130l \u00d6zel \u0130daresine ba\u011fl\u0131 karla m\u00fccadele ekipleri; 2 greyder, 2 kep\u00e7e, 1 kar b\u0131\u00e7akl\u0131 kamyon ve 8 personelle Konarl\u0131, Yayl\u0131m, Kalecik, Ba\u015fbudak, Esenevler, Ogulveren, [&hellip;]<\/p>\n","protected":false},"author":2,"featured_media":3984,"comment_status":"closed","ping_status":"open","sticky":false,"template":"","format":"standard","meta":{"footnotes":""},"categories":[35],"tags":[],"class_list":{"0":"post-3977","1":"post","2":"type-post","3":"status-publish","4":"format-standard","5":"has-post-thumbnail","7":"category-manset"},"yoast_head":"<!-- This site is optimized with the Yoast SEO plugin v27.2 - https:\/\/yoast.com\/product\/yoast-seo-wordpress\/ -->\n<title>TERCAN\u2019DA KARDAN KAPALI K\u00d6Y YOLLARI ULA\u015eIMA A\u00c7ILDI - TERCAN B&Ouml;LGE HABER<\/title>\n<meta name=\"robots\" content=\"index, follow, max-snippet:-1, max-image-preview:large, max-video-preview:-1\" \/>\n<link rel=\"canonical\" href=\"https:\/\/www.tercanbolgehaber.com\/index.php\/2024\/02\/12\/tercanda-kardan-kapali-koy-yollari-ulasima-acildi\/\" \/>\n<meta property=\"og:locale\" content=\"tr_TR\" \/>\n<meta property=\"og:type\" content=\"article\" \/>\n<meta property=\"og:title\" content=\"TERCAN\u2019DA KARDAN KAPALI K\u00d6Y YOLLARI ULA\u015eIMA A\u00c7ILDI - TERCAN B&Ouml;LGE HABER\" \/>\n<meta property=\"og:description\" content=\"TERCAN \u0130L\u00c7ES\u0130NDE KAR VE T\u0130P\u0130 DOLAYISIYLA KAPANAN K\u00d6Y YOLLARI KONARLI, YAYLIM, KALEC\u0130K, BA\u015eBUDAK, ESENEVLER, OGULVEREN, KARACA\u00d6REN, KARACAKI\u015eLAK, AKTA\u015e, A\u011eVEREN, KAVAKLIK, ARMUTLU K\u00d6YLER\u0130N\u0130N YOLLARINI YEN\u0130DEN ULA\u015eIMA A\u00c7ILDI (TERCAN B\u00d6LGE HABER)HAYDAR CO\u015eKUNFIRAT Tercan\u2019 \u0130l \u00d6zel \u0130daresine ba\u011fl\u0131 karla m\u00fccadele ekipleri; 2 greyder, 2 kep\u00e7e, 1 kar b\u0131\u00e7akl\u0131 kamyon ve 8 personelle Konarl\u0131, Yayl\u0131m, Kalecik, Ba\u015fbudak, Esenevler, Ogulveren, [&hellip;]\" \/>\n<meta property=\"og:url\" content=\"https:\/\/www.tercanbolgehaber.com\/index.php\/2024\/02\/12\/tercanda-kardan-kapali-koy-yollari-ulasima-acildi\/\" \/>\n<meta property=\"og:site_name\" content=\"TERCAN B&Ouml;LGE HABER\" \/>\n<meta property=\"article:published_time\" content=\"2024-02-12T06:59:47+00:00\" \/>\n<meta property=\"article:modified_time\" content=\"2024-02-12T07:07:24+00:00\" \/>\n<meta property=\"og:image\" content=\"http:\/\/www.tercanbolgehaber.com\/wp-content\/uploads\/2024\/02\/Y-1.jpg\" \/>\n\t<meta property=\"og:image:width\" content=\"1267\" \/>\n\t<meta property=\"og:image:height\" content=\"860\" \/>\n\t<meta property=\"og:image:type\" content=\"image\/jpeg\" \/>\n<meta name=\"author\" content=\"Haydar Co\u015fkunf\u0131rat\" \/>\n<meta name=\"twitter:card\" content=\"summary_large_image\" \/>\n<meta name=\"twitter:label1\" content=\"Yazan:\" \/>\n\t<meta name=\"twitter:data1\" content=\"Haydar Co\u015fkunf\u0131rat\" \/>\n\t<meta name=\"twitter:label2\" content=\"Tahmini okuma s\u00fcresi\" \/>\n\t<meta name=\"twitter:data2\" content=\"1 dakika\" \/>\n<script type=\"application\/ld+json\" class=\"yoast-schema-graph\">{\"@context\":\"https:\/\/schema.org\",\"@graph\":[{\"@type\":\"Article\",\"@id\":\"https:\/\/www.tercanbolgehaber.com\/index.php\/2024\/02\/12\/tercanda-kardan-kapali-koy-yollari-ulasima-acildi\/#article\",\"isPartOf\":{\"@id\":\"https:\/\/www.tercanbolgehaber.com\/index.php\/2024\/02\/12\/tercanda-kardan-kapali-koy-yollari-ulasima-acildi\/\"},\"author\":{\"name\":\"Haydar Co\u015fkunf\u0131rat\",\"@id\":\"https:\/\/www.tercanbolgehaber.com\/#\/schema\/person\/588559f88c7997eaeefe12a53785fb5e\"},\"headline\":\"TERCAN\u2019DA KARDAN KAPALI K\u00d6Y YOLLARI ULA\u015eIMA A\u00c7ILDI\",\"datePublished\":\"2024-02-12T06:59:47+00:00\",\"dateModified\":\"2024-02-12T07:07:24+00:00\",\"mainEntityOfPage\":{\"@id\":\"https:\/\/www.tercanbolgehaber.com\/index.php\/2024\/02\/12\/tercanda-kardan-kapali-koy-yollari-ulasima-acildi\/\"},\"wordCount\":129,\"publisher\":{\"@id\":\"https:\/\/www.tercanbolgehaber.com\/#organization\"},\"image\":{\"@id\":\"https:\/\/www.tercanbolgehaber.com\/index.php\/2024\/02\/12\/tercanda-kardan-kapali-koy-yollari-ulasima-acildi\/#primaryimage\"},\"thumbnailUrl\":\"https:\/\/www.tercanbolgehaber.com\/wp-content\/uploads\/2024\/02\/Y-1.jpg\",\"articleSection\":[\"Man\u015fet\"],\"inLanguage\":\"tr\"},{\"@type\":\"WebPage\",\"@id\":\"https:\/\/www.tercanbolgehaber.com\/index.php\/2024\/02\/12\/tercanda-kardan-kapali-koy-yollari-ulasima-acildi\/\",\"url\":\"https:\/\/www.tercanbolgehaber.com\/index.php\/2024\/02\/12\/tercanda-kardan-kapali-koy-yollari-ulasima-acildi\/\",\"name\":\"TERCAN\u2019DA KARDAN KAPALI K\u00d6Y YOLLARI ULA\u015eIMA A\u00c7ILDI - TERCAN B&Ouml;LGE HABER\",\"isPartOf\":{\"@id\":\"https:\/\/www.tercanbolgehaber.com\/#website\"},\"primaryImageOfPage\":{\"@id\":\"https:\/\/www.tercanbolgehaber.com\/index.php\/2024\/02\/12\/tercanda-kardan-kapali-koy-yollari-ulasima-acildi\/#primaryimage\"},\"image\":{\"@id\":\"https:\/\/www.tercanbolgehaber.com\/index.php\/2024\/02\/12\/tercanda-kardan-kapali-koy-yollari-ulasima-acildi\/#primaryimage\"},\"thumbnailUrl\":\"https:\/\/www.tercanbolgehaber.com\/wp-content\/uploads\/2024\/02\/Y-1.jpg\",\"datePublished\":\"2024-02-12T06:59:47+00:00\",\"dateModified\":\"2024-02-12T07:07:24+00:00\",\"breadcrumb\":{\"@id\":\"https:\/\/www.tercanbolgehaber.com\/index.php\/2024\/02\/12\/tercanda-kardan-kapali-koy-yollari-ulasima-acildi\/#breadcrumb\"},\"inLanguage\":\"tr\",\"potentialAction\":[{\"@type\":\"ReadAction\",\"target\":[\"https:\/\/www.tercanbolgehaber.com\/index.php\/2024\/02\/12\/tercanda-kardan-kapali-koy-yollari-ulasima-acildi\/\"]}]},{\"@type\":\"ImageObject\",\"inLanguage\":\"tr\",\"@id\":\"https:\/\/www.tercanbolgehaber.com\/index.php\/2024\/02\/12\/tercanda-kardan-kapali-koy-yollari-ulasima-acildi\/#primaryimage\",\"url\":\"https:\/\/www.tercanbolgehaber.com\/wp-content\/uploads\/2024\/02\/Y-1.jpg\",\"contentUrl\":\"https:\/\/www.tercanbolgehaber.com\/wp-content\/uploads\/2024\/02\/Y-1.jpg\",\"width\":1267,\"height\":860,\"caption\":\"AW137711\"},{\"@type\":\"BreadcrumbList\",\"@id\":\"https:\/\/www.tercanbolgehaber.com\/index.php\/2024\/02\/12\/tercanda-kardan-kapali-koy-yollari-ulasima-acildi\/#breadcrumb\",\"itemListElement\":[{\"@type\":\"ListItem\",\"position\":1,\"name\":\"Anasayfa\",\"item\":\"https:\/\/www.tercanbolgehaber.com\/\"},{\"@type\":\"ListItem\",\"position\":2,\"name\":\"TERCAN\u2019DA KARDAN KAPALI K\u00d6Y YOLLARI ULA\u015eIMA A\u00c7ILDI\"}]},{\"@type\":\"WebSite\",\"@id\":\"https:\/\/www.tercanbolgehaber.com\/#website\",\"url\":\"https:\/\/www.tercanbolgehaber.com\/\",\"name\":\"TERCAN B&Ouml;LGE HABER\",\"description\":\"HALK'IN HABER PORTALI\",\"publisher\":{\"@id\":\"https:\/\/www.tercanbolgehaber.com\/#organization\"},\"potentialAction\":[{\"@type\":\"SearchAction\",\"target\":{\"@type\":\"EntryPoint\",\"urlTemplate\":\"https:\/\/www.tercanbolgehaber.com\/?s={search_term_string}\"},\"query-input\":{\"@type\":\"PropertyValueSpecification\",\"valueRequired\":true,\"valueName\":\"search_term_string\"}}],\"inLanguage\":\"tr\"},{\"@type\":\"Organization\",\"@id\":\"https:\/\/www.tercanbolgehaber.com\/#organization\",\"name\":\"Tercan B\u00f6lge Haber\",\"url\":\"https:\/\/www.tercanbolgehaber.com\/\",\"logo\":{\"@type\":\"ImageObject\",\"inLanguage\":\"tr\",\"@id\":\"https:\/\/www.tercanbolgehaber.com\/#\/schema\/logo\/image\/\",\"url\":\"http:\/\/www.tercanbolgehaber.com\/wp-content\/uploads\/2022\/04\/logo_yeni.png\",\"contentUrl\":\"http:\/\/www.tercanbolgehaber.com\/wp-content\/uploads\/2022\/04\/logo_yeni.png\",\"width\":250,\"height\":123,\"caption\":\"Tercan B\u00f6lge Haber\"},\"image\":{\"@id\":\"https:\/\/www.tercanbolgehaber.com\/#\/schema\/logo\/image\/\"}},{\"@type\":\"Person\",\"@id\":\"https:\/\/www.tercanbolgehaber.com\/#\/schema\/person\/588559f88c7997eaeefe12a53785fb5e\",\"name\":\"Haydar Co\u015fkunf\u0131rat\",\"image\":{\"@type\":\"ImageObject\",\"inLanguage\":\"tr\",\"@id\":\"https:\/\/secure.gravatar.com\/avatar\/1992688ffa73c31cf68142c3401bd1f8b600612718310d5da53a0f7a4a562ace?s=96&d=mm&r=g\",\"url\":\"https:\/\/secure.gravatar.com\/avatar\/1992688ffa73c31cf68142c3401bd1f8b600612718310d5da53a0f7a4a562ace?s=96&d=mm&r=g\",\"contentUrl\":\"https:\/\/secure.gravatar.com\/avatar\/1992688ffa73c31cf68142c3401bd1f8b600612718310d5da53a0f7a4a562ace?s=96&d=mm&r=g\",\"caption\":\"Haydar Co\u015fkunf\u0131rat\"},\"url\":\"https:\/\/www.tercanbolgehaber.com\/index.php\/author\/haydar\/\"}]}<\/script>\n<!-- \/ Yoast SEO plugin. -->","yoast_head_json":{"title":"TERCAN\u2019DA KARDAN KAPALI K\u00d6Y YOLLARI ULA\u015eIMA A\u00c7ILDI - TERCAN B&Ouml;LGE HABER","robots":{"index":"index","follow":"follow","max-snippet":"max-snippet:-1","max-image-preview":"max-image-preview:large","max-video-preview":"max-video-preview:-1"},"canonical":"https:\/\/www.tercanbolgehaber.com\/index.php\/2024\/02\/12\/tercanda-kardan-kapali-koy-yollari-ulasima-acildi\/","og_locale":"tr_TR","og_type":"article","og_title":"TERCAN\u2019DA KARDAN KAPALI K\u00d6Y YOLLARI ULA\u015eIMA A\u00c7ILDI - TERCAN B&Ouml;LGE HABER","og_description":"TERCAN \u0130L\u00c7ES\u0130NDE KAR VE T\u0130P\u0130 DOLAYISIYLA KAPANAN K\u00d6Y YOLLARI KONARLI, YAYLIM, KALEC\u0130K, BA\u015eBUDAK, ESENEVLER, OGULVEREN, KARACA\u00d6REN, KARACAKI\u015eLAK, AKTA\u015e, A\u011eVEREN, KAVAKLIK, ARMUTLU K\u00d6YLER\u0130N\u0130N YOLLARINI YEN\u0130DEN ULA\u015eIMA A\u00c7ILDI (TERCAN B\u00d6LGE HABER)HAYDAR CO\u015eKUNFIRAT Tercan\u2019 \u0130l \u00d6zel \u0130daresine ba\u011fl\u0131 karla m\u00fccadele ekipleri; 2 greyder, 2 kep\u00e7e, 1 kar b\u0131\u00e7akl\u0131 kamyon ve 8 personelle Konarl\u0131, Yayl\u0131m, Kalecik, Ba\u015fbudak, Esenevler, Ogulveren, [&hellip;]","og_url":"https:\/\/www.tercanbolgehaber.com\/index.php\/2024\/02\/12\/tercanda-kardan-kapali-koy-yollari-ulasima-acildi\/","og_site_name":"TERCAN B&Ouml;LGE HABER","article_published_time":"2024-02-12T06:59:47+00:00","article_modified_time":"2024-02-12T07:07:24+00:00","og_image":[{"width":1267,"height":860,"url":"http:\/\/www.tercanbolgehaber.com\/wp-content\/uploads\/2024\/02\/Y-1.jpg","type":"image\/jpeg"}],"author":"Haydar Co\u015fkunf\u0131rat","twitter_card":"summary_large_image","twitter_misc":{"Yazan:":"Haydar Co\u015fkunf\u0131rat","Tahmini okuma s\u00fcresi":"1 dakika"},"schema":{"@context":"https:\/\/schema.org","@graph":[{"@type":"Article","@id":"https:\/\/www.tercanbolgehaber.com\/index.php\/2024\/02\/12\/tercanda-kardan-kapali-koy-yollari-ulasima-acildi\/#article","isPartOf":{"@id":"https:\/\/www.tercanbolgehaber.com\/index.php\/2024\/02\/12\/tercanda-kardan-kapali-koy-yollari-ulasima-acildi\/"},"author":{"name":"Haydar Co\u015fkunf\u0131rat","@id":"https:\/\/www.tercanbolgehaber.com\/#\/schema\/person\/588559f88c7997eaeefe12a53785fb5e"},"headline":"TERCAN\u2019DA KARDAN KAPALI K\u00d6Y YOLLARI ULA\u015eIMA A\u00c7ILDI","datePublished":"2024-02-12T06:59:47+00:00","dateModified":"2024-02-12T07:07:24+00:00","mainEntityOfPage":{"@id":"https:\/\/www.tercanbolgehaber.com\/index.php\/2024\/02\/12\/tercanda-kardan-kapali-koy-yollari-ulasima-acildi\/"},"wordCount":129,"publisher":{"@id":"https:\/\/www.tercanbolgehaber.com\/#organization"},"image":{"@id":"https:\/\/www.tercanbolgehaber.com\/index.php\/2024\/02\/12\/tercanda-kardan-kapali-koy-yollari-ulasima-acildi\/#primaryimage"},"thumbnailUrl":"https:\/\/www.tercanbolgehaber.com\/wp-content\/uploads\/2024\/02\/Y-1.jpg","articleSection":["Man\u015fet"],"inLanguage":"tr"},{"@type":"WebPage","@id":"https:\/\/www.tercanbolgehaber.com\/index.php\/2024\/02\/12\/tercanda-kardan-kapali-koy-yollari-ulasima-acildi\/","url":"https:\/\/www.tercanbolgehaber.com\/index.php\/2024\/02\/12\/tercanda-kardan-kapali-koy-yollari-ulasima-acildi\/","name":"TERCAN\u2019DA KARDAN KAPALI K\u00d6Y YOLLARI ULA\u015eIMA A\u00c7ILDI - TERCAN B&Ouml;LGE HABER","isPartOf":{"@id":"https:\/\/www.tercanbolgehaber.com\/#website"},"primaryImageOfPage":{"@id":"https:\/\/www.tercanbolgehaber.com\/index.php\/2024\/02\/12\/tercanda-kardan-kapali-koy-yollari-ulasima-acildi\/#primaryimage"},"image":{"@id":"https:\/\/www.tercanbolgehaber.com\/index.php\/2024\/02\/12\/tercanda-kardan-kapali-koy-yollari-ulasima-acildi\/#primaryimage"},"thumbnailUrl":"https:\/\/www.tercanbolgehaber.com\/wp-content\/uploads\/2024\/02\/Y-1.jpg","datePublished":"2024-02-12T06:59:47+00:00","dateModified":"2024-02-12T07:07:24+00:00","breadcrumb":{"@id":"https:\/\/www.tercanbolgehaber.com\/index.php\/2024\/02\/12\/tercanda-kardan-kapali-koy-yollari-ulasima-acildi\/#breadcrumb"},"inLanguage":"tr","potentialAction":[{"@type":"ReadAction","target":["https:\/\/www.tercanbolgehaber.com\/index.php\/2024\/02\/12\/tercanda-kardan-kapali-koy-yollari-ulasima-acildi\/"]}]},{"@type":"ImageObject","inLanguage":"tr","@id":"https:\/\/www.tercanbolgehaber.com\/index.php\/2024\/02\/12\/tercanda-kardan-kapali-koy-yollari-ulasima-acildi\/#primaryimage","url":"https:\/\/www.tercanbolgehaber.com\/wp-content\/uploads\/2024\/02\/Y-1.jpg","contentUrl":"https:\/\/www.tercanbolgehaber.com\/wp-content\/uploads\/2024\/02\/Y-1.jpg","width":1267,"height":860,"caption":"AW137711"},{"@type":"BreadcrumbList","@id":"https:\/\/www.tercanbolgehaber.com\/index.php\/2024\/02\/12\/tercanda-kardan-kapali-koy-yollari-ulasima-acildi\/#breadcrumb","itemListElement":[{"@type":"ListItem","position":1,"name":"Anasayfa","item":"https:\/\/www.tercanbolgehaber.com\/"},{"@type":"ListItem","position":2,"name":"TERCAN\u2019DA KARDAN KAPALI K\u00d6Y YOLLARI ULA\u015eIMA A\u00c7ILDI"}]},{"@type":"WebSite","@id":"https:\/\/www.tercanbolgehaber.com\/#website","url":"https:\/\/www.tercanbolgehaber.com\/","name":"TERCAN B&Ouml;LGE HABER","description":"HALK'IN HABER PORTALI","publisher":{"@id":"https:\/\/www.tercanbolgehaber.com\/#organization"},"potentialAction":[{"@type":"SearchAction","target":{"@type":"EntryPoint","urlTemplate":"https:\/\/www.tercanbolgehaber.com\/?s={search_term_string}"},"query-input":{"@type":"PropertyValueSpecification","valueRequired":true,"valueName":"search_term_string"}}],"inLanguage":"tr"},{"@type":"Organization","@id":"https:\/\/www.tercanbolgehaber.com\/#organization","name":"Tercan B\u00f6lge Haber","url":"https:\/\/www.tercanbolgehaber.com\/","logo":{"@type":"ImageObject","inLanguage":"tr","@id":"https:\/\/www.tercanbolgehaber.com\/#\/schema\/logo\/image\/","url":"http:\/\/www.tercanbolgehaber.com\/wp-content\/uploads\/2022\/04\/logo_yeni.png","contentUrl":"http:\/\/www.tercanbolgehaber.com\/wp-content\/uploads\/2022\/04\/logo_yeni.png","width":250,"height":123,"caption":"Tercan B\u00f6lge Haber"},"image":{"@id":"https:\/\/www.tercanbolgehaber.com\/#\/schema\/logo\/image\/"}},{"@type":"Person","@id":"https:\/\/www.tercanbolgehaber.com\/#\/schema\/person\/588559f88c7997eaeefe12a53785fb5e","name":"Haydar Co\u015fkunf\u0131rat","image":{"@type":"ImageObject","inLanguage":"tr","@id":"https:\/\/secure.gravatar.com\/avatar\/1992688ffa73c31cf68142c3401bd1f8b600612718310d5da53a0f7a4a562ace?s=96&d=mm&r=g","url":"https:\/\/secure.gravatar.com\/avatar\/1992688ffa73c31cf68142c3401bd1f8b600612718310d5da53a0f7a4a562ace?s=96&d=mm&r=g","contentUrl":"https:\/\/secure.gravatar.com\/avatar\/1992688ffa73c31cf68142c3401bd1f8b600612718310d5da53a0f7a4a562ace?s=96&d=mm&r=g","caption":"Haydar Co\u015fkunf\u0131rat"},"url":"https:\/\/www.tercanbolgehaber.com\/index.php\/author\/haydar\/"}]}},"_links":{"self":[{"href":"https:\/\/www.tercanbolgehaber.com\/index.php\/wp-json\/wp\/v2\/posts\/3977","targetHints":{"allow":["GET"]}}],"collection":[{"href":"https:\/\/www.tercanbolgehaber.com\/index.php\/wp-json\/wp\/v2\/posts"}],"about":[{"href":"https:\/\/www.tercanbolgehaber.com\/index.php\/wp-json\/wp\/v2\/types\/post"}],"author":[{"embeddable":true,"href":"https:\/\/www.tercanbolgehaber.com\/index.php\/wp-json\/wp\/v2\/users\/2"}],"replies":[{"embeddable":true,"href":"https:\/\/www.tercanbolgehaber.com\/index.php\/wp-json\/wp\/v2\/comments?post=3977"}],"version-history":[{"count":2,"href":"https:\/\/www.tercanbolgehaber.com\/index.php\/wp-json\/wp\/v2\/posts\/3977\/revisions"}],"predecessor-version":[{"id":3985,"href":"https:\/\/www.tercanbolgehaber.com\/index.php\/wp-json\/wp\/v2\/posts\/3977\/revisions\/3985"}],"wp:featuredmedia":[{"embeddable":true,"href":"https:\/\/www.tercanbolgehaber.com\/index.php\/wp-json\/wp\/v2\/media\/3984"}],"wp:attachment":[{"href":"https:\/\/www.tercanbolgehaber.com\/index.php\/wp-json\/wp\/v2\/media?parent=3977"}],"wp:term":[{"taxonomy":"category","embeddable":true,"href":"https:\/\/www.tercanbolgehaber.com\/index.php\/wp-json\/wp\/v2\/categories?post=3977"},{"taxonomy":"post_tag","embeddable":true,"href":"https:\/\/www.tercanbolgehaber.com\/index.php\/wp-json\/wp\/v2\/tags?post=3977"}],"curies":[{"name":"wp","href":"https:\/\/api.w.org\/{rel}","templated":true}]}}