{"id":3971,"date":"2024-02-10T09:52:23","date_gmt":"2024-02-10T09:52:23","guid":{"rendered":"https:\/\/www.tercanbolgehaber.com\/?p=3971"},"modified":"2024-02-10T17:13:32","modified_gmt":"2024-02-10T17:13:32","slug":"ak-parti-tercan-belediye-baskan-adayi-alper-murat-muftuoglu-oldu","status":"publish","type":"post","link":"https:\/\/www.tercanbolgehaber.com\/index.php\/2024\/02\/10\/ak-parti-tercan-belediye-baskan-adayi-alper-murat-muftuoglu-oldu\/","title":{"rendered":"AK PART\u0130 TERCAN \u2013 BELED\u0130YE BA\u015eKAN ADAYI \u00a0ALPER MURAT M\u00dcFT\u00dcO\u011eLU OLDU"},"content":{"rendered":"\n<p class=\"has-vivid-cyan-blue-background-color has-background\">ADALET VE KALKINMA PART\u0130S\u0130 ERZ\u0130NCAN \u0130L\u00c7E VE BELDE ADAYLARI TANITIM TOPLANTISI, AK PART\u0130 GENEL BA\u015eKAN YARDIMCISI VEDAT DEM\u0130R\u00d6Z\u2019\u00dcN KATILIMI \u0130LE GER\u00c7EKLE\u015eT\u0130R\u0130LD\u0130. ERZ\u0130NCAN \u0130L\u00c7E VE BELDE ADAYLARI <\/p>\n\n\n\n<p class=\"has-luminous-vivid-amber-background-color has-background\">\u00c7AYIRLI &#8211; ATIN\u00c7 BAHADIR,\u0130L\u0130\u00c7 &#8211; MUSTAFA G\u00dcRB\u00dcZ,KEMAH &#8211; RECEP \u0130LTER,KEMAL\u0130YE &#8211; ERDEM ATMACA,OTLUKBEL\u0130 &#8211; VAHDET ERCAN,REFAH\u0130YE &#8211; \u00c7AKMAK PA\u00c7ACI,TERCAN &#8211; ALPER MURAT M\u00dcFT\u00dcO\u011eLU,\u00dcZ\u00dcML\u00dc &#8211; KENAN TAT,\u00c7A\u011eLAYAN BELDES\u0130 &#8211; MUSA ZENG\u0130N,MOLLAK\u00d6Y BELDES\u0130 &#8211; KAD\u0130R AKAR,\u00c7ADIRKAYA BELDES\u0130 &#8211; EMRULLAH SEL\u00c7UK,<\/p>\n\n\n\n<p class=\"has-luminous-vivid-amber-background-color has-background\">KARGIN BELDES\u0130 &#8211; ZAFER KAYA,<\/p>\n\n\n\n<p class=\"has-vivid-red-background-color has-background\">(TERCAN B\u00d6LGE HABER GAZETES\u0130)HAYDAR CO\u015eKUNFIRAT<\/p>\n\n\n\n<figure class=\"wp-block-image size-large is-resized\"><img loading=\"lazy\" decoding=\"async\" width=\"1024\" height=\"682\" src=\"https:\/\/www.tercanbolgehaber.com\/wp-content\/uploads\/2024\/02\/20240210aw138923-0-1024x682.jpg\" alt=\"\" class=\"wp-image-3974\" style=\"aspect-ratio:1.5009380863039399;width:723px;height:auto\" srcset=\"https:\/\/www.tercanbolgehaber.com\/wp-content\/uploads\/2024\/02\/20240210aw138923-0-1024x682.jpg 1024w, https:\/\/www.tercanbolgehaber.com\/wp-content\/uploads\/2024\/02\/20240210aw138923-0-300x200.jpg 300w, https:\/\/www.tercanbolgehaber.com\/wp-content\/uploads\/2024\/02\/20240210aw138923-0-768x512.jpg 768w, https:\/\/www.tercanbolgehaber.com\/wp-content\/uploads\/2024\/02\/20240210aw138923-0-1536x1023.jpg 1536w, https:\/\/www.tercanbolgehaber.com\/wp-content\/uploads\/2024\/02\/20240210aw138923-0-696x464.jpg 696w, https:\/\/www.tercanbolgehaber.com\/wp-content\/uploads\/2024\/02\/20240210aw138923-0-1068x712.jpg 1068w, https:\/\/www.tercanbolgehaber.com\/wp-content\/uploads\/2024\/02\/20240210aw138923-0.jpg 1600w\" sizes=\"auto, (max-width: 1024px) 100vw, 1024px\" \/><\/figure>\n\n\n\n<p>Erzincan Belediyesi Nik\u00e2h Salonu\u2019nda d\u00fczenlenen tan\u0131t\u0131m toplant\u0131s\u0131nda il\u00e7e ve belde adaylar\u0131 se\u00e7mene tan\u0131t\u0131ld\u0131. Tan\u0131t\u0131m toplant\u0131s\u0131nda ilk olarak konu\u015fan AK Parti Erzincan \u0130l Ba\u015fkan\u0131 Mehmet Cavit \u015eireci, \u201cBug\u00fcn Erzincan\u2019da AK Parti\u2019nin 31 Mart Zaferi\u2019nin temelini atmak \u00fczere bir araya geldik. AK Parti\u2019ye g\u00f6n\u00fcl veren hizmete oy veren milletimize olan inanc\u0131m\u0131z tam oldu\u011fundan T\u00fcrkiye\u2019de ve Erzincan\u2019\u0131m\u0131z\u0131n il\u00e7elerinde ve beldelerimizde AK Parti\u2019mizin kazanaca\u011f\u0131n\u0131 biliyoruz\u201d diyerek, belediye ba\u015fkan adaylar\u0131n\u0131n halka hizmet bayra\u011f\u0131n\u0131 devral\u0131p, millete hizmetk\u00e2r olaca\u011f\u0131n\u0131 ifade etti.<\/p>\n\n\n\n<p>Daha sonra konu\u015fan AK Parti Erzincan Milletvekili S\u00fcleyman Karaman ise, dostlu\u011fun ve karde\u015fli\u011fin \u015fehri Erzincan\u2019da Cumhur \u0130ttifak\u0131 aday\u0131 Bekir Aksun ile se\u00e7ime gidilece\u011fini ve Bekir Aksun\u2019a g\u00fcvendiklerini s\u00f6yledi.<\/p>\n\n\n\n<p>Tan\u0131t\u0131m toplant\u0131s\u0131nda konu\u015fan AK Parti Genel Ba\u015fkan Yard\u0131mc\u0131s\u0131 Vedat Demir\u00f6z ise, \u00fclke g\u00fcndemine dair baz\u0131 a\u00e7\u0131klamalarda bulundu.<\/p>\n\n\n\n<p>Anketler yapt\u0131k Erzincanl\u0131 karde\u015flerimize soruyoruz, te\u015fkilatlar\u0131m\u0131za soruyoruz ve onlar kimi istiyorsa kimi \u00f6ne \u00e7\u0131kar\u0131yorsa il\u00e7elerimizde biz onlar \u00fczerinde Cumhurba\u015fkan\u0131m\u0131z\u0131n da onay\u0131yla \u00e7al\u0131\u015fmalar yap\u0131yoruz.<\/p>\n\n\n\n<p>D\u00fczenlenen tan\u0131t\u0131m toplant\u0131s\u0131na, AK Parti Genel Ba\u015fkan Yard\u0131mc\u0131s\u0131 Vedat Demir\u00f6z, AK Parti Erzincan Milletvekili S\u00fcleyman Karaman, Cumhur \u0130ttifak\u0131 Belediye Ba\u015fkan aday\u0131 Bekir Aksun, AK Parti \u0130l Ba\u015fkan\u0131 Mehmet Cavit \u015eireci, belediye ba\u015fkanlar\u0131 ve vatanda\u015flar kat\u0131ld\u0131.<\/p>\n\n\n\n<figure class=\"wp-block-image size-full is-resized\"><img loading=\"lazy\" decoding=\"async\" width=\"350\" height=\"172\" src=\"https:\/\/www.tercanbolgehaber.com\/wp-content\/uploads\/2024\/02\/logo_yeni2-4.png\" alt=\"\" class=\"wp-image-3972\" style=\"aspect-ratio:2.0348837209302326;width:328px;height:auto\" srcset=\"https:\/\/www.tercanbolgehaber.com\/wp-content\/uploads\/2024\/02\/logo_yeni2-4.png 350w, https:\/\/www.tercanbolgehaber.com\/wp-content\/uploads\/2024\/02\/logo_yeni2-4-300x147.png 300w\" sizes=\"auto, (max-width: 350px) 100vw, 350px\" \/><\/figure>\n","protected":false},"excerpt":{"rendered":"<p>ADALET VE KALKINMA PART\u0130S\u0130 ERZ\u0130NCAN \u0130L\u00c7E VE BELDE ADAYLARI TANITIM TOPLANTISI, AK PART\u0130 GENEL BA\u015eKAN YARDIMCISI VEDAT DEM\u0130R\u00d6Z\u2019\u00dcN KATILIMI \u0130LE GER\u00c7EKLE\u015eT\u0130R\u0130LD\u0130. ERZ\u0130NCAN \u0130L\u00c7E VE BELDE ADAYLARI \u00c7AYIRLI &#8211; ATIN\u00c7 BAHADIR,\u0130L\u0130\u00c7 &#8211; MUSTAFA G\u00dcRB\u00dcZ,KEMAH &#8211; RECEP \u0130LTER,KEMAL\u0130YE &#8211; ERDEM ATMACA,OTLUKBEL\u0130 &#8211; VAHDET ERCAN,REFAH\u0130YE &#8211; \u00c7AKMAK PA\u00c7ACI,TERCAN &#8211; ALPER MURAT M\u00dcFT\u00dcO\u011eLU,\u00dcZ\u00dcML\u00dc &#8211; KENAN TAT,\u00c7A\u011eLAYAN BELDES\u0130 &#8211; MUSA [&hellip;]<\/p>\n","protected":false},"author":2,"featured_media":3973,"comment_status":"closed","ping_status":"open","sticky":false,"template":"","format":"standard","meta":{"footnotes":""},"categories":[35,36],"tags":[],"class_list":{"0":"post-3971","1":"post","2":"type-post","3":"status-publish","4":"format-standard","5":"has-post-thumbnail","7":"category-manset","8":"category-medya"},"yoast_head":"<!-- This site is optimized with the Yoast SEO plugin v27.2 - https:\/\/yoast.com\/product\/yoast-seo-wordpress\/ -->\n<title>AK PART\u0130 TERCAN \u2013 BELED\u0130YE BA\u015eKAN ADAYI \u00a0ALPER MURAT M\u00dcFT\u00dcO\u011eLU OLDU - TERCAN B&Ouml;LGE HABER<\/title>\n<meta name=\"robots\" content=\"index, follow, max-snippet:-1, max-image-preview:large, max-video-preview:-1\" \/>\n<link rel=\"canonical\" href=\"https:\/\/www.tercanbolgehaber.com\/index.php\/2024\/02\/10\/ak-parti-tercan-belediye-baskan-adayi-alper-murat-muftuoglu-oldu\/\" \/>\n<meta property=\"og:locale\" content=\"tr_TR\" \/>\n<meta property=\"og:type\" content=\"article\" \/>\n<meta property=\"og:title\" content=\"AK PART\u0130 TERCAN \u2013 BELED\u0130YE BA\u015eKAN ADAYI \u00a0ALPER MURAT M\u00dcFT\u00dcO\u011eLU OLDU - TERCAN B&Ouml;LGE HABER\" \/>\n<meta property=\"og:description\" content=\"ADALET VE KALKINMA PART\u0130S\u0130 ERZ\u0130NCAN \u0130L\u00c7E VE BELDE ADAYLARI TANITIM TOPLANTISI, AK PART\u0130 GENEL BA\u015eKAN YARDIMCISI VEDAT DEM\u0130R\u00d6Z\u2019\u00dcN KATILIMI \u0130LE GER\u00c7EKLE\u015eT\u0130R\u0130LD\u0130. ERZ\u0130NCAN \u0130L\u00c7E VE BELDE ADAYLARI \u00c7AYIRLI &#8211; ATIN\u00c7 BAHADIR,\u0130L\u0130\u00c7 &#8211; MUSTAFA G\u00dcRB\u00dcZ,KEMAH &#8211; RECEP \u0130LTER,KEMAL\u0130YE &#8211; ERDEM ATMACA,OTLUKBEL\u0130 &#8211; VAHDET ERCAN,REFAH\u0130YE &#8211; \u00c7AKMAK PA\u00c7ACI,TERCAN &#8211; ALPER MURAT M\u00dcFT\u00dcO\u011eLU,\u00dcZ\u00dcML\u00dc &#8211; KENAN TAT,\u00c7A\u011eLAYAN BELDES\u0130 &#8211; MUSA [&hellip;]\" \/>\n<meta property=\"og:url\" content=\"https:\/\/www.tercanbolgehaber.com\/index.php\/2024\/02\/10\/ak-parti-tercan-belediye-baskan-adayi-alper-murat-muftuoglu-oldu\/\" \/>\n<meta property=\"og:site_name\" content=\"TERCAN B&Ouml;LGE HABER\" \/>\n<meta property=\"article:published_time\" content=\"2024-02-10T09:52:23+00:00\" \/>\n<meta property=\"article:modified_time\" content=\"2024-02-10T17:13:32+00:00\" \/>\n<meta property=\"og:image\" content=\"http:\/\/www.tercanbolgehaber.com\/wp-content\/uploads\/2024\/02\/20240210aw138923-3.jpg\" \/>\n\t<meta property=\"og:image:width\" content=\"1600\" \/>\n\t<meta property=\"og:image:height\" content=\"1066\" \/>\n\t<meta property=\"og:image:type\" content=\"image\/jpeg\" \/>\n<meta name=\"author\" content=\"Haydar Co\u015fkunf\u0131rat\" \/>\n<meta name=\"twitter:card\" content=\"summary_large_image\" \/>\n<meta name=\"twitter:label1\" content=\"Yazan:\" \/>\n\t<meta name=\"twitter:data1\" content=\"Haydar Co\u015fkunf\u0131rat\" \/>\n\t<meta name=\"twitter:label2\" content=\"Tahmini okuma s\u00fcresi\" \/>\n\t<meta name=\"twitter:data2\" content=\"2 dakika\" \/>\n<script type=\"application\/ld+json\" class=\"yoast-schema-graph\">{\"@context\":\"https:\/\/schema.org\",\"@graph\":[{\"@type\":\"Article\",\"@id\":\"https:\/\/www.tercanbolgehaber.com\/index.php\/2024\/02\/10\/ak-parti-tercan-belediye-baskan-adayi-alper-murat-muftuoglu-oldu\/#article\",\"isPartOf\":{\"@id\":\"https:\/\/www.tercanbolgehaber.com\/index.php\/2024\/02\/10\/ak-parti-tercan-belediye-baskan-adayi-alper-murat-muftuoglu-oldu\/\"},\"author\":{\"name\":\"Haydar Co\u015fkunf\u0131rat\",\"@id\":\"https:\/\/www.tercanbolgehaber.com\/#\/schema\/person\/588559f88c7997eaeefe12a53785fb5e\"},\"headline\":\"AK PART\u0130 TERCAN \u2013 BELED\u0130YE BA\u015eKAN ADAYI \u00a0ALPER MURAT M\u00dcFT\u00dcO\u011eLU OLDU\",\"datePublished\":\"2024-02-10T09:52:23+00:00\",\"dateModified\":\"2024-02-10T17:13:32+00:00\",\"mainEntityOfPage\":{\"@id\":\"https:\/\/www.tercanbolgehaber.com\/index.php\/2024\/02\/10\/ak-parti-tercan-belediye-baskan-adayi-alper-murat-muftuoglu-oldu\/\"},\"wordCount\":398,\"publisher\":{\"@id\":\"https:\/\/www.tercanbolgehaber.com\/#organization\"},\"image\":{\"@id\":\"https:\/\/www.tercanbolgehaber.com\/index.php\/2024\/02\/10\/ak-parti-tercan-belediye-baskan-adayi-alper-murat-muftuoglu-oldu\/#primaryimage\"},\"thumbnailUrl\":\"https:\/\/www.tercanbolgehaber.com\/wp-content\/uploads\/2024\/02\/20240210aw138923-3.jpg\",\"articleSection\":[\"Man\u015fet\",\"Medya\"],\"inLanguage\":\"tr\"},{\"@type\":\"WebPage\",\"@id\":\"https:\/\/www.tercanbolgehaber.com\/index.php\/2024\/02\/10\/ak-parti-tercan-belediye-baskan-adayi-alper-murat-muftuoglu-oldu\/\",\"url\":\"https:\/\/www.tercanbolgehaber.com\/index.php\/2024\/02\/10\/ak-parti-tercan-belediye-baskan-adayi-alper-murat-muftuoglu-oldu\/\",\"name\":\"AK PART\u0130 TERCAN \u2013 BELED\u0130YE BA\u015eKAN ADAYI \u00a0ALPER MURAT M\u00dcFT\u00dcO\u011eLU OLDU - TERCAN B&Ouml;LGE HABER\",\"isPartOf\":{\"@id\":\"https:\/\/www.tercanbolgehaber.com\/#website\"},\"primaryImageOfPage\":{\"@id\":\"https:\/\/www.tercanbolgehaber.com\/index.php\/2024\/02\/10\/ak-parti-tercan-belediye-baskan-adayi-alper-murat-muftuoglu-oldu\/#primaryimage\"},\"image\":{\"@id\":\"https:\/\/www.tercanbolgehaber.com\/index.php\/2024\/02\/10\/ak-parti-tercan-belediye-baskan-adayi-alper-murat-muftuoglu-oldu\/#primaryimage\"},\"thumbnailUrl\":\"https:\/\/www.tercanbolgehaber.com\/wp-content\/uploads\/2024\/02\/20240210aw138923-3.jpg\",\"datePublished\":\"2024-02-10T09:52:23+00:00\",\"dateModified\":\"2024-02-10T17:13:32+00:00\",\"breadcrumb\":{\"@id\":\"https:\/\/www.tercanbolgehaber.com\/index.php\/2024\/02\/10\/ak-parti-tercan-belediye-baskan-adayi-alper-murat-muftuoglu-oldu\/#breadcrumb\"},\"inLanguage\":\"tr\",\"potentialAction\":[{\"@type\":\"ReadAction\",\"target\":[\"https:\/\/www.tercanbolgehaber.com\/index.php\/2024\/02\/10\/ak-parti-tercan-belediye-baskan-adayi-alper-murat-muftuoglu-oldu\/\"]}]},{\"@type\":\"ImageObject\",\"inLanguage\":\"tr\",\"@id\":\"https:\/\/www.tercanbolgehaber.com\/index.php\/2024\/02\/10\/ak-parti-tercan-belediye-baskan-adayi-alper-murat-muftuoglu-oldu\/#primaryimage\",\"url\":\"https:\/\/www.tercanbolgehaber.com\/wp-content\/uploads\/2024\/02\/20240210aw138923-3.jpg\",\"contentUrl\":\"https:\/\/www.tercanbolgehaber.com\/wp-content\/uploads\/2024\/02\/20240210aw138923-3.jpg\",\"width\":1600,\"height\":1066,\"caption\":\"ADALET VE KALKINMA PART\u0130S\u0130 ERZ\u0130NCAN \u0130L\u00c7E VE BELDE ADAYLARI TANITIM TOPLANTISI, AK PART\u0130 GENEL BA\u015eKAN YARDIMCISI VEDAT DEM\u0130R\u00d6Z'\u00dcN KATILIMI \u0130LE GER\u00c7EKLE\u015eT\u0130R\u0130LD\u0130 (ADEM K\u00dc\u00c7\u00dcKKAYA\/ERZ\u0130NCAN-\u0130HA)\"},{\"@type\":\"BreadcrumbList\",\"@id\":\"https:\/\/www.tercanbolgehaber.com\/index.php\/2024\/02\/10\/ak-parti-tercan-belediye-baskan-adayi-alper-murat-muftuoglu-oldu\/#breadcrumb\",\"itemListElement\":[{\"@type\":\"ListItem\",\"position\":1,\"name\":\"Anasayfa\",\"item\":\"https:\/\/www.tercanbolgehaber.com\/\"},{\"@type\":\"ListItem\",\"position\":2,\"name\":\"AK PART\u0130 TERCAN \u2013 BELED\u0130YE BA\u015eKAN ADAYI \u00a0ALPER MURAT M\u00dcFT\u00dcO\u011eLU OLDU\"}]},{\"@type\":\"WebSite\",\"@id\":\"https:\/\/www.tercanbolgehaber.com\/#website\",\"url\":\"https:\/\/www.tercanbolgehaber.com\/\",\"name\":\"TERCAN B&Ouml;LGE HABER\",\"description\":\"HALK'IN HABER PORTALI\",\"publisher\":{\"@id\":\"https:\/\/www.tercanbolgehaber.com\/#organization\"},\"potentialAction\":[{\"@type\":\"SearchAction\",\"target\":{\"@type\":\"EntryPoint\",\"urlTemplate\":\"https:\/\/www.tercanbolgehaber.com\/?s={search_term_string}\"},\"query-input\":{\"@type\":\"PropertyValueSpecification\",\"valueRequired\":true,\"valueName\":\"search_term_string\"}}],\"inLanguage\":\"tr\"},{\"@type\":\"Organization\",\"@id\":\"https:\/\/www.tercanbolgehaber.com\/#organization\",\"name\":\"Tercan B\u00f6lge Haber\",\"url\":\"https:\/\/www.tercanbolgehaber.com\/\",\"logo\":{\"@type\":\"ImageObject\",\"inLanguage\":\"tr\",\"@id\":\"https:\/\/www.tercanbolgehaber.com\/#\/schema\/logo\/image\/\",\"url\":\"http:\/\/www.tercanbolgehaber.com\/wp-content\/uploads\/2022\/04\/logo_yeni.png\",\"contentUrl\":\"http:\/\/www.tercanbolgehaber.com\/wp-content\/uploads\/2022\/04\/logo_yeni.png\",\"width\":250,\"height\":123,\"caption\":\"Tercan B\u00f6lge Haber\"},\"image\":{\"@id\":\"https:\/\/www.tercanbolgehaber.com\/#\/schema\/logo\/image\/\"}},{\"@type\":\"Person\",\"@id\":\"https:\/\/www.tercanbolgehaber.com\/#\/schema\/person\/588559f88c7997eaeefe12a53785fb5e\",\"name\":\"Haydar Co\u015fkunf\u0131rat\",\"image\":{\"@type\":\"ImageObject\",\"inLanguage\":\"tr\",\"@id\":\"https:\/\/secure.gravatar.com\/avatar\/1992688ffa73c31cf68142c3401bd1f8b600612718310d5da53a0f7a4a562ace?s=96&d=mm&r=g\",\"url\":\"https:\/\/secure.gravatar.com\/avatar\/1992688ffa73c31cf68142c3401bd1f8b600612718310d5da53a0f7a4a562ace?s=96&d=mm&r=g\",\"contentUrl\":\"https:\/\/secure.gravatar.com\/avatar\/1992688ffa73c31cf68142c3401bd1f8b600612718310d5da53a0f7a4a562ace?s=96&d=mm&r=g\",\"caption\":\"Haydar Co\u015fkunf\u0131rat\"},\"url\":\"https:\/\/www.tercanbolgehaber.com\/index.php\/author\/haydar\/\"}]}<\/script>\n<!-- \/ Yoast SEO plugin. -->","yoast_head_json":{"title":"AK PART\u0130 TERCAN \u2013 BELED\u0130YE BA\u015eKAN ADAYI \u00a0ALPER MURAT M\u00dcFT\u00dcO\u011eLU OLDU - TERCAN B&Ouml;LGE HABER","robots":{"index":"index","follow":"follow","max-snippet":"max-snippet:-1","max-image-preview":"max-image-preview:large","max-video-preview":"max-video-preview:-1"},"canonical":"https:\/\/www.tercanbolgehaber.com\/index.php\/2024\/02\/10\/ak-parti-tercan-belediye-baskan-adayi-alper-murat-muftuoglu-oldu\/","og_locale":"tr_TR","og_type":"article","og_title":"AK PART\u0130 TERCAN \u2013 BELED\u0130YE BA\u015eKAN ADAYI \u00a0ALPER MURAT M\u00dcFT\u00dcO\u011eLU OLDU - TERCAN B&Ouml;LGE HABER","og_description":"ADALET VE KALKINMA PART\u0130S\u0130 ERZ\u0130NCAN \u0130L\u00c7E VE BELDE ADAYLARI TANITIM TOPLANTISI, AK PART\u0130 GENEL BA\u015eKAN YARDIMCISI VEDAT DEM\u0130R\u00d6Z\u2019\u00dcN KATILIMI \u0130LE GER\u00c7EKLE\u015eT\u0130R\u0130LD\u0130. ERZ\u0130NCAN \u0130L\u00c7E VE BELDE ADAYLARI \u00c7AYIRLI &#8211; ATIN\u00c7 BAHADIR,\u0130L\u0130\u00c7 &#8211; MUSTAFA G\u00dcRB\u00dcZ,KEMAH &#8211; RECEP \u0130LTER,KEMAL\u0130YE &#8211; ERDEM ATMACA,OTLUKBEL\u0130 &#8211; VAHDET ERCAN,REFAH\u0130YE &#8211; \u00c7AKMAK PA\u00c7ACI,TERCAN &#8211; ALPER MURAT M\u00dcFT\u00dcO\u011eLU,\u00dcZ\u00dcML\u00dc &#8211; KENAN TAT,\u00c7A\u011eLAYAN BELDES\u0130 &#8211; MUSA [&hellip;]","og_url":"https:\/\/www.tercanbolgehaber.com\/index.php\/2024\/02\/10\/ak-parti-tercan-belediye-baskan-adayi-alper-murat-muftuoglu-oldu\/","og_site_name":"TERCAN B&Ouml;LGE HABER","article_published_time":"2024-02-10T09:52:23+00:00","article_modified_time":"2024-02-10T17:13:32+00:00","og_image":[{"width":1600,"height":1066,"url":"http:\/\/www.tercanbolgehaber.com\/wp-content\/uploads\/2024\/02\/20240210aw138923-3.jpg","type":"image\/jpeg"}],"author":"Haydar Co\u015fkunf\u0131rat","twitter_card":"summary_large_image","twitter_misc":{"Yazan:":"Haydar Co\u015fkunf\u0131rat","Tahmini okuma s\u00fcresi":"2 dakika"},"schema":{"@context":"https:\/\/schema.org","@graph":[{"@type":"Article","@id":"https:\/\/www.tercanbolgehaber.com\/index.php\/2024\/02\/10\/ak-parti-tercan-belediye-baskan-adayi-alper-murat-muftuoglu-oldu\/#article","isPartOf":{"@id":"https:\/\/www.tercanbolgehaber.com\/index.php\/2024\/02\/10\/ak-parti-tercan-belediye-baskan-adayi-alper-murat-muftuoglu-oldu\/"},"author":{"name":"Haydar Co\u015fkunf\u0131rat","@id":"https:\/\/www.tercanbolgehaber.com\/#\/schema\/person\/588559f88c7997eaeefe12a53785fb5e"},"headline":"AK PART\u0130 TERCAN \u2013 BELED\u0130YE BA\u015eKAN ADAYI \u00a0ALPER MURAT M\u00dcFT\u00dcO\u011eLU OLDU","datePublished":"2024-02-10T09:52:23+00:00","dateModified":"2024-02-10T17:13:32+00:00","mainEntityOfPage":{"@id":"https:\/\/www.tercanbolgehaber.com\/index.php\/2024\/02\/10\/ak-parti-tercan-belediye-baskan-adayi-alper-murat-muftuoglu-oldu\/"},"wordCount":398,"publisher":{"@id":"https:\/\/www.tercanbolgehaber.com\/#organization"},"image":{"@id":"https:\/\/www.tercanbolgehaber.com\/index.php\/2024\/02\/10\/ak-parti-tercan-belediye-baskan-adayi-alper-murat-muftuoglu-oldu\/#primaryimage"},"thumbnailUrl":"https:\/\/www.tercanbolgehaber.com\/wp-content\/uploads\/2024\/02\/20240210aw138923-3.jpg","articleSection":["Man\u015fet","Medya"],"inLanguage":"tr"},{"@type":"WebPage","@id":"https:\/\/www.tercanbolgehaber.com\/index.php\/2024\/02\/10\/ak-parti-tercan-belediye-baskan-adayi-alper-murat-muftuoglu-oldu\/","url":"https:\/\/www.tercanbolgehaber.com\/index.php\/2024\/02\/10\/ak-parti-tercan-belediye-baskan-adayi-alper-murat-muftuoglu-oldu\/","name":"AK PART\u0130 TERCAN \u2013 BELED\u0130YE BA\u015eKAN ADAYI \u00a0ALPER MURAT M\u00dcFT\u00dcO\u011eLU OLDU - TERCAN B&Ouml;LGE HABER","isPartOf":{"@id":"https:\/\/www.tercanbolgehaber.com\/#website"},"primaryImageOfPage":{"@id":"https:\/\/www.tercanbolgehaber.com\/index.php\/2024\/02\/10\/ak-parti-tercan-belediye-baskan-adayi-alper-murat-muftuoglu-oldu\/#primaryimage"},"image":{"@id":"https:\/\/www.tercanbolgehaber.com\/index.php\/2024\/02\/10\/ak-parti-tercan-belediye-baskan-adayi-alper-murat-muftuoglu-oldu\/#primaryimage"},"thumbnailUrl":"https:\/\/www.tercanbolgehaber.com\/wp-content\/uploads\/2024\/02\/20240210aw138923-3.jpg","datePublished":"2024-02-10T09:52:23+00:00","dateModified":"2024-02-10T17:13:32+00:00","breadcrumb":{"@id":"https:\/\/www.tercanbolgehaber.com\/index.php\/2024\/02\/10\/ak-parti-tercan-belediye-baskan-adayi-alper-murat-muftuoglu-oldu\/#breadcrumb"},"inLanguage":"tr","potentialAction":[{"@type":"ReadAction","target":["https:\/\/www.tercanbolgehaber.com\/index.php\/2024\/02\/10\/ak-parti-tercan-belediye-baskan-adayi-alper-murat-muftuoglu-oldu\/"]}]},{"@type":"ImageObject","inLanguage":"tr","@id":"https:\/\/www.tercanbolgehaber.com\/index.php\/2024\/02\/10\/ak-parti-tercan-belediye-baskan-adayi-alper-murat-muftuoglu-oldu\/#primaryimage","url":"https:\/\/www.tercanbolgehaber.com\/wp-content\/uploads\/2024\/02\/20240210aw138923-3.jpg","contentUrl":"https:\/\/www.tercanbolgehaber.com\/wp-content\/uploads\/2024\/02\/20240210aw138923-3.jpg","width":1600,"height":1066,"caption":"ADALET VE KALKINMA PART\u0130S\u0130 ERZ\u0130NCAN \u0130L\u00c7E VE BELDE ADAYLARI TANITIM TOPLANTISI, AK PART\u0130 GENEL BA\u015eKAN YARDIMCISI VEDAT DEM\u0130R\u00d6Z'\u00dcN KATILIMI \u0130LE GER\u00c7EKLE\u015eT\u0130R\u0130LD\u0130 (ADEM K\u00dc\u00c7\u00dcKKAYA\/ERZ\u0130NCAN-\u0130HA)"},{"@type":"BreadcrumbList","@id":"https:\/\/www.tercanbolgehaber.com\/index.php\/2024\/02\/10\/ak-parti-tercan-belediye-baskan-adayi-alper-murat-muftuoglu-oldu\/#breadcrumb","itemListElement":[{"@type":"ListItem","position":1,"name":"Anasayfa","item":"https:\/\/www.tercanbolgehaber.com\/"},{"@type":"ListItem","position":2,"name":"AK PART\u0130 TERCAN \u2013 BELED\u0130YE BA\u015eKAN ADAYI \u00a0ALPER MURAT M\u00dcFT\u00dcO\u011eLU OLDU"}]},{"@type":"WebSite","@id":"https:\/\/www.tercanbolgehaber.com\/#website","url":"https:\/\/www.tercanbolgehaber.com\/","name":"TERCAN B&Ouml;LGE HABER","description":"HALK'IN HABER PORTALI","publisher":{"@id":"https:\/\/www.tercanbolgehaber.com\/#organization"},"potentialAction":[{"@type":"SearchAction","target":{"@type":"EntryPoint","urlTemplate":"https:\/\/www.tercanbolgehaber.com\/?s={search_term_string}"},"query-input":{"@type":"PropertyValueSpecification","valueRequired":true,"valueName":"search_term_string"}}],"inLanguage":"tr"},{"@type":"Organization","@id":"https:\/\/www.tercanbolgehaber.com\/#organization","name":"Tercan B\u00f6lge Haber","url":"https:\/\/www.tercanbolgehaber.com\/","logo":{"@type":"ImageObject","inLanguage":"tr","@id":"https:\/\/www.tercanbolgehaber.com\/#\/schema\/logo\/image\/","url":"http:\/\/www.tercanbolgehaber.com\/wp-content\/uploads\/2022\/04\/logo_yeni.png","contentUrl":"http:\/\/www.tercanbolgehaber.com\/wp-content\/uploads\/2022\/04\/logo_yeni.png","width":250,"height":123,"caption":"Tercan B\u00f6lge Haber"},"image":{"@id":"https:\/\/www.tercanbolgehaber.com\/#\/schema\/logo\/image\/"}},{"@type":"Person","@id":"https:\/\/www.tercanbolgehaber.com\/#\/schema\/person\/588559f88c7997eaeefe12a53785fb5e","name":"Haydar Co\u015fkunf\u0131rat","image":{"@type":"ImageObject","inLanguage":"tr","@id":"https:\/\/secure.gravatar.com\/avatar\/1992688ffa73c31cf68142c3401bd1f8b600612718310d5da53a0f7a4a562ace?s=96&d=mm&r=g","url":"https:\/\/secure.gravatar.com\/avatar\/1992688ffa73c31cf68142c3401bd1f8b600612718310d5da53a0f7a4a562ace?s=96&d=mm&r=g","contentUrl":"https:\/\/secure.gravatar.com\/avatar\/1992688ffa73c31cf68142c3401bd1f8b600612718310d5da53a0f7a4a562ace?s=96&d=mm&r=g","caption":"Haydar Co\u015fkunf\u0131rat"},"url":"https:\/\/www.tercanbolgehaber.com\/index.php\/author\/haydar\/"}]}},"_links":{"self":[{"href":"https:\/\/www.tercanbolgehaber.com\/index.php\/wp-json\/wp\/v2\/posts\/3971","targetHints":{"allow":["GET"]}}],"collection":[{"href":"https:\/\/www.tercanbolgehaber.com\/index.php\/wp-json\/wp\/v2\/posts"}],"about":[{"href":"https:\/\/www.tercanbolgehaber.com\/index.php\/wp-json\/wp\/v2\/types\/post"}],"author":[{"embeddable":true,"href":"https:\/\/www.tercanbolgehaber.com\/index.php\/wp-json\/wp\/v2\/users\/2"}],"replies":[{"embeddable":true,"href":"https:\/\/www.tercanbolgehaber.com\/index.php\/wp-json\/wp\/v2\/comments?post=3971"}],"version-history":[{"count":2,"href":"https:\/\/www.tercanbolgehaber.com\/index.php\/wp-json\/wp\/v2\/posts\/3971\/revisions"}],"predecessor-version":[{"id":3976,"href":"https:\/\/www.tercanbolgehaber.com\/index.php\/wp-json\/wp\/v2\/posts\/3971\/revisions\/3976"}],"wp:featuredmedia":[{"embeddable":true,"href":"https:\/\/www.tercanbolgehaber.com\/index.php\/wp-json\/wp\/v2\/media\/3973"}],"wp:attachment":[{"href":"https:\/\/www.tercanbolgehaber.com\/index.php\/wp-json\/wp\/v2\/media?parent=3971"}],"wp:term":[{"taxonomy":"category","embeddable":true,"href":"https:\/\/www.tercanbolgehaber.com\/index.php\/wp-json\/wp\/v2\/categories?post=3971"},{"taxonomy":"post_tag","embeddable":true,"href":"https:\/\/www.tercanbolgehaber.com\/index.php\/wp-json\/wp\/v2\/tags?post=3971"}],"curies":[{"name":"wp","href":"https:\/\/api.w.org\/{rel}","templated":true}]}}