{"id":340,"date":"2022-04-07T13:09:22","date_gmt":"2022-04-07T13:09:22","guid":{"rendered":"http:\/\/www.tercanbolgehaber.com\/?p=340"},"modified":"2022-04-07T13:09:24","modified_gmt":"2022-04-07T13:09:24","slug":"edirnede-alparslan-turkes-hatira-ormani-olusturuldu","status":"publish","type":"post","link":"https:\/\/www.tercanbolgehaber.com\/index.php\/2022\/04\/07\/edirnede-alparslan-turkes-hatira-ormani-olusturuldu\/","title":{"rendered":"Edirne&#8217;de &#8220;Alparslan T\u00fcrke\u015f Hat\u0131ra Orman\u0131&#8221; olu\u015fturuldu"},"content":{"rendered":"\n<h2 class=\"wp-block-heading\">T\u00fcrk Ocaklar\u0131 Edirne \u015eubesi taraf\u0131ndan Alparslan T\u00fcrke\u015f Hat\u0131ra Orman\u0131 olu\u015fturuldu.<\/h2>\n\n\n\n<p>ED\u0130RNE (AA) &#8211;\u00a0<strong>T\u00fcrk<\/strong>\u00a0Ocaklar\u0131 Edirne \u015eubesi taraf\u0131ndan Alparslan T\u00fcrke\u015f Hat\u0131ra Orman\u0131 olu\u015fturuldu.<\/p>\n\n\n\n<p>Edirne Orman \u0130\u015fletme M\u00fcd\u00fcrl\u00fc\u011f\u00fc i\u015f birli\u011finde Y\u0131ld\u0131r\u0131m Mahallesi&#8217;nde olu\u015fturtulan ormanda T\u00fcrk b\u00fcy\u00fckleri ve devlet b\u00fcy\u00fcklerinin isimlerinin ya\u015fat\u0131lmas\u0131yla vatanda\u015flara a\u011fa\u00e7 sevgisi a\u015f\u0131lanmas\u0131 hedefleniyor.<\/p>\n\n\n\n<p>Programda onlarca fidan toprakla bulu\u015fturuldu.<\/p>\n\n\n\n<p>T\u00fcrk Ocaklar\u0131 Edirne \u015eube Ba\u015fkan\u0131 Yakup \u00d6z, hat\u0131ra orman\u0131na Alparslan T\u00fcrke\u015f&#8217;in ad\u0131n\u0131 verdiklerini s\u00f6yledi.<\/p>\n\n\n\n<p>\u00dclke genelinde y\u00fcr\u00fct\u00fclen a\u011fa\u00e7land\u0131rma ve erozyon kontrol\u00fc \u00e7al\u0131\u015fmalar\u0131 kapsam\u0131nda T\u00fcrk Ocaklar\u0131 Genel Merkezi ve Orman Genel M\u00fcd\u00fcrl\u00fc\u011f\u00fc aras\u0131nda imzalanan protokol kapsam\u0131nda 65 hat\u0131ra orman\u0131 kuruldu\u011funu belirten \u00d6z, &#8220;T\u00fcrk b\u00fcy\u00fckleri ve ebediyete intikal etmi\u015f devlet b\u00fcy\u00fcklerinin isimlerini ya\u015fat\u0131lmas\u0131 ve gelecek ku\u015faklara ula\u015ft\u0131r\u0131lmas\u0131n\u0131 ama\u00e7l\u0131yoruz. Ayn\u0131 zamanda vatanda\u015flar\u0131m\u0131za a\u011fa\u00e7 ve orman sevgisini a\u015f\u0131lamak fidan dikme al\u0131\u015fkanl\u0131\u011f\u0131 kazand\u0131rmak ve ormanc\u0131l\u0131\u011f\u0131n tan\u0131t\u0131m\u0131na katk\u0131 sa\u011flamay\u0131 hedefliyoruz.&#8221; ifadelerini kulland\u0131.<\/p>\n\n\n\n<p>Fidan dikim program\u0131na, Edirne K\u00fclt\u00fcr ve Turizm M\u00fcd\u00fcr\u00fc Kemal Soyt\u00fcrk, Edirne Orman \u0130\u015fletme M\u00fcd\u00fcr\u00fc \u0130hsan Ceylan, AK Parti Edirne \u0130l Ba\u015fkan\u0131 Belgin \u0130ba, \u0130Y\u0130 Parti Edirne \u0130l Ba\u015fkan\u0131 Ekrem Demir, MHP Edirne \u0130l Ba\u015fkan\u0131 Zakir Tercan, Saadet Partisi Edirne \u0130l Ba\u015fkan\u0131 Sinan Tekin, sivil toplum kurulu\u015fu temsilcileri ve \u015fube \u00fcyeleri kat\u0131ld\u0131. <\/p>\n\n\n\n<h4 class=\"wp-block-heading\"><a href=\"https:\/\/www.haberler.com\/orman-isletme-mudurlugu\/\">Orman \u0130\u015fletme M\u00fcd\u00fcrl\u00fc\u011f\u00fc<\/a>,&nbsp;<a href=\"https:\/\/www.haberler.com\/alparslan-turkes\/\">Alparslan T\u00fcrke\u015f<\/a>,&nbsp;<a href=\"https:\/\/www.haberler.com\/edirne\/\">Edirne<\/a>,&nbsp;<a href=\"https:\/\/www.haberler.com\/turk\/\">T\u00fcrk<\/a>,&nbsp;<a href=\"https:\/\/www.haberler.com\/guncel\/\">G\u00fcncel<\/a>,&nbsp;<a href=\"https:\/\/www.haberler.com\/\">Haberler<\/a><\/h4>\n","protected":false},"excerpt":{"rendered":"<p>T\u00fcrk Ocaklar\u0131 Edirne \u015eubesi taraf\u0131ndan Alparslan T\u00fcrke\u015f Hat\u0131ra Orman\u0131 olu\u015fturuldu. ED\u0130RNE (AA) &#8211;\u00a0T\u00fcrk\u00a0Ocaklar\u0131 Edirne \u015eubesi taraf\u0131ndan Alparslan T\u00fcrke\u015f Hat\u0131ra Orman\u0131 olu\u015fturuldu. Edirne Orman \u0130\u015fletme M\u00fcd\u00fcrl\u00fc\u011f\u00fc i\u015f birli\u011finde Y\u0131ld\u0131r\u0131m Mahallesi&#8217;nde olu\u015fturtulan ormanda T\u00fcrk b\u00fcy\u00fckleri ve devlet b\u00fcy\u00fcklerinin isimlerinin ya\u015fat\u0131lmas\u0131yla vatanda\u015flara a\u011fa\u00e7 sevgisi a\u015f\u0131lanmas\u0131 hedefleniyor. Programda onlarca fidan toprakla bulu\u015fturuldu. T\u00fcrk Ocaklar\u0131 Edirne \u015eube Ba\u015fkan\u0131 Yakup \u00d6z, [&hellip;]<\/p>\n","protected":false},"author":1,"featured_media":341,"comment_status":"open","ping_status":"open","sticky":false,"template":"","format":"standard","meta":{"footnotes":""},"categories":[31,2,35],"tags":[],"class_list":{"0":"post-340","1":"post","2":"type-post","3":"status-publish","4":"format-standard","5":"has-post-thumbnail","7":"category-cevre","8":"category-featured","9":"category-manset"},"yoast_head":"<!-- This site is optimized with the Yoast SEO plugin v27.2 - https:\/\/yoast.com\/product\/yoast-seo-wordpress\/ -->\n<title>Edirne&#039;de &quot;Alparslan T\u00fcrke\u015f Hat\u0131ra Orman\u0131&quot; olu\u015fturuldu - TERCAN B&Ouml;LGE HABER<\/title>\n<meta name=\"robots\" content=\"index, follow, max-snippet:-1, max-image-preview:large, max-video-preview:-1\" \/>\n<link rel=\"canonical\" href=\"https:\/\/www.tercanbolgehaber.com\/index.php\/2022\/04\/07\/edirnede-alparslan-turkes-hatira-ormani-olusturuldu\/\" \/>\n<meta property=\"og:locale\" content=\"tr_TR\" \/>\n<meta property=\"og:type\" content=\"article\" \/>\n<meta property=\"og:title\" content=\"Edirne&#039;de &quot;Alparslan T\u00fcrke\u015f Hat\u0131ra Orman\u0131&quot; olu\u015fturuldu - TERCAN B&Ouml;LGE HABER\" \/>\n<meta property=\"og:description\" content=\"T\u00fcrk Ocaklar\u0131 Edirne \u015eubesi taraf\u0131ndan Alparslan T\u00fcrke\u015f Hat\u0131ra Orman\u0131 olu\u015fturuldu. ED\u0130RNE (AA) &#8211;\u00a0T\u00fcrk\u00a0Ocaklar\u0131 Edirne \u015eubesi taraf\u0131ndan Alparslan T\u00fcrke\u015f Hat\u0131ra Orman\u0131 olu\u015fturuldu. Edirne Orman \u0130\u015fletme M\u00fcd\u00fcrl\u00fc\u011f\u00fc i\u015f birli\u011finde Y\u0131ld\u0131r\u0131m Mahallesi&#8217;nde olu\u015fturtulan ormanda T\u00fcrk b\u00fcy\u00fckleri ve devlet b\u00fcy\u00fcklerinin isimlerinin ya\u015fat\u0131lmas\u0131yla vatanda\u015flara a\u011fa\u00e7 sevgisi a\u015f\u0131lanmas\u0131 hedefleniyor. Programda onlarca fidan toprakla bulu\u015fturuldu. T\u00fcrk Ocaklar\u0131 Edirne \u015eube Ba\u015fkan\u0131 Yakup \u00d6z, [&hellip;]\" \/>\n<meta property=\"og:url\" content=\"https:\/\/www.tercanbolgehaber.com\/index.php\/2022\/04\/07\/edirnede-alparslan-turkes-hatira-ormani-olusturuldu\/\" \/>\n<meta property=\"og:site_name\" content=\"TERCAN B&Ouml;LGE HABER\" \/>\n<meta property=\"article:published_time\" content=\"2022-04-07T13:09:22+00:00\" \/>\n<meta property=\"article:modified_time\" content=\"2022-04-07T13:09:24+00:00\" \/>\n<meta property=\"og:image\" content=\"https:\/\/www.tercanbolgehaber.com\/wp-content\/uploads\/2022\/04\/edirne-de-alparslan-turkes-hatira-ormani-14849588_local.jpg\" \/>\n\t<meta property=\"og:image:width\" content=\"1200\" \/>\n\t<meta property=\"og:image:height\" content=\"675\" \/>\n\t<meta property=\"og:image:type\" content=\"image\/jpeg\" \/>\n<meta name=\"author\" content=\"admin\" \/>\n<meta name=\"twitter:card\" content=\"summary_large_image\" \/>\n<meta name=\"twitter:label1\" content=\"Yazan:\" \/>\n\t<meta name=\"twitter:data1\" content=\"admin\" \/>\n\t<meta name=\"twitter:label2\" content=\"Tahmini okuma s\u00fcresi\" \/>\n\t<meta name=\"twitter:data2\" content=\"1 dakika\" \/>\n<script type=\"application\/ld+json\" class=\"yoast-schema-graph\">{\"@context\":\"https:\/\/schema.org\",\"@graph\":[{\"@type\":\"Article\",\"@id\":\"https:\/\/www.tercanbolgehaber.com\/index.php\/2022\/04\/07\/edirnede-alparslan-turkes-hatira-ormani-olusturuldu\/#article\",\"isPartOf\":{\"@id\":\"https:\/\/www.tercanbolgehaber.com\/index.php\/2022\/04\/07\/edirnede-alparslan-turkes-hatira-ormani-olusturuldu\/\"},\"author\":{\"name\":\"admin\",\"@id\":\"https:\/\/www.tercanbolgehaber.com\/#\/schema\/person\/a246889aa48ee155255535f585fde027\"},\"headline\":\"Edirne&#8217;de &#8220;Alparslan T\u00fcrke\u015f Hat\u0131ra Orman\u0131&#8221; olu\u015fturuldu\",\"datePublished\":\"2022-04-07T13:09:22+00:00\",\"dateModified\":\"2022-04-07T13:09:24+00:00\",\"mainEntityOfPage\":{\"@id\":\"https:\/\/www.tercanbolgehaber.com\/index.php\/2022\/04\/07\/edirnede-alparslan-turkes-hatira-ormani-olusturuldu\/\"},\"wordCount\":300,\"commentCount\":0,\"publisher\":{\"@id\":\"https:\/\/www.tercanbolgehaber.com\/#organization\"},\"image\":{\"@id\":\"https:\/\/www.tercanbolgehaber.com\/index.php\/2022\/04\/07\/edirnede-alparslan-turkes-hatira-ormani-olusturuldu\/#primaryimage\"},\"thumbnailUrl\":\"https:\/\/www.tercanbolgehaber.com\/wp-content\/uploads\/2022\/04\/edirne-de-alparslan-turkes-hatira-ormani-14849588_local.jpg\",\"articleSection\":[\"\u00c7evre\",\"Featured\",\"Man\u015fet\"],\"inLanguage\":\"tr\",\"potentialAction\":[{\"@type\":\"CommentAction\",\"name\":\"Comment\",\"target\":[\"https:\/\/www.tercanbolgehaber.com\/index.php\/2022\/04\/07\/edirnede-alparslan-turkes-hatira-ormani-olusturuldu\/#respond\"]}]},{\"@type\":\"WebPage\",\"@id\":\"https:\/\/www.tercanbolgehaber.com\/index.php\/2022\/04\/07\/edirnede-alparslan-turkes-hatira-ormani-olusturuldu\/\",\"url\":\"https:\/\/www.tercanbolgehaber.com\/index.php\/2022\/04\/07\/edirnede-alparslan-turkes-hatira-ormani-olusturuldu\/\",\"name\":\"Edirne'de \\\"Alparslan T\u00fcrke\u015f Hat\u0131ra Orman\u0131\\\" olu\u015fturuldu - TERCAN B&Ouml;LGE HABER\",\"isPartOf\":{\"@id\":\"https:\/\/www.tercanbolgehaber.com\/#website\"},\"primaryImageOfPage\":{\"@id\":\"https:\/\/www.tercanbolgehaber.com\/index.php\/2022\/04\/07\/edirnede-alparslan-turkes-hatira-ormani-olusturuldu\/#primaryimage\"},\"image\":{\"@id\":\"https:\/\/www.tercanbolgehaber.com\/index.php\/2022\/04\/07\/edirnede-alparslan-turkes-hatira-ormani-olusturuldu\/#primaryimage\"},\"thumbnailUrl\":\"https:\/\/www.tercanbolgehaber.com\/wp-content\/uploads\/2022\/04\/edirne-de-alparslan-turkes-hatira-ormani-14849588_local.jpg\",\"datePublished\":\"2022-04-07T13:09:22+00:00\",\"dateModified\":\"2022-04-07T13:09:24+00:00\",\"breadcrumb\":{\"@id\":\"https:\/\/www.tercanbolgehaber.com\/index.php\/2022\/04\/07\/edirnede-alparslan-turkes-hatira-ormani-olusturuldu\/#breadcrumb\"},\"inLanguage\":\"tr\",\"potentialAction\":[{\"@type\":\"ReadAction\",\"target\":[\"https:\/\/www.tercanbolgehaber.com\/index.php\/2022\/04\/07\/edirnede-alparslan-turkes-hatira-ormani-olusturuldu\/\"]}]},{\"@type\":\"ImageObject\",\"inLanguage\":\"tr\",\"@id\":\"https:\/\/www.tercanbolgehaber.com\/index.php\/2022\/04\/07\/edirnede-alparslan-turkes-hatira-ormani-olusturuldu\/#primaryimage\",\"url\":\"https:\/\/www.tercanbolgehaber.com\/wp-content\/uploads\/2022\/04\/edirne-de-alparslan-turkes-hatira-ormani-14849588_local.jpg\",\"contentUrl\":\"https:\/\/www.tercanbolgehaber.com\/wp-content\/uploads\/2022\/04\/edirne-de-alparslan-turkes-hatira-ormani-14849588_local.jpg\",\"width\":1200,\"height\":675},{\"@type\":\"BreadcrumbList\",\"@id\":\"https:\/\/www.tercanbolgehaber.com\/index.php\/2022\/04\/07\/edirnede-alparslan-turkes-hatira-ormani-olusturuldu\/#breadcrumb\",\"itemListElement\":[{\"@type\":\"ListItem\",\"position\":1,\"name\":\"Anasayfa\",\"item\":\"https:\/\/www.tercanbolgehaber.com\/\"},{\"@type\":\"ListItem\",\"position\":2,\"name\":\"Edirne&#8217;de &#8220;Alparslan T\u00fcrke\u015f Hat\u0131ra Orman\u0131&#8221; olu\u015fturuldu\"}]},{\"@type\":\"WebSite\",\"@id\":\"https:\/\/www.tercanbolgehaber.com\/#website\",\"url\":\"https:\/\/www.tercanbolgehaber.com\/\",\"name\":\"TERCAN B&Ouml;LGE HABER\",\"description\":\"HALK'IN HABER PORTALI\",\"publisher\":{\"@id\":\"https:\/\/www.tercanbolgehaber.com\/#organization\"},\"potentialAction\":[{\"@type\":\"SearchAction\",\"target\":{\"@type\":\"EntryPoint\",\"urlTemplate\":\"https:\/\/www.tercanbolgehaber.com\/?s={search_term_string}\"},\"query-input\":{\"@type\":\"PropertyValueSpecification\",\"valueRequired\":true,\"valueName\":\"search_term_string\"}}],\"inLanguage\":\"tr\"},{\"@type\":\"Organization\",\"@id\":\"https:\/\/www.tercanbolgehaber.com\/#organization\",\"name\":\"Tercan B\u00f6lge Haber\",\"url\":\"https:\/\/www.tercanbolgehaber.com\/\",\"logo\":{\"@type\":\"ImageObject\",\"inLanguage\":\"tr\",\"@id\":\"https:\/\/www.tercanbolgehaber.com\/#\/schema\/logo\/image\/\",\"url\":\"http:\/\/www.tercanbolgehaber.com\/wp-content\/uploads\/2022\/04\/logo_yeni.png\",\"contentUrl\":\"http:\/\/www.tercanbolgehaber.com\/wp-content\/uploads\/2022\/04\/logo_yeni.png\",\"width\":250,\"height\":123,\"caption\":\"Tercan B\u00f6lge Haber\"},\"image\":{\"@id\":\"https:\/\/www.tercanbolgehaber.com\/#\/schema\/logo\/image\/\"}},{\"@type\":\"Person\",\"@id\":\"https:\/\/www.tercanbolgehaber.com\/#\/schema\/person\/a246889aa48ee155255535f585fde027\",\"name\":\"admin\",\"image\":{\"@type\":\"ImageObject\",\"inLanguage\":\"tr\",\"@id\":\"https:\/\/secure.gravatar.com\/avatar\/0c093f92d7209cd9296e52ee0c742e9aac545224d4c5a005916de40f24cd7df2?s=96&d=mm&r=g\",\"url\":\"https:\/\/secure.gravatar.com\/avatar\/0c093f92d7209cd9296e52ee0c742e9aac545224d4c5a005916de40f24cd7df2?s=96&d=mm&r=g\",\"contentUrl\":\"https:\/\/secure.gravatar.com\/avatar\/0c093f92d7209cd9296e52ee0c742e9aac545224d4c5a005916de40f24cd7df2?s=96&d=mm&r=g\",\"caption\":\"admin\"},\"sameAs\":[\"http:\/\/www.tercanbolgehaber.com\"],\"url\":\"https:\/\/www.tercanbolgehaber.com\/index.php\/author\/admin\/\"}]}<\/script>\n<!-- \/ Yoast SEO plugin. -->","yoast_head_json":{"title":"Edirne'de \"Alparslan T\u00fcrke\u015f Hat\u0131ra Orman\u0131\" olu\u015fturuldu - TERCAN B&Ouml;LGE HABER","robots":{"index":"index","follow":"follow","max-snippet":"max-snippet:-1","max-image-preview":"max-image-preview:large","max-video-preview":"max-video-preview:-1"},"canonical":"https:\/\/www.tercanbolgehaber.com\/index.php\/2022\/04\/07\/edirnede-alparslan-turkes-hatira-ormani-olusturuldu\/","og_locale":"tr_TR","og_type":"article","og_title":"Edirne'de \"Alparslan T\u00fcrke\u015f Hat\u0131ra Orman\u0131\" olu\u015fturuldu - TERCAN B&Ouml;LGE HABER","og_description":"T\u00fcrk Ocaklar\u0131 Edirne \u015eubesi taraf\u0131ndan Alparslan T\u00fcrke\u015f Hat\u0131ra Orman\u0131 olu\u015fturuldu. ED\u0130RNE (AA) &#8211;\u00a0T\u00fcrk\u00a0Ocaklar\u0131 Edirne \u015eubesi taraf\u0131ndan Alparslan T\u00fcrke\u015f Hat\u0131ra Orman\u0131 olu\u015fturuldu. Edirne Orman \u0130\u015fletme M\u00fcd\u00fcrl\u00fc\u011f\u00fc i\u015f birli\u011finde Y\u0131ld\u0131r\u0131m Mahallesi&#8217;nde olu\u015fturtulan ormanda T\u00fcrk b\u00fcy\u00fckleri ve devlet b\u00fcy\u00fcklerinin isimlerinin ya\u015fat\u0131lmas\u0131yla vatanda\u015flara a\u011fa\u00e7 sevgisi a\u015f\u0131lanmas\u0131 hedefleniyor. Programda onlarca fidan toprakla bulu\u015fturuldu. T\u00fcrk Ocaklar\u0131 Edirne \u015eube Ba\u015fkan\u0131 Yakup \u00d6z, [&hellip;]","og_url":"https:\/\/www.tercanbolgehaber.com\/index.php\/2022\/04\/07\/edirnede-alparslan-turkes-hatira-ormani-olusturuldu\/","og_site_name":"TERCAN B&Ouml;LGE HABER","article_published_time":"2022-04-07T13:09:22+00:00","article_modified_time":"2022-04-07T13:09:24+00:00","og_image":[{"width":1200,"height":675,"url":"https:\/\/www.tercanbolgehaber.com\/wp-content\/uploads\/2022\/04\/edirne-de-alparslan-turkes-hatira-ormani-14849588_local.jpg","type":"image\/jpeg"}],"author":"admin","twitter_card":"summary_large_image","twitter_misc":{"Yazan:":"admin","Tahmini okuma s\u00fcresi":"1 dakika"},"schema":{"@context":"https:\/\/schema.org","@graph":[{"@type":"Article","@id":"https:\/\/www.tercanbolgehaber.com\/index.php\/2022\/04\/07\/edirnede-alparslan-turkes-hatira-ormani-olusturuldu\/#article","isPartOf":{"@id":"https:\/\/www.tercanbolgehaber.com\/index.php\/2022\/04\/07\/edirnede-alparslan-turkes-hatira-ormani-olusturuldu\/"},"author":{"name":"admin","@id":"https:\/\/www.tercanbolgehaber.com\/#\/schema\/person\/a246889aa48ee155255535f585fde027"},"headline":"Edirne&#8217;de &#8220;Alparslan T\u00fcrke\u015f Hat\u0131ra Orman\u0131&#8221; olu\u015fturuldu","datePublished":"2022-04-07T13:09:22+00:00","dateModified":"2022-04-07T13:09:24+00:00","mainEntityOfPage":{"@id":"https:\/\/www.tercanbolgehaber.com\/index.php\/2022\/04\/07\/edirnede-alparslan-turkes-hatira-ormani-olusturuldu\/"},"wordCount":300,"commentCount":0,"publisher":{"@id":"https:\/\/www.tercanbolgehaber.com\/#organization"},"image":{"@id":"https:\/\/www.tercanbolgehaber.com\/index.php\/2022\/04\/07\/edirnede-alparslan-turkes-hatira-ormani-olusturuldu\/#primaryimage"},"thumbnailUrl":"https:\/\/www.tercanbolgehaber.com\/wp-content\/uploads\/2022\/04\/edirne-de-alparslan-turkes-hatira-ormani-14849588_local.jpg","articleSection":["\u00c7evre","Featured","Man\u015fet"],"inLanguage":"tr","potentialAction":[{"@type":"CommentAction","name":"Comment","target":["https:\/\/www.tercanbolgehaber.com\/index.php\/2022\/04\/07\/edirnede-alparslan-turkes-hatira-ormani-olusturuldu\/#respond"]}]},{"@type":"WebPage","@id":"https:\/\/www.tercanbolgehaber.com\/index.php\/2022\/04\/07\/edirnede-alparslan-turkes-hatira-ormani-olusturuldu\/","url":"https:\/\/www.tercanbolgehaber.com\/index.php\/2022\/04\/07\/edirnede-alparslan-turkes-hatira-ormani-olusturuldu\/","name":"Edirne'de \"Alparslan T\u00fcrke\u015f Hat\u0131ra Orman\u0131\" olu\u015fturuldu - TERCAN B&Ouml;LGE HABER","isPartOf":{"@id":"https:\/\/www.tercanbolgehaber.com\/#website"},"primaryImageOfPage":{"@id":"https:\/\/www.tercanbolgehaber.com\/index.php\/2022\/04\/07\/edirnede-alparslan-turkes-hatira-ormani-olusturuldu\/#primaryimage"},"image":{"@id":"https:\/\/www.tercanbolgehaber.com\/index.php\/2022\/04\/07\/edirnede-alparslan-turkes-hatira-ormani-olusturuldu\/#primaryimage"},"thumbnailUrl":"https:\/\/www.tercanbolgehaber.com\/wp-content\/uploads\/2022\/04\/edirne-de-alparslan-turkes-hatira-ormani-14849588_local.jpg","datePublished":"2022-04-07T13:09:22+00:00","dateModified":"2022-04-07T13:09:24+00:00","breadcrumb":{"@id":"https:\/\/www.tercanbolgehaber.com\/index.php\/2022\/04\/07\/edirnede-alparslan-turkes-hatira-ormani-olusturuldu\/#breadcrumb"},"inLanguage":"tr","potentialAction":[{"@type":"ReadAction","target":["https:\/\/www.tercanbolgehaber.com\/index.php\/2022\/04\/07\/edirnede-alparslan-turkes-hatira-ormani-olusturuldu\/"]}]},{"@type":"ImageObject","inLanguage":"tr","@id":"https:\/\/www.tercanbolgehaber.com\/index.php\/2022\/04\/07\/edirnede-alparslan-turkes-hatira-ormani-olusturuldu\/#primaryimage","url":"https:\/\/www.tercanbolgehaber.com\/wp-content\/uploads\/2022\/04\/edirne-de-alparslan-turkes-hatira-ormani-14849588_local.jpg","contentUrl":"https:\/\/www.tercanbolgehaber.com\/wp-content\/uploads\/2022\/04\/edirne-de-alparslan-turkes-hatira-ormani-14849588_local.jpg","width":1200,"height":675},{"@type":"BreadcrumbList","@id":"https:\/\/www.tercanbolgehaber.com\/index.php\/2022\/04\/07\/edirnede-alparslan-turkes-hatira-ormani-olusturuldu\/#breadcrumb","itemListElement":[{"@type":"ListItem","position":1,"name":"Anasayfa","item":"https:\/\/www.tercanbolgehaber.com\/"},{"@type":"ListItem","position":2,"name":"Edirne&#8217;de &#8220;Alparslan T\u00fcrke\u015f Hat\u0131ra Orman\u0131&#8221; olu\u015fturuldu"}]},{"@type":"WebSite","@id":"https:\/\/www.tercanbolgehaber.com\/#website","url":"https:\/\/www.tercanbolgehaber.com\/","name":"TERCAN B&Ouml;LGE HABER","description":"HALK'IN HABER PORTALI","publisher":{"@id":"https:\/\/www.tercanbolgehaber.com\/#organization"},"potentialAction":[{"@type":"SearchAction","target":{"@type":"EntryPoint","urlTemplate":"https:\/\/www.tercanbolgehaber.com\/?s={search_term_string}"},"query-input":{"@type":"PropertyValueSpecification","valueRequired":true,"valueName":"search_term_string"}}],"inLanguage":"tr"},{"@type":"Organization","@id":"https:\/\/www.tercanbolgehaber.com\/#organization","name":"Tercan B\u00f6lge Haber","url":"https:\/\/www.tercanbolgehaber.com\/","logo":{"@type":"ImageObject","inLanguage":"tr","@id":"https:\/\/www.tercanbolgehaber.com\/#\/schema\/logo\/image\/","url":"http:\/\/www.tercanbolgehaber.com\/wp-content\/uploads\/2022\/04\/logo_yeni.png","contentUrl":"http:\/\/www.tercanbolgehaber.com\/wp-content\/uploads\/2022\/04\/logo_yeni.png","width":250,"height":123,"caption":"Tercan B\u00f6lge Haber"},"image":{"@id":"https:\/\/www.tercanbolgehaber.com\/#\/schema\/logo\/image\/"}},{"@type":"Person","@id":"https:\/\/www.tercanbolgehaber.com\/#\/schema\/person\/a246889aa48ee155255535f585fde027","name":"admin","image":{"@type":"ImageObject","inLanguage":"tr","@id":"https:\/\/secure.gravatar.com\/avatar\/0c093f92d7209cd9296e52ee0c742e9aac545224d4c5a005916de40f24cd7df2?s=96&d=mm&r=g","url":"https:\/\/secure.gravatar.com\/avatar\/0c093f92d7209cd9296e52ee0c742e9aac545224d4c5a005916de40f24cd7df2?s=96&d=mm&r=g","contentUrl":"https:\/\/secure.gravatar.com\/avatar\/0c093f92d7209cd9296e52ee0c742e9aac545224d4c5a005916de40f24cd7df2?s=96&d=mm&r=g","caption":"admin"},"sameAs":["http:\/\/www.tercanbolgehaber.com"],"url":"https:\/\/www.tercanbolgehaber.com\/index.php\/author\/admin\/"}]}},"_links":{"self":[{"href":"https:\/\/www.tercanbolgehaber.com\/index.php\/wp-json\/wp\/v2\/posts\/340","targetHints":{"allow":["GET"]}}],"collection":[{"href":"https:\/\/www.tercanbolgehaber.com\/index.php\/wp-json\/wp\/v2\/posts"}],"about":[{"href":"https:\/\/www.tercanbolgehaber.com\/index.php\/wp-json\/wp\/v2\/types\/post"}],"author":[{"embeddable":true,"href":"https:\/\/www.tercanbolgehaber.com\/index.php\/wp-json\/wp\/v2\/users\/1"}],"replies":[{"embeddable":true,"href":"https:\/\/www.tercanbolgehaber.com\/index.php\/wp-json\/wp\/v2\/comments?post=340"}],"version-history":[{"count":1,"href":"https:\/\/www.tercanbolgehaber.com\/index.php\/wp-json\/wp\/v2\/posts\/340\/revisions"}],"predecessor-version":[{"id":342,"href":"https:\/\/www.tercanbolgehaber.com\/index.php\/wp-json\/wp\/v2\/posts\/340\/revisions\/342"}],"wp:featuredmedia":[{"embeddable":true,"href":"https:\/\/www.tercanbolgehaber.com\/index.php\/wp-json\/wp\/v2\/media\/341"}],"wp:attachment":[{"href":"https:\/\/www.tercanbolgehaber.com\/index.php\/wp-json\/wp\/v2\/media?parent=340"}],"wp:term":[{"taxonomy":"category","embeddable":true,"href":"https:\/\/www.tercanbolgehaber.com\/index.php\/wp-json\/wp\/v2\/categories?post=340"},{"taxonomy":"post_tag","embeddable":true,"href":"https:\/\/www.tercanbolgehaber.com\/index.php\/wp-json\/wp\/v2\/tags?post=340"}],"curies":[{"name":"wp","href":"https:\/\/api.w.org\/{rel}","templated":true}]}}